{"id":6552,"date":"2015-09-07T09:44:56","date_gmt":"2015-09-07T09:44:56","guid":{"rendered":"https:\/\/francois-pelletant.fr\/blog\/?p=6552"},"modified":"2017-04-20T09:59:34","modified_gmt":"2017-04-20T09:59:34","slug":"thd-rendez-vous-longjumeau","status":"publish","type":"post","link":"https:\/\/francois-pelletant.fr\/blog\/thd-rendez-vous-longjumeau\/","title":{"rendered":"THD : rendez-vous \u00e0 Longjumeau !"},"content":{"rendered":"<p><a href=\"https:\/\/francois-pelletant.fr\/blog\/wp-content\/uploads\/2015\/09\/Sans-titre-e1441179002375-204x300.jpg\"><img loading=\"lazy\" decoding=\"async\" class=\"size-medium wp-image-6553 alignleft\" src=\"https:\/\/francois-pelletant.fr\/blog\/wp-content\/uploads\/2015\/09\/Sans-titre-e1441179002375-204x300-204x300.jpg\" alt=\"Sans-titre-e1441179002375-204x300\" width=\"204\" height=\"300\" \/><\/a><\/p>\n<h3>Une r\u00e9union sur le d\u00e9ploiement du THD \u00a0\u00e0 Longjumeau<\/h3>\n<p>&nbsp;<\/p>\n<p>Nous vous invitons \u00e0 une r\u00e9union d\u2019information sur le d\u00e9ploiement du Tr\u00e8s Haut D\u00e9bit. Cette r\u00e9union portera sur certaines zones de Longjumeau. et se d\u00e9roulera le Vendredi 2 Octobre 2015 \u00e0 partir de 19h dans la salle Anne Frank (rue Daniel Mayer).<\/p>\n<p>Dans un premier temps il y aura\u00a0la pr\u00e9sentation des offres et des modalit\u00e9s de raccordement de la fibre optique jusqu\u2019au domicile des abonn\u00e9s. Puis un temps d\u2019\u00e9change avec les op\u00e9rateurs pr\u00e9sents sur le territoire sera propos\u00e9. Les personnes qui le d\u00e9sirent pourront alors souscrire des abonnements. Suivez l&#8217;actualit\u00e9 de la THD sur le territoire d&#8217;Europ&#8217;Essonne \u00e0 l&#8217;adresse suivante : http:\/\/thd.europessonne.fr\/<\/p>\n","protected":false},"excerpt":{"rendered":"<p>Une r\u00e9union sur le d\u00e9ploiement du THD \u00a0\u00e0 Longjumeau &nbsp; Nous vous invitons \u00e0 une r\u00e9union d\u2019information sur le d\u00e9ploiement du Tr\u00e8s Haut D\u00e9bit. Cette r\u00e9union portera sur certaines zones de Longjumeau. et se d\u00e9roulera le Vendredi 2 Octobre 2015 \u00e0 partir de 19h dans la salle Anne Frank (rue Daniel Mayer). Dans un premier [&hellip;]<\/p>\n","protected":false},"author":1,"featured_media":6553,"comment_status":"open","ping_status":"open","sticky":false,"template":"","format":"standard","meta":{"footnotes":""},"categories":[23],"tags":[],"class_list":["post-6552","post","type-post","status-publish","format-standard","has-post-thumbnail","hentry","category-thd"],"yoast_head":"<!-- This site is optimized with the Yoast SEO plugin v25.6 - https:\/\/yoast.com\/wordpress\/plugins\/seo\/ -->\n<title>THD : rendez-vous \u00e0 Longjumeau ! - Fran\u00e7ois Pelletant<\/title>\n<meta name=\"description\" content=\"Venez participer \u00e0 la r\u00e9union d&#039;information sur le d\u00e9ploiement du THD, qui aura lieu le 2 Octobre 2015 \u00e0 Longjumeau !\" \/>\n<meta name=\"robots\" content=\"index, follow, max-snippet:-1, max-image-preview:large, max-video-preview:-1\" \/>\n<link rel=\"canonical\" href=\"https:\/\/francois-pelletant.fr\/blog\/thd-rendez-vous-longjumeau\/\" \/>\n<meta property=\"og:locale\" content=\"fr_FR\" \/>\n<meta property=\"og:type\" content=\"article\" \/>\n<meta property=\"og:title\" content=\"THD : rendez-vous \u00e0 Longjumeau ! - Fran\u00e7ois Pelletant\" \/>\n<meta property=\"og:description\" content=\"Venez participer \u00e0 la r\u00e9union d&#039;information sur le d\u00e9ploiement du THD, qui aura lieu le 2 Octobre 2015 \u00e0 Longjumeau !\" \/>\n<meta property=\"og:url\" content=\"https:\/\/francois-pelletant.fr\/blog\/thd-rendez-vous-longjumeau\/\" \/>\n<meta property=\"og:site_name\" content=\"Fran\u00e7ois Pelletant\" \/>\n<meta property=\"article:publisher\" content=\"https:\/\/www.facebook.com\/francois.pelletant.7\" \/>\n<meta property=\"article:published_time\" content=\"2015-09-07T09:44:56+00:00\" \/>\n<meta property=\"article:modified_time\" content=\"2017-04-20T09:59:34+00:00\" \/>\n<meta property=\"og:image\" content=\"https:\/\/francois-pelletant.fr\/blog\/wp-content\/uploads\/2015\/09\/Sans-titre-e1441179002375-204x300.jpg\" \/>\n\t<meta property=\"og:image:width\" content=\"204\" \/>\n\t<meta property=\"og:image:height\" content=\"300\" \/>\n\t<meta property=\"og:image:type\" content=\"image\/jpeg\" \/>\n<meta name=\"author\" content=\"Francois\" \/>\n<meta name=\"twitter:card\" content=\"summary_large_image\" \/>\n<meta name=\"twitter:creator\" content=\"@pelletant\" \/>\n<meta name=\"twitter:site\" content=\"@pelletant\" \/>\n<meta name=\"twitter:label1\" content=\"\u00c9crit par\" \/>\n\t<meta name=\"twitter:data1\" content=\"Francois\" \/>\n\t<meta name=\"twitter:label2\" content=\"Dur\u00e9e de lecture estim\u00e9e\" \/>\n\t<meta name=\"twitter:data2\" content=\"1 minute\" \/>\n<script type=\"application\/ld+json\" class=\"yoast-schema-graph\">{\"@context\":\"https:\/\/schema.org\",\"@graph\":[{\"@type\":\"Article\",\"@id\":\"https:\/\/francois-pelletant.fr\/blog\/thd-rendez-vous-longjumeau\/#article\",\"isPartOf\":{\"@id\":\"https:\/\/francois-pelletant.fr\/blog\/thd-rendez-vous-longjumeau\/\"},\"author\":{\"name\":\"Francois\",\"@id\":\"https:\/\/francois-pelletant.fr\/blog\/#\/schema\/person\/2be41acb171dff8f31aaed1f40cee9f3\"},\"headline\":\"THD : rendez-vous \u00e0 Longjumeau !\",\"datePublished\":\"2015-09-07T09:44:56+00:00\",\"dateModified\":\"2017-04-20T09:59:34+00:00\",\"mainEntityOfPage\":{\"@id\":\"https:\/\/francois-pelletant.fr\/blog\/thd-rendez-vous-longjumeau\/\"},\"wordCount\":133,\"commentCount\":0,\"publisher\":{\"@id\":\"https:\/\/francois-pelletant.fr\/blog\/#organization\"},\"image\":{\"@id\":\"https:\/\/francois-pelletant.fr\/blog\/thd-rendez-vous-longjumeau\/#primaryimage\"},\"thumbnailUrl\":\"https:\/\/francois-pelletant.fr\/blog\/wp-content\/uploads\/2015\/09\/Sans-titre-e1441179002375-204x300.jpg\",\"articleSection\":[\"Tr\u00e8s Haut D\u00e9bit\"],\"inLanguage\":\"fr-FR\",\"potentialAction\":[{\"@type\":\"CommentAction\",\"name\":\"Comment\",\"target\":[\"https:\/\/francois-pelletant.fr\/blog\/thd-rendez-vous-longjumeau\/#respond\"]}]},{\"@type\":\"WebPage\",\"@id\":\"https:\/\/francois-pelletant.fr\/blog\/thd-rendez-vous-longjumeau\/\",\"url\":\"https:\/\/francois-pelletant.fr\/blog\/thd-rendez-vous-longjumeau\/\",\"name\":\"THD : rendez-vous \u00e0 Longjumeau ! - Fran\u00e7ois Pelletant\",\"isPartOf\":{\"@id\":\"https:\/\/francois-pelletant.fr\/blog\/#website\"},\"primaryImageOfPage\":{\"@id\":\"https:\/\/francois-pelletant.fr\/blog\/thd-rendez-vous-longjumeau\/#primaryimage\"},\"image\":{\"@id\":\"https:\/\/francois-pelletant.fr\/blog\/thd-rendez-vous-longjumeau\/#primaryimage\"},\"thumbnailUrl\":\"https:\/\/francois-pelletant.fr\/blog\/wp-content\/uploads\/2015\/09\/Sans-titre-e1441179002375-204x300.jpg\",\"datePublished\":\"2015-09-07T09:44:56+00:00\",\"dateModified\":\"2017-04-20T09:59:34+00:00\",\"description\":\"Venez participer \u00e0 la r\u00e9union d'information sur le d\u00e9ploiement du THD, qui aura lieu le 2 Octobre 2015 \u00e0 Longjumeau !\",\"breadcrumb\":{\"@id\":\"https:\/\/francois-pelletant.fr\/blog\/thd-rendez-vous-longjumeau\/#breadcrumb\"},\"inLanguage\":\"fr-FR\",\"potentialAction\":[{\"@type\":\"ReadAction\",\"target\":[\"https:\/\/francois-pelletant.fr\/blog\/thd-rendez-vous-longjumeau\/\"]}]},{\"@type\":\"ImageObject\",\"inLanguage\":\"fr-FR\",\"@id\":\"https:\/\/francois-pelletant.fr\/blog\/thd-rendez-vous-longjumeau\/#primaryimage\",\"url\":\"https:\/\/francois-pelletant.fr\/blog\/wp-content\/uploads\/2015\/09\/Sans-titre-e1441179002375-204x300.jpg\",\"contentUrl\":\"https:\/\/francois-pelletant.fr\/blog\/wp-content\/uploads\/2015\/09\/Sans-titre-e1441179002375-204x300.jpg\",\"width\":204,\"height\":300},{\"@type\":\"BreadcrumbList\",\"@id\":\"https:\/\/francois-pelletant.fr\/blog\/thd-rendez-vous-longjumeau\/#breadcrumb\",\"itemListElement\":[{\"@type\":\"ListItem\",\"position\":1,\"name\":\"Accueil\",\"item\":\"https:\/\/francois-pelletant.fr\/blog\/\"},{\"@type\":\"ListItem\",\"position\":2,\"name\":\"THD : rendez-vous \u00e0 Longjumeau !\"}]},{\"@type\":\"WebSite\",\"@id\":\"https:\/\/francois-pelletant.fr\/blog\/#website\",\"url\":\"https:\/\/francois-pelletant.fr\/blog\/\",\"name\":\"Fran\u00e7ois Pelletant\",\"description\":\"Maire de Linas, pour toujours.\",\"publisher\":{\"@id\":\"https:\/\/francois-pelletant.fr\/blog\/#organization\"},\"potentialAction\":[{\"@type\":\"SearchAction\",\"target\":{\"@type\":\"EntryPoint\",\"urlTemplate\":\"https:\/\/francois-pelletant.fr\/blog\/?s={search_term_string}\"},\"query-input\":{\"@type\":\"PropertyValueSpecification\",\"valueRequired\":true,\"valueName\":\"search_term_string\"}}],\"inLanguage\":\"fr-FR\"},{\"@type\":\"Organization\",\"@id\":\"https:\/\/francois-pelletant.fr\/blog\/#organization\",\"name\":\"Fran\u00e7ois Pelletant\",\"url\":\"https:\/\/francois-pelletant.fr\/blog\/\",\"logo\":{\"@type\":\"ImageObject\",\"inLanguage\":\"fr-FR\",\"@id\":\"https:\/\/francois-pelletant.fr\/blog\/#\/schema\/logo\/image\/\",\"url\":\"https:\/\/francois-pelletant.fr\/blog\/wp-content\/uploads\/2024\/07\/icone-francois-centre-500p.png\",\"contentUrl\":\"https:\/\/francois-pelletant.fr\/blog\/wp-content\/uploads\/2024\/07\/icone-francois-centre-500p.png\",\"width\":559,\"height\":447,\"caption\":\"Fran\u00e7ois Pelletant\"},\"image\":{\"@id\":\"https:\/\/francois-pelletant.fr\/blog\/#\/schema\/logo\/image\/\"},\"sameAs\":[\"https:\/\/www.facebook.com\/francois.pelletant.7\",\"https:\/\/x.com\/pelletant\"]},{\"@type\":\"Person\",\"@id\":\"https:\/\/francois-pelletant.fr\/blog\/#\/schema\/person\/2be41acb171dff8f31aaed1f40cee9f3\",\"name\":\"Francois\"}]}<\/script>\n<!-- \/ Yoast SEO plugin. -->","yoast_head_json":{"title":"THD : rendez-vous \u00e0 Longjumeau ! - Fran\u00e7ois Pelletant","description":"Venez participer \u00e0 la r\u00e9union d'information sur le d\u00e9ploiement du THD, qui aura lieu le 2 Octobre 2015 \u00e0 Longjumeau !","robots":{"index":"index","follow":"follow","max-snippet":"max-snippet:-1","max-image-preview":"max-image-preview:large","max-video-preview":"max-video-preview:-1"},"canonical":"https:\/\/francois-pelletant.fr\/blog\/thd-rendez-vous-longjumeau\/","og_locale":"fr_FR","og_type":"article","og_title":"THD : rendez-vous \u00e0 Longjumeau ! - Fran\u00e7ois Pelletant","og_description":"Venez participer \u00e0 la r\u00e9union d'information sur le d\u00e9ploiement du THD, qui aura lieu le 2 Octobre 2015 \u00e0 Longjumeau !","og_url":"https:\/\/francois-pelletant.fr\/blog\/thd-rendez-vous-longjumeau\/","og_site_name":"Fran\u00e7ois Pelletant","article_publisher":"https:\/\/www.facebook.com\/francois.pelletant.7","article_published_time":"2015-09-07T09:44:56+00:00","article_modified_time":"2017-04-20T09:59:34+00:00","og_image":[{"width":204,"height":300,"url":"https:\/\/francois-pelletant.fr\/blog\/wp-content\/uploads\/2015\/09\/Sans-titre-e1441179002375-204x300.jpg","type":"image\/jpeg"}],"author":"Francois","twitter_card":"summary_large_image","twitter_creator":"@pelletant","twitter_site":"@pelletant","twitter_misc":{"\u00c9crit par":"Francois","Dur\u00e9e de lecture estim\u00e9e":"1 minute"},"schema":{"@context":"https:\/\/schema.org","@graph":[{"@type":"Article","@id":"https:\/\/francois-pelletant.fr\/blog\/thd-rendez-vous-longjumeau\/#article","isPartOf":{"@id":"https:\/\/francois-pelletant.fr\/blog\/thd-rendez-vous-longjumeau\/"},"author":{"name":"Francois","@id":"https:\/\/francois-pelletant.fr\/blog\/#\/schema\/person\/2be41acb171dff8f31aaed1f40cee9f3"},"headline":"THD : rendez-vous \u00e0 Longjumeau !","datePublished":"2015-09-07T09:44:56+00:00","dateModified":"2017-04-20T09:59:34+00:00","mainEntityOfPage":{"@id":"https:\/\/francois-pelletant.fr\/blog\/thd-rendez-vous-longjumeau\/"},"wordCount":133,"commentCount":0,"publisher":{"@id":"https:\/\/francois-pelletant.fr\/blog\/#organization"},"image":{"@id":"https:\/\/francois-pelletant.fr\/blog\/thd-rendez-vous-longjumeau\/#primaryimage"},"thumbnailUrl":"https:\/\/francois-pelletant.fr\/blog\/wp-content\/uploads\/2015\/09\/Sans-titre-e1441179002375-204x300.jpg","articleSection":["Tr\u00e8s Haut D\u00e9bit"],"inLanguage":"fr-FR","potentialAction":[{"@type":"CommentAction","name":"Comment","target":["https:\/\/francois-pelletant.fr\/blog\/thd-rendez-vous-longjumeau\/#respond"]}]},{"@type":"WebPage","@id":"https:\/\/francois-pelletant.fr\/blog\/thd-rendez-vous-longjumeau\/","url":"https:\/\/francois-pelletant.fr\/blog\/thd-rendez-vous-longjumeau\/","name":"THD : rendez-vous \u00e0 Longjumeau ! - Fran\u00e7ois Pelletant","isPartOf":{"@id":"https:\/\/francois-pelletant.fr\/blog\/#website"},"primaryImageOfPage":{"@id":"https:\/\/francois-pelletant.fr\/blog\/thd-rendez-vous-longjumeau\/#primaryimage"},"image":{"@id":"https:\/\/francois-pelletant.fr\/blog\/thd-rendez-vous-longjumeau\/#primaryimage"},"thumbnailUrl":"https:\/\/francois-pelletant.fr\/blog\/wp-content\/uploads\/2015\/09\/Sans-titre-e1441179002375-204x300.jpg","datePublished":"2015-09-07T09:44:56+00:00","dateModified":"2017-04-20T09:59:34+00:00","description":"Venez participer \u00e0 la r\u00e9union d'information sur le d\u00e9ploiement du THD, qui aura lieu le 2 Octobre 2015 \u00e0 Longjumeau !","breadcrumb":{"@id":"https:\/\/francois-pelletant.fr\/blog\/thd-rendez-vous-longjumeau\/#breadcrumb"},"inLanguage":"fr-FR","potentialAction":[{"@type":"ReadAction","target":["https:\/\/francois-pelletant.fr\/blog\/thd-rendez-vous-longjumeau\/"]}]},{"@type":"ImageObject","inLanguage":"fr-FR","@id":"https:\/\/francois-pelletant.fr\/blog\/thd-rendez-vous-longjumeau\/#primaryimage","url":"https:\/\/francois-pelletant.fr\/blog\/wp-content\/uploads\/2015\/09\/Sans-titre-e1441179002375-204x300.jpg","contentUrl":"https:\/\/francois-pelletant.fr\/blog\/wp-content\/uploads\/2015\/09\/Sans-titre-e1441179002375-204x300.jpg","width":204,"height":300},{"@type":"BreadcrumbList","@id":"https:\/\/francois-pelletant.fr\/blog\/thd-rendez-vous-longjumeau\/#breadcrumb","itemListElement":[{"@type":"ListItem","position":1,"name":"Accueil","item":"https:\/\/francois-pelletant.fr\/blog\/"},{"@type":"ListItem","position":2,"name":"THD : rendez-vous \u00e0 Longjumeau !"}]},{"@type":"WebSite","@id":"https:\/\/francois-pelletant.fr\/blog\/#website","url":"https:\/\/francois-pelletant.fr\/blog\/","name":"Fran\u00e7ois Pelletant","description":"Maire de Linas, pour toujours.","publisher":{"@id":"https:\/\/francois-pelletant.fr\/blog\/#organization"},"potentialAction":[{"@type":"SearchAction","target":{"@type":"EntryPoint","urlTemplate":"https:\/\/francois-pelletant.fr\/blog\/?s={search_term_string}"},"query-input":{"@type":"PropertyValueSpecification","valueRequired":true,"valueName":"search_term_string"}}],"inLanguage":"fr-FR"},{"@type":"Organization","@id":"https:\/\/francois-pelletant.fr\/blog\/#organization","name":"Fran\u00e7ois Pelletant","url":"https:\/\/francois-pelletant.fr\/blog\/","logo":{"@type":"ImageObject","inLanguage":"fr-FR","@id":"https:\/\/francois-pelletant.fr\/blog\/#\/schema\/logo\/image\/","url":"https:\/\/francois-pelletant.fr\/blog\/wp-content\/uploads\/2024\/07\/icone-francois-centre-500p.png","contentUrl":"https:\/\/francois-pelletant.fr\/blog\/wp-content\/uploads\/2024\/07\/icone-francois-centre-500p.png","width":559,"height":447,"caption":"Fran\u00e7ois Pelletant"},"image":{"@id":"https:\/\/francois-pelletant.fr\/blog\/#\/schema\/logo\/image\/"},"sameAs":["https:\/\/www.facebook.com\/francois.pelletant.7","https:\/\/x.com\/pelletant"]},{"@type":"Person","@id":"https:\/\/francois-pelletant.fr\/blog\/#\/schema\/person\/2be41acb171dff8f31aaed1f40cee9f3","name":"Francois"}]}},"_links":{"self":[{"href":"https:\/\/francois-pelletant.fr\/blog\/wp-json\/wp\/v2\/posts\/6552","targetHints":{"allow":["GET"]}}],"collection":[{"href":"https:\/\/francois-pelletant.fr\/blog\/wp-json\/wp\/v2\/posts"}],"about":[{"href":"https:\/\/francois-pelletant.fr\/blog\/wp-json\/wp\/v2\/types\/post"}],"author":[{"embeddable":true,"href":"https:\/\/francois-pelletant.fr\/blog\/wp-json\/wp\/v2\/users\/1"}],"replies":[{"embeddable":true,"href":"https:\/\/francois-pelletant.fr\/blog\/wp-json\/wp\/v2\/comments?post=6552"}],"version-history":[{"count":0,"href":"https:\/\/francois-pelletant.fr\/blog\/wp-json\/wp\/v2\/posts\/6552\/revisions"}],"wp:featuredmedia":[{"embeddable":true,"href":"https:\/\/francois-pelletant.fr\/blog\/wp-json\/wp\/v2\/media\/6553"}],"wp:attachment":[{"href":"https:\/\/francois-pelletant.fr\/blog\/wp-json\/wp\/v2\/media?parent=6552"}],"wp:term":[{"taxonomy":"category","embeddable":true,"href":"https:\/\/francois-pelletant.fr\/blog\/wp-json\/wp\/v2\/categories?post=6552"},{"taxonomy":"post_tag","embeddable":true,"href":"https:\/\/francois-pelletant.fr\/blog\/wp-json\/wp\/v2\/tags?post=6552"}],"curies":[{"name":"wp","href":"https:\/\/api.w.org\/{rel}","templated":true}]}}