{"id":6747,"date":"2015-09-03T09:40:10","date_gmt":"2015-09-03T07:40:10","guid":{"rendered":"https:\/\/francois-pelletant.fr\/blog\/?p=5656"},"modified":"2017-04-28T08:35:22","modified_gmt":"2017-04-28T08:35:22","slug":"tres-haut-debit-raccordements","status":"publish","type":"post","link":"https:\/\/francois-pelletant.fr\/blog\/tres-haut-debit-raccordements\/","title":{"rendered":"Tr\u00e8s Haut D\u00e9bit : les raccordements se poursuivent"},"content":{"rendered":"<p><a href=\"https:\/\/francois-pelletant.fr\/blog\/wp-content\/uploads\/2015\/09\/carre-thd-sept2015.jpg\"><img loading=\"lazy\" decoding=\"async\" class=\"alignleft wp-image-5657 size-full\" title=\"carre-thd-sept2015\" src=\"https:\/\/francois-pelletant.fr\/blog\/wp-content\/uploads\/2015\/09\/carre-thd-sept2015.jpg\" alt=\"image - Tr\u00e8s Haut D\u00e9bit\" width=\"236\" height=\"236\" \/><\/a><\/p>\n<h3>Le Tr\u00e8s Haut d\u00e9bit sur le territoire d&#8217;Europ&#8217; Essonne<\/h3>\n<p>14.828 c\u2019est le nombre de foyers sur le territoire d\u2019Europ\u2019Essonne qui peuvent d&#8217;ores et d\u00e9j\u00e0 se raccorder au Tr\u00e8s Haut D\u00e9bit. Apr\u00e8s avoir donn\u00e9 la capacit\u00e9 \u00e0 toutes ses entreprises d\u2019acc\u00e9der \u00e0 la fibre, puis \u00e0 tous les habitants Ballainvilliers, Champlan, Epinay-sur-Orge, La Ville du Bois, Nozay et Saulx-les-Chartreux. E\u00b2 engage d&#8217;ores et d\u00e9j\u00e0 une nouvelle phase dans son d\u00e9ploiement de la fibre optique.<\/p>\n<h4>Le Raccordement dans les trois villes ci-dessous<\/h4>\n<p>Environ 9.000 nouveaux foyers situ\u00e9s sur Chilly-Mazarin, Longjumeau et Villebon sur Yvette seront raccordables d\u2019ici la fin de l\u2019ann\u00e9e.<\/p>\n<p>90% des commandes de raccordement de particuliers sont d\u00e9j\u00e0 r\u00e9alis\u00e9es. 20 millions d&#8217;euros seront au final investis pour ce grand chantier.<\/p>\n<p>Afin d\u2019accompagner l\u2019arriv\u00e9e de la fibre \u00e0 Longjumeau, une r\u00e9union d\u2019information est organis\u00e9e le Vendredi 2 Octobre \u00e0 19h, salle Anne Frank.<\/p>\n<p>Pour obtenir le THD, comment faire ? Consultez le site\u00a0www.thd.europessonne.fr<\/p>\n<p>Pour tout savoir et connaitre votre \u00e9ligibilit\u00e9 \u00e0 la vibre visitez la page d\u00e9di\u00e9e de mon blog <a href=\"http:\/\/pelletant.fr\/fibre\" target=\"_blank\" data-saferedirecturl=\"https:\/\/www.google.com\/url?hl=fr&amp;q=http:\/\/pelletant.fr\/fibre&amp;source=gmail&amp;ust=1488296007446000&amp;usg=AFQjCNGCLjMF_jhtx0mX9502BwvDSncc5Q\" rel=\"nofollow\">pelletant.fr\/fibre<\/a><\/p>\n","protected":false},"excerpt":{"rendered":"<p>Le Tr\u00e8s Haut d\u00e9bit sur le territoire d&#8217;Europ&#8217; Essonne 14.828 c\u2019est le nombre de foyers sur le territoire d\u2019Europ\u2019Essonne qui peuvent d&#8217;ores et d\u00e9j\u00e0 se raccorder au Tr\u00e8s Haut D\u00e9bit. Apr\u00e8s avoir donn\u00e9 la capacit\u00e9 \u00e0 toutes ses entreprises d\u2019acc\u00e9der \u00e0 la fibre, puis \u00e0 tous les habitants Ballainvilliers, Champlan, Epinay-sur-Orge, La Ville du Bois, [&hellip;]<\/p>\n","protected":false},"author":1,"featured_media":5657,"comment_status":"open","ping_status":"open","sticky":false,"template":"","format":"standard","meta":{"footnotes":""},"categories":[23],"tags":[],"class_list":["post-6747","post","type-post","status-publish","format-standard","has-post-thumbnail","hentry","category-thd"],"yoast_head":"<!-- This site is optimized with the Yoast SEO plugin v25.6 - https:\/\/yoast.com\/wordpress\/plugins\/seo\/ -->\n<title>Tr\u00e8s Haut D\u00e9bit : les raccordements se poursuivent - Fran\u00e7ois Pelletant<\/title>\n<meta name=\"description\" content=\"Nous poursuivons le raccordement du Tr\u00e8s Haut D\u00e9bit dans les villes de Longjumeau, Villebon et Chilly-Mazarin.\" \/>\n<meta name=\"robots\" content=\"index, follow, max-snippet:-1, max-image-preview:large, max-video-preview:-1\" \/>\n<link rel=\"canonical\" href=\"https:\/\/francois-pelletant.fr\/blog\/tres-haut-debit-raccordements\/\" \/>\n<meta property=\"og:locale\" content=\"fr_FR\" \/>\n<meta property=\"og:type\" content=\"article\" \/>\n<meta property=\"og:title\" content=\"Tr\u00e8s Haut D\u00e9bit : les raccordements se poursuivent - Fran\u00e7ois Pelletant\" \/>\n<meta property=\"og:description\" content=\"Nous poursuivons le raccordement du Tr\u00e8s Haut D\u00e9bit dans les villes de Longjumeau, Villebon et Chilly-Mazarin.\" \/>\n<meta property=\"og:url\" content=\"https:\/\/francois-pelletant.fr\/blog\/tres-haut-debit-raccordements\/\" \/>\n<meta property=\"og:site_name\" content=\"Fran\u00e7ois Pelletant\" \/>\n<meta property=\"article:publisher\" content=\"https:\/\/www.facebook.com\/francois.pelletant.7\" \/>\n<meta property=\"article:published_time\" content=\"2015-09-03T07:40:10+00:00\" \/>\n<meta property=\"article:modified_time\" content=\"2017-04-28T08:35:22+00:00\" \/>\n<meta name=\"author\" content=\"Francois\" \/>\n<meta name=\"twitter:card\" content=\"summary_large_image\" \/>\n<meta name=\"twitter:creator\" content=\"@pelletant\" \/>\n<meta name=\"twitter:site\" content=\"@pelletant\" \/>\n<meta name=\"twitter:label1\" content=\"\u00c9crit par\" \/>\n\t<meta name=\"twitter:data1\" content=\"Francois\" \/>\n\t<meta name=\"twitter:label2\" content=\"Dur\u00e9e de lecture estim\u00e9e\" \/>\n\t<meta name=\"twitter:data2\" content=\"1 minute\" \/>\n<script type=\"application\/ld+json\" class=\"yoast-schema-graph\">{\"@context\":\"https:\/\/schema.org\",\"@graph\":[{\"@type\":\"Article\",\"@id\":\"https:\/\/francois-pelletant.fr\/blog\/tres-haut-debit-raccordements\/#article\",\"isPartOf\":{\"@id\":\"https:\/\/francois-pelletant.fr\/blog\/tres-haut-debit-raccordements\/\"},\"author\":{\"name\":\"Francois\",\"@id\":\"https:\/\/francois-pelletant.fr\/blog\/#\/schema\/person\/2be41acb171dff8f31aaed1f40cee9f3\"},\"headline\":\"Tr\u00e8s Haut D\u00e9bit : les raccordements se poursuivent\",\"datePublished\":\"2015-09-03T07:40:10+00:00\",\"dateModified\":\"2017-04-28T08:35:22+00:00\",\"mainEntityOfPage\":{\"@id\":\"https:\/\/francois-pelletant.fr\/blog\/tres-haut-debit-raccordements\/\"},\"wordCount\":205,\"commentCount\":0,\"publisher\":{\"@id\":\"https:\/\/francois-pelletant.fr\/blog\/#organization\"},\"image\":{\"@id\":\"https:\/\/francois-pelletant.fr\/blog\/tres-haut-debit-raccordements\/#primaryimage\"},\"thumbnailUrl\":\"\",\"articleSection\":[\"Tr\u00e8s Haut D\u00e9bit\"],\"inLanguage\":\"fr-FR\",\"potentialAction\":[{\"@type\":\"CommentAction\",\"name\":\"Comment\",\"target\":[\"https:\/\/francois-pelletant.fr\/blog\/tres-haut-debit-raccordements\/#respond\"]}]},{\"@type\":\"WebPage\",\"@id\":\"https:\/\/francois-pelletant.fr\/blog\/tres-haut-debit-raccordements\/\",\"url\":\"https:\/\/francois-pelletant.fr\/blog\/tres-haut-debit-raccordements\/\",\"name\":\"Tr\u00e8s Haut D\u00e9bit : les raccordements se poursuivent - Fran\u00e7ois Pelletant\",\"isPartOf\":{\"@id\":\"https:\/\/francois-pelletant.fr\/blog\/#website\"},\"primaryImageOfPage\":{\"@id\":\"https:\/\/francois-pelletant.fr\/blog\/tres-haut-debit-raccordements\/#primaryimage\"},\"image\":{\"@id\":\"https:\/\/francois-pelletant.fr\/blog\/tres-haut-debit-raccordements\/#primaryimage\"},\"thumbnailUrl\":\"\",\"datePublished\":\"2015-09-03T07:40:10+00:00\",\"dateModified\":\"2017-04-28T08:35:22+00:00\",\"description\":\"Nous poursuivons le raccordement du Tr\u00e8s Haut D\u00e9bit dans les villes de Longjumeau, Villebon et Chilly-Mazarin.\",\"breadcrumb\":{\"@id\":\"https:\/\/francois-pelletant.fr\/blog\/tres-haut-debit-raccordements\/#breadcrumb\"},\"inLanguage\":\"fr-FR\",\"potentialAction\":[{\"@type\":\"ReadAction\",\"target\":[\"https:\/\/francois-pelletant.fr\/blog\/tres-haut-debit-raccordements\/\"]}]},{\"@type\":\"ImageObject\",\"inLanguage\":\"fr-FR\",\"@id\":\"https:\/\/francois-pelletant.fr\/blog\/tres-haut-debit-raccordements\/#primaryimage\",\"url\":\"\",\"contentUrl\":\"\"},{\"@type\":\"BreadcrumbList\",\"@id\":\"https:\/\/francois-pelletant.fr\/blog\/tres-haut-debit-raccordements\/#breadcrumb\",\"itemListElement\":[{\"@type\":\"ListItem\",\"position\":1,\"name\":\"Accueil\",\"item\":\"https:\/\/francois-pelletant.fr\/blog\/\"},{\"@type\":\"ListItem\",\"position\":2,\"name\":\"Tr\u00e8s Haut D\u00e9bit : les raccordements se poursuivent\"}]},{\"@type\":\"WebSite\",\"@id\":\"https:\/\/francois-pelletant.fr\/blog\/#website\",\"url\":\"https:\/\/francois-pelletant.fr\/blog\/\",\"name\":\"Fran\u00e7ois Pelletant\",\"description\":\"Maire de Linas, pour toujours.\",\"publisher\":{\"@id\":\"https:\/\/francois-pelletant.fr\/blog\/#organization\"},\"potentialAction\":[{\"@type\":\"SearchAction\",\"target\":{\"@type\":\"EntryPoint\",\"urlTemplate\":\"https:\/\/francois-pelletant.fr\/blog\/?s={search_term_string}\"},\"query-input\":{\"@type\":\"PropertyValueSpecification\",\"valueRequired\":true,\"valueName\":\"search_term_string\"}}],\"inLanguage\":\"fr-FR\"},{\"@type\":\"Organization\",\"@id\":\"https:\/\/francois-pelletant.fr\/blog\/#organization\",\"name\":\"Fran\u00e7ois Pelletant\",\"url\":\"https:\/\/francois-pelletant.fr\/blog\/\",\"logo\":{\"@type\":\"ImageObject\",\"inLanguage\":\"fr-FR\",\"@id\":\"https:\/\/francois-pelletant.fr\/blog\/#\/schema\/logo\/image\/\",\"url\":\"https:\/\/francois-pelletant.fr\/blog\/wp-content\/uploads\/2024\/07\/icone-francois-centre-500p.png\",\"contentUrl\":\"https:\/\/francois-pelletant.fr\/blog\/wp-content\/uploads\/2024\/07\/icone-francois-centre-500p.png\",\"width\":559,\"height\":447,\"caption\":\"Fran\u00e7ois Pelletant\"},\"image\":{\"@id\":\"https:\/\/francois-pelletant.fr\/blog\/#\/schema\/logo\/image\/\"},\"sameAs\":[\"https:\/\/www.facebook.com\/francois.pelletant.7\",\"https:\/\/x.com\/pelletant\"]},{\"@type\":\"Person\",\"@id\":\"https:\/\/francois-pelletant.fr\/blog\/#\/schema\/person\/2be41acb171dff8f31aaed1f40cee9f3\",\"name\":\"Francois\"}]}<\/script>\n<!-- \/ Yoast SEO plugin. -->","yoast_head_json":{"title":"Tr\u00e8s Haut D\u00e9bit : les raccordements se poursuivent - Fran\u00e7ois Pelletant","description":"Nous poursuivons le raccordement du Tr\u00e8s Haut D\u00e9bit dans les villes de Longjumeau, Villebon et Chilly-Mazarin.","robots":{"index":"index","follow":"follow","max-snippet":"max-snippet:-1","max-image-preview":"max-image-preview:large","max-video-preview":"max-video-preview:-1"},"canonical":"https:\/\/francois-pelletant.fr\/blog\/tres-haut-debit-raccordements\/","og_locale":"fr_FR","og_type":"article","og_title":"Tr\u00e8s Haut D\u00e9bit : les raccordements se poursuivent - Fran\u00e7ois Pelletant","og_description":"Nous poursuivons le raccordement du Tr\u00e8s Haut D\u00e9bit dans les villes de Longjumeau, Villebon et Chilly-Mazarin.","og_url":"https:\/\/francois-pelletant.fr\/blog\/tres-haut-debit-raccordements\/","og_site_name":"Fran\u00e7ois Pelletant","article_publisher":"https:\/\/www.facebook.com\/francois.pelletant.7","article_published_time":"2015-09-03T07:40:10+00:00","article_modified_time":"2017-04-28T08:35:22+00:00","author":"Francois","twitter_card":"summary_large_image","twitter_creator":"@pelletant","twitter_site":"@pelletant","twitter_misc":{"\u00c9crit par":"Francois","Dur\u00e9e de lecture estim\u00e9e":"1 minute"},"schema":{"@context":"https:\/\/schema.org","@graph":[{"@type":"Article","@id":"https:\/\/francois-pelletant.fr\/blog\/tres-haut-debit-raccordements\/#article","isPartOf":{"@id":"https:\/\/francois-pelletant.fr\/blog\/tres-haut-debit-raccordements\/"},"author":{"name":"Francois","@id":"https:\/\/francois-pelletant.fr\/blog\/#\/schema\/person\/2be41acb171dff8f31aaed1f40cee9f3"},"headline":"Tr\u00e8s Haut D\u00e9bit : les raccordements se poursuivent","datePublished":"2015-09-03T07:40:10+00:00","dateModified":"2017-04-28T08:35:22+00:00","mainEntityOfPage":{"@id":"https:\/\/francois-pelletant.fr\/blog\/tres-haut-debit-raccordements\/"},"wordCount":205,"commentCount":0,"publisher":{"@id":"https:\/\/francois-pelletant.fr\/blog\/#organization"},"image":{"@id":"https:\/\/francois-pelletant.fr\/blog\/tres-haut-debit-raccordements\/#primaryimage"},"thumbnailUrl":"","articleSection":["Tr\u00e8s Haut D\u00e9bit"],"inLanguage":"fr-FR","potentialAction":[{"@type":"CommentAction","name":"Comment","target":["https:\/\/francois-pelletant.fr\/blog\/tres-haut-debit-raccordements\/#respond"]}]},{"@type":"WebPage","@id":"https:\/\/francois-pelletant.fr\/blog\/tres-haut-debit-raccordements\/","url":"https:\/\/francois-pelletant.fr\/blog\/tres-haut-debit-raccordements\/","name":"Tr\u00e8s Haut D\u00e9bit : les raccordements se poursuivent - Fran\u00e7ois Pelletant","isPartOf":{"@id":"https:\/\/francois-pelletant.fr\/blog\/#website"},"primaryImageOfPage":{"@id":"https:\/\/francois-pelletant.fr\/blog\/tres-haut-debit-raccordements\/#primaryimage"},"image":{"@id":"https:\/\/francois-pelletant.fr\/blog\/tres-haut-debit-raccordements\/#primaryimage"},"thumbnailUrl":"","datePublished":"2015-09-03T07:40:10+00:00","dateModified":"2017-04-28T08:35:22+00:00","description":"Nous poursuivons le raccordement du Tr\u00e8s Haut D\u00e9bit dans les villes de Longjumeau, Villebon et Chilly-Mazarin.","breadcrumb":{"@id":"https:\/\/francois-pelletant.fr\/blog\/tres-haut-debit-raccordements\/#breadcrumb"},"inLanguage":"fr-FR","potentialAction":[{"@type":"ReadAction","target":["https:\/\/francois-pelletant.fr\/blog\/tres-haut-debit-raccordements\/"]}]},{"@type":"ImageObject","inLanguage":"fr-FR","@id":"https:\/\/francois-pelletant.fr\/blog\/tres-haut-debit-raccordements\/#primaryimage","url":"","contentUrl":""},{"@type":"BreadcrumbList","@id":"https:\/\/francois-pelletant.fr\/blog\/tres-haut-debit-raccordements\/#breadcrumb","itemListElement":[{"@type":"ListItem","position":1,"name":"Accueil","item":"https:\/\/francois-pelletant.fr\/blog\/"},{"@type":"ListItem","position":2,"name":"Tr\u00e8s Haut D\u00e9bit : les raccordements se poursuivent"}]},{"@type":"WebSite","@id":"https:\/\/francois-pelletant.fr\/blog\/#website","url":"https:\/\/francois-pelletant.fr\/blog\/","name":"Fran\u00e7ois Pelletant","description":"Maire de Linas, pour toujours.","publisher":{"@id":"https:\/\/francois-pelletant.fr\/blog\/#organization"},"potentialAction":[{"@type":"SearchAction","target":{"@type":"EntryPoint","urlTemplate":"https:\/\/francois-pelletant.fr\/blog\/?s={search_term_string}"},"query-input":{"@type":"PropertyValueSpecification","valueRequired":true,"valueName":"search_term_string"}}],"inLanguage":"fr-FR"},{"@type":"Organization","@id":"https:\/\/francois-pelletant.fr\/blog\/#organization","name":"Fran\u00e7ois Pelletant","url":"https:\/\/francois-pelletant.fr\/blog\/","logo":{"@type":"ImageObject","inLanguage":"fr-FR","@id":"https:\/\/francois-pelletant.fr\/blog\/#\/schema\/logo\/image\/","url":"https:\/\/francois-pelletant.fr\/blog\/wp-content\/uploads\/2024\/07\/icone-francois-centre-500p.png","contentUrl":"https:\/\/francois-pelletant.fr\/blog\/wp-content\/uploads\/2024\/07\/icone-francois-centre-500p.png","width":559,"height":447,"caption":"Fran\u00e7ois Pelletant"},"image":{"@id":"https:\/\/francois-pelletant.fr\/blog\/#\/schema\/logo\/image\/"},"sameAs":["https:\/\/www.facebook.com\/francois.pelletant.7","https:\/\/x.com\/pelletant"]},{"@type":"Person","@id":"https:\/\/francois-pelletant.fr\/blog\/#\/schema\/person\/2be41acb171dff8f31aaed1f40cee9f3","name":"Francois"}]}},"_links":{"self":[{"href":"https:\/\/francois-pelletant.fr\/blog\/wp-json\/wp\/v2\/posts\/6747","targetHints":{"allow":["GET"]}}],"collection":[{"href":"https:\/\/francois-pelletant.fr\/blog\/wp-json\/wp\/v2\/posts"}],"about":[{"href":"https:\/\/francois-pelletant.fr\/blog\/wp-json\/wp\/v2\/types\/post"}],"author":[{"embeddable":true,"href":"https:\/\/francois-pelletant.fr\/blog\/wp-json\/wp\/v2\/users\/1"}],"replies":[{"embeddable":true,"href":"https:\/\/francois-pelletant.fr\/blog\/wp-json\/wp\/v2\/comments?post=6747"}],"version-history":[{"count":0,"href":"https:\/\/francois-pelletant.fr\/blog\/wp-json\/wp\/v2\/posts\/6747\/revisions"}],"wp:featuredmedia":[{"embeddable":true,"href":"https:\/\/francois-pelletant.fr\/blog\/wp-json\/wp\/v2\/menu-items\/5657"}],"wp:attachment":[{"href":"https:\/\/francois-pelletant.fr\/blog\/wp-json\/wp\/v2\/media?parent=6747"}],"wp:term":[{"taxonomy":"category","embeddable":true,"href":"https:\/\/francois-pelletant.fr\/blog\/wp-json\/wp\/v2\/categories?post=6747"},{"taxonomy":"post_tag","embeddable":true,"href":"https:\/\/francois-pelletant.fr\/blog\/wp-json\/wp\/v2\/tags?post=6747"}],"curies":[{"name":"wp","href":"https:\/\/api.w.org\/{rel}","templated":true}]}}