{"id":6755,"date":"2015-10-15T10:01:34","date_gmt":"2015-10-15T08:01:34","guid":{"rendered":"https:\/\/francois-pelletant.fr\/blog\/?p=5765"},"modified":"2017-04-19T10:12:25","modified_gmt":"2017-04-19T10:12:25","slug":"nos-commercants-ont-du-talent","status":"publish","type":"post","link":"https:\/\/francois-pelletant.fr\/blog\/nos-commercants-ont-du-talent\/","title":{"rendered":"Nos commer\u00e7ants ont du talent"},"content":{"rendered":"<figure id=\"attachment_5766\" aria-describedby=\"caption-attachment-5766\" style=\"width: 300px\" class=\"wp-caption alignleft\"><a href=\"https:\/\/francois-pelletant.fr\/blog\/wp-content\/uploads\/2015\/10\/papilles.jpg\"><img loading=\"lazy\" decoding=\"async\" class=\"wp-image-5766 size-full\" title=\"papilles\" src=\"https:\/\/francois-pelletant.fr\/blog\/wp-content\/uploads\/2015\/10\/papilles.jpg\" alt=\"image-commer\u00e7ants\" width=\"300\" height=\"200\" \/><\/a><figcaption id=\"caption-attachment-5766\" class=\"wp-caption-text\">Jean-Christophe et Nathalie Delugeard de la cr\u00eaperie le Sarzeau \u00e0 La Ville du Bois<\/figcaption><\/figure>\n<h2>Bravo aux commer\u00e7ants<\/h2>\n<p>A l&#8217;occasion de la c\u00e9r\u00e9monie des Papilles d&#8217;Or, un challenge de commerces alimentaires organis\u00e9 par la Chambre de Commerce et d&#8217;Industrie de l&#8217;Essonne, 18 commer\u00e7ants du canton et des environs ont alors \u00e9t\u00e9 r\u00e9compens\u00e9s pour leur savoir-faire. F\u00e9licitations \u00e0 eux !<\/p>\n<h4>Le palmar\u00e8s des commer\u00e7ants r\u00e9compens\u00e9 est \u00e0 voir ci-dessous :<\/h4>\n<h5><strong>Une papille<\/strong>\u00a0:<\/h5>\n<p>La Boucherie du Centre \u00e0 Montlh\u00e9ry et la Boulangerie au Pralin \u00e0 Longjumeau,<\/p>\n<h5><strong>Deux papilles<\/strong>\u00a0:<\/h5>\n<p>Le primeur Cours des Halles \u00e0 Longjumeau,<\/p>\n<p>Restaurant la Fringale \u00e0 Montlh\u00e9ry,<\/p>\n<p>Restaurant Le Jardin d&#8217;Himalaya \u00e0 Longpont,<\/p>\n<p>La table \u00e0 cr\u00eapes \u00e0 Montlh\u00e9ry,<\/p>\n<p>Le caviste Cavavin \u00e0 La Ville du Bois,<\/p>\n<p>Boulangerie Au temps du Froment \u00e0 Saulx les Chartreux,<\/p>\n<h5><strong>Trois papilles<\/strong>\u00a0:<\/h5>\n<p>Cofea \u00e0 La Ville du Bois,<\/p>\n<p>restaurant O\u2019bistro \u00e0 Montlh\u00e9ry,<\/p>\n<p>Le fournil de la Tour \u00e0 Montlh\u00e9ry,<\/p>\n<p>Restaurant l\u2019\u0153illet rouge \u00e0 Montlh\u00e9ry,<\/p>\n<p>Cr\u00eaperie le Sarzeau \u00e0 La Ville du Bois,<\/p>\n<p>Charcuterie Vanille\/fraise \u00e0 Nozay,<\/p>\n<p>Boucherie du Parc \u00e0 Epinay\/Orge<\/p>\n<p><strong>Quatre papilles<\/strong>\u00a0:<\/p>\n<p>Primeur Lirot Halles \u00e0 Ballainvilliers,<\/p>\n<p>La maison Pottier \u00e0 Marcoussis<\/p>\n<p>La boucherie de L\u2019Eglise \u00e0 Marcoussis.<\/p>\n","protected":false},"excerpt":{"rendered":"<p>Bravo aux commer\u00e7ants A l&#8217;occasion de la c\u00e9r\u00e9monie des Papilles d&#8217;Or, un challenge de commerces alimentaires organis\u00e9 par la Chambre de Commerce et d&#8217;Industrie de l&#8217;Essonne, 18 commer\u00e7ants du canton et des environs ont alors \u00e9t\u00e9 r\u00e9compens\u00e9s pour leur savoir-faire. F\u00e9licitations \u00e0 eux ! Le palmar\u00e8s des commer\u00e7ants r\u00e9compens\u00e9 est \u00e0 voir ci-dessous : Une [&hellip;]<\/p>\n","protected":false},"author":1,"featured_media":5766,"comment_status":"open","ping_status":"open","sticky":false,"template":"","format":"standard","meta":{"footnotes":""},"categories":[15],"tags":[],"class_list":["post-6755","post","type-post","status-publish","format-standard","has-post-thumbnail","hentry","category-patrimoi"],"yoast_head":"<!-- This site is optimized with the Yoast SEO plugin v25.6 - https:\/\/yoast.com\/wordpress\/plugins\/seo\/ -->\n<title>Nos commer\u00e7ants ont du talent - Fran\u00e7ois Pelletant<\/title>\n<meta name=\"description\" content=\"La c\u00e9r\u00e9monie des Papilles d&#039;Or (challenge de commer\u00e7es alimentaires) a r\u00e9compens\u00e9 18 commer\u00e7ants de l&#039;Essonne pour leur savoir-faire.\" \/>\n<meta name=\"robots\" content=\"index, follow, max-snippet:-1, max-image-preview:large, max-video-preview:-1\" \/>\n<link rel=\"canonical\" href=\"https:\/\/francois-pelletant.fr\/blog\/nos-commercants-ont-du-talent\/\" \/>\n<meta property=\"og:locale\" content=\"fr_FR\" \/>\n<meta property=\"og:type\" content=\"article\" \/>\n<meta property=\"og:title\" content=\"Nos commer\u00e7ants ont du talent - Fran\u00e7ois Pelletant\" \/>\n<meta property=\"og:description\" content=\"La c\u00e9r\u00e9monie des Papilles d&#039;Or (challenge de commer\u00e7es alimentaires) a r\u00e9compens\u00e9 18 commer\u00e7ants de l&#039;Essonne pour leur savoir-faire.\" \/>\n<meta property=\"og:url\" content=\"https:\/\/francois-pelletant.fr\/blog\/nos-commercants-ont-du-talent\/\" \/>\n<meta property=\"og:site_name\" content=\"Fran\u00e7ois Pelletant\" \/>\n<meta property=\"article:publisher\" content=\"https:\/\/www.facebook.com\/francois.pelletant.7\" \/>\n<meta property=\"article:published_time\" content=\"2015-10-15T08:01:34+00:00\" \/>\n<meta property=\"article:modified_time\" content=\"2017-04-19T10:12:25+00:00\" \/>\n<meta name=\"author\" content=\"Francois\" \/>\n<meta name=\"twitter:card\" content=\"summary_large_image\" \/>\n<meta name=\"twitter:creator\" content=\"@pelletant\" \/>\n<meta name=\"twitter:site\" content=\"@pelletant\" \/>\n<meta name=\"twitter:label1\" content=\"\u00c9crit par\" \/>\n\t<meta name=\"twitter:data1\" content=\"Francois\" \/>\n\t<meta name=\"twitter:label2\" content=\"Dur\u00e9e de lecture estim\u00e9e\" \/>\n\t<meta name=\"twitter:data2\" content=\"1 minute\" \/>\n<script type=\"application\/ld+json\" class=\"yoast-schema-graph\">{\"@context\":\"https:\/\/schema.org\",\"@graph\":[{\"@type\":\"Article\",\"@id\":\"https:\/\/francois-pelletant.fr\/blog\/nos-commercants-ont-du-talent\/#article\",\"isPartOf\":{\"@id\":\"https:\/\/francois-pelletant.fr\/blog\/nos-commercants-ont-du-talent\/\"},\"author\":{\"name\":\"Francois\",\"@id\":\"https:\/\/francois-pelletant.fr\/blog\/#\/schema\/person\/2be41acb171dff8f31aaed1f40cee9f3\"},\"headline\":\"Nos commer\u00e7ants ont du talent\",\"datePublished\":\"2015-10-15T08:01:34+00:00\",\"dateModified\":\"2017-04-19T10:12:25+00:00\",\"mainEntityOfPage\":{\"@id\":\"https:\/\/francois-pelletant.fr\/blog\/nos-commercants-ont-du-talent\/\"},\"wordCount\":202,\"commentCount\":0,\"publisher\":{\"@id\":\"https:\/\/francois-pelletant.fr\/blog\/#organization\"},\"image\":{\"@id\":\"https:\/\/francois-pelletant.fr\/blog\/nos-commercants-ont-du-talent\/#primaryimage\"},\"thumbnailUrl\":\"\",\"articleSection\":[\"Patrimoine\"],\"inLanguage\":\"fr-FR\",\"potentialAction\":[{\"@type\":\"CommentAction\",\"name\":\"Comment\",\"target\":[\"https:\/\/francois-pelletant.fr\/blog\/nos-commercants-ont-du-talent\/#respond\"]}]},{\"@type\":\"WebPage\",\"@id\":\"https:\/\/francois-pelletant.fr\/blog\/nos-commercants-ont-du-talent\/\",\"url\":\"https:\/\/francois-pelletant.fr\/blog\/nos-commercants-ont-du-talent\/\",\"name\":\"Nos commer\u00e7ants ont du talent - Fran\u00e7ois Pelletant\",\"isPartOf\":{\"@id\":\"https:\/\/francois-pelletant.fr\/blog\/#website\"},\"primaryImageOfPage\":{\"@id\":\"https:\/\/francois-pelletant.fr\/blog\/nos-commercants-ont-du-talent\/#primaryimage\"},\"image\":{\"@id\":\"https:\/\/francois-pelletant.fr\/blog\/nos-commercants-ont-du-talent\/#primaryimage\"},\"thumbnailUrl\":\"\",\"datePublished\":\"2015-10-15T08:01:34+00:00\",\"dateModified\":\"2017-04-19T10:12:25+00:00\",\"description\":\"La c\u00e9r\u00e9monie des Papilles d'Or (challenge de commer\u00e7es alimentaires) a r\u00e9compens\u00e9 18 commer\u00e7ants de l'Essonne pour leur savoir-faire.\",\"breadcrumb\":{\"@id\":\"https:\/\/francois-pelletant.fr\/blog\/nos-commercants-ont-du-talent\/#breadcrumb\"},\"inLanguage\":\"fr-FR\",\"potentialAction\":[{\"@type\":\"ReadAction\",\"target\":[\"https:\/\/francois-pelletant.fr\/blog\/nos-commercants-ont-du-talent\/\"]}]},{\"@type\":\"ImageObject\",\"inLanguage\":\"fr-FR\",\"@id\":\"https:\/\/francois-pelletant.fr\/blog\/nos-commercants-ont-du-talent\/#primaryimage\",\"url\":\"\",\"contentUrl\":\"\"},{\"@type\":\"BreadcrumbList\",\"@id\":\"https:\/\/francois-pelletant.fr\/blog\/nos-commercants-ont-du-talent\/#breadcrumb\",\"itemListElement\":[{\"@type\":\"ListItem\",\"position\":1,\"name\":\"Accueil\",\"item\":\"https:\/\/francois-pelletant.fr\/blog\/\"},{\"@type\":\"ListItem\",\"position\":2,\"name\":\"Nos commer\u00e7ants ont du talent\"}]},{\"@type\":\"WebSite\",\"@id\":\"https:\/\/francois-pelletant.fr\/blog\/#website\",\"url\":\"https:\/\/francois-pelletant.fr\/blog\/\",\"name\":\"Fran\u00e7ois Pelletant\",\"description\":\"Maire de Linas, pour toujours.\",\"publisher\":{\"@id\":\"https:\/\/francois-pelletant.fr\/blog\/#organization\"},\"potentialAction\":[{\"@type\":\"SearchAction\",\"target\":{\"@type\":\"EntryPoint\",\"urlTemplate\":\"https:\/\/francois-pelletant.fr\/blog\/?s={search_term_string}\"},\"query-input\":{\"@type\":\"PropertyValueSpecification\",\"valueRequired\":true,\"valueName\":\"search_term_string\"}}],\"inLanguage\":\"fr-FR\"},{\"@type\":\"Organization\",\"@id\":\"https:\/\/francois-pelletant.fr\/blog\/#organization\",\"name\":\"Fran\u00e7ois Pelletant\",\"url\":\"https:\/\/francois-pelletant.fr\/blog\/\",\"logo\":{\"@type\":\"ImageObject\",\"inLanguage\":\"fr-FR\",\"@id\":\"https:\/\/francois-pelletant.fr\/blog\/#\/schema\/logo\/image\/\",\"url\":\"https:\/\/francois-pelletant.fr\/blog\/wp-content\/uploads\/2024\/07\/icone-francois-centre-500p.png\",\"contentUrl\":\"https:\/\/francois-pelletant.fr\/blog\/wp-content\/uploads\/2024\/07\/icone-francois-centre-500p.png\",\"width\":559,\"height\":447,\"caption\":\"Fran\u00e7ois Pelletant\"},\"image\":{\"@id\":\"https:\/\/francois-pelletant.fr\/blog\/#\/schema\/logo\/image\/\"},\"sameAs\":[\"https:\/\/www.facebook.com\/francois.pelletant.7\",\"https:\/\/x.com\/pelletant\"]},{\"@type\":\"Person\",\"@id\":\"https:\/\/francois-pelletant.fr\/blog\/#\/schema\/person\/2be41acb171dff8f31aaed1f40cee9f3\",\"name\":\"Francois\"}]}<\/script>\n<!-- \/ Yoast SEO plugin. -->","yoast_head_json":{"title":"Nos commer\u00e7ants ont du talent - Fran\u00e7ois Pelletant","description":"La c\u00e9r\u00e9monie des Papilles d'Or (challenge de commer\u00e7es alimentaires) a r\u00e9compens\u00e9 18 commer\u00e7ants de l'Essonne pour leur savoir-faire.","robots":{"index":"index","follow":"follow","max-snippet":"max-snippet:-1","max-image-preview":"max-image-preview:large","max-video-preview":"max-video-preview:-1"},"canonical":"https:\/\/francois-pelletant.fr\/blog\/nos-commercants-ont-du-talent\/","og_locale":"fr_FR","og_type":"article","og_title":"Nos commer\u00e7ants ont du talent - Fran\u00e7ois Pelletant","og_description":"La c\u00e9r\u00e9monie des Papilles d'Or (challenge de commer\u00e7es alimentaires) a r\u00e9compens\u00e9 18 commer\u00e7ants de l'Essonne pour leur savoir-faire.","og_url":"https:\/\/francois-pelletant.fr\/blog\/nos-commercants-ont-du-talent\/","og_site_name":"Fran\u00e7ois Pelletant","article_publisher":"https:\/\/www.facebook.com\/francois.pelletant.7","article_published_time":"2015-10-15T08:01:34+00:00","article_modified_time":"2017-04-19T10:12:25+00:00","author":"Francois","twitter_card":"summary_large_image","twitter_creator":"@pelletant","twitter_site":"@pelletant","twitter_misc":{"\u00c9crit par":"Francois","Dur\u00e9e de lecture estim\u00e9e":"1 minute"},"schema":{"@context":"https:\/\/schema.org","@graph":[{"@type":"Article","@id":"https:\/\/francois-pelletant.fr\/blog\/nos-commercants-ont-du-talent\/#article","isPartOf":{"@id":"https:\/\/francois-pelletant.fr\/blog\/nos-commercants-ont-du-talent\/"},"author":{"name":"Francois","@id":"https:\/\/francois-pelletant.fr\/blog\/#\/schema\/person\/2be41acb171dff8f31aaed1f40cee9f3"},"headline":"Nos commer\u00e7ants ont du talent","datePublished":"2015-10-15T08:01:34+00:00","dateModified":"2017-04-19T10:12:25+00:00","mainEntityOfPage":{"@id":"https:\/\/francois-pelletant.fr\/blog\/nos-commercants-ont-du-talent\/"},"wordCount":202,"commentCount":0,"publisher":{"@id":"https:\/\/francois-pelletant.fr\/blog\/#organization"},"image":{"@id":"https:\/\/francois-pelletant.fr\/blog\/nos-commercants-ont-du-talent\/#primaryimage"},"thumbnailUrl":"","articleSection":["Patrimoine"],"inLanguage":"fr-FR","potentialAction":[{"@type":"CommentAction","name":"Comment","target":["https:\/\/francois-pelletant.fr\/blog\/nos-commercants-ont-du-talent\/#respond"]}]},{"@type":"WebPage","@id":"https:\/\/francois-pelletant.fr\/blog\/nos-commercants-ont-du-talent\/","url":"https:\/\/francois-pelletant.fr\/blog\/nos-commercants-ont-du-talent\/","name":"Nos commer\u00e7ants ont du talent - Fran\u00e7ois Pelletant","isPartOf":{"@id":"https:\/\/francois-pelletant.fr\/blog\/#website"},"primaryImageOfPage":{"@id":"https:\/\/francois-pelletant.fr\/blog\/nos-commercants-ont-du-talent\/#primaryimage"},"image":{"@id":"https:\/\/francois-pelletant.fr\/blog\/nos-commercants-ont-du-talent\/#primaryimage"},"thumbnailUrl":"","datePublished":"2015-10-15T08:01:34+00:00","dateModified":"2017-04-19T10:12:25+00:00","description":"La c\u00e9r\u00e9monie des Papilles d'Or (challenge de commer\u00e7es alimentaires) a r\u00e9compens\u00e9 18 commer\u00e7ants de l'Essonne pour leur savoir-faire.","breadcrumb":{"@id":"https:\/\/francois-pelletant.fr\/blog\/nos-commercants-ont-du-talent\/#breadcrumb"},"inLanguage":"fr-FR","potentialAction":[{"@type":"ReadAction","target":["https:\/\/francois-pelletant.fr\/blog\/nos-commercants-ont-du-talent\/"]}]},{"@type":"ImageObject","inLanguage":"fr-FR","@id":"https:\/\/francois-pelletant.fr\/blog\/nos-commercants-ont-du-talent\/#primaryimage","url":"","contentUrl":""},{"@type":"BreadcrumbList","@id":"https:\/\/francois-pelletant.fr\/blog\/nos-commercants-ont-du-talent\/#breadcrumb","itemListElement":[{"@type":"ListItem","position":1,"name":"Accueil","item":"https:\/\/francois-pelletant.fr\/blog\/"},{"@type":"ListItem","position":2,"name":"Nos commer\u00e7ants ont du talent"}]},{"@type":"WebSite","@id":"https:\/\/francois-pelletant.fr\/blog\/#website","url":"https:\/\/francois-pelletant.fr\/blog\/","name":"Fran\u00e7ois Pelletant","description":"Maire de Linas, pour toujours.","publisher":{"@id":"https:\/\/francois-pelletant.fr\/blog\/#organization"},"potentialAction":[{"@type":"SearchAction","target":{"@type":"EntryPoint","urlTemplate":"https:\/\/francois-pelletant.fr\/blog\/?s={search_term_string}"},"query-input":{"@type":"PropertyValueSpecification","valueRequired":true,"valueName":"search_term_string"}}],"inLanguage":"fr-FR"},{"@type":"Organization","@id":"https:\/\/francois-pelletant.fr\/blog\/#organization","name":"Fran\u00e7ois Pelletant","url":"https:\/\/francois-pelletant.fr\/blog\/","logo":{"@type":"ImageObject","inLanguage":"fr-FR","@id":"https:\/\/francois-pelletant.fr\/blog\/#\/schema\/logo\/image\/","url":"https:\/\/francois-pelletant.fr\/blog\/wp-content\/uploads\/2024\/07\/icone-francois-centre-500p.png","contentUrl":"https:\/\/francois-pelletant.fr\/blog\/wp-content\/uploads\/2024\/07\/icone-francois-centre-500p.png","width":559,"height":447,"caption":"Fran\u00e7ois Pelletant"},"image":{"@id":"https:\/\/francois-pelletant.fr\/blog\/#\/schema\/logo\/image\/"},"sameAs":["https:\/\/www.facebook.com\/francois.pelletant.7","https:\/\/x.com\/pelletant"]},{"@type":"Person","@id":"https:\/\/francois-pelletant.fr\/blog\/#\/schema\/person\/2be41acb171dff8f31aaed1f40cee9f3","name":"Francois"}]}},"_links":{"self":[{"href":"https:\/\/francois-pelletant.fr\/blog\/wp-json\/wp\/v2\/posts\/6755","targetHints":{"allow":["GET"]}}],"collection":[{"href":"https:\/\/francois-pelletant.fr\/blog\/wp-json\/wp\/v2\/posts"}],"about":[{"href":"https:\/\/francois-pelletant.fr\/blog\/wp-json\/wp\/v2\/types\/post"}],"author":[{"embeddable":true,"href":"https:\/\/francois-pelletant.fr\/blog\/wp-json\/wp\/v2\/users\/1"}],"replies":[{"embeddable":true,"href":"https:\/\/francois-pelletant.fr\/blog\/wp-json\/wp\/v2\/comments?post=6755"}],"version-history":[{"count":0,"href":"https:\/\/francois-pelletant.fr\/blog\/wp-json\/wp\/v2\/posts\/6755\/revisions"}],"wp:featuredmedia":[{"embeddable":true,"href":"https:\/\/francois-pelletant.fr\/blog\/wp-json\/"}],"wp:attachment":[{"href":"https:\/\/francois-pelletant.fr\/blog\/wp-json\/wp\/v2\/media?parent=6755"}],"wp:term":[{"taxonomy":"category","embeddable":true,"href":"https:\/\/francois-pelletant.fr\/blog\/wp-json\/wp\/v2\/categories?post=6755"},{"taxonomy":"post_tag","embeddable":true,"href":"https:\/\/francois-pelletant.fr\/blog\/wp-json\/wp\/v2\/tags?post=6755"}],"curies":[{"name":"wp","href":"https:\/\/api.w.org\/{rel}","templated":true}]}}