{"id":6767,"date":"2016-01-11T10:34:45","date_gmt":"2016-01-11T08:34:45","guid":{"rendered":"https:\/\/francois-pelletant.fr\/blog\/?p=5956"},"modified":"2017-04-20T08:06:30","modified_gmt":"2017-04-20T08:06:30","slug":"bonne-annee-2016","status":"publish","type":"post","link":"https:\/\/francois-pelletant.fr\/blog\/bonne-annee-2016\/","title":{"rendered":"Bonne ann\u00e9e 2016"},"content":{"rendered":"<figure id=\"attachment_5957\" aria-describedby=\"caption-attachment-5957\" style=\"width: 293px\" class=\"wp-caption alignleft\"><a href=\"https:\/\/francois-pelletant.fr\/blog\/wp-content\/uploads\/2016\/01\/rondelle_bois_voeux_2016.jpg\"><img loading=\"lazy\" decoding=\"async\" class=\"wp-image-5957 size-medium\" title=\"rondelle_bois_voeux_2016\" src=\"https:\/\/francois-pelletant.fr\/blog\/wp-content\/uploads\/2016\/01\/rondelle_bois_voeux_2016-293x300.jpg\" alt=\"image-carte-de-v\u0153ux-Linas-2016\" width=\"293\" height=\"300\" \/><\/a><figcaption id=\"caption-attachment-5957\" class=\"wp-caption-text\">&#8220;la carte de voeux&#8221; linoise 2016<\/figcaption><\/figure>\n<p dir=\"ltr\"><span style=\"color: #000000;\">Toute notre cr\u00e9ativit\u00e9 et notre \u00e9nergie sont mobilis\u00e9es pour que Linas et les\u00a0Linois vivent une excellente ann\u00e9e 2016 en d\u00e9pit\u00a0d&#8217;une conjoncture nationale de plus en plus difficile. Je vous pr\u00e9sente mes Meilleurs V\u0153ux ainsi que ceux de tout\u00a0le Conseil Municipal et\u00a0de\u00a0tous les services de la mairie.<\/span><\/p>\n<div dir=\"ltr\">\n<p><span style=\"color: #000000;\">Je ne vous apprendrai\u00a0rien en vous disant que 2016 sera une ann\u00e9e difficile pour les communes de France. Les villes bien g\u00e9r\u00e9es\u00a0vont devoir payer pour les autres et\u00a0devront subir un d\u00e9sengagement in\u00e9dit de l&#8217;Etat devenu exsangue.<\/span><\/p>\n<p><span style=\"color: #000000;\">Beaucoup de villes\u00a0en France se pr\u00e9parent\u00a0\u00e0\u00a0augmenter leurs\u00a0imp\u00f4ts\u00a0et celles qui ne le feront pas maintenant seront oblig\u00e9es\u00a0de le faire plus tard.\u00a0<\/span><\/p>\n<p><span style=\"color: #000000;\">Avant d&#8217;en arriver\u00a0\u00e0\u00a0cette extr\u00e9mit\u00e9, j&#8217;ai souhait\u00e9 qu&#8217;\u00e0 Linas nous nous interrogions d&#8217;abord sur nos d\u00e9penses et nos autres recettes afin de temporiser au maximum le recours \u00e0 la fiscalit\u00e9 pour financer les d\u00e9sengagements\u00a0de l&#8217;Etat. Ce sera notre priorit\u00e9 en 2016 car nous consid\u00e9rons injuste de faire payer aux habitants les cons\u00e9quences d&#8217;une mauvaise politique nationale dont ils d\u00e9j\u00e0 victimes depuis plusieurs ann\u00e9es.<\/span><\/p>\n<p><span style=\"color: #000000;\">Dans les prochains mois, nous allons mettre en place des mesures de r\u00e9duction de nos services. Certaines prestations municipales seront supprim\u00e9es, ou r\u00e9duites ou factur\u00e9es aux b\u00e9n\u00e9ficiaires.<\/span><\/p>\n<h5><span style=\"color: #000000;\">Plusieurs initiatives ont\u00a0d\u00e9j\u00e0\u00a0\u00e9t\u00e9 engag\u00e9es :<\/span><\/h5>\n<p><span style=\"color: #000000;\">&#8211; Non reconduction de plusieurs postes de fonctionnaires, m\u00eame si\u00a0\u00e0\u00a0Linas nous avons un effectif municipal plut\u00f4t en-dessous de la moyenne ;<\/span><\/p>\n<p><span style=\"color: #000000;\">&#8211; Arr\u00eat de plusieurs \u00e9v\u00e9nements : V\u0153ux du Maire,\u00a0No\u00ebl du personnel&#8230;<\/span><\/p>\n<p><span style=\"color: #000000;\">&#8211; Remplacement de certaines prestations : Un apr\u00e8s-midi festif remplace le banquet d&#8217;automne des\u00a0seniors, le calendrier remplace l&#8217;agenda &#8230;<\/span><\/p>\n<p><span style=\"color: #000000;\">&#8211; Modification des moyens\u00a0de communication : Linas Actualit\u00e9s au format standard\u00a021 x 29,7 et magazine enti\u00e8rement refondu ;<\/span><\/p>\n<p><span style=\"color: #000000;\">&#8211; Recherche de recettes\u00a0nouvelles\u00a0: test de Crowdfunding \u00a0(financement participatif)\u00a0\u00a0pour financer les vitraux de l\u2019\u00e9glise, mise en place de prestations\u00a0payantes, \u00a0facturation au prix co\u00fbtant\u00a0des prestations rendues pour le compte de l&#8217;Etat, etc&#8230;<\/span><\/p>\n<p><span style=\"color: #000000;\">Je souhaite \u00e9galement ne pas remettre en cause les politiques que nous avons mises en place en faveur des \u00e9coles d&#8217;une part et des associations d&#8217;autre part.\u00a0<\/span><span style=\"color: #000000;\">Les associations parce qu&#8217;il faut plut\u00f4t pr\u00e9server et inciter cette richesse qu&#8217;est l&#8217;initiative associative.\u00a0<\/span><span style=\"color: #000000;\">L&#8217;\u00e9cole parce que ce serait la solution de facilit\u00e9 de revoir \u00e0 la baisse ce qui profite \u00e0 l&#8217;\u00e9panouissement des enfants de Linas.<\/span><\/p>\n<p><span style=\"color: #000000;\">Nous sommes preneurs\u00a0de toutes\u00a0les\u00a0id\u00e9es, le principe \u00e9tant de refuser une aust\u00e9rit\u00e9 aveugle mais plut\u00f4t de transformer les nombreux services publics que nous avons\u00a0\u00e0 Linas pour les pratiquer diff\u00e9remment,\u00a0\u00a0\u00e0 un co\u00fbt moindre.\u00a0<\/span><\/p>\n<\/div>\n","protected":false},"excerpt":{"rendered":"<p>Toute notre cr\u00e9ativit\u00e9 et notre \u00e9nergie sont mobilis\u00e9es pour que Linas et les\u00a0Linois vivent une excellente ann\u00e9e 2016 en d\u00e9pit\u00a0d&#8217;une conjoncture nationale de plus en plus difficile. Je vous pr\u00e9sente mes Meilleurs V\u0153ux ainsi que ceux de tout\u00a0le Conseil Municipal et\u00a0de\u00a0tous les services de la mairie. Je ne vous apprendrai\u00a0rien en vous disant que 2016 [&hellip;]<\/p>\n","protected":false},"author":1,"featured_media":5957,"comment_status":"open","ping_status":"open","sticky":false,"template":"","format":"standard","meta":{"footnotes":""},"categories":[10,16],"tags":[],"class_list":["post-6767","post","type-post","status-publish","format-standard","has-post-thumbnail","hentry","category-1pelletant","category-prises-de-positions"],"yoast_head":"<!-- This site is optimized with the Yoast SEO plugin v25.6 - https:\/\/yoast.com\/wordpress\/plugins\/seo\/ -->\n<title>Bonne ann\u00e9e 2016 - Fran\u00e7ois Pelletant<\/title>\n<meta name=\"description\" content=\"Le conseil municipal, les services de la Mairie et moi m\u00eame souhaitons aux Linois, une excellent ann\u00e9e 2016.\" \/>\n<meta name=\"robots\" content=\"index, follow, max-snippet:-1, max-image-preview:large, max-video-preview:-1\" \/>\n<link rel=\"canonical\" href=\"https:\/\/francois-pelletant.fr\/blog\/bonne-annee-2016\/\" \/>\n<meta property=\"og:locale\" content=\"fr_FR\" \/>\n<meta property=\"og:type\" content=\"article\" \/>\n<meta property=\"og:title\" content=\"Bonne ann\u00e9e 2016 - Fran\u00e7ois Pelletant\" \/>\n<meta property=\"og:description\" content=\"Le conseil municipal, les services de la Mairie et moi m\u00eame souhaitons aux Linois, une excellent ann\u00e9e 2016.\" \/>\n<meta property=\"og:url\" content=\"https:\/\/francois-pelletant.fr\/blog\/bonne-annee-2016\/\" \/>\n<meta property=\"og:site_name\" content=\"Fran\u00e7ois Pelletant\" \/>\n<meta property=\"article:publisher\" content=\"https:\/\/www.facebook.com\/francois.pelletant.7\" \/>\n<meta property=\"article:published_time\" content=\"2016-01-11T08:34:45+00:00\" \/>\n<meta property=\"article:modified_time\" content=\"2017-04-20T08:06:30+00:00\" \/>\n<meta name=\"author\" content=\"Francois\" \/>\n<meta name=\"twitter:card\" content=\"summary_large_image\" \/>\n<meta name=\"twitter:creator\" content=\"@pelletant\" \/>\n<meta name=\"twitter:site\" content=\"@pelletant\" \/>\n<meta name=\"twitter:label1\" content=\"\u00c9crit par\" \/>\n\t<meta name=\"twitter:data1\" content=\"Francois\" \/>\n\t<meta name=\"twitter:label2\" content=\"Dur\u00e9e de lecture estim\u00e9e\" \/>\n\t<meta name=\"twitter:data2\" content=\"2 minutes\" \/>\n<script type=\"application\/ld+json\" class=\"yoast-schema-graph\">{\"@context\":\"https:\/\/schema.org\",\"@graph\":[{\"@type\":\"Article\",\"@id\":\"https:\/\/francois-pelletant.fr\/blog\/bonne-annee-2016\/#article\",\"isPartOf\":{\"@id\":\"https:\/\/francois-pelletant.fr\/blog\/bonne-annee-2016\/\"},\"author\":{\"name\":\"Francois\",\"@id\":\"https:\/\/francois-pelletant.fr\/blog\/#\/schema\/person\/2be41acb171dff8f31aaed1f40cee9f3\"},\"headline\":\"Bonne ann\u00e9e 2016\",\"datePublished\":\"2016-01-11T08:34:45+00:00\",\"dateModified\":\"2017-04-20T08:06:30+00:00\",\"mainEntityOfPage\":{\"@id\":\"https:\/\/francois-pelletant.fr\/blog\/bonne-annee-2016\/\"},\"wordCount\":484,\"commentCount\":0,\"publisher\":{\"@id\":\"https:\/\/francois-pelletant.fr\/blog\/#organization\"},\"image\":{\"@id\":\"https:\/\/francois-pelletant.fr\/blog\/bonne-annee-2016\/#primaryimage\"},\"thumbnailUrl\":\"\",\"articleSection\":[\"Infos\",\"Prises de positions\"],\"inLanguage\":\"fr-FR\",\"potentialAction\":[{\"@type\":\"CommentAction\",\"name\":\"Comment\",\"target\":[\"https:\/\/francois-pelletant.fr\/blog\/bonne-annee-2016\/#respond\"]}]},{\"@type\":\"WebPage\",\"@id\":\"https:\/\/francois-pelletant.fr\/blog\/bonne-annee-2016\/\",\"url\":\"https:\/\/francois-pelletant.fr\/blog\/bonne-annee-2016\/\",\"name\":\"Bonne ann\u00e9e 2016 - Fran\u00e7ois Pelletant\",\"isPartOf\":{\"@id\":\"https:\/\/francois-pelletant.fr\/blog\/#website\"},\"primaryImageOfPage\":{\"@id\":\"https:\/\/francois-pelletant.fr\/blog\/bonne-annee-2016\/#primaryimage\"},\"image\":{\"@id\":\"https:\/\/francois-pelletant.fr\/blog\/bonne-annee-2016\/#primaryimage\"},\"thumbnailUrl\":\"\",\"datePublished\":\"2016-01-11T08:34:45+00:00\",\"dateModified\":\"2017-04-20T08:06:30+00:00\",\"description\":\"Le conseil municipal, les services de la Mairie et moi m\u00eame souhaitons aux Linois, une excellent ann\u00e9e 2016.\",\"breadcrumb\":{\"@id\":\"https:\/\/francois-pelletant.fr\/blog\/bonne-annee-2016\/#breadcrumb\"},\"inLanguage\":\"fr-FR\",\"potentialAction\":[{\"@type\":\"ReadAction\",\"target\":[\"https:\/\/francois-pelletant.fr\/blog\/bonne-annee-2016\/\"]}]},{\"@type\":\"ImageObject\",\"inLanguage\":\"fr-FR\",\"@id\":\"https:\/\/francois-pelletant.fr\/blog\/bonne-annee-2016\/#primaryimage\",\"url\":\"\",\"contentUrl\":\"\"},{\"@type\":\"BreadcrumbList\",\"@id\":\"https:\/\/francois-pelletant.fr\/blog\/bonne-annee-2016\/#breadcrumb\",\"itemListElement\":[{\"@type\":\"ListItem\",\"position\":1,\"name\":\"Accueil\",\"item\":\"https:\/\/francois-pelletant.fr\/blog\/\"},{\"@type\":\"ListItem\",\"position\":2,\"name\":\"Bonne ann\u00e9e 2016\"}]},{\"@type\":\"WebSite\",\"@id\":\"https:\/\/francois-pelletant.fr\/blog\/#website\",\"url\":\"https:\/\/francois-pelletant.fr\/blog\/\",\"name\":\"Fran\u00e7ois Pelletant\",\"description\":\"Maire de Linas, pour toujours.\",\"publisher\":{\"@id\":\"https:\/\/francois-pelletant.fr\/blog\/#organization\"},\"potentialAction\":[{\"@type\":\"SearchAction\",\"target\":{\"@type\":\"EntryPoint\",\"urlTemplate\":\"https:\/\/francois-pelletant.fr\/blog\/?s={search_term_string}\"},\"query-input\":{\"@type\":\"PropertyValueSpecification\",\"valueRequired\":true,\"valueName\":\"search_term_string\"}}],\"inLanguage\":\"fr-FR\"},{\"@type\":\"Organization\",\"@id\":\"https:\/\/francois-pelletant.fr\/blog\/#organization\",\"name\":\"Fran\u00e7ois Pelletant\",\"url\":\"https:\/\/francois-pelletant.fr\/blog\/\",\"logo\":{\"@type\":\"ImageObject\",\"inLanguage\":\"fr-FR\",\"@id\":\"https:\/\/francois-pelletant.fr\/blog\/#\/schema\/logo\/image\/\",\"url\":\"https:\/\/francois-pelletant.fr\/blog\/wp-content\/uploads\/2024\/07\/icone-francois-centre-500p.png\",\"contentUrl\":\"https:\/\/francois-pelletant.fr\/blog\/wp-content\/uploads\/2024\/07\/icone-francois-centre-500p.png\",\"width\":559,\"height\":447,\"caption\":\"Fran\u00e7ois Pelletant\"},\"image\":{\"@id\":\"https:\/\/francois-pelletant.fr\/blog\/#\/schema\/logo\/image\/\"},\"sameAs\":[\"https:\/\/www.facebook.com\/francois.pelletant.7\",\"https:\/\/x.com\/pelletant\"]},{\"@type\":\"Person\",\"@id\":\"https:\/\/francois-pelletant.fr\/blog\/#\/schema\/person\/2be41acb171dff8f31aaed1f40cee9f3\",\"name\":\"Francois\"}]}<\/script>\n<!-- \/ Yoast SEO plugin. -->","yoast_head_json":{"title":"Bonne ann\u00e9e 2016 - Fran\u00e7ois Pelletant","description":"Le conseil municipal, les services de la Mairie et moi m\u00eame souhaitons aux Linois, une excellent ann\u00e9e 2016.","robots":{"index":"index","follow":"follow","max-snippet":"max-snippet:-1","max-image-preview":"max-image-preview:large","max-video-preview":"max-video-preview:-1"},"canonical":"https:\/\/francois-pelletant.fr\/blog\/bonne-annee-2016\/","og_locale":"fr_FR","og_type":"article","og_title":"Bonne ann\u00e9e 2016 - Fran\u00e7ois Pelletant","og_description":"Le conseil municipal, les services de la Mairie et moi m\u00eame souhaitons aux Linois, une excellent ann\u00e9e 2016.","og_url":"https:\/\/francois-pelletant.fr\/blog\/bonne-annee-2016\/","og_site_name":"Fran\u00e7ois Pelletant","article_publisher":"https:\/\/www.facebook.com\/francois.pelletant.7","article_published_time":"2016-01-11T08:34:45+00:00","article_modified_time":"2017-04-20T08:06:30+00:00","author":"Francois","twitter_card":"summary_large_image","twitter_creator":"@pelletant","twitter_site":"@pelletant","twitter_misc":{"\u00c9crit par":"Francois","Dur\u00e9e de lecture estim\u00e9e":"2 minutes"},"schema":{"@context":"https:\/\/schema.org","@graph":[{"@type":"Article","@id":"https:\/\/francois-pelletant.fr\/blog\/bonne-annee-2016\/#article","isPartOf":{"@id":"https:\/\/francois-pelletant.fr\/blog\/bonne-annee-2016\/"},"author":{"name":"Francois","@id":"https:\/\/francois-pelletant.fr\/blog\/#\/schema\/person\/2be41acb171dff8f31aaed1f40cee9f3"},"headline":"Bonne ann\u00e9e 2016","datePublished":"2016-01-11T08:34:45+00:00","dateModified":"2017-04-20T08:06:30+00:00","mainEntityOfPage":{"@id":"https:\/\/francois-pelletant.fr\/blog\/bonne-annee-2016\/"},"wordCount":484,"commentCount":0,"publisher":{"@id":"https:\/\/francois-pelletant.fr\/blog\/#organization"},"image":{"@id":"https:\/\/francois-pelletant.fr\/blog\/bonne-annee-2016\/#primaryimage"},"thumbnailUrl":"","articleSection":["Infos","Prises de positions"],"inLanguage":"fr-FR","potentialAction":[{"@type":"CommentAction","name":"Comment","target":["https:\/\/francois-pelletant.fr\/blog\/bonne-annee-2016\/#respond"]}]},{"@type":"WebPage","@id":"https:\/\/francois-pelletant.fr\/blog\/bonne-annee-2016\/","url":"https:\/\/francois-pelletant.fr\/blog\/bonne-annee-2016\/","name":"Bonne ann\u00e9e 2016 - Fran\u00e7ois Pelletant","isPartOf":{"@id":"https:\/\/francois-pelletant.fr\/blog\/#website"},"primaryImageOfPage":{"@id":"https:\/\/francois-pelletant.fr\/blog\/bonne-annee-2016\/#primaryimage"},"image":{"@id":"https:\/\/francois-pelletant.fr\/blog\/bonne-annee-2016\/#primaryimage"},"thumbnailUrl":"","datePublished":"2016-01-11T08:34:45+00:00","dateModified":"2017-04-20T08:06:30+00:00","description":"Le conseil municipal, les services de la Mairie et moi m\u00eame souhaitons aux Linois, une excellent ann\u00e9e 2016.","breadcrumb":{"@id":"https:\/\/francois-pelletant.fr\/blog\/bonne-annee-2016\/#breadcrumb"},"inLanguage":"fr-FR","potentialAction":[{"@type":"ReadAction","target":["https:\/\/francois-pelletant.fr\/blog\/bonne-annee-2016\/"]}]},{"@type":"ImageObject","inLanguage":"fr-FR","@id":"https:\/\/francois-pelletant.fr\/blog\/bonne-annee-2016\/#primaryimage","url":"","contentUrl":""},{"@type":"BreadcrumbList","@id":"https:\/\/francois-pelletant.fr\/blog\/bonne-annee-2016\/#breadcrumb","itemListElement":[{"@type":"ListItem","position":1,"name":"Accueil","item":"https:\/\/francois-pelletant.fr\/blog\/"},{"@type":"ListItem","position":2,"name":"Bonne ann\u00e9e 2016"}]},{"@type":"WebSite","@id":"https:\/\/francois-pelletant.fr\/blog\/#website","url":"https:\/\/francois-pelletant.fr\/blog\/","name":"Fran\u00e7ois Pelletant","description":"Maire de Linas, pour toujours.","publisher":{"@id":"https:\/\/francois-pelletant.fr\/blog\/#organization"},"potentialAction":[{"@type":"SearchAction","target":{"@type":"EntryPoint","urlTemplate":"https:\/\/francois-pelletant.fr\/blog\/?s={search_term_string}"},"query-input":{"@type":"PropertyValueSpecification","valueRequired":true,"valueName":"search_term_string"}}],"inLanguage":"fr-FR"},{"@type":"Organization","@id":"https:\/\/francois-pelletant.fr\/blog\/#organization","name":"Fran\u00e7ois Pelletant","url":"https:\/\/francois-pelletant.fr\/blog\/","logo":{"@type":"ImageObject","inLanguage":"fr-FR","@id":"https:\/\/francois-pelletant.fr\/blog\/#\/schema\/logo\/image\/","url":"https:\/\/francois-pelletant.fr\/blog\/wp-content\/uploads\/2024\/07\/icone-francois-centre-500p.png","contentUrl":"https:\/\/francois-pelletant.fr\/blog\/wp-content\/uploads\/2024\/07\/icone-francois-centre-500p.png","width":559,"height":447,"caption":"Fran\u00e7ois Pelletant"},"image":{"@id":"https:\/\/francois-pelletant.fr\/blog\/#\/schema\/logo\/image\/"},"sameAs":["https:\/\/www.facebook.com\/francois.pelletant.7","https:\/\/x.com\/pelletant"]},{"@type":"Person","@id":"https:\/\/francois-pelletant.fr\/blog\/#\/schema\/person\/2be41acb171dff8f31aaed1f40cee9f3","name":"Francois"}]}},"_links":{"self":[{"href":"https:\/\/francois-pelletant.fr\/blog\/wp-json\/wp\/v2\/posts\/6767","targetHints":{"allow":["GET"]}}],"collection":[{"href":"https:\/\/francois-pelletant.fr\/blog\/wp-json\/wp\/v2\/posts"}],"about":[{"href":"https:\/\/francois-pelletant.fr\/blog\/wp-json\/wp\/v2\/types\/post"}],"author":[{"embeddable":true,"href":"https:\/\/francois-pelletant.fr\/blog\/wp-json\/wp\/v2\/users\/1"}],"replies":[{"embeddable":true,"href":"https:\/\/francois-pelletant.fr\/blog\/wp-json\/wp\/v2\/comments?post=6767"}],"version-history":[{"count":0,"href":"https:\/\/francois-pelletant.fr\/blog\/wp-json\/wp\/v2\/posts\/6767\/revisions"}],"wp:featuredmedia":[{"embeddable":true,"href":"https:\/\/francois-pelletant.fr\/blog\/wp-json\/"}],"wp:attachment":[{"href":"https:\/\/francois-pelletant.fr\/blog\/wp-json\/wp\/v2\/media?parent=6767"}],"wp:term":[{"taxonomy":"category","embeddable":true,"href":"https:\/\/francois-pelletant.fr\/blog\/wp-json\/wp\/v2\/categories?post=6767"},{"taxonomy":"post_tag","embeddable":true,"href":"https:\/\/francois-pelletant.fr\/blog\/wp-json\/wp\/v2\/tags?post=6767"}],"curies":[{"name":"wp","href":"https:\/\/api.w.org\/{rel}","templated":true}]}}