{"id":6831,"date":"2016-02-07T08:14:47","date_gmt":"2016-02-07T08:14:47","guid":{"rendered":"https:\/\/francois-pelletant.fr\/blog\/?p=6831"},"modified":"2016-02-05T09:21:47","modified_gmt":"2016-02-05T09:21:47","slug":"les-meilleurs-dessins-de-la-semaine-5","status":"publish","type":"post","link":"https:\/\/francois-pelletant.fr\/blog\/les-meilleurs-dessins-de-la-semaine-5\/","title":{"rendered":"Les meilleurs dessins de la semaine"},"content":{"rendered":"<figure id=\"attachment_6832\" aria-describedby=\"caption-attachment-6832\" style=\"width: 275px\" class=\"wp-caption alignleft\"><img loading=\"lazy\" decoding=\"async\" class=\"size-medium wp-image-6832\" src=\"https:\/\/francois-pelletant.fr\/blog\/wp-content\/uploads\/2016\/02\/Le-Parisien-1er-f\u00e9vrier-275x300.jpg\" alt=\"Le Parisien 1er f\u00e9vrier\" width=\"275\" height=\"300\" srcset=\"https:\/\/francois-pelletant.fr\/blog\/wp-content\/uploads\/2016\/02\/Le-Parisien-1er-f\u00e9vrier-275x300.jpg 275w, https:\/\/francois-pelletant.fr\/blog\/wp-content\/uploads\/2016\/02\/Le-Parisien-1er-f\u00e9vrier.jpg 474w\" sizes=\"auto, (max-width: 275px) 100vw, 275px\" \/><figcaption id=\"caption-attachment-6832\" class=\"wp-caption-text\">Le Parisien 1er f\u00e9vrier<\/figcaption><\/figure>\n<p>Vous le savez, le dimanche je vous donne rendez-vous dans cette rubrique pour ma s\u00e9lection des meilleurs dessins parus dans la presse. 6 illustrations choisies avec le plus grand soin parmi la multitude de dessins r\u00e9alis\u00e9s avec talent par nos artistes du 9\u00e8me art.<\/p>\n<p>&nbsp;<\/p>\n<figure id=\"attachment_6833\" aria-describedby=\"caption-attachment-6833\" style=\"width: 237px\" class=\"wp-caption aligncenter\"><img loading=\"lazy\" decoding=\"async\" class=\"size-medium wp-image-6833\" src=\"https:\/\/francois-pelletant.fr\/blog\/wp-content\/uploads\/2016\/02\/Charlie-hebdo-3-fevrier-237x300.jpeg\" alt=\"Charlie hebdo 3 fevrier\" width=\"237\" height=\"300\" srcset=\"https:\/\/francois-pelletant.fr\/blog\/wp-content\/uploads\/2016\/02\/Charlie-hebdo-3-fevrier-237x300.jpeg 237w, https:\/\/francois-pelletant.fr\/blog\/wp-content\/uploads\/2016\/02\/Charlie-hebdo-3-fevrier-809x1024.jpeg 809w, https:\/\/francois-pelletant.fr\/blog\/wp-content\/uploads\/2016\/02\/Charlie-hebdo-3-fevrier-768x972.jpeg 768w, https:\/\/francois-pelletant.fr\/blog\/wp-content\/uploads\/2016\/02\/Charlie-hebdo-3-fevrier-600x759.jpeg 600w, https:\/\/francois-pelletant.fr\/blog\/wp-content\/uploads\/2016\/02\/Charlie-hebdo-3-fevrier.jpeg 1194w\" sizes=\"auto, (max-width: 237px) 100vw, 237px\" \/><figcaption id=\"caption-attachment-6833\" class=\"wp-caption-text\">Charlie hebdo 3 fevrier<\/figcaption><\/figure>\n<p>&nbsp;<\/p>\n<figure id=\"attachment_6834\" aria-describedby=\"caption-attachment-6834\" style=\"width: 300px\" class=\"wp-caption aligncenter\"><img loading=\"lazy\" decoding=\"async\" class=\"size-medium wp-image-6834\" src=\"https:\/\/francois-pelletant.fr\/blog\/wp-content\/uploads\/2016\/02\/Le-canard-enchain\u00e9-3-f\u00e9vrier-300x252.jpg\" alt=\"Le canard enchain\u00e9 3 f\u00e9vrier\" width=\"300\" height=\"252\" srcset=\"https:\/\/francois-pelletant.fr\/blog\/wp-content\/uploads\/2016\/02\/Le-canard-enchain\u00e9-3-f\u00e9vrier-300x252.jpg 300w, https:\/\/francois-pelletant.fr\/blog\/wp-content\/uploads\/2016\/02\/Le-canard-enchain\u00e9-3-f\u00e9vrier-1024x859.jpg 1024w, https:\/\/francois-pelletant.fr\/blog\/wp-content\/uploads\/2016\/02\/Le-canard-enchain\u00e9-3-f\u00e9vrier-768x645.jpg 768w, https:\/\/francois-pelletant.fr\/blog\/wp-content\/uploads\/2016\/02\/Le-canard-enchain\u00e9-3-f\u00e9vrier-600x504.jpg 600w, https:\/\/francois-pelletant.fr\/blog\/wp-content\/uploads\/2016\/02\/Le-canard-enchain\u00e9-3-f\u00e9vrier-1536x1289.jpg 1536w, https:\/\/francois-pelletant.fr\/blog\/wp-content\/uploads\/2016\/02\/Le-canard-enchain\u00e9-3-f\u00e9vrier-2048x1719.jpg 2048w\" sizes=\"auto, (max-width: 300px) 100vw, 300px\" \/><figcaption id=\"caption-attachment-6834\" class=\"wp-caption-text\">Le canard enchain\u00e9 3 f\u00e9vrier<\/figcaption><\/figure>\n<p>&nbsp;<\/p>\n<figure id=\"attachment_6835\" aria-describedby=\"caption-attachment-6835\" style=\"width: 300px\" class=\"wp-caption aligncenter\"><img loading=\"lazy\" decoding=\"async\" class=\"size-medium wp-image-6835\" src=\"https:\/\/francois-pelletant.fr\/blog\/wp-content\/uploads\/2016\/02\/Sine-mensuel-fevrier-2016-300x224.jpg\" alt=\"Sine mensuel fevrier 2016\" width=\"300\" height=\"224\" srcset=\"https:\/\/francois-pelletant.fr\/blog\/wp-content\/uploads\/2016\/02\/Sine-mensuel-fevrier-2016-300x224.jpg 300w, https:\/\/francois-pelletant.fr\/blog\/wp-content\/uploads\/2016\/02\/Sine-mensuel-fevrier-2016-1024x764.jpg 1024w, https:\/\/francois-pelletant.fr\/blog\/wp-content\/uploads\/2016\/02\/Sine-mensuel-fevrier-2016-768x573.jpg 768w, https:\/\/francois-pelletant.fr\/blog\/wp-content\/uploads\/2016\/02\/Sine-mensuel-fevrier-2016-600x448.jpg 600w, https:\/\/francois-pelletant.fr\/blog\/wp-content\/uploads\/2016\/02\/Sine-mensuel-fevrier-2016-1536x1146.jpg 1536w, https:\/\/francois-pelletant.fr\/blog\/wp-content\/uploads\/2016\/02\/Sine-mensuel-fevrier-2016-2048x1528.jpg 2048w\" sizes=\"auto, (max-width: 300px) 100vw, 300px\" \/><figcaption id=\"caption-attachment-6835\" class=\"wp-caption-text\">Sine mensuel fevrier 2016<\/figcaption><\/figure>\n<p>&nbsp;<\/p>\n<figure id=\"attachment_6836\" aria-describedby=\"caption-attachment-6836\" style=\"width: 167px\" class=\"wp-caption aligncenter\"><img loading=\"lazy\" decoding=\"async\" class=\"size-medium wp-image-6836\" src=\"https:\/\/francois-pelletant.fr\/blog\/wp-content\/uploads\/2016\/02\/Sine-mensuel-fevrier-167x300.jpg\" alt=\"Sine mensuel fevrier\" width=\"167\" height=\"300\" srcset=\"https:\/\/francois-pelletant.fr\/blog\/wp-content\/uploads\/2016\/02\/Sine-mensuel-fevrier-167x300.jpg 167w, https:\/\/francois-pelletant.fr\/blog\/wp-content\/uploads\/2016\/02\/Sine-mensuel-fevrier-569x1024.jpg 569w, https:\/\/francois-pelletant.fr\/blog\/wp-content\/uploads\/2016\/02\/Sine-mensuel-fevrier-768x1382.jpg 768w, https:\/\/francois-pelletant.fr\/blog\/wp-content\/uploads\/2016\/02\/Sine-mensuel-fevrier-600x1080.jpg 600w, https:\/\/francois-pelletant.fr\/blog\/wp-content\/uploads\/2016\/02\/Sine-mensuel-fevrier-853x1536.jpg 853w, https:\/\/francois-pelletant.fr\/blog\/wp-content\/uploads\/2016\/02\/Sine-mensuel-fevrier-1138x2048.jpg 1138w, https:\/\/francois-pelletant.fr\/blog\/wp-content\/uploads\/2016\/02\/Sine-mensuel-fevrier-555x999.jpg 555w, https:\/\/francois-pelletant.fr\/blog\/wp-content\/uploads\/2016\/02\/Sine-mensuel-fevrier-scaled.jpg 1422w\" sizes=\"auto, (max-width: 167px) 100vw, 167px\" \/><figcaption id=\"caption-attachment-6836\" class=\"wp-caption-text\">Sine mensuel fevrier<\/figcaption><\/figure>\n<p>&nbsp;<\/p>\n<figure id=\"attachment_6837\" aria-describedby=\"caption-attachment-6837\" style=\"width: 300px\" class=\"wp-caption aligncenter\"><img loading=\"lazy\" decoding=\"async\" class=\"size-medium wp-image-6837\" src=\"https:\/\/francois-pelletant.fr\/blog\/wp-content\/uploads\/2016\/02\/Urtikan-2-fevrier-300x300.jpg\" alt=\"Urtikan 2 fevrier\" width=\"300\" height=\"300\" srcset=\"https:\/\/francois-pelletant.fr\/blog\/wp-content\/uploads\/2016\/02\/Urtikan-2-fevrier-300x300.jpg 300w, https:\/\/francois-pelletant.fr\/blog\/wp-content\/uploads\/2016\/02\/Urtikan-2-fevrier-150x150.jpg 150w, https:\/\/francois-pelletant.fr\/blog\/wp-content\/uploads\/2016\/02\/Urtikan-2-fevrier-230x230.jpg 230w, https:\/\/francois-pelletant.fr\/blog\/wp-content\/uploads\/2016\/02\/Urtikan-2-fevrier-400x400.jpg 400w, https:\/\/francois-pelletant.fr\/blog\/wp-content\/uploads\/2016\/02\/Urtikan-2-fevrier.jpg 580w\" sizes=\"auto, (max-width: 300px) 100vw, 300px\" \/><figcaption id=\"caption-attachment-6837\" class=\"wp-caption-text\">Urtikan 2 fevrier<\/figcaption><\/figure>\n","protected":false},"excerpt":{"rendered":"<p>Vous le savez, le dimanche je vous donne rendez-vous dans cette rubrique pour ma s\u00e9lection des meilleurs dessins parus dans la presse. 6 illustrations choisies avec le plus grand soin parmi la multitude de dessins r\u00e9alis\u00e9s avec talent par nos artistes du 9\u00e8me art. &nbsp; &nbsp; &nbsp; &nbsp; &nbsp;<\/p>\n","protected":false},"author":1,"featured_media":6832,"comment_status":"open","ping_status":"open","sticky":false,"template":"","format":"standard","meta":{"footnotes":""},"categories":[17],"tags":[],"class_list":["post-6831","post","type-post","status-publish","format-standard","has-post-thumbnail","hentry","category-prix-du-meilleur-dessin-de-presse"],"yoast_head":"<!-- This site is optimized with the Yoast SEO plugin v25.6 - https:\/\/yoast.com\/wordpress\/plugins\/seo\/ -->\n<title>Les meilleurs dessins de la semaine - Fran\u00e7ois Pelletant<\/title>\n<meta name=\"robots\" content=\"index, follow, max-snippet:-1, max-image-preview:large, max-video-preview:-1\" \/>\n<link rel=\"canonical\" href=\"https:\/\/francois-pelletant.fr\/blog\/les-meilleurs-dessins-de-la-semaine-5\/\" \/>\n<meta property=\"og:locale\" content=\"fr_FR\" \/>\n<meta property=\"og:type\" content=\"article\" \/>\n<meta property=\"og:title\" content=\"Les meilleurs dessins de la semaine - Fran\u00e7ois Pelletant\" \/>\n<meta property=\"og:description\" content=\"Vous le savez, le dimanche je vous donne rendez-vous dans cette rubrique pour ma s\u00e9lection des meilleurs dessins parus dans la presse. 6 illustrations choisies avec le plus grand soin parmi la multitude de dessins r\u00e9alis\u00e9s avec talent par nos artistes du 9\u00e8me art. &nbsp; &nbsp; &nbsp; &nbsp; &nbsp;\" \/>\n<meta property=\"og:url\" content=\"https:\/\/francois-pelletant.fr\/blog\/les-meilleurs-dessins-de-la-semaine-5\/\" \/>\n<meta property=\"og:site_name\" content=\"Fran\u00e7ois Pelletant\" \/>\n<meta property=\"article:publisher\" content=\"https:\/\/www.facebook.com\/francois.pelletant.7\" \/>\n<meta property=\"article:published_time\" content=\"2016-02-07T08:14:47+00:00\" \/>\n<meta property=\"og:image\" content=\"https:\/\/francois-pelletant.fr\/blog\/wp-content\/uploads\/2016\/02\/Le-Parisien-1er-f\u00e9vrier.jpg\" \/>\n\t<meta property=\"og:image:width\" content=\"474\" \/>\n\t<meta property=\"og:image:height\" content=\"518\" \/>\n\t<meta property=\"og:image:type\" content=\"image\/jpeg\" \/>\n<meta name=\"author\" content=\"Francois\" \/>\n<meta name=\"twitter:card\" content=\"summary_large_image\" \/>\n<meta name=\"twitter:creator\" content=\"@pelletant\" \/>\n<meta name=\"twitter:site\" content=\"@pelletant\" \/>\n<meta name=\"twitter:label1\" content=\"\u00c9crit par\" \/>\n\t<meta name=\"twitter:data1\" content=\"Francois\" \/>\n\t<meta name=\"twitter:label2\" content=\"Dur\u00e9e de lecture estim\u00e9e\" \/>\n\t<meta name=\"twitter:data2\" content=\"1 minute\" \/>\n<script type=\"application\/ld+json\" class=\"yoast-schema-graph\">{\"@context\":\"https:\/\/schema.org\",\"@graph\":[{\"@type\":\"Article\",\"@id\":\"https:\/\/francois-pelletant.fr\/blog\/les-meilleurs-dessins-de-la-semaine-5\/#article\",\"isPartOf\":{\"@id\":\"https:\/\/francois-pelletant.fr\/blog\/les-meilleurs-dessins-de-la-semaine-5\/\"},\"author\":{\"name\":\"Francois\",\"@id\":\"https:\/\/francois-pelletant.fr\/blog\/#\/schema\/person\/2be41acb171dff8f31aaed1f40cee9f3\"},\"headline\":\"Les meilleurs dessins de la semaine\",\"datePublished\":\"2016-02-07T08:14:47+00:00\",\"mainEntityOfPage\":{\"@id\":\"https:\/\/francois-pelletant.fr\/blog\/les-meilleurs-dessins-de-la-semaine-5\/\"},\"wordCount\":120,\"commentCount\":0,\"publisher\":{\"@id\":\"https:\/\/francois-pelletant.fr\/blog\/#organization\"},\"image\":{\"@id\":\"https:\/\/francois-pelletant.fr\/blog\/les-meilleurs-dessins-de-la-semaine-5\/#primaryimage\"},\"thumbnailUrl\":\"https:\/\/francois-pelletant.fr\/blog\/wp-content\/uploads\/2016\/02\/Le-Parisien-1er-f\u00e9vrier.jpg\",\"articleSection\":[\"Prix du meilleur dessin de presse\"],\"inLanguage\":\"fr-FR\",\"potentialAction\":[{\"@type\":\"CommentAction\",\"name\":\"Comment\",\"target\":[\"https:\/\/francois-pelletant.fr\/blog\/les-meilleurs-dessins-de-la-semaine-5\/#respond\"]}]},{\"@type\":\"WebPage\",\"@id\":\"https:\/\/francois-pelletant.fr\/blog\/les-meilleurs-dessins-de-la-semaine-5\/\",\"url\":\"https:\/\/francois-pelletant.fr\/blog\/les-meilleurs-dessins-de-la-semaine-5\/\",\"name\":\"Les meilleurs dessins de la semaine - Fran\u00e7ois Pelletant\",\"isPartOf\":{\"@id\":\"https:\/\/francois-pelletant.fr\/blog\/#website\"},\"primaryImageOfPage\":{\"@id\":\"https:\/\/francois-pelletant.fr\/blog\/les-meilleurs-dessins-de-la-semaine-5\/#primaryimage\"},\"image\":{\"@id\":\"https:\/\/francois-pelletant.fr\/blog\/les-meilleurs-dessins-de-la-semaine-5\/#primaryimage\"},\"thumbnailUrl\":\"https:\/\/francois-pelletant.fr\/blog\/wp-content\/uploads\/2016\/02\/Le-Parisien-1er-f\u00e9vrier.jpg\",\"datePublished\":\"2016-02-07T08:14:47+00:00\",\"breadcrumb\":{\"@id\":\"https:\/\/francois-pelletant.fr\/blog\/les-meilleurs-dessins-de-la-semaine-5\/#breadcrumb\"},\"inLanguage\":\"fr-FR\",\"potentialAction\":[{\"@type\":\"ReadAction\",\"target\":[\"https:\/\/francois-pelletant.fr\/blog\/les-meilleurs-dessins-de-la-semaine-5\/\"]}]},{\"@type\":\"ImageObject\",\"inLanguage\":\"fr-FR\",\"@id\":\"https:\/\/francois-pelletant.fr\/blog\/les-meilleurs-dessins-de-la-semaine-5\/#primaryimage\",\"url\":\"https:\/\/francois-pelletant.fr\/blog\/wp-content\/uploads\/2016\/02\/Le-Parisien-1er-f\u00e9vrier.jpg\",\"contentUrl\":\"https:\/\/francois-pelletant.fr\/blog\/wp-content\/uploads\/2016\/02\/Le-Parisien-1er-f\u00e9vrier.jpg\",\"width\":474,\"height\":518,\"caption\":\"Le Parisien 1er f\u00e9vrier\"},{\"@type\":\"BreadcrumbList\",\"@id\":\"https:\/\/francois-pelletant.fr\/blog\/les-meilleurs-dessins-de-la-semaine-5\/#breadcrumb\",\"itemListElement\":[{\"@type\":\"ListItem\",\"position\":1,\"name\":\"Accueil\",\"item\":\"https:\/\/francois-pelletant.fr\/blog\/\"},{\"@type\":\"ListItem\",\"position\":2,\"name\":\"Les meilleurs dessins de la semaine\"}]},{\"@type\":\"WebSite\",\"@id\":\"https:\/\/francois-pelletant.fr\/blog\/#website\",\"url\":\"https:\/\/francois-pelletant.fr\/blog\/\",\"name\":\"Fran\u00e7ois Pelletant\",\"description\":\"Maire de Linas, pour toujours.\",\"publisher\":{\"@id\":\"https:\/\/francois-pelletant.fr\/blog\/#organization\"},\"potentialAction\":[{\"@type\":\"SearchAction\",\"target\":{\"@type\":\"EntryPoint\",\"urlTemplate\":\"https:\/\/francois-pelletant.fr\/blog\/?s={search_term_string}\"},\"query-input\":{\"@type\":\"PropertyValueSpecification\",\"valueRequired\":true,\"valueName\":\"search_term_string\"}}],\"inLanguage\":\"fr-FR\"},{\"@type\":\"Organization\",\"@id\":\"https:\/\/francois-pelletant.fr\/blog\/#organization\",\"name\":\"Fran\u00e7ois Pelletant\",\"url\":\"https:\/\/francois-pelletant.fr\/blog\/\",\"logo\":{\"@type\":\"ImageObject\",\"inLanguage\":\"fr-FR\",\"@id\":\"https:\/\/francois-pelletant.fr\/blog\/#\/schema\/logo\/image\/\",\"url\":\"https:\/\/francois-pelletant.fr\/blog\/wp-content\/uploads\/2024\/07\/icone-francois-centre-500p.png\",\"contentUrl\":\"https:\/\/francois-pelletant.fr\/blog\/wp-content\/uploads\/2024\/07\/icone-francois-centre-500p.png\",\"width\":559,\"height\":447,\"caption\":\"Fran\u00e7ois Pelletant\"},\"image\":{\"@id\":\"https:\/\/francois-pelletant.fr\/blog\/#\/schema\/logo\/image\/\"},\"sameAs\":[\"https:\/\/www.facebook.com\/francois.pelletant.7\",\"https:\/\/x.com\/pelletant\"]},{\"@type\":\"Person\",\"@id\":\"https:\/\/francois-pelletant.fr\/blog\/#\/schema\/person\/2be41acb171dff8f31aaed1f40cee9f3\",\"name\":\"Francois\"}]}<\/script>\n<!-- \/ Yoast SEO plugin. -->","yoast_head_json":{"title":"Les meilleurs dessins de la semaine - Fran\u00e7ois Pelletant","robots":{"index":"index","follow":"follow","max-snippet":"max-snippet:-1","max-image-preview":"max-image-preview:large","max-video-preview":"max-video-preview:-1"},"canonical":"https:\/\/francois-pelletant.fr\/blog\/les-meilleurs-dessins-de-la-semaine-5\/","og_locale":"fr_FR","og_type":"article","og_title":"Les meilleurs dessins de la semaine - Fran\u00e7ois Pelletant","og_description":"Vous le savez, le dimanche je vous donne rendez-vous dans cette rubrique pour ma s\u00e9lection des meilleurs dessins parus dans la presse. 6 illustrations choisies avec le plus grand soin parmi la multitude de dessins r\u00e9alis\u00e9s avec talent par nos artistes du 9\u00e8me art. &nbsp; &nbsp; &nbsp; &nbsp; &nbsp;","og_url":"https:\/\/francois-pelletant.fr\/blog\/les-meilleurs-dessins-de-la-semaine-5\/","og_site_name":"Fran\u00e7ois Pelletant","article_publisher":"https:\/\/www.facebook.com\/francois.pelletant.7","article_published_time":"2016-02-07T08:14:47+00:00","og_image":[{"width":474,"height":518,"url":"https:\/\/francois-pelletant.fr\/blog\/wp-content\/uploads\/2016\/02\/Le-Parisien-1er-f\u00e9vrier.jpg","type":"image\/jpeg"}],"author":"Francois","twitter_card":"summary_large_image","twitter_creator":"@pelletant","twitter_site":"@pelletant","twitter_misc":{"\u00c9crit par":"Francois","Dur\u00e9e de lecture estim\u00e9e":"1 minute"},"schema":{"@context":"https:\/\/schema.org","@graph":[{"@type":"Article","@id":"https:\/\/francois-pelletant.fr\/blog\/les-meilleurs-dessins-de-la-semaine-5\/#article","isPartOf":{"@id":"https:\/\/francois-pelletant.fr\/blog\/les-meilleurs-dessins-de-la-semaine-5\/"},"author":{"name":"Francois","@id":"https:\/\/francois-pelletant.fr\/blog\/#\/schema\/person\/2be41acb171dff8f31aaed1f40cee9f3"},"headline":"Les meilleurs dessins de la semaine","datePublished":"2016-02-07T08:14:47+00:00","mainEntityOfPage":{"@id":"https:\/\/francois-pelletant.fr\/blog\/les-meilleurs-dessins-de-la-semaine-5\/"},"wordCount":120,"commentCount":0,"publisher":{"@id":"https:\/\/francois-pelletant.fr\/blog\/#organization"},"image":{"@id":"https:\/\/francois-pelletant.fr\/blog\/les-meilleurs-dessins-de-la-semaine-5\/#primaryimage"},"thumbnailUrl":"https:\/\/francois-pelletant.fr\/blog\/wp-content\/uploads\/2016\/02\/Le-Parisien-1er-f\u00e9vrier.jpg","articleSection":["Prix du meilleur dessin de presse"],"inLanguage":"fr-FR","potentialAction":[{"@type":"CommentAction","name":"Comment","target":["https:\/\/francois-pelletant.fr\/blog\/les-meilleurs-dessins-de-la-semaine-5\/#respond"]}]},{"@type":"WebPage","@id":"https:\/\/francois-pelletant.fr\/blog\/les-meilleurs-dessins-de-la-semaine-5\/","url":"https:\/\/francois-pelletant.fr\/blog\/les-meilleurs-dessins-de-la-semaine-5\/","name":"Les meilleurs dessins de la semaine - Fran\u00e7ois Pelletant","isPartOf":{"@id":"https:\/\/francois-pelletant.fr\/blog\/#website"},"primaryImageOfPage":{"@id":"https:\/\/francois-pelletant.fr\/blog\/les-meilleurs-dessins-de-la-semaine-5\/#primaryimage"},"image":{"@id":"https:\/\/francois-pelletant.fr\/blog\/les-meilleurs-dessins-de-la-semaine-5\/#primaryimage"},"thumbnailUrl":"https:\/\/francois-pelletant.fr\/blog\/wp-content\/uploads\/2016\/02\/Le-Parisien-1er-f\u00e9vrier.jpg","datePublished":"2016-02-07T08:14:47+00:00","breadcrumb":{"@id":"https:\/\/francois-pelletant.fr\/blog\/les-meilleurs-dessins-de-la-semaine-5\/#breadcrumb"},"inLanguage":"fr-FR","potentialAction":[{"@type":"ReadAction","target":["https:\/\/francois-pelletant.fr\/blog\/les-meilleurs-dessins-de-la-semaine-5\/"]}]},{"@type":"ImageObject","inLanguage":"fr-FR","@id":"https:\/\/francois-pelletant.fr\/blog\/les-meilleurs-dessins-de-la-semaine-5\/#primaryimage","url":"https:\/\/francois-pelletant.fr\/blog\/wp-content\/uploads\/2016\/02\/Le-Parisien-1er-f\u00e9vrier.jpg","contentUrl":"https:\/\/francois-pelletant.fr\/blog\/wp-content\/uploads\/2016\/02\/Le-Parisien-1er-f\u00e9vrier.jpg","width":474,"height":518,"caption":"Le Parisien 1er f\u00e9vrier"},{"@type":"BreadcrumbList","@id":"https:\/\/francois-pelletant.fr\/blog\/les-meilleurs-dessins-de-la-semaine-5\/#breadcrumb","itemListElement":[{"@type":"ListItem","position":1,"name":"Accueil","item":"https:\/\/francois-pelletant.fr\/blog\/"},{"@type":"ListItem","position":2,"name":"Les meilleurs dessins de la semaine"}]},{"@type":"WebSite","@id":"https:\/\/francois-pelletant.fr\/blog\/#website","url":"https:\/\/francois-pelletant.fr\/blog\/","name":"Fran\u00e7ois Pelletant","description":"Maire de Linas, pour toujours.","publisher":{"@id":"https:\/\/francois-pelletant.fr\/blog\/#organization"},"potentialAction":[{"@type":"SearchAction","target":{"@type":"EntryPoint","urlTemplate":"https:\/\/francois-pelletant.fr\/blog\/?s={search_term_string}"},"query-input":{"@type":"PropertyValueSpecification","valueRequired":true,"valueName":"search_term_string"}}],"inLanguage":"fr-FR"},{"@type":"Organization","@id":"https:\/\/francois-pelletant.fr\/blog\/#organization","name":"Fran\u00e7ois Pelletant","url":"https:\/\/francois-pelletant.fr\/blog\/","logo":{"@type":"ImageObject","inLanguage":"fr-FR","@id":"https:\/\/francois-pelletant.fr\/blog\/#\/schema\/logo\/image\/","url":"https:\/\/francois-pelletant.fr\/blog\/wp-content\/uploads\/2024\/07\/icone-francois-centre-500p.png","contentUrl":"https:\/\/francois-pelletant.fr\/blog\/wp-content\/uploads\/2024\/07\/icone-francois-centre-500p.png","width":559,"height":447,"caption":"Fran\u00e7ois Pelletant"},"image":{"@id":"https:\/\/francois-pelletant.fr\/blog\/#\/schema\/logo\/image\/"},"sameAs":["https:\/\/www.facebook.com\/francois.pelletant.7","https:\/\/x.com\/pelletant"]},{"@type":"Person","@id":"https:\/\/francois-pelletant.fr\/blog\/#\/schema\/person\/2be41acb171dff8f31aaed1f40cee9f3","name":"Francois"}]}},"_links":{"self":[{"href":"https:\/\/francois-pelletant.fr\/blog\/wp-json\/wp\/v2\/posts\/6831","targetHints":{"allow":["GET"]}}],"collection":[{"href":"https:\/\/francois-pelletant.fr\/blog\/wp-json\/wp\/v2\/posts"}],"about":[{"href":"https:\/\/francois-pelletant.fr\/blog\/wp-json\/wp\/v2\/types\/post"}],"author":[{"embeddable":true,"href":"https:\/\/francois-pelletant.fr\/blog\/wp-json\/wp\/v2\/users\/1"}],"replies":[{"embeddable":true,"href":"https:\/\/francois-pelletant.fr\/blog\/wp-json\/wp\/v2\/comments?post=6831"}],"version-history":[{"count":0,"href":"https:\/\/francois-pelletant.fr\/blog\/wp-json\/wp\/v2\/posts\/6831\/revisions"}],"wp:featuredmedia":[{"embeddable":true,"href":"https:\/\/francois-pelletant.fr\/blog\/wp-json\/wp\/v2\/media\/6832"}],"wp:attachment":[{"href":"https:\/\/francois-pelletant.fr\/blog\/wp-json\/wp\/v2\/media?parent=6831"}],"wp:term":[{"taxonomy":"category","embeddable":true,"href":"https:\/\/francois-pelletant.fr\/blog\/wp-json\/wp\/v2\/categories?post=6831"},{"taxonomy":"post_tag","embeddable":true,"href":"https:\/\/francois-pelletant.fr\/blog\/wp-json\/wp\/v2\/tags?post=6831"}],"curies":[{"name":"wp","href":"https:\/\/api.w.org\/{rel}","templated":true}]}}