{"id":6886,"date":"2016-02-25T08:48:59","date_gmt":"2016-02-25T08:48:59","guid":{"rendered":"https:\/\/francois-pelletant.fr\/blog\/?p=6886"},"modified":"2017-04-18T10:21:48","modified_gmt":"2017-04-18T10:21:48","slug":"visite-canopee-halles-maires-franciliens","status":"publish","type":"post","link":"https:\/\/francois-pelletant.fr\/blog\/visite-canopee-halles-maires-franciliens\/","title":{"rendered":"Visite de la Canop\u00e9e des Halles avec les Maires Franciliens"},"content":{"rendered":"<figure id=\"attachment_6971\" aria-describedby=\"caption-attachment-6971\" style=\"width: 300px\" class=\"wp-caption alignleft\"><a href=\"https:\/\/francois-pelletant.fr\/blog\/wp-content\/uploads\/2016\/03\/G-1.jpg\"><img loading=\"lazy\" decoding=\"async\" class=\"wp-image-6971 size-medium\" src=\"https:\/\/francois-pelletant.fr\/blog\/wp-content\/uploads\/2016\/03\/G-1-300x200.jpg\" alt=\"visite- Canop\u00e9e des Halles \" width=\"300\" height=\"200\" srcset=\"https:\/\/francois-pelletant.fr\/blog\/wp-content\/uploads\/2016\/03\/G-1-300x200.jpg 300w, https:\/\/francois-pelletant.fr\/blog\/wp-content\/uploads\/2016\/03\/G-1-1024x684.jpg 1024w, https:\/\/francois-pelletant.fr\/blog\/wp-content\/uploads\/2016\/03\/G-1-768x513.jpg 768w, https:\/\/francois-pelletant.fr\/blog\/wp-content\/uploads\/2016\/03\/G-1-600x401.jpg 600w, https:\/\/francois-pelletant.fr\/blog\/wp-content\/uploads\/2016\/03\/G-1.jpg 1280w\" sizes=\"auto, (max-width: 300px) 100vw, 300px\" \/><\/a><figcaption id=\"caption-attachment-6971\" class=\"wp-caption-text\">Une d\u00e9l\u00e9gation de l&#8217;Association des Maires Franciliens visite en avant premi\u00e8re le chantier de la Canop\u00e9e des Halles.<\/figcaption><\/figure>\n<p>Ce 23 f\u00e9vrier, avec une d\u00e9l\u00e9gation de l&#8217;Association des Maires Franciliens, nous avons \u00e9t\u00e9 re\u00e7us par la soci\u00e9t\u00e9 Fayat sur le site de la Canop\u00e9\u00e9 des Halles afin de constater l&#8217;avanc\u00e9e de ce chantier pharaonique du &#8220;ventre de Paris&#8221;. Cette exp\u00e9rience au c\u0153ur de l&#8217;immense feuille translucide en verre de 23.000 m\u00b2 ondoyant \u00e0 la hauteur de la cime des arbres du jardin de l&#8217;ancien Forum des Halles restera un moment fort de ce d\u00e9but d&#8217;ann\u00e9e pour l&#8217;association des Maires Franciliens qui, r\u00e9guli\u00e8rement, est invit\u00e9e \u00e0 venir se rendre compte de l&#8217;avanc\u00e9e des grands travaux\u00a0d\u2019am\u00e9nagement\u00a0de l&#8217;Ile-de -France.<\/p>\n<p>&nbsp;<\/p>\n<p>&nbsp;<\/p>\n<figure id=\"attachment_6947\" aria-describedby=\"caption-attachment-6947\" style=\"width: 300px\" class=\"wp-caption aligncenter\"><a href=\"https:\/\/francois-pelletant.fr\/blog\/wp-content\/uploads\/2016\/03\/A.jpg\"><img loading=\"lazy\" decoding=\"async\" class=\"wp-image-6947 size-medium\" src=\"https:\/\/francois-pelletant.fr\/blog\/wp-content\/uploads\/2016\/03\/A-300x169.jpg\" alt=\"\" width=\"300\" height=\"169\" srcset=\"https:\/\/francois-pelletant.fr\/blog\/wp-content\/uploads\/2016\/03\/A-300x169.jpg 300w, https:\/\/francois-pelletant.fr\/blog\/wp-content\/uploads\/2016\/03\/A-1024x576.jpg 1024w, https:\/\/francois-pelletant.fr\/blog\/wp-content\/uploads\/2016\/03\/A-768x432.jpg 768w, https:\/\/francois-pelletant.fr\/blog\/wp-content\/uploads\/2016\/03\/A-600x338.jpg 600w, https:\/\/francois-pelletant.fr\/blog\/wp-content\/uploads\/2016\/03\/A-150x85.jpg 150w, https:\/\/francois-pelletant.fr\/blog\/wp-content\/uploads\/2016\/03\/A.jpg 1280w\" sizes=\"auto, (max-width: 300px) 100vw, 300px\" \/><\/a><figcaption id=\"caption-attachment-6947\" class=\"wp-caption-text\">le r\u00e9am\u00e9nagement du site des anciennes Halles de Paris conna\u00eet actuellement son apog\u00e9e avec la r\u00e9alisation de la Canop\u00e9e des Halles, structure de verre et d&#8217;acier.<\/figcaption><\/figure>\n<p>&nbsp;<\/p>\n<figure id=\"attachment_6948\" aria-describedby=\"caption-attachment-6948\" style=\"width: 300px\" class=\"wp-caption aligncenter\"><a href=\"https:\/\/francois-pelletant.fr\/blog\/wp-content\/uploads\/2016\/03\/B.jpg\"><img loading=\"lazy\" decoding=\"async\" class=\"wp-image-6948 size-medium\" src=\"https:\/\/francois-pelletant.fr\/blog\/wp-content\/uploads\/2016\/03\/B-300x169.jpg\" alt=\"\" width=\"300\" height=\"169\" srcset=\"https:\/\/francois-pelletant.fr\/blog\/wp-content\/uploads\/2016\/03\/B-300x169.jpg 300w, https:\/\/francois-pelletant.fr\/blog\/wp-content\/uploads\/2016\/03\/B-1024x576.jpg 1024w, https:\/\/francois-pelletant.fr\/blog\/wp-content\/uploads\/2016\/03\/B-768x432.jpg 768w, https:\/\/francois-pelletant.fr\/blog\/wp-content\/uploads\/2016\/03\/B-600x338.jpg 600w, https:\/\/francois-pelletant.fr\/blog\/wp-content\/uploads\/2016\/03\/B-150x85.jpg 150w, https:\/\/francois-pelletant.fr\/blog\/wp-content\/uploads\/2016\/03\/B.jpg 1280w\" sizes=\"auto, (max-width: 300px) 100vw, 300px\" \/><\/a><figcaption id=\"caption-attachment-6948\" class=\"wp-caption-text\">La Canop\u00e9e couvre, ce qu&#8217;il est courant d&#8217;appeler le &#8220;Trou des Halles&#8221; qui va \u00eatre r\u00e9am\u00e9nag\u00e9 afin d&#8217;accueillir le public dans un espace bucolique.<\/figcaption><\/figure>\n<p>&nbsp;<\/p>\n<figure id=\"attachment_6949\" aria-describedby=\"caption-attachment-6949\" style=\"width: 300px\" class=\"wp-caption aligncenter\"><a href=\"https:\/\/francois-pelletant.fr\/blog\/wp-content\/uploads\/2016\/03\/C.jpg\"><img loading=\"lazy\" decoding=\"async\" class=\"wp-image-6949 size-medium\" src=\"https:\/\/francois-pelletant.fr\/blog\/wp-content\/uploads\/2016\/03\/C-300x169.jpg\" alt=\"\" width=\"300\" height=\"169\" srcset=\"https:\/\/francois-pelletant.fr\/blog\/wp-content\/uploads\/2016\/03\/C-300x169.jpg 300w, https:\/\/francois-pelletant.fr\/blog\/wp-content\/uploads\/2016\/03\/C-1024x576.jpg 1024w, https:\/\/francois-pelletant.fr\/blog\/wp-content\/uploads\/2016\/03\/C-768x432.jpg 768w, https:\/\/francois-pelletant.fr\/blog\/wp-content\/uploads\/2016\/03\/C-600x338.jpg 600w, https:\/\/francois-pelletant.fr\/blog\/wp-content\/uploads\/2016\/03\/C-150x85.jpg 150w, https:\/\/francois-pelletant.fr\/blog\/wp-content\/uploads\/2016\/03\/C.jpg 1280w\" sizes=\"auto, (max-width: 300px) 100vw, 300px\" \/><\/a><figcaption id=\"caption-attachment-6949\" class=\"wp-caption-text\">La Canop\u00e9e est constitu\u00e9e de milliers d&#8217;\u00e9cailles de verre pos\u00e9es sur des structures m\u00e9talliques qui prot\u00e8gent de la pluie, tout en donnant la visibilit\u00e9 sur le ciel et permettant la circulation de l&#8217;air.<\/figcaption><\/figure>\n<p>&nbsp;<\/p>\n<figure id=\"attachment_6950\" aria-describedby=\"caption-attachment-6950\" style=\"width: 300px\" class=\"wp-caption aligncenter\"><a href=\"https:\/\/francois-pelletant.fr\/blog\/wp-content\/uploads\/2016\/03\/D.jpg\"><img loading=\"lazy\" decoding=\"async\" class=\"wp-image-6950 size-medium\" src=\"https:\/\/francois-pelletant.fr\/blog\/wp-content\/uploads\/2016\/03\/D-300x169.jpg\" alt=\"\" width=\"300\" height=\"169\" srcset=\"https:\/\/francois-pelletant.fr\/blog\/wp-content\/uploads\/2016\/03\/D-300x169.jpg 300w, https:\/\/francois-pelletant.fr\/blog\/wp-content\/uploads\/2016\/03\/D-1024x576.jpg 1024w, https:\/\/francois-pelletant.fr\/blog\/wp-content\/uploads\/2016\/03\/D-768x432.jpg 768w, https:\/\/francois-pelletant.fr\/blog\/wp-content\/uploads\/2016\/03\/D-600x338.jpg 600w, https:\/\/francois-pelletant.fr\/blog\/wp-content\/uploads\/2016\/03\/D-150x85.jpg 150w, https:\/\/francois-pelletant.fr\/blog\/wp-content\/uploads\/2016\/03\/D.jpg 1280w\" sizes=\"auto, (max-width: 300px) 100vw, 300px\" \/><\/a><figcaption id=\"caption-attachment-6950\" class=\"wp-caption-text\">De part et d&#8217;autre du &#8220;Trou des Halles&#8221;, deux gigantesques passerelles en structure m\u00e9tallique, ont \u00e9t\u00e9 r\u00e9alis\u00e9es afin de permettre la circulation et la travers\u00e9e des pi\u00e9tons.<\/figcaption><\/figure>\n<p>&nbsp;<\/p>\n<figure id=\"attachment_6951\" aria-describedby=\"caption-attachment-6951\" style=\"width: 300px\" class=\"wp-caption aligncenter\"><a href=\"https:\/\/francois-pelletant.fr\/blog\/wp-content\/uploads\/2016\/03\/E.jpg\"><img loading=\"lazy\" decoding=\"async\" class=\"wp-image-6951 size-medium\" src=\"https:\/\/francois-pelletant.fr\/blog\/wp-content\/uploads\/2016\/03\/E-300x169.jpg\" alt=\"\" width=\"300\" height=\"169\" srcset=\"https:\/\/francois-pelletant.fr\/blog\/wp-content\/uploads\/2016\/03\/E-300x169.jpg 300w, https:\/\/francois-pelletant.fr\/blog\/wp-content\/uploads\/2016\/03\/E-1024x576.jpg 1024w, https:\/\/francois-pelletant.fr\/blog\/wp-content\/uploads\/2016\/03\/E-768x432.jpg 768w, https:\/\/francois-pelletant.fr\/blog\/wp-content\/uploads\/2016\/03\/E-600x338.jpg 600w, https:\/\/francois-pelletant.fr\/blog\/wp-content\/uploads\/2016\/03\/E-150x85.jpg 150w, https:\/\/francois-pelletant.fr\/blog\/wp-content\/uploads\/2016\/03\/E.jpg 1280w\" sizes=\"auto, (max-width: 300px) 100vw, 300px\" \/><\/a><figcaption id=\"caption-attachment-6951\" class=\"wp-caption-text\">L&#8217;espace met en valeur les monuments historiques du c\u0153ur de Paris, notamment l&#8217;\u00e9glise St Eustache, la Bourse du Commerce et le centre Georges Pompidou.<\/figcaption><\/figure>\n<p>&nbsp;<\/p>\n<figure id=\"attachment_6952\" aria-describedby=\"caption-attachment-6952\" style=\"width: 300px\" class=\"wp-caption aligncenter\"><a href=\"https:\/\/francois-pelletant.fr\/blog\/wp-content\/uploads\/2016\/03\/F.jpg\"><img loading=\"lazy\" decoding=\"async\" class=\"wp-image-6952 size-medium\" src=\"https:\/\/francois-pelletant.fr\/blog\/wp-content\/uploads\/2016\/03\/F-300x169.jpg\" alt=\"\" width=\"300\" height=\"169\" srcset=\"https:\/\/francois-pelletant.fr\/blog\/wp-content\/uploads\/2016\/03\/F-300x169.jpg 300w, https:\/\/francois-pelletant.fr\/blog\/wp-content\/uploads\/2016\/03\/F-1024x576.jpg 1024w, https:\/\/francois-pelletant.fr\/blog\/wp-content\/uploads\/2016\/03\/F-768x432.jpg 768w, https:\/\/francois-pelletant.fr\/blog\/wp-content\/uploads\/2016\/03\/F-600x338.jpg 600w, https:\/\/francois-pelletant.fr\/blog\/wp-content\/uploads\/2016\/03\/F-150x85.jpg 150w, https:\/\/francois-pelletant.fr\/blog\/wp-content\/uploads\/2016\/03\/F.jpg 1280w\" sizes=\"auto, (max-width: 300px) 100vw, 300px\" \/><\/a><figcaption id=\"caption-attachment-6952\" class=\"wp-caption-text\">L&#8217;arr\u00eate situ\u00e9e dessous la Canop\u00e9e au point le plus bas, permet de collecter les eaux de pluie afin d&#8217;alimenter une fontaine.<\/figcaption><\/figure>\n<p>&nbsp;<\/p>\n<figure id=\"attachment_6954\" aria-describedby=\"caption-attachment-6954\" style=\"width: 169px\" class=\"wp-caption aligncenter\"><a href=\"https:\/\/francois-pelletant.fr\/blog\/wp-content\/uploads\/2016\/03\/H.jpg\"><img loading=\"lazy\" decoding=\"async\" class=\"wp-image-6954 size-medium\" src=\"https:\/\/francois-pelletant.fr\/blog\/wp-content\/uploads\/2016\/03\/H-169x300.jpg\" alt=\"\" width=\"169\" height=\"300\" srcset=\"https:\/\/francois-pelletant.fr\/blog\/wp-content\/uploads\/2016\/03\/H-169x300.jpg 169w, https:\/\/francois-pelletant.fr\/blog\/wp-content\/uploads\/2016\/03\/H-576x1024.jpg 576w, https:\/\/francois-pelletant.fr\/blog\/wp-content\/uploads\/2016\/03\/H-768x1366.jpg 768w, https:\/\/francois-pelletant.fr\/blog\/wp-content\/uploads\/2016\/03\/H-600x1067.jpg 600w, https:\/\/francois-pelletant.fr\/blog\/wp-content\/uploads\/2016\/03\/H-864x1536.jpg 864w, https:\/\/francois-pelletant.fr\/blog\/wp-content\/uploads\/2016\/03\/H-1152x2048.jpg 1152w, https:\/\/francois-pelletant.fr\/blog\/wp-content\/uploads\/2016\/03\/H-562x999.jpg 562w, https:\/\/francois-pelletant.fr\/blog\/wp-content\/uploads\/2016\/03\/H.jpg 1280w\" sizes=\"auto, (max-width: 169px) 100vw, 169px\" \/><\/a><figcaption id=\"caption-attachment-6954\" class=\"wp-caption-text\">\u0152uvre v\u00e9ritablement artistique r\u00e9alis\u00e9e en m\u00e9tal, l&#8217;escalier en colima\u00e7on sera un \u00e9l\u00e9ment embl\u00e9matique du nouveau site des Halles.<\/figcaption><\/figure>\n<p>&nbsp;<\/p>\n<p><a href=\"https:\/\/francois-pelletant.fr\/blog\/wp-content\/uploads\/2016\/03\/I.jpg\"><img loading=\"lazy\" decoding=\"async\" class=\"aligncenter wp-image-6955 size-medium\" src=\"https:\/\/francois-pelletant.fr\/blog\/wp-content\/uploads\/2016\/03\/I-169x300.jpg\" alt=\"\" width=\"169\" height=\"300\" srcset=\"https:\/\/francois-pelletant.fr\/blog\/wp-content\/uploads\/2016\/03\/I-169x300.jpg 169w, https:\/\/francois-pelletant.fr\/blog\/wp-content\/uploads\/2016\/03\/I-576x1024.jpg 576w, https:\/\/francois-pelletant.fr\/blog\/wp-content\/uploads\/2016\/03\/I-768x1366.jpg 768w, https:\/\/francois-pelletant.fr\/blog\/wp-content\/uploads\/2016\/03\/I-600x1067.jpg 600w, https:\/\/francois-pelletant.fr\/blog\/wp-content\/uploads\/2016\/03\/I-864x1536.jpg 864w, https:\/\/francois-pelletant.fr\/blog\/wp-content\/uploads\/2016\/03\/I-1152x2048.jpg 1152w, https:\/\/francois-pelletant.fr\/blog\/wp-content\/uploads\/2016\/03\/I-562x999.jpg 562w, https:\/\/francois-pelletant.fr\/blog\/wp-content\/uploads\/2016\/03\/I.jpg 1280w\" sizes=\"auto, (max-width: 169px) 100vw, 169px\" \/><\/a><\/p>\n<p>&nbsp;<\/p>\n<p><a href=\"https:\/\/francois-pelletant.fr\/blog\/wp-content\/uploads\/2016\/03\/S.jpg\"><img loading=\"lazy\" decoding=\"async\" class=\"aligncenter wp-image-6965 size-medium\" src=\"https:\/\/francois-pelletant.fr\/blog\/wp-content\/uploads\/2016\/03\/S-169x300.jpg\" alt=\"\" width=\"169\" height=\"300\" srcset=\"https:\/\/francois-pelletant.fr\/blog\/wp-content\/uploads\/2016\/03\/S-169x300.jpg 169w, https:\/\/francois-pelletant.fr\/blog\/wp-content\/uploads\/2016\/03\/S-576x1024.jpg 576w, https:\/\/francois-pelletant.fr\/blog\/wp-content\/uploads\/2016\/03\/S-768x1366.jpg 768w, https:\/\/francois-pelletant.fr\/blog\/wp-content\/uploads\/2016\/03\/S-600x1067.jpg 600w, https:\/\/francois-pelletant.fr\/blog\/wp-content\/uploads\/2016\/03\/S-864x1536.jpg 864w, https:\/\/francois-pelletant.fr\/blog\/wp-content\/uploads\/2016\/03\/S-1152x2048.jpg 1152w, https:\/\/francois-pelletant.fr\/blog\/wp-content\/uploads\/2016\/03\/S-562x999.jpg 562w, https:\/\/francois-pelletant.fr\/blog\/wp-content\/uploads\/2016\/03\/S.jpg 1280w\" sizes=\"auto, (max-width: 169px) 100vw, 169px\" \/><\/a><\/p>\n<p>&nbsp;<\/p>\n<figure id=\"attachment_6956\" aria-describedby=\"caption-attachment-6956\" style=\"width: 300px\" class=\"wp-caption aligncenter\"><a href=\"https:\/\/francois-pelletant.fr\/blog\/wp-content\/uploads\/2016\/02\/J.jpg\"><img loading=\"lazy\" decoding=\"async\" class=\"wp-image-6956 size-medium\" src=\"https:\/\/francois-pelletant.fr\/blog\/wp-content\/uploads\/2016\/03\/J-300x169.jpg\" alt=\"\" width=\"300\" height=\"169\" srcset=\"https:\/\/francois-pelletant.fr\/blog\/wp-content\/uploads\/2016\/03\/J-300x169.jpg 300w, https:\/\/francois-pelletant.fr\/blog\/wp-content\/uploads\/2016\/03\/J-1024x576.jpg 1024w, https:\/\/francois-pelletant.fr\/blog\/wp-content\/uploads\/2016\/03\/J-768x432.jpg 768w, https:\/\/francois-pelletant.fr\/blog\/wp-content\/uploads\/2016\/03\/J-600x338.jpg 600w, https:\/\/francois-pelletant.fr\/blog\/wp-content\/uploads\/2016\/03\/J-150x85.jpg 150w, https:\/\/francois-pelletant.fr\/blog\/wp-content\/uploads\/2016\/03\/J.jpg 1280w\" sizes=\"auto, (max-width: 300px) 100vw, 300px\" \/><\/a><figcaption id=\"caption-attachment-6956\" class=\"wp-caption-text\">C&#8217;est le groupe FAYAT qui a \u00e9t\u00e9 charg\u00e9 de la r\u00e9alisation de l&#8217;ensemble de la structure m\u00e9tallique et des \u00e9cailles de verre en partenariat avec le groupe VINCI, qui a r\u00e9alis\u00e9 tous les supports et fondations en b\u00e9ton.<\/figcaption><\/figure>\n<p>&nbsp;<\/p>\n<figure id=\"attachment_6957\" aria-describedby=\"caption-attachment-6957\" style=\"width: 300px\" class=\"wp-caption aligncenter\"><a href=\"https:\/\/francois-pelletant.fr\/blog\/wp-content\/uploads\/2016\/02\/K.jpg\"><img loading=\"lazy\" decoding=\"async\" class=\"wp-image-6957 size-medium\" src=\"https:\/\/francois-pelletant.fr\/blog\/wp-content\/uploads\/2016\/03\/K-300x169.jpg\" alt=\"\" width=\"300\" height=\"169\" srcset=\"https:\/\/francois-pelletant.fr\/blog\/wp-content\/uploads\/2016\/03\/K-300x169.jpg 300w, https:\/\/francois-pelletant.fr\/blog\/wp-content\/uploads\/2016\/03\/K-1024x576.jpg 1024w, https:\/\/francois-pelletant.fr\/blog\/wp-content\/uploads\/2016\/03\/K-768x432.jpg 768w, https:\/\/francois-pelletant.fr\/blog\/wp-content\/uploads\/2016\/03\/K-600x338.jpg 600w, https:\/\/francois-pelletant.fr\/blog\/wp-content\/uploads\/2016\/03\/K-150x85.jpg 150w, https:\/\/francois-pelletant.fr\/blog\/wp-content\/uploads\/2016\/03\/K.jpg 1280w\" sizes=\"auto, (max-width: 300px) 100vw, 300px\" \/><\/a><figcaption id=\"caption-attachment-6957\" class=\"wp-caption-text\">Au dessus de la Canop\u00e9e, la vue est splendide sur Paris, on d\u00e9couvre l&#8217;agencement des \u00e9cailles de verre.<\/figcaption><\/figure>\n<p>&nbsp;<\/p>\n<figure id=\"attachment_6958\" aria-describedby=\"caption-attachment-6958\" style=\"width: 300px\" class=\"wp-caption aligncenter\"><a href=\"https:\/\/francois-pelletant.fr\/blog\/wp-content\/uploads\/2016\/02\/L.jpg\"><img loading=\"lazy\" decoding=\"async\" class=\"wp-image-6958 size-medium\" src=\"https:\/\/francois-pelletant.fr\/blog\/wp-content\/uploads\/2016\/03\/L-300x169.jpg\" alt=\"\" width=\"300\" height=\"169\" srcset=\"https:\/\/francois-pelletant.fr\/blog\/wp-content\/uploads\/2016\/03\/L-300x169.jpg 300w, https:\/\/francois-pelletant.fr\/blog\/wp-content\/uploads\/2016\/03\/L-1024x576.jpg 1024w, https:\/\/francois-pelletant.fr\/blog\/wp-content\/uploads\/2016\/03\/L-768x432.jpg 768w, https:\/\/francois-pelletant.fr\/blog\/wp-content\/uploads\/2016\/03\/L-600x338.jpg 600w, https:\/\/francois-pelletant.fr\/blog\/wp-content\/uploads\/2016\/03\/L-150x85.jpg 150w, https:\/\/francois-pelletant.fr\/blog\/wp-content\/uploads\/2016\/03\/L.jpg 1280w\" sizes=\"auto, (max-width: 300px) 100vw, 300px\" \/><\/a><figcaption id=\"caption-attachment-6958\" class=\"wp-caption-text\">Les rails en acier galvanis\u00e9, ont \u00e9t\u00e9 mis en place au dessus de la Canop\u00e9e afin de permettre la circulation d&#8217;un chariot, destin\u00e9 \u00e0 nettoyer les \u00e9cailles unes \u00e0 unes.<\/figcaption><\/figure>\n<p>&nbsp;<\/p>\n<figure id=\"attachment_6959\" aria-describedby=\"caption-attachment-6959\" style=\"width: 300px\" class=\"wp-caption aligncenter\"><a href=\"https:\/\/francois-pelletant.fr\/blog\/wp-content\/uploads\/2016\/02\/M.jpg\"><img loading=\"lazy\" decoding=\"async\" class=\"wp-image-6959 size-medium\" src=\"https:\/\/francois-pelletant.fr\/blog\/wp-content\/uploads\/2016\/03\/M-300x169.jpg\" alt=\"\" width=\"300\" height=\"169\" srcset=\"https:\/\/francois-pelletant.fr\/blog\/wp-content\/uploads\/2016\/03\/M-300x169.jpg 300w, https:\/\/francois-pelletant.fr\/blog\/wp-content\/uploads\/2016\/03\/M-1024x576.jpg 1024w, https:\/\/francois-pelletant.fr\/blog\/wp-content\/uploads\/2016\/03\/M-768x432.jpg 768w, https:\/\/francois-pelletant.fr\/blog\/wp-content\/uploads\/2016\/03\/M-600x338.jpg 600w, https:\/\/francois-pelletant.fr\/blog\/wp-content\/uploads\/2016\/03\/M-150x85.jpg 150w, https:\/\/francois-pelletant.fr\/blog\/wp-content\/uploads\/2016\/03\/M.jpg 1280w\" sizes=\"auto, (max-width: 300px) 100vw, 300px\" \/><\/a><figcaption id=\"caption-attachment-6959\" class=\"wp-caption-text\">Une \u00e9caille de verre p\u00e8se environ 90 \u00e0 100 kilos, elle est constitu\u00e9e de 2 plaques de verre sur le principe du verre feuillet\u00e9, afin de pr\u00e9venir tout accident ou chute en cas de bris.<\/figcaption><\/figure>\n<p>&nbsp;<\/p>\n<figure id=\"attachment_6960\" aria-describedby=\"caption-attachment-6960\" style=\"width: 169px\" class=\"wp-caption aligncenter\"><a href=\"https:\/\/francois-pelletant.fr\/blog\/wp-content\/uploads\/2016\/02\/N.jpg\"><img loading=\"lazy\" decoding=\"async\" class=\"wp-image-6960 size-medium\" src=\"https:\/\/francois-pelletant.fr\/blog\/wp-content\/uploads\/2016\/03\/N-169x300.jpg\" alt=\"\" width=\"169\" height=\"300\" srcset=\"https:\/\/francois-pelletant.fr\/blog\/wp-content\/uploads\/2016\/03\/N-169x300.jpg 169w, https:\/\/francois-pelletant.fr\/blog\/wp-content\/uploads\/2016\/03\/N-576x1024.jpg 576w, https:\/\/francois-pelletant.fr\/blog\/wp-content\/uploads\/2016\/03\/N-768x1366.jpg 768w, https:\/\/francois-pelletant.fr\/blog\/wp-content\/uploads\/2016\/03\/N-600x1067.jpg 600w, https:\/\/francois-pelletant.fr\/blog\/wp-content\/uploads\/2016\/03\/N-864x1536.jpg 864w, https:\/\/francois-pelletant.fr\/blog\/wp-content\/uploads\/2016\/03\/N-1152x2048.jpg 1152w, https:\/\/francois-pelletant.fr\/blog\/wp-content\/uploads\/2016\/03\/N-562x999.jpg 562w, https:\/\/francois-pelletant.fr\/blog\/wp-content\/uploads\/2016\/03\/N.jpg 1280w\" sizes=\"auto, (max-width: 169px) 100vw, 169px\" \/><\/a><figcaption id=\"caption-attachment-6960\" class=\"wp-caption-text\">Les Maires ont pu circuler \u00e0 pieds au dessus de la Canop\u00e9e, espace inaccessible et interdit au public. Dans le fond on distingue le Forum des Halles.<\/figcaption><\/figure>\n<p>&nbsp;<\/p>\n<figure id=\"attachment_6961\" aria-describedby=\"caption-attachment-6961\" style=\"width: 300px\" class=\"wp-caption aligncenter\"><a href=\"https:\/\/francois-pelletant.fr\/blog\/wp-content\/uploads\/2016\/02\/O.jpg\"><img loading=\"lazy\" decoding=\"async\" class=\"wp-image-6961 size-medium\" src=\"https:\/\/francois-pelletant.fr\/blog\/wp-content\/uploads\/2016\/03\/O-300x169.jpg\" alt=\"visite-Canop\u00e9e des Halles\" width=\"300\" height=\"169\" srcset=\"https:\/\/francois-pelletant.fr\/blog\/wp-content\/uploads\/2016\/03\/O-300x169.jpg 300w, https:\/\/francois-pelletant.fr\/blog\/wp-content\/uploads\/2016\/03\/O-1024x576.jpg 1024w, https:\/\/francois-pelletant.fr\/blog\/wp-content\/uploads\/2016\/03\/O-768x432.jpg 768w, https:\/\/francois-pelletant.fr\/blog\/wp-content\/uploads\/2016\/03\/O-600x338.jpg 600w, https:\/\/francois-pelletant.fr\/blog\/wp-content\/uploads\/2016\/03\/O-150x85.jpg 150w, https:\/\/francois-pelletant.fr\/blog\/wp-content\/uploads\/2016\/03\/O.jpg 1280w\" sizes=\"auto, (max-width: 300px) 100vw, 300px\" \/><\/a><figcaption id=\"caption-attachment-6961\" class=\"wp-caption-text\">A l&#8217;Est, une griffe d&#8217;acier retombe sur l&#8217;ouverture de la Porte Lescaut, elle permet l&#8217;\u00e9quilibre de l&#8217;ensemble de la structure. Au loin, on distingue la Tour St Jacques.<\/figcaption><\/figure>\n<p>&nbsp;<\/p>\n<figure id=\"attachment_6962\" aria-describedby=\"caption-attachment-6962\" style=\"width: 300px\" class=\"wp-caption aligncenter\"><a href=\"https:\/\/francois-pelletant.fr\/blog\/wp-content\/uploads\/2016\/02\/P.jpg\"><img loading=\"lazy\" decoding=\"async\" class=\"wp-image-6962 size-medium\" src=\"https:\/\/francois-pelletant.fr\/blog\/wp-content\/uploads\/2016\/03\/P-300x169.jpg\" alt=\"visite - Canop\u00e9e des Halles \" width=\"300\" height=\"169\" srcset=\"https:\/\/francois-pelletant.fr\/blog\/wp-content\/uploads\/2016\/03\/P-300x169.jpg 300w, https:\/\/francois-pelletant.fr\/blog\/wp-content\/uploads\/2016\/03\/P-1024x576.jpg 1024w, https:\/\/francois-pelletant.fr\/blog\/wp-content\/uploads\/2016\/03\/P-768x432.jpg 768w, https:\/\/francois-pelletant.fr\/blog\/wp-content\/uploads\/2016\/03\/P-600x338.jpg 600w, https:\/\/francois-pelletant.fr\/blog\/wp-content\/uploads\/2016\/03\/P-150x85.jpg 150w, https:\/\/francois-pelletant.fr\/blog\/wp-content\/uploads\/2016\/03\/P.jpg 1280w\" sizes=\"auto, (max-width: 300px) 100vw, 300px\" \/><\/a><figcaption id=\"caption-attachment-6962\" class=\"wp-caption-text\">La conception de l&#8217;ensemble de la structure m\u00e9tallique a n\u00e9cessit\u00e9 pr\u00e8s de 100 000 heures de travail aid\u00e9e par une puissance informatique colossale.<\/figcaption><\/figure>\n<p>&nbsp;<\/p>\n<figure id=\"attachment_6963\" aria-describedby=\"caption-attachment-6963\" style=\"width: 300px\" class=\"wp-caption aligncenter\"><a href=\"https:\/\/francois-pelletant.fr\/blog\/wp-content\/uploads\/2016\/02\/Q.jpg\"><img loading=\"lazy\" decoding=\"async\" class=\"wp-image-6963 size-medium\" src=\"https:\/\/francois-pelletant.fr\/blog\/wp-content\/uploads\/2016\/03\/Q-300x169.jpg\" alt=\"visite-Canop\u00e9e des Halles\" width=\"300\" height=\"169\" srcset=\"https:\/\/francois-pelletant.fr\/blog\/wp-content\/uploads\/2016\/03\/Q-300x169.jpg 300w, https:\/\/francois-pelletant.fr\/blog\/wp-content\/uploads\/2016\/03\/Q-1024x576.jpg 1024w, https:\/\/francois-pelletant.fr\/blog\/wp-content\/uploads\/2016\/03\/Q-768x432.jpg 768w, https:\/\/francois-pelletant.fr\/blog\/wp-content\/uploads\/2016\/03\/Q-600x338.jpg 600w, https:\/\/francois-pelletant.fr\/blog\/wp-content\/uploads\/2016\/03\/Q-150x85.jpg 150w, https:\/\/francois-pelletant.fr\/blog\/wp-content\/uploads\/2016\/03\/Q.jpg 1280w\" sizes=\"auto, (max-width: 300px) 100vw, 300px\" \/><\/a><figcaption id=\"caption-attachment-6963\" class=\"wp-caption-text\">Les \u00e9cailles fonctionnent comme des tuiles, et \u00e9vacuent l&#8217;eau jusqu&#8217;aux dalles exutoires.<\/figcaption><\/figure>\n<p>&nbsp;<\/p>\n<figure id=\"attachment_6964\" aria-describedby=\"caption-attachment-6964\" style=\"width: 300px\" class=\"wp-caption aligncenter\"><a href=\"https:\/\/francois-pelletant.fr\/blog\/wp-content\/uploads\/2016\/02\/R.jpg\"><img loading=\"lazy\" decoding=\"async\" class=\"wp-image-6964 size-medium\" src=\"https:\/\/francois-pelletant.fr\/blog\/wp-content\/uploads\/2016\/03\/R-300x169.jpg\" alt=\"visite- Canop\u00e9e des Halles\" width=\"300\" height=\"169\" srcset=\"https:\/\/francois-pelletant.fr\/blog\/wp-content\/uploads\/2016\/03\/R-300x169.jpg 300w, https:\/\/francois-pelletant.fr\/blog\/wp-content\/uploads\/2016\/03\/R-1024x576.jpg 1024w, https:\/\/francois-pelletant.fr\/blog\/wp-content\/uploads\/2016\/03\/R-768x432.jpg 768w, https:\/\/francois-pelletant.fr\/blog\/wp-content\/uploads\/2016\/03\/R-600x338.jpg 600w, https:\/\/francois-pelletant.fr\/blog\/wp-content\/uploads\/2016\/03\/R-150x85.jpg 150w, https:\/\/francois-pelletant.fr\/blog\/wp-content\/uploads\/2016\/03\/R.jpg 1280w\" sizes=\"auto, (max-width: 300px) 100vw, 300px\" \/><\/a><figcaption id=\"caption-attachment-6964\" class=\"wp-caption-text\">A l&#8217;extr\u00e9mit\u00e9 Ouest, on distingue le parc de verdure qui prend forme, et qui sera un lieu de promenade particuli\u00e8rement appr\u00e9ci\u00e9 par les visiteurs.<\/figcaption><\/figure>\n<p>&nbsp;<\/p>\n<figure id=\"attachment_6966\" aria-describedby=\"caption-attachment-6966\" style=\"width: 300px\" class=\"wp-caption aligncenter\"><a href=\"https:\/\/francois-pelletant.fr\/blog\/wp-content\/uploads\/2016\/02\/T.jpg\"><img loading=\"lazy\" decoding=\"async\" class=\"wp-image-6966 size-medium\" src=\"https:\/\/francois-pelletant.fr\/blog\/wp-content\/uploads\/2016\/03\/T-300x169.jpg\" alt=\"visite- Canop\u00e9e des Halles\" width=\"300\" height=\"169\" srcset=\"https:\/\/francois-pelletant.fr\/blog\/wp-content\/uploads\/2016\/03\/T-300x169.jpg 300w, https:\/\/francois-pelletant.fr\/blog\/wp-content\/uploads\/2016\/03\/T-1024x576.jpg 1024w, https:\/\/francois-pelletant.fr\/blog\/wp-content\/uploads\/2016\/03\/T-768x432.jpg 768w, https:\/\/francois-pelletant.fr\/blog\/wp-content\/uploads\/2016\/03\/T-600x338.jpg 600w, https:\/\/francois-pelletant.fr\/blog\/wp-content\/uploads\/2016\/03\/T-150x85.jpg 150w, https:\/\/francois-pelletant.fr\/blog\/wp-content\/uploads\/2016\/03\/T.jpg 1280w\" sizes=\"auto, (max-width: 300px) 100vw, 300px\" \/><\/a><figcaption id=\"caption-attachment-6966\" class=\"wp-caption-text\">Une des plus agr\u00e9ables salles de cette construction accueillera une ludoth\u00e8que.<\/figcaption><\/figure>\n<p>&nbsp;<\/p>\n<figure id=\"attachment_6967\" aria-describedby=\"caption-attachment-6967\" style=\"width: 300px\" class=\"wp-caption aligncenter\"><a href=\"https:\/\/francois-pelletant.fr\/blog\/wp-content\/uploads\/2016\/02\/U.jpg\"><img loading=\"lazy\" decoding=\"async\" class=\"wp-image-6967 size-medium\" src=\"https:\/\/francois-pelletant.fr\/blog\/wp-content\/uploads\/2016\/03\/U-300x169.jpg\" alt=\"visite- Canop\u00e9e des Halles\" width=\"300\" height=\"169\" srcset=\"https:\/\/francois-pelletant.fr\/blog\/wp-content\/uploads\/2016\/03\/U-300x169.jpg 300w, https:\/\/francois-pelletant.fr\/blog\/wp-content\/uploads\/2016\/03\/U-1024x576.jpg 1024w, https:\/\/francois-pelletant.fr\/blog\/wp-content\/uploads\/2016\/03\/U-768x432.jpg 768w, https:\/\/francois-pelletant.fr\/blog\/wp-content\/uploads\/2016\/03\/U-600x338.jpg 600w, https:\/\/francois-pelletant.fr\/blog\/wp-content\/uploads\/2016\/03\/U-150x85.jpg 150w, https:\/\/francois-pelletant.fr\/blog\/wp-content\/uploads\/2016\/03\/U.jpg 1280w\" sizes=\"auto, (max-width: 300px) 100vw, 300px\" \/><\/a><figcaption id=\"caption-attachment-6967\" class=\"wp-caption-text\">L&#8217;entr\u00e9e du Forum des Halles par la Porte Lescaut est prot\u00e9g\u00e9e par une griffe de m\u00e9tal. L&#8217;inauguration est pr\u00e9vue en avril et la r\u00e9ception au mois de mai\/juin.<\/figcaption><\/figure>\n<p>&nbsp;<\/p>\n<figure id=\"attachment_6968\" aria-describedby=\"caption-attachment-6968\" style=\"width: 300px\" class=\"wp-caption aligncenter\"><a href=\"https:\/\/francois-pelletant.fr\/blog\/wp-content\/uploads\/2016\/02\/V.jpg\"><img loading=\"lazy\" decoding=\"async\" class=\"wp-image-6968 size-medium\" src=\"https:\/\/francois-pelletant.fr\/blog\/wp-content\/uploads\/2016\/03\/V-300x169.jpg\" alt=\"visite- Canop\u00e9e des Halles\" width=\"300\" height=\"169\" srcset=\"https:\/\/francois-pelletant.fr\/blog\/wp-content\/uploads\/2016\/03\/V-300x169.jpg 300w, https:\/\/francois-pelletant.fr\/blog\/wp-content\/uploads\/2016\/03\/V-1024x576.jpg 1024w, https:\/\/francois-pelletant.fr\/blog\/wp-content\/uploads\/2016\/03\/V-768x432.jpg 768w, https:\/\/francois-pelletant.fr\/blog\/wp-content\/uploads\/2016\/03\/V-600x338.jpg 600w, https:\/\/francois-pelletant.fr\/blog\/wp-content\/uploads\/2016\/03\/V-150x85.jpg 150w, https:\/\/francois-pelletant.fr\/blog\/wp-content\/uploads\/2016\/03\/V.jpg 1280w\" sizes=\"auto, (max-width: 300px) 100vw, 300px\" \/><\/a><figcaption id=\"caption-attachment-6968\" class=\"wp-caption-text\">Les ouvriers s&#8217;affairent. De nombreux soudeurs venus des chantiers navals, ou de l&#8217;industrie nucl\u00e9aire, ont particip\u00e9 \u00e0 la r\u00e9alisation de cette \u0153uvre, comme ici sur la gauche.<\/figcaption><\/figure>\n<p>&nbsp;<\/p>\n<figure id=\"attachment_6969\" aria-describedby=\"caption-attachment-6969\" style=\"width: 300px\" class=\"wp-caption aligncenter\"><a href=\"https:\/\/francois-pelletant.fr\/blog\/wp-content\/uploads\/2016\/02\/W.jpg\"><img loading=\"lazy\" decoding=\"async\" class=\"wp-image-6969 size-medium\" src=\"https:\/\/francois-pelletant.fr\/blog\/wp-content\/uploads\/2016\/03\/W-300x169.jpg\" alt=\"visite- Canop\u00e9e des Halles\" width=\"300\" height=\"169\" srcset=\"https:\/\/francois-pelletant.fr\/blog\/wp-content\/uploads\/2016\/03\/W-300x169.jpg 300w, https:\/\/francois-pelletant.fr\/blog\/wp-content\/uploads\/2016\/03\/W-1024x576.jpg 1024w, https:\/\/francois-pelletant.fr\/blog\/wp-content\/uploads\/2016\/03\/W-768x432.jpg 768w, https:\/\/francois-pelletant.fr\/blog\/wp-content\/uploads\/2016\/03\/W-600x338.jpg 600w, https:\/\/francois-pelletant.fr\/blog\/wp-content\/uploads\/2016\/03\/W-150x85.jpg 150w, https:\/\/francois-pelletant.fr\/blog\/wp-content\/uploads\/2016\/03\/W.jpg 1280w\" sizes=\"auto, (max-width: 300px) 100vw, 300px\" \/><\/a><figcaption id=\"caption-attachment-6969\" class=\"wp-caption-text\">De chaque c\u00f4t\u00e9, les ailes accueilleront de nombreuses salles destin\u00e9es \u00e0 des activit\u00e9s associatives (conservatoire de musique, salle de concert, m\u00e9diath\u00e8que, ludoth\u00e8que et autres activit\u00e9s de loisirs).<\/figcaption><\/figure>\n<p>&nbsp;<\/p>\n<figure id=\"attachment_6970\" aria-describedby=\"caption-attachment-6970\" style=\"width: 300px\" class=\"wp-caption aligncenter\"><a href=\"https:\/\/francois-pelletant.fr\/blog\/wp-content\/uploads\/2016\/02\/X.jpg\"><img loading=\"lazy\" decoding=\"async\" class=\"wp-image-6970 size-medium\" src=\"https:\/\/francois-pelletant.fr\/blog\/wp-content\/uploads\/2016\/03\/X-300x169.jpg\" alt=\"visite- Canop\u00e9e des Halles \" width=\"300\" height=\"169\" srcset=\"https:\/\/francois-pelletant.fr\/blog\/wp-content\/uploads\/2016\/03\/X-300x169.jpg 300w, https:\/\/francois-pelletant.fr\/blog\/wp-content\/uploads\/2016\/03\/X-1024x576.jpg 1024w, https:\/\/francois-pelletant.fr\/blog\/wp-content\/uploads\/2016\/03\/X-768x432.jpg 768w, https:\/\/francois-pelletant.fr\/blog\/wp-content\/uploads\/2016\/03\/X-600x338.jpg 600w, https:\/\/francois-pelletant.fr\/blog\/wp-content\/uploads\/2016\/03\/X-150x85.jpg 150w, https:\/\/francois-pelletant.fr\/blog\/wp-content\/uploads\/2016\/03\/X.jpg 1280w\" sizes=\"auto, (max-width: 300px) 100vw, 300px\" \/><\/a><figcaption id=\"caption-attachment-6970\" class=\"wp-caption-text\">Le &#8220;Trou des Halles&#8221; va devenir un nouveau lieu de promenade, prot\u00e9g\u00e9 de la pluie et du vent, qui sera \u00e0 n&#8217;en point douter, un des lieux des plus fr\u00e9quent\u00e9 de Paris.<\/figcaption><\/figure>\n<p>&nbsp;<\/p>\n<p>&nbsp;<\/p>\n<p>&nbsp;<\/p>\n<p>&nbsp;<\/p>\n","protected":false},"excerpt":{"rendered":"<p>Ce 23 f\u00e9vrier, avec une d\u00e9l\u00e9gation de l&#8217;Association des Maires Franciliens, nous avons \u00e9t\u00e9 re\u00e7us par la soci\u00e9t\u00e9 Fayat sur le site de la Canop\u00e9\u00e9 des Halles afin de constater l&#8217;avanc\u00e9e de ce chantier pharaonique du &#8220;ventre de Paris&#8221;. Cette exp\u00e9rience au c\u0153ur de l&#8217;immense feuille translucide en verre de 23.000 m\u00b2 ondoyant \u00e0 la [&hellip;]<\/p>\n","protected":false},"author":1,"featured_media":6893,"comment_status":"open","ping_status":"open","sticky":false,"template":"","format":"standard","meta":{"footnotes":""},"categories":[1,15],"tags":[],"class_list":["post-6886","post","type-post","status-publish","format-standard","has-post-thumbnail","hentry","category-non-classe","category-patrimoi"],"yoast_head":"<!-- This site is optimized with the Yoast SEO plugin v25.6 - https:\/\/yoast.com\/wordpress\/plugins\/seo\/ -->\n<title>Maires Franciliens : Visite de la Canop\u00e9e des Halles - Fran\u00e7ois Pelletant<\/title>\n<meta name=\"description\" content=\"Les Maires Franciliens ont \u00e9t\u00e9 accueillis par la soci\u00e9t\u00e9 Fayat ont visit\u00e9s le chantier de la Canop\u00e9e des Halles.\" \/>\n<meta name=\"robots\" content=\"index, follow, max-snippet:-1, max-image-preview:large, max-video-preview:-1\" \/>\n<link rel=\"canonical\" href=\"https:\/\/francois-pelletant.fr\/blog\/visite-canopee-halles-maires-franciliens\/\" \/>\n<meta property=\"og:locale\" content=\"fr_FR\" \/>\n<meta property=\"og:type\" content=\"article\" \/>\n<meta property=\"og:title\" content=\"Maires Franciliens : Visite de la Canop\u00e9e des Halles - Fran\u00e7ois Pelletant\" \/>\n<meta property=\"og:description\" content=\"Les Maires Franciliens ont \u00e9t\u00e9 accueillis par la soci\u00e9t\u00e9 Fayat ont visit\u00e9s le chantier de la Canop\u00e9e des Halles.\" \/>\n<meta property=\"og:url\" content=\"https:\/\/francois-pelletant.fr\/blog\/visite-canopee-halles-maires-franciliens\/\" \/>\n<meta property=\"og:site_name\" content=\"Fran\u00e7ois Pelletant\" \/>\n<meta property=\"article:publisher\" content=\"https:\/\/www.facebook.com\/francois.pelletant.7\" \/>\n<meta property=\"article:published_time\" content=\"2016-02-25T08:48:59+00:00\" \/>\n<meta property=\"article:modified_time\" content=\"2017-04-18T10:21:48+00:00\" \/>\n<meta property=\"og:image\" content=\"https:\/\/francois-pelletant.fr\/blog\/wp-content\/uploads\/2016\/02\/G-1-scaled.jpg\" \/>\n\t<meta property=\"og:image:width\" content=\"2560\" \/>\n\t<meta property=\"og:image:height\" content=\"1710\" \/>\n\t<meta property=\"og:image:type\" content=\"image\/jpeg\" \/>\n<meta name=\"author\" content=\"Francois\" \/>\n<meta name=\"twitter:card\" content=\"summary_large_image\" \/>\n<meta name=\"twitter:creator\" content=\"@pelletant\" \/>\n<meta name=\"twitter:site\" content=\"@pelletant\" \/>\n<meta name=\"twitter:label1\" content=\"\u00c9crit par\" \/>\n\t<meta name=\"twitter:data1\" content=\"Francois\" \/>\n\t<meta name=\"twitter:label2\" content=\"Dur\u00e9e de lecture estim\u00e9e\" \/>\n\t<meta name=\"twitter:data2\" content=\"5 minutes\" \/>\n<script type=\"application\/ld+json\" class=\"yoast-schema-graph\">{\"@context\":\"https:\/\/schema.org\",\"@graph\":[{\"@type\":\"Article\",\"@id\":\"https:\/\/francois-pelletant.fr\/blog\/visite-canopee-halles-maires-franciliens\/#article\",\"isPartOf\":{\"@id\":\"https:\/\/francois-pelletant.fr\/blog\/visite-canopee-halles-maires-franciliens\/\"},\"author\":{\"name\":\"Francois\",\"@id\":\"https:\/\/francois-pelletant.fr\/blog\/#\/schema\/person\/2be41acb171dff8f31aaed1f40cee9f3\"},\"headline\":\"Visite de la Canop\u00e9e des Halles avec les Maires Franciliens\",\"datePublished\":\"2016-02-25T08:48:59+00:00\",\"dateModified\":\"2017-04-18T10:21:48+00:00\",\"mainEntityOfPage\":{\"@id\":\"https:\/\/francois-pelletant.fr\/blog\/visite-canopee-halles-maires-franciliens\/\"},\"wordCount\":954,\"commentCount\":4,\"publisher\":{\"@id\":\"https:\/\/francois-pelletant.fr\/blog\/#organization\"},\"image\":{\"@id\":\"https:\/\/francois-pelletant.fr\/blog\/visite-canopee-halles-maires-franciliens\/#primaryimage\"},\"thumbnailUrl\":\"https:\/\/francois-pelletant.fr\/blog\/wp-content\/uploads\/2016\/02\/G-1-scaled.jpg\",\"articleSection\":{\"1\":\"Patrimoine\"},\"inLanguage\":\"fr-FR\",\"potentialAction\":[{\"@type\":\"CommentAction\",\"name\":\"Comment\",\"target\":[\"https:\/\/francois-pelletant.fr\/blog\/visite-canopee-halles-maires-franciliens\/#respond\"]}]},{\"@type\":\"WebPage\",\"@id\":\"https:\/\/francois-pelletant.fr\/blog\/visite-canopee-halles-maires-franciliens\/\",\"url\":\"https:\/\/francois-pelletant.fr\/blog\/visite-canopee-halles-maires-franciliens\/\",\"name\":\"Maires Franciliens : Visite de la Canop\u00e9e des Halles - Fran\u00e7ois Pelletant\",\"isPartOf\":{\"@id\":\"https:\/\/francois-pelletant.fr\/blog\/#website\"},\"primaryImageOfPage\":{\"@id\":\"https:\/\/francois-pelletant.fr\/blog\/visite-canopee-halles-maires-franciliens\/#primaryimage\"},\"image\":{\"@id\":\"https:\/\/francois-pelletant.fr\/blog\/visite-canopee-halles-maires-franciliens\/#primaryimage\"},\"thumbnailUrl\":\"https:\/\/francois-pelletant.fr\/blog\/wp-content\/uploads\/2016\/02\/G-1-scaled.jpg\",\"datePublished\":\"2016-02-25T08:48:59+00:00\",\"dateModified\":\"2017-04-18T10:21:48+00:00\",\"description\":\"Les Maires Franciliens ont \u00e9t\u00e9 accueillis par la soci\u00e9t\u00e9 Fayat ont visit\u00e9s le chantier de la Canop\u00e9e des Halles.\",\"breadcrumb\":{\"@id\":\"https:\/\/francois-pelletant.fr\/blog\/visite-canopee-halles-maires-franciliens\/#breadcrumb\"},\"inLanguage\":\"fr-FR\",\"potentialAction\":[{\"@type\":\"ReadAction\",\"target\":[\"https:\/\/francois-pelletant.fr\/blog\/visite-canopee-halles-maires-franciliens\/\"]}]},{\"@type\":\"ImageObject\",\"inLanguage\":\"fr-FR\",\"@id\":\"https:\/\/francois-pelletant.fr\/blog\/visite-canopee-halles-maires-franciliens\/#primaryimage\",\"url\":\"https:\/\/francois-pelletant.fr\/blog\/wp-content\/uploads\/2016\/02\/G-1-scaled.jpg\",\"contentUrl\":\"https:\/\/francois-pelletant.fr\/blog\/wp-content\/uploads\/2016\/02\/G-1-scaled.jpg\",\"width\":2560,\"height\":1710,\"caption\":\"Une d\u00e9l\u00e9gation de l'Association des Maires Franciliens visite en avant premi\u00e8re le chantier de la Canop\u00e9e des Halles.\"},{\"@type\":\"BreadcrumbList\",\"@id\":\"https:\/\/francois-pelletant.fr\/blog\/visite-canopee-halles-maires-franciliens\/#breadcrumb\",\"itemListElement\":[{\"@type\":\"ListItem\",\"position\":1,\"name\":\"Accueil\",\"item\":\"https:\/\/francois-pelletant.fr\/blog\/\"},{\"@type\":\"ListItem\",\"position\":2,\"name\":\"Visite de la Canop\u00e9e des Halles avec les Maires Franciliens\"}]},{\"@type\":\"WebSite\",\"@id\":\"https:\/\/francois-pelletant.fr\/blog\/#website\",\"url\":\"https:\/\/francois-pelletant.fr\/blog\/\",\"name\":\"Fran\u00e7ois Pelletant\",\"description\":\"Maire de Linas, pour toujours.\",\"publisher\":{\"@id\":\"https:\/\/francois-pelletant.fr\/blog\/#organization\"},\"potentialAction\":[{\"@type\":\"SearchAction\",\"target\":{\"@type\":\"EntryPoint\",\"urlTemplate\":\"https:\/\/francois-pelletant.fr\/blog\/?s={search_term_string}\"},\"query-input\":{\"@type\":\"PropertyValueSpecification\",\"valueRequired\":true,\"valueName\":\"search_term_string\"}}],\"inLanguage\":\"fr-FR\"},{\"@type\":\"Organization\",\"@id\":\"https:\/\/francois-pelletant.fr\/blog\/#organization\",\"name\":\"Fran\u00e7ois Pelletant\",\"url\":\"https:\/\/francois-pelletant.fr\/blog\/\",\"logo\":{\"@type\":\"ImageObject\",\"inLanguage\":\"fr-FR\",\"@id\":\"https:\/\/francois-pelletant.fr\/blog\/#\/schema\/logo\/image\/\",\"url\":\"https:\/\/francois-pelletant.fr\/blog\/wp-content\/uploads\/2024\/07\/icone-francois-centre-500p.png\",\"contentUrl\":\"https:\/\/francois-pelletant.fr\/blog\/wp-content\/uploads\/2024\/07\/icone-francois-centre-500p.png\",\"width\":559,\"height\":447,\"caption\":\"Fran\u00e7ois Pelletant\"},\"image\":{\"@id\":\"https:\/\/francois-pelletant.fr\/blog\/#\/schema\/logo\/image\/\"},\"sameAs\":[\"https:\/\/www.facebook.com\/francois.pelletant.7\",\"https:\/\/x.com\/pelletant\"]},{\"@type\":\"Person\",\"@id\":\"https:\/\/francois-pelletant.fr\/blog\/#\/schema\/person\/2be41acb171dff8f31aaed1f40cee9f3\",\"name\":\"Francois\"}]}<\/script>\n<!-- \/ Yoast SEO plugin. -->","yoast_head_json":{"title":"Maires Franciliens : Visite de la Canop\u00e9e des Halles - Fran\u00e7ois Pelletant","description":"Les Maires Franciliens ont \u00e9t\u00e9 accueillis par la soci\u00e9t\u00e9 Fayat ont visit\u00e9s le chantier de la Canop\u00e9e des Halles.","robots":{"index":"index","follow":"follow","max-snippet":"max-snippet:-1","max-image-preview":"max-image-preview:large","max-video-preview":"max-video-preview:-1"},"canonical":"https:\/\/francois-pelletant.fr\/blog\/visite-canopee-halles-maires-franciliens\/","og_locale":"fr_FR","og_type":"article","og_title":"Maires Franciliens : Visite de la Canop\u00e9e des Halles - Fran\u00e7ois Pelletant","og_description":"Les Maires Franciliens ont \u00e9t\u00e9 accueillis par la soci\u00e9t\u00e9 Fayat ont visit\u00e9s le chantier de la Canop\u00e9e des Halles.","og_url":"https:\/\/francois-pelletant.fr\/blog\/visite-canopee-halles-maires-franciliens\/","og_site_name":"Fran\u00e7ois Pelletant","article_publisher":"https:\/\/www.facebook.com\/francois.pelletant.7","article_published_time":"2016-02-25T08:48:59+00:00","article_modified_time":"2017-04-18T10:21:48+00:00","og_image":[{"width":2560,"height":1710,"url":"https:\/\/francois-pelletant.fr\/blog\/wp-content\/uploads\/2016\/02\/G-1-scaled.jpg","type":"image\/jpeg"}],"author":"Francois","twitter_card":"summary_large_image","twitter_creator":"@pelletant","twitter_site":"@pelletant","twitter_misc":{"\u00c9crit par":"Francois","Dur\u00e9e de lecture estim\u00e9e":"5 minutes"},"schema":{"@context":"https:\/\/schema.org","@graph":[{"@type":"Article","@id":"https:\/\/francois-pelletant.fr\/blog\/visite-canopee-halles-maires-franciliens\/#article","isPartOf":{"@id":"https:\/\/francois-pelletant.fr\/blog\/visite-canopee-halles-maires-franciliens\/"},"author":{"name":"Francois","@id":"https:\/\/francois-pelletant.fr\/blog\/#\/schema\/person\/2be41acb171dff8f31aaed1f40cee9f3"},"headline":"Visite de la Canop\u00e9e des Halles avec les Maires Franciliens","datePublished":"2016-02-25T08:48:59+00:00","dateModified":"2017-04-18T10:21:48+00:00","mainEntityOfPage":{"@id":"https:\/\/francois-pelletant.fr\/blog\/visite-canopee-halles-maires-franciliens\/"},"wordCount":954,"commentCount":4,"publisher":{"@id":"https:\/\/francois-pelletant.fr\/blog\/#organization"},"image":{"@id":"https:\/\/francois-pelletant.fr\/blog\/visite-canopee-halles-maires-franciliens\/#primaryimage"},"thumbnailUrl":"https:\/\/francois-pelletant.fr\/blog\/wp-content\/uploads\/2016\/02\/G-1-scaled.jpg","articleSection":{"1":"Patrimoine"},"inLanguage":"fr-FR","potentialAction":[{"@type":"CommentAction","name":"Comment","target":["https:\/\/francois-pelletant.fr\/blog\/visite-canopee-halles-maires-franciliens\/#respond"]}]},{"@type":"WebPage","@id":"https:\/\/francois-pelletant.fr\/blog\/visite-canopee-halles-maires-franciliens\/","url":"https:\/\/francois-pelletant.fr\/blog\/visite-canopee-halles-maires-franciliens\/","name":"Maires Franciliens : Visite de la Canop\u00e9e des Halles - Fran\u00e7ois Pelletant","isPartOf":{"@id":"https:\/\/francois-pelletant.fr\/blog\/#website"},"primaryImageOfPage":{"@id":"https:\/\/francois-pelletant.fr\/blog\/visite-canopee-halles-maires-franciliens\/#primaryimage"},"image":{"@id":"https:\/\/francois-pelletant.fr\/blog\/visite-canopee-halles-maires-franciliens\/#primaryimage"},"thumbnailUrl":"https:\/\/francois-pelletant.fr\/blog\/wp-content\/uploads\/2016\/02\/G-1-scaled.jpg","datePublished":"2016-02-25T08:48:59+00:00","dateModified":"2017-04-18T10:21:48+00:00","description":"Les Maires Franciliens ont \u00e9t\u00e9 accueillis par la soci\u00e9t\u00e9 Fayat ont visit\u00e9s le chantier de la Canop\u00e9e des Halles.","breadcrumb":{"@id":"https:\/\/francois-pelletant.fr\/blog\/visite-canopee-halles-maires-franciliens\/#breadcrumb"},"inLanguage":"fr-FR","potentialAction":[{"@type":"ReadAction","target":["https:\/\/francois-pelletant.fr\/blog\/visite-canopee-halles-maires-franciliens\/"]}]},{"@type":"ImageObject","inLanguage":"fr-FR","@id":"https:\/\/francois-pelletant.fr\/blog\/visite-canopee-halles-maires-franciliens\/#primaryimage","url":"https:\/\/francois-pelletant.fr\/blog\/wp-content\/uploads\/2016\/02\/G-1-scaled.jpg","contentUrl":"https:\/\/francois-pelletant.fr\/blog\/wp-content\/uploads\/2016\/02\/G-1-scaled.jpg","width":2560,"height":1710,"caption":"Une d\u00e9l\u00e9gation de l'Association des Maires Franciliens visite en avant premi\u00e8re le chantier de la Canop\u00e9e des Halles."},{"@type":"BreadcrumbList","@id":"https:\/\/francois-pelletant.fr\/blog\/visite-canopee-halles-maires-franciliens\/#breadcrumb","itemListElement":[{"@type":"ListItem","position":1,"name":"Accueil","item":"https:\/\/francois-pelletant.fr\/blog\/"},{"@type":"ListItem","position":2,"name":"Visite de la Canop\u00e9e des Halles avec les Maires Franciliens"}]},{"@type":"WebSite","@id":"https:\/\/francois-pelletant.fr\/blog\/#website","url":"https:\/\/francois-pelletant.fr\/blog\/","name":"Fran\u00e7ois Pelletant","description":"Maire de Linas, pour toujours.","publisher":{"@id":"https:\/\/francois-pelletant.fr\/blog\/#organization"},"potentialAction":[{"@type":"SearchAction","target":{"@type":"EntryPoint","urlTemplate":"https:\/\/francois-pelletant.fr\/blog\/?s={search_term_string}"},"query-input":{"@type":"PropertyValueSpecification","valueRequired":true,"valueName":"search_term_string"}}],"inLanguage":"fr-FR"},{"@type":"Organization","@id":"https:\/\/francois-pelletant.fr\/blog\/#organization","name":"Fran\u00e7ois Pelletant","url":"https:\/\/francois-pelletant.fr\/blog\/","logo":{"@type":"ImageObject","inLanguage":"fr-FR","@id":"https:\/\/francois-pelletant.fr\/blog\/#\/schema\/logo\/image\/","url":"https:\/\/francois-pelletant.fr\/blog\/wp-content\/uploads\/2024\/07\/icone-francois-centre-500p.png","contentUrl":"https:\/\/francois-pelletant.fr\/blog\/wp-content\/uploads\/2024\/07\/icone-francois-centre-500p.png","width":559,"height":447,"caption":"Fran\u00e7ois Pelletant"},"image":{"@id":"https:\/\/francois-pelletant.fr\/blog\/#\/schema\/logo\/image\/"},"sameAs":["https:\/\/www.facebook.com\/francois.pelletant.7","https:\/\/x.com\/pelletant"]},{"@type":"Person","@id":"https:\/\/francois-pelletant.fr\/blog\/#\/schema\/person\/2be41acb171dff8f31aaed1f40cee9f3","name":"Francois"}]}},"_links":{"self":[{"href":"https:\/\/francois-pelletant.fr\/blog\/wp-json\/wp\/v2\/posts\/6886","targetHints":{"allow":["GET"]}}],"collection":[{"href":"https:\/\/francois-pelletant.fr\/blog\/wp-json\/wp\/v2\/posts"}],"about":[{"href":"https:\/\/francois-pelletant.fr\/blog\/wp-json\/wp\/v2\/types\/post"}],"author":[{"embeddable":true,"href":"https:\/\/francois-pelletant.fr\/blog\/wp-json\/wp\/v2\/users\/1"}],"replies":[{"embeddable":true,"href":"https:\/\/francois-pelletant.fr\/blog\/wp-json\/wp\/v2\/comments?post=6886"}],"version-history":[{"count":0,"href":"https:\/\/francois-pelletant.fr\/blog\/wp-json\/wp\/v2\/posts\/6886\/revisions"}],"wp:featuredmedia":[{"embeddable":true,"href":"https:\/\/francois-pelletant.fr\/blog\/wp-json\/wp\/v2\/media\/6893"}],"wp:attachment":[{"href":"https:\/\/francois-pelletant.fr\/blog\/wp-json\/wp\/v2\/media?parent=6886"}],"wp:term":[{"taxonomy":"category","embeddable":true,"href":"https:\/\/francois-pelletant.fr\/blog\/wp-json\/wp\/v2\/categories?post=6886"},{"taxonomy":"post_tag","embeddable":true,"href":"https:\/\/francois-pelletant.fr\/blog\/wp-json\/wp\/v2\/tags?post=6886"}],"curies":[{"name":"wp","href":"https:\/\/api.w.org\/{rel}","templated":true}]}}