{"id":7289,"date":"2016-06-07T08:35:33","date_gmt":"2016-06-07T08:35:33","guid":{"rendered":"https:\/\/francois-pelletant.fr\/blog\/?p=7289"},"modified":"2017-04-18T07:39:43","modified_gmt":"2017-04-18T07:39:43","slug":"fibre-optique-point-mutualisation-linas","status":"publish","type":"post","link":"https:\/\/francois-pelletant.fr\/blog\/fibre-optique-point-mutualisation-linas\/","title":{"rendered":"Fibre optique : le point de mutualisation est install\u00e9 \u00e0 Linas !"},"content":{"rendered":"<h2><img loading=\"lazy\" decoding=\"async\" class=\"alignleft wp-image-7290 size-medium\" src=\"https:\/\/francois-pelletant.fr\/blog\/wp-content\/uploads\/2016\/06\/20160606_110000-300x169.jpg\" alt=\"image-\u00e9quipe-installation-fibre optique\" width=\"300\" height=\"169\" srcset=\"https:\/\/francois-pelletant.fr\/blog\/wp-content\/uploads\/2016\/06\/20160606_110000-300x169.jpg 300w, https:\/\/francois-pelletant.fr\/blog\/wp-content\/uploads\/2016\/06\/20160606_110000-1024x576.jpg 1024w, https:\/\/francois-pelletant.fr\/blog\/wp-content\/uploads\/2016\/06\/20160606_110000-768x432.jpg 768w, https:\/\/francois-pelletant.fr\/blog\/wp-content\/uploads\/2016\/06\/20160606_110000-600x338.jpg 600w, https:\/\/francois-pelletant.fr\/blog\/wp-content\/uploads\/2016\/06\/20160606_110000-1536x864.jpg 1536w, https:\/\/francois-pelletant.fr\/blog\/wp-content\/uploads\/2016\/06\/20160606_110000-2048x1152.jpg 2048w, https:\/\/francois-pelletant.fr\/blog\/wp-content\/uploads\/2016\/06\/20160606_110000-150x85.jpg 150w, https:\/\/francois-pelletant.fr\/blog\/wp-content\/uploads\/2016\/06\/20160606_110000-1920x1080.jpg 1920w\" sizes=\"auto, (max-width: 300px) 100vw, 300px\" \/>Linas : Fibre optique<\/h2>\n<p>Une \u00e9tape importante a \u00a0donc \u00e9t\u00e9 \u00a0conclue ce lundi 6 juin 2016 pour la fibre optique \u00e0<a href=\"http:\/\/www.linas.fr\" target=\"_blank\" rel=\"nofollow\"> Linas<\/a>.\u00a0Le point de mutualisation pour la ville a \u00e9t\u00e9 install\u00e9 \u00e0 la gare du ch\u00e2teau d&#8217;eau. Ce local s\u00e9curis\u00e9 sera l&#8217;endroit o\u00f9 s&#8217;effectue la connexion entre les fibres optiques des futurs abonn\u00e9s et \u00e9galement les fibres optiques des op\u00e9rateurs commerciaux.<\/p>\n<p>Pour tout savoir et connaitre votre \u00e9ligibilit\u00e9 \u00e0 la vibre visitez la page d\u00e9di\u00e9e de mon blog <a href=\"http:\/\/pelletant.fr\/fibre\" target=\"_blank\" data-saferedirecturl=\"https:\/\/www.google.com\/url?hl=fr&amp;q=http:\/\/pelletant.fr\/fibre&amp;source=gmail&amp;ust=1488296007446000&amp;usg=AFQjCNGCLjMF_jhtx0mX9502BwvDSncc5Q\" rel=\"nofollow\">pelletant.fr\/fibre<\/a><\/p>\n","protected":false},"excerpt":{"rendered":"<p>Linas : Fibre optique Une \u00e9tape importante a \u00a0donc \u00e9t\u00e9 \u00a0conclue ce lundi 6 juin 2016 pour la fibre optique \u00e0 Linas.\u00a0Le point de mutualisation pour la ville a \u00e9t\u00e9 install\u00e9 \u00e0 la gare du ch\u00e2teau d&#8217;eau. Ce local s\u00e9curis\u00e9 sera l&#8217;endroit o\u00f9 s&#8217;effectue la connexion entre les fibres optiques des futurs abonn\u00e9s et \u00e9galement [&hellip;]<\/p>\n","protected":false},"author":1,"featured_media":7290,"comment_status":"open","ping_status":"closed","sticky":false,"template":"","format":"standard","meta":{"footnotes":""},"categories":[23],"tags":[49,131,155,30,255,48],"class_list":["post-7289","post","type-post","status-publish","format-standard","has-post-thumbnail","hentry","category-thd","tag-essonne","tag-fibre-optique","tag-francois-pelletant","tag-linas","tag-mutualisation","tag-pelletant"],"yoast_head":"<!-- This site is optimized with the Yoast SEO plugin v25.6 - https:\/\/yoast.com\/wordpress\/plugins\/seo\/ -->\n<title>Fibre optique : le point de mutualisation est install\u00e9 \u00e0 Linas ! - Pelletant<\/title>\n<meta name=\"description\" content=\"Une \u00e9tape de plus, pour l&#039;installation de la fibre optique . Le point de mutualisation \u00e0 \u00e9t\u00e9 install\u00e9 \u00e0 Linas.\" \/>\n<meta name=\"robots\" content=\"index, follow, max-snippet:-1, max-image-preview:large, max-video-preview:-1\" \/>\n<link rel=\"canonical\" href=\"https:\/\/francois-pelletant.fr\/blog\/fibre-optique-point-mutualisation-linas\/\" \/>\n<meta property=\"og:locale\" content=\"fr_FR\" \/>\n<meta property=\"og:type\" content=\"article\" \/>\n<meta property=\"og:title\" content=\"Fibre optique : le point de mutualisation est install\u00e9 \u00e0 Linas ! - Pelletant\" \/>\n<meta property=\"og:description\" content=\"Une \u00e9tape de plus, pour l&#039;installation de la fibre optique . Le point de mutualisation \u00e0 \u00e9t\u00e9 install\u00e9 \u00e0 Linas.\" \/>\n<meta property=\"og:url\" content=\"https:\/\/francois-pelletant.fr\/blog\/fibre-optique-point-mutualisation-linas\/\" \/>\n<meta property=\"og:site_name\" content=\"Fran\u00e7ois Pelletant\" \/>\n<meta property=\"article:publisher\" content=\"https:\/\/www.facebook.com\/francois.pelletant.7\" \/>\n<meta property=\"article:published_time\" content=\"2016-06-07T08:35:33+00:00\" \/>\n<meta property=\"article:modified_time\" content=\"2017-04-18T07:39:43+00:00\" \/>\n<meta property=\"og:image\" content=\"https:\/\/francois-pelletant.fr\/blog\/wp-content\/uploads\/2016\/06\/20160606_110000-scaled.jpg\" \/>\n\t<meta property=\"og:image:width\" content=\"2560\" \/>\n\t<meta property=\"og:image:height\" content=\"1440\" \/>\n\t<meta property=\"og:image:type\" content=\"image\/jpeg\" \/>\n<meta name=\"author\" content=\"Francois\" \/>\n<meta name=\"twitter:card\" content=\"summary_large_image\" \/>\n<meta name=\"twitter:creator\" content=\"@pelletant\" \/>\n<meta name=\"twitter:site\" content=\"@pelletant\" \/>\n<meta name=\"twitter:label1\" content=\"\u00c9crit par\" \/>\n\t<meta name=\"twitter:data1\" content=\"Francois\" \/>\n<script type=\"application\/ld+json\" class=\"yoast-schema-graph\">{\"@context\":\"https:\/\/schema.org\",\"@graph\":[{\"@type\":\"Article\",\"@id\":\"https:\/\/francois-pelletant.fr\/blog\/fibre-optique-point-mutualisation-linas\/#article\",\"isPartOf\":{\"@id\":\"https:\/\/francois-pelletant.fr\/blog\/fibre-optique-point-mutualisation-linas\/\"},\"author\":{\"name\":\"Francois\",\"@id\":\"https:\/\/francois-pelletant.fr\/blog\/#\/schema\/person\/2be41acb171dff8f31aaed1f40cee9f3\"},\"headline\":\"Fibre optique : le point de mutualisation est install\u00e9 \u00e0 Linas !\",\"datePublished\":\"2016-06-07T08:35:33+00:00\",\"dateModified\":\"2017-04-18T07:39:43+00:00\",\"mainEntityOfPage\":{\"@id\":\"https:\/\/francois-pelletant.fr\/blog\/fibre-optique-point-mutualisation-linas\/\"},\"wordCount\":94,\"commentCount\":4,\"publisher\":{\"@id\":\"https:\/\/francois-pelletant.fr\/blog\/#organization\"},\"image\":{\"@id\":\"https:\/\/francois-pelletant.fr\/blog\/fibre-optique-point-mutualisation-linas\/#primaryimage\"},\"thumbnailUrl\":\"https:\/\/francois-pelletant.fr\/blog\/wp-content\/uploads\/2016\/06\/20160606_110000-scaled.jpg\",\"keywords\":[\"Essonne\",\"fibre optique\",\"fran\u00e7ois pelletant\",\"Linas\",\"mutualisation\",\"pelletant\"],\"articleSection\":[\"Tr\u00e8s Haut D\u00e9bit\"],\"inLanguage\":\"fr-FR\",\"potentialAction\":[{\"@type\":\"CommentAction\",\"name\":\"Comment\",\"target\":[\"https:\/\/francois-pelletant.fr\/blog\/fibre-optique-point-mutualisation-linas\/#respond\"]}]},{\"@type\":\"WebPage\",\"@id\":\"https:\/\/francois-pelletant.fr\/blog\/fibre-optique-point-mutualisation-linas\/\",\"url\":\"https:\/\/francois-pelletant.fr\/blog\/fibre-optique-point-mutualisation-linas\/\",\"name\":\"Fibre optique : le point de mutualisation est install\u00e9 \u00e0 Linas ! - Pelletant\",\"isPartOf\":{\"@id\":\"https:\/\/francois-pelletant.fr\/blog\/#website\"},\"primaryImageOfPage\":{\"@id\":\"https:\/\/francois-pelletant.fr\/blog\/fibre-optique-point-mutualisation-linas\/#primaryimage\"},\"image\":{\"@id\":\"https:\/\/francois-pelletant.fr\/blog\/fibre-optique-point-mutualisation-linas\/#primaryimage\"},\"thumbnailUrl\":\"https:\/\/francois-pelletant.fr\/blog\/wp-content\/uploads\/2016\/06\/20160606_110000-scaled.jpg\",\"datePublished\":\"2016-06-07T08:35:33+00:00\",\"dateModified\":\"2017-04-18T07:39:43+00:00\",\"description\":\"Une \u00e9tape de plus, pour l'installation de la fibre optique . Le point de mutualisation \u00e0 \u00e9t\u00e9 install\u00e9 \u00e0 Linas.\",\"breadcrumb\":{\"@id\":\"https:\/\/francois-pelletant.fr\/blog\/fibre-optique-point-mutualisation-linas\/#breadcrumb\"},\"inLanguage\":\"fr-FR\",\"potentialAction\":[{\"@type\":\"ReadAction\",\"target\":[\"https:\/\/francois-pelletant.fr\/blog\/fibre-optique-point-mutualisation-linas\/\"]}]},{\"@type\":\"ImageObject\",\"inLanguage\":\"fr-FR\",\"@id\":\"https:\/\/francois-pelletant.fr\/blog\/fibre-optique-point-mutualisation-linas\/#primaryimage\",\"url\":\"https:\/\/francois-pelletant.fr\/blog\/wp-content\/uploads\/2016\/06\/20160606_110000-scaled.jpg\",\"contentUrl\":\"https:\/\/francois-pelletant.fr\/blog\/wp-content\/uploads\/2016\/06\/20160606_110000-scaled.jpg\",\"width\":2560,\"height\":1440},{\"@type\":\"BreadcrumbList\",\"@id\":\"https:\/\/francois-pelletant.fr\/blog\/fibre-optique-point-mutualisation-linas\/#breadcrumb\",\"itemListElement\":[{\"@type\":\"ListItem\",\"position\":1,\"name\":\"Accueil\",\"item\":\"https:\/\/francois-pelletant.fr\/blog\/\"},{\"@type\":\"ListItem\",\"position\":2,\"name\":\"Fibre optique : le point de mutualisation est install\u00e9 \u00e0 Linas !\"}]},{\"@type\":\"WebSite\",\"@id\":\"https:\/\/francois-pelletant.fr\/blog\/#website\",\"url\":\"https:\/\/francois-pelletant.fr\/blog\/\",\"name\":\"Fran\u00e7ois Pelletant\",\"description\":\"Maire de Linas, pour toujours.\",\"publisher\":{\"@id\":\"https:\/\/francois-pelletant.fr\/blog\/#organization\"},\"potentialAction\":[{\"@type\":\"SearchAction\",\"target\":{\"@type\":\"EntryPoint\",\"urlTemplate\":\"https:\/\/francois-pelletant.fr\/blog\/?s={search_term_string}\"},\"query-input\":{\"@type\":\"PropertyValueSpecification\",\"valueRequired\":true,\"valueName\":\"search_term_string\"}}],\"inLanguage\":\"fr-FR\"},{\"@type\":\"Organization\",\"@id\":\"https:\/\/francois-pelletant.fr\/blog\/#organization\",\"name\":\"Fran\u00e7ois Pelletant\",\"url\":\"https:\/\/francois-pelletant.fr\/blog\/\",\"logo\":{\"@type\":\"ImageObject\",\"inLanguage\":\"fr-FR\",\"@id\":\"https:\/\/francois-pelletant.fr\/blog\/#\/schema\/logo\/image\/\",\"url\":\"https:\/\/francois-pelletant.fr\/blog\/wp-content\/uploads\/2024\/07\/icone-francois-centre-500p.png\",\"contentUrl\":\"https:\/\/francois-pelletant.fr\/blog\/wp-content\/uploads\/2024\/07\/icone-francois-centre-500p.png\",\"width\":559,\"height\":447,\"caption\":\"Fran\u00e7ois Pelletant\"},\"image\":{\"@id\":\"https:\/\/francois-pelletant.fr\/blog\/#\/schema\/logo\/image\/\"},\"sameAs\":[\"https:\/\/www.facebook.com\/francois.pelletant.7\",\"https:\/\/x.com\/pelletant\"]},{\"@type\":\"Person\",\"@id\":\"https:\/\/francois-pelletant.fr\/blog\/#\/schema\/person\/2be41acb171dff8f31aaed1f40cee9f3\",\"name\":\"Francois\"}]}<\/script>\n<!-- \/ Yoast SEO plugin. -->","yoast_head_json":{"title":"Fibre optique : le point de mutualisation est install\u00e9 \u00e0 Linas ! - Pelletant","description":"Une \u00e9tape de plus, pour l'installation de la fibre optique . Le point de mutualisation \u00e0 \u00e9t\u00e9 install\u00e9 \u00e0 Linas.","robots":{"index":"index","follow":"follow","max-snippet":"max-snippet:-1","max-image-preview":"max-image-preview:large","max-video-preview":"max-video-preview:-1"},"canonical":"https:\/\/francois-pelletant.fr\/blog\/fibre-optique-point-mutualisation-linas\/","og_locale":"fr_FR","og_type":"article","og_title":"Fibre optique : le point de mutualisation est install\u00e9 \u00e0 Linas ! - Pelletant","og_description":"Une \u00e9tape de plus, pour l'installation de la fibre optique . Le point de mutualisation \u00e0 \u00e9t\u00e9 install\u00e9 \u00e0 Linas.","og_url":"https:\/\/francois-pelletant.fr\/blog\/fibre-optique-point-mutualisation-linas\/","og_site_name":"Fran\u00e7ois Pelletant","article_publisher":"https:\/\/www.facebook.com\/francois.pelletant.7","article_published_time":"2016-06-07T08:35:33+00:00","article_modified_time":"2017-04-18T07:39:43+00:00","og_image":[{"width":2560,"height":1440,"url":"https:\/\/francois-pelletant.fr\/blog\/wp-content\/uploads\/2016\/06\/20160606_110000-scaled.jpg","type":"image\/jpeg"}],"author":"Francois","twitter_card":"summary_large_image","twitter_creator":"@pelletant","twitter_site":"@pelletant","twitter_misc":{"\u00c9crit par":"Francois"},"schema":{"@context":"https:\/\/schema.org","@graph":[{"@type":"Article","@id":"https:\/\/francois-pelletant.fr\/blog\/fibre-optique-point-mutualisation-linas\/#article","isPartOf":{"@id":"https:\/\/francois-pelletant.fr\/blog\/fibre-optique-point-mutualisation-linas\/"},"author":{"name":"Francois","@id":"https:\/\/francois-pelletant.fr\/blog\/#\/schema\/person\/2be41acb171dff8f31aaed1f40cee9f3"},"headline":"Fibre optique : le point de mutualisation est install\u00e9 \u00e0 Linas !","datePublished":"2016-06-07T08:35:33+00:00","dateModified":"2017-04-18T07:39:43+00:00","mainEntityOfPage":{"@id":"https:\/\/francois-pelletant.fr\/blog\/fibre-optique-point-mutualisation-linas\/"},"wordCount":94,"commentCount":4,"publisher":{"@id":"https:\/\/francois-pelletant.fr\/blog\/#organization"},"image":{"@id":"https:\/\/francois-pelletant.fr\/blog\/fibre-optique-point-mutualisation-linas\/#primaryimage"},"thumbnailUrl":"https:\/\/francois-pelletant.fr\/blog\/wp-content\/uploads\/2016\/06\/20160606_110000-scaled.jpg","keywords":["Essonne","fibre optique","fran\u00e7ois pelletant","Linas","mutualisation","pelletant"],"articleSection":["Tr\u00e8s Haut D\u00e9bit"],"inLanguage":"fr-FR","potentialAction":[{"@type":"CommentAction","name":"Comment","target":["https:\/\/francois-pelletant.fr\/blog\/fibre-optique-point-mutualisation-linas\/#respond"]}]},{"@type":"WebPage","@id":"https:\/\/francois-pelletant.fr\/blog\/fibre-optique-point-mutualisation-linas\/","url":"https:\/\/francois-pelletant.fr\/blog\/fibre-optique-point-mutualisation-linas\/","name":"Fibre optique : le point de mutualisation est install\u00e9 \u00e0 Linas ! - Pelletant","isPartOf":{"@id":"https:\/\/francois-pelletant.fr\/blog\/#website"},"primaryImageOfPage":{"@id":"https:\/\/francois-pelletant.fr\/blog\/fibre-optique-point-mutualisation-linas\/#primaryimage"},"image":{"@id":"https:\/\/francois-pelletant.fr\/blog\/fibre-optique-point-mutualisation-linas\/#primaryimage"},"thumbnailUrl":"https:\/\/francois-pelletant.fr\/blog\/wp-content\/uploads\/2016\/06\/20160606_110000-scaled.jpg","datePublished":"2016-06-07T08:35:33+00:00","dateModified":"2017-04-18T07:39:43+00:00","description":"Une \u00e9tape de plus, pour l'installation de la fibre optique . Le point de mutualisation \u00e0 \u00e9t\u00e9 install\u00e9 \u00e0 Linas.","breadcrumb":{"@id":"https:\/\/francois-pelletant.fr\/blog\/fibre-optique-point-mutualisation-linas\/#breadcrumb"},"inLanguage":"fr-FR","potentialAction":[{"@type":"ReadAction","target":["https:\/\/francois-pelletant.fr\/blog\/fibre-optique-point-mutualisation-linas\/"]}]},{"@type":"ImageObject","inLanguage":"fr-FR","@id":"https:\/\/francois-pelletant.fr\/blog\/fibre-optique-point-mutualisation-linas\/#primaryimage","url":"https:\/\/francois-pelletant.fr\/blog\/wp-content\/uploads\/2016\/06\/20160606_110000-scaled.jpg","contentUrl":"https:\/\/francois-pelletant.fr\/blog\/wp-content\/uploads\/2016\/06\/20160606_110000-scaled.jpg","width":2560,"height":1440},{"@type":"BreadcrumbList","@id":"https:\/\/francois-pelletant.fr\/blog\/fibre-optique-point-mutualisation-linas\/#breadcrumb","itemListElement":[{"@type":"ListItem","position":1,"name":"Accueil","item":"https:\/\/francois-pelletant.fr\/blog\/"},{"@type":"ListItem","position":2,"name":"Fibre optique : le point de mutualisation est install\u00e9 \u00e0 Linas !"}]},{"@type":"WebSite","@id":"https:\/\/francois-pelletant.fr\/blog\/#website","url":"https:\/\/francois-pelletant.fr\/blog\/","name":"Fran\u00e7ois Pelletant","description":"Maire de Linas, pour toujours.","publisher":{"@id":"https:\/\/francois-pelletant.fr\/blog\/#organization"},"potentialAction":[{"@type":"SearchAction","target":{"@type":"EntryPoint","urlTemplate":"https:\/\/francois-pelletant.fr\/blog\/?s={search_term_string}"},"query-input":{"@type":"PropertyValueSpecification","valueRequired":true,"valueName":"search_term_string"}}],"inLanguage":"fr-FR"},{"@type":"Organization","@id":"https:\/\/francois-pelletant.fr\/blog\/#organization","name":"Fran\u00e7ois Pelletant","url":"https:\/\/francois-pelletant.fr\/blog\/","logo":{"@type":"ImageObject","inLanguage":"fr-FR","@id":"https:\/\/francois-pelletant.fr\/blog\/#\/schema\/logo\/image\/","url":"https:\/\/francois-pelletant.fr\/blog\/wp-content\/uploads\/2024\/07\/icone-francois-centre-500p.png","contentUrl":"https:\/\/francois-pelletant.fr\/blog\/wp-content\/uploads\/2024\/07\/icone-francois-centre-500p.png","width":559,"height":447,"caption":"Fran\u00e7ois Pelletant"},"image":{"@id":"https:\/\/francois-pelletant.fr\/blog\/#\/schema\/logo\/image\/"},"sameAs":["https:\/\/www.facebook.com\/francois.pelletant.7","https:\/\/x.com\/pelletant"]},{"@type":"Person","@id":"https:\/\/francois-pelletant.fr\/blog\/#\/schema\/person\/2be41acb171dff8f31aaed1f40cee9f3","name":"Francois"}]}},"_links":{"self":[{"href":"https:\/\/francois-pelletant.fr\/blog\/wp-json\/wp\/v2\/posts\/7289","targetHints":{"allow":["GET"]}}],"collection":[{"href":"https:\/\/francois-pelletant.fr\/blog\/wp-json\/wp\/v2\/posts"}],"about":[{"href":"https:\/\/francois-pelletant.fr\/blog\/wp-json\/wp\/v2\/types\/post"}],"author":[{"embeddable":true,"href":"https:\/\/francois-pelletant.fr\/blog\/wp-json\/wp\/v2\/users\/1"}],"replies":[{"embeddable":true,"href":"https:\/\/francois-pelletant.fr\/blog\/wp-json\/wp\/v2\/comments?post=7289"}],"version-history":[{"count":0,"href":"https:\/\/francois-pelletant.fr\/blog\/wp-json\/wp\/v2\/posts\/7289\/revisions"}],"wp:featuredmedia":[{"embeddable":true,"href":"https:\/\/francois-pelletant.fr\/blog\/wp-json\/wp\/v2\/media\/7290"}],"wp:attachment":[{"href":"https:\/\/francois-pelletant.fr\/blog\/wp-json\/wp\/v2\/media?parent=7289"}],"wp:term":[{"taxonomy":"category","embeddable":true,"href":"https:\/\/francois-pelletant.fr\/blog\/wp-json\/wp\/v2\/categories?post=7289"},{"taxonomy":"post_tag","embeddable":true,"href":"https:\/\/francois-pelletant.fr\/blog\/wp-json\/wp\/v2\/tags?post=7289"}],"curies":[{"name":"wp","href":"https:\/\/api.w.org\/{rel}","templated":true}]}}