{"id":7295,"date":"2016-06-08T11:50:33","date_gmt":"2016-06-08T11:50:33","guid":{"rendered":"https:\/\/francois-pelletant.fr\/blog\/?p=7295"},"modified":"2017-02-16T09:36:47","modified_gmt":"2017-02-16T09:36:47","slug":"invitation-pour-lentrainement-portugal","status":"publish","type":"post","link":"https:\/\/francois-pelletant.fr\/blog\/invitation-pour-lentrainement-portugal\/","title":{"rendered":"Invitation pour l&#8217;entrainement du Portugal"},"content":{"rendered":"<h2><img loading=\"lazy\" decoding=\"async\" class=\"alignleft wp-image-7300 size-medium\" src=\"https:\/\/francois-pelletant.fr\/blog\/wp-content\/uploads\/2016\/06\/portugal-cnr-web-153x300.jpg\" alt=\"image-l'entrainement du portugal\" width=\"153\" height=\"300\" srcset=\"https:\/\/francois-pelletant.fr\/blog\/wp-content\/uploads\/2016\/06\/portugal-cnr-web-153x300.jpg 153w, https:\/\/francois-pelletant.fr\/blog\/wp-content\/uploads\/2016\/06\/portugal-cnr-web-522x1024.jpg 522w, https:\/\/francois-pelletant.fr\/blog\/wp-content\/uploads\/2016\/06\/portugal-cnr-web-509x999.jpg 509w, https:\/\/francois-pelletant.fr\/blog\/wp-content\/uploads\/2016\/06\/portugal-cnr-web.jpg 595w\" sizes=\"auto, (max-width: 153px) 100vw, 153px\" \/>Comment assister \u00e0 l&#8217;entrainement du Portugal ?<\/h2>\n<p>Depuis l&#8217;article du <a href=\"http:\/\/www.leparisien.fr\/\" target=\"_blank\" rel=\"nofollow\">Parisien<\/a> du 6 juin 2016, vous \u00eates nombreux \u00e0 t\u00e9l\u00e9phoner \u00e0 la Mairie de Linas pour vous renseigner au sujet de la distribution des places afin d&#8217;assister \u00e0 l&#8217;entrainement de la valeureuse \u00e9quipe du Portugal qui s\u2019installe au Centre National de Rugby de Linas-Marcoussis. Nous sommes all\u00e9s aux infos afin de faire la lumi\u00e8re sur cette affaire qui semble s\u00e9rieusement vous pr\u00e9occuper.<\/p>\n<p>Du c\u00f4t\u00e9 du CNR, que mon adjoint a r\u00e9ussi \u00e0 avoir au t\u00e9l\u00e9phone ce matin, on nous indique que 150 places ont \u00e9t\u00e9 r\u00e9serv\u00e9es pour la population locale. Le CNR indique qu&#8217;il les a donn\u00e9 \u00e0 la Mairie de Marcoussis, en plus des invitations officielles,\u00a0afin qu&#8217;elle fasse la r\u00e9partition entre les diff\u00e9rentes\u00a0communes.<\/p>\n<p>Du c\u00f4t\u00e9 de la FFF, qu&#8217;un collaborateur a joint hier, on nous indique que le CNR dispose de 1000 places\u00a0: \u00ab\u00a0Compte tenu de la capacit\u00e9 d&#8217;accueil du CNR, seules 1000 personnes seront autoris\u00e9es \u00e0 participer \u00e0 cet entra\u00eenement sur invitation.\u00a0\u00bb\u00a0La F\u00e9d\u00e9ration Fran\u00e7aise de Football a donc mis \u00e0 la disposition du CNR 1000 places.<\/p>\n<p>La mairie de Linas a\u00a0donc de demand\u00e9 \u00e0 la direction du CNR d&#8217;organiser une distribution des places restantes aux habitants devant l&#8217;entr\u00e9e du CNR.<\/p>\n<p>Afin de ne pas perturber le dispositif de s\u00e9curit\u00e9, je vous conseille de stationner vos v\u00e9hicules \u00e0 proximit\u00e9 et faire le reste du chemin \u00e0 pied.<\/p>\n<p>L&#8217;entrainement ouvert au public sur invitation commencera \u00e0 18h, il se d\u00e9roulera sur le terrain d&#8217;honneur du CNR.<\/p>\n","protected":false},"excerpt":{"rendered":"<p>Comment assister \u00e0 l&#8217;entrainement du Portugal ? Depuis l&#8217;article du Parisien du 6 juin 2016, vous \u00eates nombreux \u00e0 t\u00e9l\u00e9phoner \u00e0 la Mairie de Linas pour vous renseigner au sujet de la distribution des places afin d&#8217;assister \u00e0 l&#8217;entrainement de la valeureuse \u00e9quipe du Portugal qui s\u2019installe au Centre National de Rugby de Linas-Marcoussis. Nous [&hellip;]<\/p>\n","protected":false},"author":1,"featured_media":7300,"comment_status":"open","ping_status":"closed","sticky":false,"template":"","format":"standard","meta":{"footnotes":""},"categories":[5],"tags":[254,208,155,30,212,48,207],"class_list":["post-7295","post","type-post","status-publish","format-standard","has-post-thumbnail","hentry","category-cnr","tag-cnr","tag-equipe-portugaise","tag-francois-pelletant","tag-linas","tag-mairie-de-linas","tag-pelletant","tag-portugal"],"yoast_head":"<!-- This site is optimized with the Yoast SEO plugin v25.6 - https:\/\/yoast.com\/wordpress\/plugins\/seo\/ -->\n<title>Invitation pour l&#039;entrainement du Portugal - Fran\u00e7ois Pelletant<\/title>\n<meta name=\"description\" content=\"Le CNR de Linas-Marcoussis accueille l&#039;\u00e9quipe du Portugal. La mairie de Linas renseigne les habitants au sujet de la distribution des places.\" \/>\n<meta name=\"robots\" content=\"index, follow, max-snippet:-1, max-image-preview:large, max-video-preview:-1\" \/>\n<link rel=\"canonical\" href=\"https:\/\/francois-pelletant.fr\/blog\/invitation-pour-lentrainement-portugal\/\" \/>\n<meta property=\"og:locale\" content=\"fr_FR\" \/>\n<meta property=\"og:type\" content=\"article\" \/>\n<meta property=\"og:title\" content=\"Invitation pour l&#039;entrainement du Portugal - Fran\u00e7ois Pelletant\" \/>\n<meta property=\"og:description\" content=\"Le CNR de Linas-Marcoussis accueille l&#039;\u00e9quipe du Portugal. La mairie de Linas renseigne les habitants au sujet de la distribution des places.\" \/>\n<meta property=\"og:url\" content=\"https:\/\/francois-pelletant.fr\/blog\/invitation-pour-lentrainement-portugal\/\" \/>\n<meta property=\"og:site_name\" content=\"Fran\u00e7ois Pelletant\" \/>\n<meta property=\"article:publisher\" content=\"https:\/\/www.facebook.com\/francois.pelletant.7\" \/>\n<meta property=\"article:published_time\" content=\"2016-06-08T11:50:33+00:00\" \/>\n<meta property=\"article:modified_time\" content=\"2017-02-16T09:36:47+00:00\" \/>\n<meta property=\"og:image\" content=\"https:\/\/francois-pelletant.fr\/blog\/wp-content\/uploads\/2016\/06\/portugal-cnr-web.jpg\" \/>\n\t<meta property=\"og:image:width\" content=\"595\" \/>\n\t<meta property=\"og:image:height\" content=\"1168\" \/>\n\t<meta property=\"og:image:type\" content=\"image\/jpeg\" \/>\n<meta name=\"author\" content=\"Francois\" \/>\n<meta name=\"twitter:card\" content=\"summary_large_image\" \/>\n<meta name=\"twitter:creator\" content=\"@pelletant\" \/>\n<meta name=\"twitter:site\" content=\"@pelletant\" \/>\n<meta name=\"twitter:label1\" content=\"\u00c9crit par\" \/>\n\t<meta name=\"twitter:data1\" content=\"Francois\" \/>\n\t<meta name=\"twitter:label2\" content=\"Dur\u00e9e de lecture estim\u00e9e\" \/>\n\t<meta name=\"twitter:data2\" content=\"1 minute\" \/>\n<script type=\"application\/ld+json\" class=\"yoast-schema-graph\">{\"@context\":\"https:\/\/schema.org\",\"@graph\":[{\"@type\":\"Article\",\"@id\":\"https:\/\/francois-pelletant.fr\/blog\/invitation-pour-lentrainement-portugal\/#article\",\"isPartOf\":{\"@id\":\"https:\/\/francois-pelletant.fr\/blog\/invitation-pour-lentrainement-portugal\/\"},\"author\":{\"name\":\"Francois\",\"@id\":\"https:\/\/francois-pelletant.fr\/blog\/#\/schema\/person\/2be41acb171dff8f31aaed1f40cee9f3\"},\"headline\":\"Invitation pour l&#8217;entrainement du Portugal\",\"datePublished\":\"2016-06-08T11:50:33+00:00\",\"dateModified\":\"2017-02-16T09:36:47+00:00\",\"mainEntityOfPage\":{\"@id\":\"https:\/\/francois-pelletant.fr\/blog\/invitation-pour-lentrainement-portugal\/\"},\"wordCount\":273,\"commentCount\":7,\"publisher\":{\"@id\":\"https:\/\/francois-pelletant.fr\/blog\/#organization\"},\"image\":{\"@id\":\"https:\/\/francois-pelletant.fr\/blog\/invitation-pour-lentrainement-portugal\/#primaryimage\"},\"thumbnailUrl\":\"https:\/\/francois-pelletant.fr\/blog\/wp-content\/uploads\/2016\/06\/portugal-cnr-web.jpg\",\"keywords\":[\"CNR\",\"\u00e9quipe portugaise\",\"fran\u00e7ois pelletant\",\"Linas\",\"mairie de Linas\",\"pelletant\",\"portugal\"],\"articleSection\":[\"CNR\"],\"inLanguage\":\"fr-FR\",\"potentialAction\":[{\"@type\":\"CommentAction\",\"name\":\"Comment\",\"target\":[\"https:\/\/francois-pelletant.fr\/blog\/invitation-pour-lentrainement-portugal\/#respond\"]}]},{\"@type\":\"WebPage\",\"@id\":\"https:\/\/francois-pelletant.fr\/blog\/invitation-pour-lentrainement-portugal\/\",\"url\":\"https:\/\/francois-pelletant.fr\/blog\/invitation-pour-lentrainement-portugal\/\",\"name\":\"Invitation pour l'entrainement du Portugal - Fran\u00e7ois Pelletant\",\"isPartOf\":{\"@id\":\"https:\/\/francois-pelletant.fr\/blog\/#website\"},\"primaryImageOfPage\":{\"@id\":\"https:\/\/francois-pelletant.fr\/blog\/invitation-pour-lentrainement-portugal\/#primaryimage\"},\"image\":{\"@id\":\"https:\/\/francois-pelletant.fr\/blog\/invitation-pour-lentrainement-portugal\/#primaryimage\"},\"thumbnailUrl\":\"https:\/\/francois-pelletant.fr\/blog\/wp-content\/uploads\/2016\/06\/portugal-cnr-web.jpg\",\"datePublished\":\"2016-06-08T11:50:33+00:00\",\"dateModified\":\"2017-02-16T09:36:47+00:00\",\"description\":\"Le CNR de Linas-Marcoussis accueille l'\u00e9quipe du Portugal. La mairie de Linas renseigne les habitants au sujet de la distribution des places.\",\"breadcrumb\":{\"@id\":\"https:\/\/francois-pelletant.fr\/blog\/invitation-pour-lentrainement-portugal\/#breadcrumb\"},\"inLanguage\":\"fr-FR\",\"potentialAction\":[{\"@type\":\"ReadAction\",\"target\":[\"https:\/\/francois-pelletant.fr\/blog\/invitation-pour-lentrainement-portugal\/\"]}]},{\"@type\":\"ImageObject\",\"inLanguage\":\"fr-FR\",\"@id\":\"https:\/\/francois-pelletant.fr\/blog\/invitation-pour-lentrainement-portugal\/#primaryimage\",\"url\":\"https:\/\/francois-pelletant.fr\/blog\/wp-content\/uploads\/2016\/06\/portugal-cnr-web.jpg\",\"contentUrl\":\"https:\/\/francois-pelletant.fr\/blog\/wp-content\/uploads\/2016\/06\/portugal-cnr-web.jpg\",\"width\":595,\"height\":1168},{\"@type\":\"BreadcrumbList\",\"@id\":\"https:\/\/francois-pelletant.fr\/blog\/invitation-pour-lentrainement-portugal\/#breadcrumb\",\"itemListElement\":[{\"@type\":\"ListItem\",\"position\":1,\"name\":\"Accueil\",\"item\":\"https:\/\/francois-pelletant.fr\/blog\/\"},{\"@type\":\"ListItem\",\"position\":2,\"name\":\"Invitation pour l&#8217;entrainement du Portugal\"}]},{\"@type\":\"WebSite\",\"@id\":\"https:\/\/francois-pelletant.fr\/blog\/#website\",\"url\":\"https:\/\/francois-pelletant.fr\/blog\/\",\"name\":\"Fran\u00e7ois Pelletant\",\"description\":\"Maire de Linas, pour toujours.\",\"publisher\":{\"@id\":\"https:\/\/francois-pelletant.fr\/blog\/#organization\"},\"potentialAction\":[{\"@type\":\"SearchAction\",\"target\":{\"@type\":\"EntryPoint\",\"urlTemplate\":\"https:\/\/francois-pelletant.fr\/blog\/?s={search_term_string}\"},\"query-input\":{\"@type\":\"PropertyValueSpecification\",\"valueRequired\":true,\"valueName\":\"search_term_string\"}}],\"inLanguage\":\"fr-FR\"},{\"@type\":\"Organization\",\"@id\":\"https:\/\/francois-pelletant.fr\/blog\/#organization\",\"name\":\"Fran\u00e7ois Pelletant\",\"url\":\"https:\/\/francois-pelletant.fr\/blog\/\",\"logo\":{\"@type\":\"ImageObject\",\"inLanguage\":\"fr-FR\",\"@id\":\"https:\/\/francois-pelletant.fr\/blog\/#\/schema\/logo\/image\/\",\"url\":\"https:\/\/francois-pelletant.fr\/blog\/wp-content\/uploads\/2024\/07\/icone-francois-centre-500p.png\",\"contentUrl\":\"https:\/\/francois-pelletant.fr\/blog\/wp-content\/uploads\/2024\/07\/icone-francois-centre-500p.png\",\"width\":559,\"height\":447,\"caption\":\"Fran\u00e7ois Pelletant\"},\"image\":{\"@id\":\"https:\/\/francois-pelletant.fr\/blog\/#\/schema\/logo\/image\/\"},\"sameAs\":[\"https:\/\/www.facebook.com\/francois.pelletant.7\",\"https:\/\/x.com\/pelletant\"]},{\"@type\":\"Person\",\"@id\":\"https:\/\/francois-pelletant.fr\/blog\/#\/schema\/person\/2be41acb171dff8f31aaed1f40cee9f3\",\"name\":\"Francois\"}]}<\/script>\n<!-- \/ Yoast SEO plugin. -->","yoast_head_json":{"title":"Invitation pour l'entrainement du Portugal - Fran\u00e7ois Pelletant","description":"Le CNR de Linas-Marcoussis accueille l'\u00e9quipe du Portugal. La mairie de Linas renseigne les habitants au sujet de la distribution des places.","robots":{"index":"index","follow":"follow","max-snippet":"max-snippet:-1","max-image-preview":"max-image-preview:large","max-video-preview":"max-video-preview:-1"},"canonical":"https:\/\/francois-pelletant.fr\/blog\/invitation-pour-lentrainement-portugal\/","og_locale":"fr_FR","og_type":"article","og_title":"Invitation pour l'entrainement du Portugal - Fran\u00e7ois Pelletant","og_description":"Le CNR de Linas-Marcoussis accueille l'\u00e9quipe du Portugal. La mairie de Linas renseigne les habitants au sujet de la distribution des places.","og_url":"https:\/\/francois-pelletant.fr\/blog\/invitation-pour-lentrainement-portugal\/","og_site_name":"Fran\u00e7ois Pelletant","article_publisher":"https:\/\/www.facebook.com\/francois.pelletant.7","article_published_time":"2016-06-08T11:50:33+00:00","article_modified_time":"2017-02-16T09:36:47+00:00","og_image":[{"width":595,"height":1168,"url":"https:\/\/francois-pelletant.fr\/blog\/wp-content\/uploads\/2016\/06\/portugal-cnr-web.jpg","type":"image\/jpeg"}],"author":"Francois","twitter_card":"summary_large_image","twitter_creator":"@pelletant","twitter_site":"@pelletant","twitter_misc":{"\u00c9crit par":"Francois","Dur\u00e9e de lecture estim\u00e9e":"1 minute"},"schema":{"@context":"https:\/\/schema.org","@graph":[{"@type":"Article","@id":"https:\/\/francois-pelletant.fr\/blog\/invitation-pour-lentrainement-portugal\/#article","isPartOf":{"@id":"https:\/\/francois-pelletant.fr\/blog\/invitation-pour-lentrainement-portugal\/"},"author":{"name":"Francois","@id":"https:\/\/francois-pelletant.fr\/blog\/#\/schema\/person\/2be41acb171dff8f31aaed1f40cee9f3"},"headline":"Invitation pour l&#8217;entrainement du Portugal","datePublished":"2016-06-08T11:50:33+00:00","dateModified":"2017-02-16T09:36:47+00:00","mainEntityOfPage":{"@id":"https:\/\/francois-pelletant.fr\/blog\/invitation-pour-lentrainement-portugal\/"},"wordCount":273,"commentCount":7,"publisher":{"@id":"https:\/\/francois-pelletant.fr\/blog\/#organization"},"image":{"@id":"https:\/\/francois-pelletant.fr\/blog\/invitation-pour-lentrainement-portugal\/#primaryimage"},"thumbnailUrl":"https:\/\/francois-pelletant.fr\/blog\/wp-content\/uploads\/2016\/06\/portugal-cnr-web.jpg","keywords":["CNR","\u00e9quipe portugaise","fran\u00e7ois pelletant","Linas","mairie de Linas","pelletant","portugal"],"articleSection":["CNR"],"inLanguage":"fr-FR","potentialAction":[{"@type":"CommentAction","name":"Comment","target":["https:\/\/francois-pelletant.fr\/blog\/invitation-pour-lentrainement-portugal\/#respond"]}]},{"@type":"WebPage","@id":"https:\/\/francois-pelletant.fr\/blog\/invitation-pour-lentrainement-portugal\/","url":"https:\/\/francois-pelletant.fr\/blog\/invitation-pour-lentrainement-portugal\/","name":"Invitation pour l'entrainement du Portugal - Fran\u00e7ois Pelletant","isPartOf":{"@id":"https:\/\/francois-pelletant.fr\/blog\/#website"},"primaryImageOfPage":{"@id":"https:\/\/francois-pelletant.fr\/blog\/invitation-pour-lentrainement-portugal\/#primaryimage"},"image":{"@id":"https:\/\/francois-pelletant.fr\/blog\/invitation-pour-lentrainement-portugal\/#primaryimage"},"thumbnailUrl":"https:\/\/francois-pelletant.fr\/blog\/wp-content\/uploads\/2016\/06\/portugal-cnr-web.jpg","datePublished":"2016-06-08T11:50:33+00:00","dateModified":"2017-02-16T09:36:47+00:00","description":"Le CNR de Linas-Marcoussis accueille l'\u00e9quipe du Portugal. La mairie de Linas renseigne les habitants au sujet de la distribution des places.","breadcrumb":{"@id":"https:\/\/francois-pelletant.fr\/blog\/invitation-pour-lentrainement-portugal\/#breadcrumb"},"inLanguage":"fr-FR","potentialAction":[{"@type":"ReadAction","target":["https:\/\/francois-pelletant.fr\/blog\/invitation-pour-lentrainement-portugal\/"]}]},{"@type":"ImageObject","inLanguage":"fr-FR","@id":"https:\/\/francois-pelletant.fr\/blog\/invitation-pour-lentrainement-portugal\/#primaryimage","url":"https:\/\/francois-pelletant.fr\/blog\/wp-content\/uploads\/2016\/06\/portugal-cnr-web.jpg","contentUrl":"https:\/\/francois-pelletant.fr\/blog\/wp-content\/uploads\/2016\/06\/portugal-cnr-web.jpg","width":595,"height":1168},{"@type":"BreadcrumbList","@id":"https:\/\/francois-pelletant.fr\/blog\/invitation-pour-lentrainement-portugal\/#breadcrumb","itemListElement":[{"@type":"ListItem","position":1,"name":"Accueil","item":"https:\/\/francois-pelletant.fr\/blog\/"},{"@type":"ListItem","position":2,"name":"Invitation pour l&#8217;entrainement du Portugal"}]},{"@type":"WebSite","@id":"https:\/\/francois-pelletant.fr\/blog\/#website","url":"https:\/\/francois-pelletant.fr\/blog\/","name":"Fran\u00e7ois Pelletant","description":"Maire de Linas, pour toujours.","publisher":{"@id":"https:\/\/francois-pelletant.fr\/blog\/#organization"},"potentialAction":[{"@type":"SearchAction","target":{"@type":"EntryPoint","urlTemplate":"https:\/\/francois-pelletant.fr\/blog\/?s={search_term_string}"},"query-input":{"@type":"PropertyValueSpecification","valueRequired":true,"valueName":"search_term_string"}}],"inLanguage":"fr-FR"},{"@type":"Organization","@id":"https:\/\/francois-pelletant.fr\/blog\/#organization","name":"Fran\u00e7ois Pelletant","url":"https:\/\/francois-pelletant.fr\/blog\/","logo":{"@type":"ImageObject","inLanguage":"fr-FR","@id":"https:\/\/francois-pelletant.fr\/blog\/#\/schema\/logo\/image\/","url":"https:\/\/francois-pelletant.fr\/blog\/wp-content\/uploads\/2024\/07\/icone-francois-centre-500p.png","contentUrl":"https:\/\/francois-pelletant.fr\/blog\/wp-content\/uploads\/2024\/07\/icone-francois-centre-500p.png","width":559,"height":447,"caption":"Fran\u00e7ois Pelletant"},"image":{"@id":"https:\/\/francois-pelletant.fr\/blog\/#\/schema\/logo\/image\/"},"sameAs":["https:\/\/www.facebook.com\/francois.pelletant.7","https:\/\/x.com\/pelletant"]},{"@type":"Person","@id":"https:\/\/francois-pelletant.fr\/blog\/#\/schema\/person\/2be41acb171dff8f31aaed1f40cee9f3","name":"Francois"}]}},"_links":{"self":[{"href":"https:\/\/francois-pelletant.fr\/blog\/wp-json\/wp\/v2\/posts\/7295","targetHints":{"allow":["GET"]}}],"collection":[{"href":"https:\/\/francois-pelletant.fr\/blog\/wp-json\/wp\/v2\/posts"}],"about":[{"href":"https:\/\/francois-pelletant.fr\/blog\/wp-json\/wp\/v2\/types\/post"}],"author":[{"embeddable":true,"href":"https:\/\/francois-pelletant.fr\/blog\/wp-json\/wp\/v2\/users\/1"}],"replies":[{"embeddable":true,"href":"https:\/\/francois-pelletant.fr\/blog\/wp-json\/wp\/v2\/comments?post=7295"}],"version-history":[{"count":0,"href":"https:\/\/francois-pelletant.fr\/blog\/wp-json\/wp\/v2\/posts\/7295\/revisions"}],"wp:featuredmedia":[{"embeddable":true,"href":"https:\/\/francois-pelletant.fr\/blog\/wp-json\/wp\/v2\/media\/7300"}],"wp:attachment":[{"href":"https:\/\/francois-pelletant.fr\/blog\/wp-json\/wp\/v2\/media?parent=7295"}],"wp:term":[{"taxonomy":"category","embeddable":true,"href":"https:\/\/francois-pelletant.fr\/blog\/wp-json\/wp\/v2\/categories?post=7295"},{"taxonomy":"post_tag","embeddable":true,"href":"https:\/\/francois-pelletant.fr\/blog\/wp-json\/wp\/v2\/tags?post=7295"}],"curies":[{"name":"wp","href":"https:\/\/api.w.org\/{rel}","templated":true}]}}