{"id":7304,"date":"2016-06-09T08:27:03","date_gmt":"2016-06-09T08:27:03","guid":{"rendered":"https:\/\/francois-pelletant.fr\/blog\/?p=7304"},"modified":"2017-02-16T09:17:29","modified_gmt":"2017-02-16T09:17:29","slug":"montez-dans-le-bus-creation-dentreprise","status":"publish","type":"post","link":"https:\/\/francois-pelletant.fr\/blog\/montez-dans-le-bus-creation-dentreprise\/","title":{"rendered":"Montez dans le Bus de la cr\u00e9ation d\u2019entreprise"},"content":{"rendered":"<p><img loading=\"lazy\" decoding=\"async\" class=\"alignleft wp-image-7305 size-medium\" src=\"https:\/\/francois-pelletant.fr\/blog\/wp-content\/uploads\/2016\/06\/bus-creation-200x300.jpg\" alt=\"image-cr\u00e9ation d'entreprise\" width=\"200\" height=\"300\" srcset=\"https:\/\/francois-pelletant.fr\/blog\/wp-content\/uploads\/2016\/06\/bus-creation-200x300.jpg 200w, https:\/\/francois-pelletant.fr\/blog\/wp-content\/uploads\/2016\/06\/bus-creation-683x1024.jpg 683w, https:\/\/francois-pelletant.fr\/blog\/wp-content\/uploads\/2016\/06\/bus-creation-768x1152.jpg 768w, https:\/\/francois-pelletant.fr\/blog\/wp-content\/uploads\/2016\/06\/bus-creation-600x900.jpg 600w, https:\/\/francois-pelletant.fr\/blog\/wp-content\/uploads\/2016\/06\/bus-creation-1024x1536.jpg 1024w, https:\/\/francois-pelletant.fr\/blog\/wp-content\/uploads\/2016\/06\/bus-creation-1365x2048.jpg 1365w, https:\/\/francois-pelletant.fr\/blog\/wp-content\/uploads\/2016\/06\/bus-creation-scaled.jpg 1707w\" sizes=\"auto, (max-width: 200px) 100vw, 200px\" \/><\/p>\n<h2>Les habitants de Paris-Saclay et le Bus R\u00e9gional de la Cr\u00e9ation d&#8217;entreprise<\/h2>\n<p>La Communaut\u00e9 d\u2019Agglom\u00e9ration Paris-Saclay s\u2019associe \u00e0 la<a href=\"http:\/\/www.bge-parif.com\" target=\"_blank\" rel=\"nofollow\"> Boutique de Gestion Paris\u00a0\u00cele-de-France<\/a> (BGE PaRIF) pour permettre \u00e0 ses habitants de b\u00e9n\u00e9ficier du dispositif du\u00a0Bus R\u00e9gional de la Cr\u00e9ation d\u2019entreprise.\u00a0La Communaut\u00e9 d\u2019agglom\u00e9ration Paris-Saclay va ainsi faire circuler le Bus R\u00e9gional\u00a0de la Cr\u00e9ation d\u2019Entreprise sur son territoire du 6 au 10 juin 2016 et du 27 juin au 1er juillet 2016.\u00a0Cet outil original de sensibilisation \u00e0 l\u2019entreprenariat est destin\u00e9, plus particuli\u00e8rement,\u00a0aux personnes \u00e9loign\u00e9es des structures d\u2019accompagnement.\u00a0Les habitants pourront ainsi rencontrer les conseillers de l\u2019agglom\u00e9ration, de la BGE\u00a0PaRIF et d\u2019autres experts de la cr\u00e9ation, afin d\u2019\u00eatre guid\u00e9s dans leurs d\u00e9marches,\u00a0d\u2019obtenir de la documentation et des informations pratiques.<\/p>\n<p>Les cr\u00e9ateurs en herbe\u00a0et les jeunes entrepreneurs pourront \u00e9galement participer \u00e0 de nombreux ateliers\u00a0th\u00e9matiques sur la cr\u00e9ation et le d\u00e9veloppement d\u2019une entreprise.\u00a0Le bus sera \u00e0 Linas ce jeudi 9 juin 2016 de 15h \u00e0 18h place de la Mairie.\u00a0Programme complet sur www.paris-saclay.com\/bus-creation-entreprise\/<\/p>\n","protected":false},"excerpt":{"rendered":"<p>Les habitants de Paris-Saclay et le Bus R\u00e9gional de la Cr\u00e9ation d&#8217;entreprise La Communaut\u00e9 d\u2019Agglom\u00e9ration Paris-Saclay s\u2019associe \u00e0 la Boutique de Gestion Paris\u00a0\u00cele-de-France (BGE PaRIF) pour permettre \u00e0 ses habitants de b\u00e9n\u00e9ficier du dispositif du\u00a0Bus R\u00e9gional de la Cr\u00e9ation d\u2019entreprise.\u00a0La Communaut\u00e9 d\u2019agglom\u00e9ration Paris-Saclay va ainsi faire circuler le Bus R\u00e9gional\u00a0de la Cr\u00e9ation d\u2019Entreprise sur son [&hellip;]<\/p>\n","protected":false},"author":1,"featured_media":7305,"comment_status":"open","ping_status":"closed","sticky":false,"template":"","format":"standard","meta":{"footnotes":""},"categories":[10],"tags":[252,251,253,49,155,30,133],"class_list":["post-7304","post","type-post","status-publish","format-standard","has-post-thumbnail","hentry","category-1pelletant","tag-bge-parif","tag-creation-dentreprise","tag-entreprise","tag-essonne","tag-francois-pelletant","tag-linas","tag-paris-saclay"],"yoast_head":"<!-- This site is optimized with the Yoast SEO plugin v25.6 - https:\/\/yoast.com\/wordpress\/plugins\/seo\/ -->\n<title>Montez dans le Bus de la cr\u00e9ation d\u2019entreprise - Fran\u00e7ois Pelletant<\/title>\n<meta name=\"description\" content=\"Le dispositif du Bus R\u00e9gional de Cr\u00e9ation d&#039;entreprise circulera dans nos communes pour sensibiliser les habitants \u00e0 l&#039;entreprenariat.\" \/>\n<meta name=\"robots\" content=\"index, follow, max-snippet:-1, max-image-preview:large, max-video-preview:-1\" \/>\n<link rel=\"canonical\" href=\"https:\/\/francois-pelletant.fr\/blog\/montez-dans-le-bus-creation-dentreprise\/\" \/>\n<meta property=\"og:locale\" content=\"fr_FR\" \/>\n<meta property=\"og:type\" content=\"article\" \/>\n<meta property=\"og:title\" content=\"Montez dans le Bus de la cr\u00e9ation d\u2019entreprise - Fran\u00e7ois Pelletant\" \/>\n<meta property=\"og:description\" content=\"Le dispositif du Bus R\u00e9gional de Cr\u00e9ation d&#039;entreprise circulera dans nos communes pour sensibiliser les habitants \u00e0 l&#039;entreprenariat.\" \/>\n<meta property=\"og:url\" content=\"https:\/\/francois-pelletant.fr\/blog\/montez-dans-le-bus-creation-dentreprise\/\" \/>\n<meta property=\"og:site_name\" content=\"Fran\u00e7ois Pelletant\" \/>\n<meta property=\"article:publisher\" content=\"https:\/\/www.facebook.com\/francois.pelletant.7\" \/>\n<meta property=\"article:published_time\" content=\"2016-06-09T08:27:03+00:00\" \/>\n<meta property=\"article:modified_time\" content=\"2017-02-16T09:17:29+00:00\" \/>\n<meta property=\"og:image\" content=\"https:\/\/francois-pelletant.fr\/blog\/wp-content\/uploads\/2016\/06\/bus-creation-scaled.jpg\" \/>\n\t<meta property=\"og:image:width\" content=\"1707\" \/>\n\t<meta property=\"og:image:height\" content=\"2560\" \/>\n\t<meta property=\"og:image:type\" content=\"image\/jpeg\" \/>\n<meta name=\"author\" content=\"Francois\" \/>\n<meta name=\"twitter:card\" content=\"summary_large_image\" \/>\n<meta name=\"twitter:creator\" content=\"@pelletant\" \/>\n<meta name=\"twitter:site\" content=\"@pelletant\" \/>\n<meta name=\"twitter:label1\" content=\"\u00c9crit par\" \/>\n\t<meta name=\"twitter:data1\" content=\"Francois\" \/>\n\t<meta name=\"twitter:label2\" content=\"Dur\u00e9e de lecture estim\u00e9e\" \/>\n\t<meta name=\"twitter:data2\" content=\"1 minute\" \/>\n<script type=\"application\/ld+json\" class=\"yoast-schema-graph\">{\"@context\":\"https:\/\/schema.org\",\"@graph\":[{\"@type\":\"Article\",\"@id\":\"https:\/\/francois-pelletant.fr\/blog\/montez-dans-le-bus-creation-dentreprise\/#article\",\"isPartOf\":{\"@id\":\"https:\/\/francois-pelletant.fr\/blog\/montez-dans-le-bus-creation-dentreprise\/\"},\"author\":{\"name\":\"Francois\",\"@id\":\"https:\/\/francois-pelletant.fr\/blog\/#\/schema\/person\/2be41acb171dff8f31aaed1f40cee9f3\"},\"headline\":\"Montez dans le Bus de la cr\u00e9ation d\u2019entreprise\",\"datePublished\":\"2016-06-09T08:27:03+00:00\",\"dateModified\":\"2017-02-16T09:17:29+00:00\",\"mainEntityOfPage\":{\"@id\":\"https:\/\/francois-pelletant.fr\/blog\/montez-dans-le-bus-creation-dentreprise\/\"},\"wordCount\":203,\"commentCount\":0,\"publisher\":{\"@id\":\"https:\/\/francois-pelletant.fr\/blog\/#organization\"},\"image\":{\"@id\":\"https:\/\/francois-pelletant.fr\/blog\/montez-dans-le-bus-creation-dentreprise\/#primaryimage\"},\"thumbnailUrl\":\"https:\/\/francois-pelletant.fr\/blog\/wp-content\/uploads\/2016\/06\/bus-creation-scaled.jpg\",\"keywords\":[\"BGE Parif\",\"cr\u00e9ation d'entreprise\",\"entreprise\",\"Essonne\",\"fran\u00e7ois pelletant\",\"Linas\",\"paris-saclay\"],\"articleSection\":[\"Infos\"],\"inLanguage\":\"fr-FR\",\"potentialAction\":[{\"@type\":\"CommentAction\",\"name\":\"Comment\",\"target\":[\"https:\/\/francois-pelletant.fr\/blog\/montez-dans-le-bus-creation-dentreprise\/#respond\"]}]},{\"@type\":\"WebPage\",\"@id\":\"https:\/\/francois-pelletant.fr\/blog\/montez-dans-le-bus-creation-dentreprise\/\",\"url\":\"https:\/\/francois-pelletant.fr\/blog\/montez-dans-le-bus-creation-dentreprise\/\",\"name\":\"Montez dans le Bus de la cr\u00e9ation d\u2019entreprise - Fran\u00e7ois Pelletant\",\"isPartOf\":{\"@id\":\"https:\/\/francois-pelletant.fr\/blog\/#website\"},\"primaryImageOfPage\":{\"@id\":\"https:\/\/francois-pelletant.fr\/blog\/montez-dans-le-bus-creation-dentreprise\/#primaryimage\"},\"image\":{\"@id\":\"https:\/\/francois-pelletant.fr\/blog\/montez-dans-le-bus-creation-dentreprise\/#primaryimage\"},\"thumbnailUrl\":\"https:\/\/francois-pelletant.fr\/blog\/wp-content\/uploads\/2016\/06\/bus-creation-scaled.jpg\",\"datePublished\":\"2016-06-09T08:27:03+00:00\",\"dateModified\":\"2017-02-16T09:17:29+00:00\",\"description\":\"Le dispositif du Bus R\u00e9gional de Cr\u00e9ation d'entreprise circulera dans nos communes pour sensibiliser les habitants \u00e0 l'entreprenariat.\",\"breadcrumb\":{\"@id\":\"https:\/\/francois-pelletant.fr\/blog\/montez-dans-le-bus-creation-dentreprise\/#breadcrumb\"},\"inLanguage\":\"fr-FR\",\"potentialAction\":[{\"@type\":\"ReadAction\",\"target\":[\"https:\/\/francois-pelletant.fr\/blog\/montez-dans-le-bus-creation-dentreprise\/\"]}]},{\"@type\":\"ImageObject\",\"inLanguage\":\"fr-FR\",\"@id\":\"https:\/\/francois-pelletant.fr\/blog\/montez-dans-le-bus-creation-dentreprise\/#primaryimage\",\"url\":\"https:\/\/francois-pelletant.fr\/blog\/wp-content\/uploads\/2016\/06\/bus-creation-scaled.jpg\",\"contentUrl\":\"https:\/\/francois-pelletant.fr\/blog\/wp-content\/uploads\/2016\/06\/bus-creation-scaled.jpg\",\"width\":1707,\"height\":2560},{\"@type\":\"BreadcrumbList\",\"@id\":\"https:\/\/francois-pelletant.fr\/blog\/montez-dans-le-bus-creation-dentreprise\/#breadcrumb\",\"itemListElement\":[{\"@type\":\"ListItem\",\"position\":1,\"name\":\"Accueil\",\"item\":\"https:\/\/francois-pelletant.fr\/blog\/\"},{\"@type\":\"ListItem\",\"position\":2,\"name\":\"Montez dans le Bus de la cr\u00e9ation d\u2019entreprise\"}]},{\"@type\":\"WebSite\",\"@id\":\"https:\/\/francois-pelletant.fr\/blog\/#website\",\"url\":\"https:\/\/francois-pelletant.fr\/blog\/\",\"name\":\"Fran\u00e7ois Pelletant\",\"description\":\"Maire de Linas, pour toujours.\",\"publisher\":{\"@id\":\"https:\/\/francois-pelletant.fr\/blog\/#organization\"},\"potentialAction\":[{\"@type\":\"SearchAction\",\"target\":{\"@type\":\"EntryPoint\",\"urlTemplate\":\"https:\/\/francois-pelletant.fr\/blog\/?s={search_term_string}\"},\"query-input\":{\"@type\":\"PropertyValueSpecification\",\"valueRequired\":true,\"valueName\":\"search_term_string\"}}],\"inLanguage\":\"fr-FR\"},{\"@type\":\"Organization\",\"@id\":\"https:\/\/francois-pelletant.fr\/blog\/#organization\",\"name\":\"Fran\u00e7ois Pelletant\",\"url\":\"https:\/\/francois-pelletant.fr\/blog\/\",\"logo\":{\"@type\":\"ImageObject\",\"inLanguage\":\"fr-FR\",\"@id\":\"https:\/\/francois-pelletant.fr\/blog\/#\/schema\/logo\/image\/\",\"url\":\"https:\/\/francois-pelletant.fr\/blog\/wp-content\/uploads\/2024\/07\/icone-francois-centre-500p.png\",\"contentUrl\":\"https:\/\/francois-pelletant.fr\/blog\/wp-content\/uploads\/2024\/07\/icone-francois-centre-500p.png\",\"width\":559,\"height\":447,\"caption\":\"Fran\u00e7ois Pelletant\"},\"image\":{\"@id\":\"https:\/\/francois-pelletant.fr\/blog\/#\/schema\/logo\/image\/\"},\"sameAs\":[\"https:\/\/www.facebook.com\/francois.pelletant.7\",\"https:\/\/x.com\/pelletant\"]},{\"@type\":\"Person\",\"@id\":\"https:\/\/francois-pelletant.fr\/blog\/#\/schema\/person\/2be41acb171dff8f31aaed1f40cee9f3\",\"name\":\"Francois\"}]}<\/script>\n<!-- \/ Yoast SEO plugin. -->","yoast_head_json":{"title":"Montez dans le Bus de la cr\u00e9ation d\u2019entreprise - Fran\u00e7ois Pelletant","description":"Le dispositif du Bus R\u00e9gional de Cr\u00e9ation d'entreprise circulera dans nos communes pour sensibiliser les habitants \u00e0 l'entreprenariat.","robots":{"index":"index","follow":"follow","max-snippet":"max-snippet:-1","max-image-preview":"max-image-preview:large","max-video-preview":"max-video-preview:-1"},"canonical":"https:\/\/francois-pelletant.fr\/blog\/montez-dans-le-bus-creation-dentreprise\/","og_locale":"fr_FR","og_type":"article","og_title":"Montez dans le Bus de la cr\u00e9ation d\u2019entreprise - Fran\u00e7ois Pelletant","og_description":"Le dispositif du Bus R\u00e9gional de Cr\u00e9ation d'entreprise circulera dans nos communes pour sensibiliser les habitants \u00e0 l'entreprenariat.","og_url":"https:\/\/francois-pelletant.fr\/blog\/montez-dans-le-bus-creation-dentreprise\/","og_site_name":"Fran\u00e7ois Pelletant","article_publisher":"https:\/\/www.facebook.com\/francois.pelletant.7","article_published_time":"2016-06-09T08:27:03+00:00","article_modified_time":"2017-02-16T09:17:29+00:00","og_image":[{"width":1707,"height":2560,"url":"https:\/\/francois-pelletant.fr\/blog\/wp-content\/uploads\/2016\/06\/bus-creation-scaled.jpg","type":"image\/jpeg"}],"author":"Francois","twitter_card":"summary_large_image","twitter_creator":"@pelletant","twitter_site":"@pelletant","twitter_misc":{"\u00c9crit par":"Francois","Dur\u00e9e de lecture estim\u00e9e":"1 minute"},"schema":{"@context":"https:\/\/schema.org","@graph":[{"@type":"Article","@id":"https:\/\/francois-pelletant.fr\/blog\/montez-dans-le-bus-creation-dentreprise\/#article","isPartOf":{"@id":"https:\/\/francois-pelletant.fr\/blog\/montez-dans-le-bus-creation-dentreprise\/"},"author":{"name":"Francois","@id":"https:\/\/francois-pelletant.fr\/blog\/#\/schema\/person\/2be41acb171dff8f31aaed1f40cee9f3"},"headline":"Montez dans le Bus de la cr\u00e9ation d\u2019entreprise","datePublished":"2016-06-09T08:27:03+00:00","dateModified":"2017-02-16T09:17:29+00:00","mainEntityOfPage":{"@id":"https:\/\/francois-pelletant.fr\/blog\/montez-dans-le-bus-creation-dentreprise\/"},"wordCount":203,"commentCount":0,"publisher":{"@id":"https:\/\/francois-pelletant.fr\/blog\/#organization"},"image":{"@id":"https:\/\/francois-pelletant.fr\/blog\/montez-dans-le-bus-creation-dentreprise\/#primaryimage"},"thumbnailUrl":"https:\/\/francois-pelletant.fr\/blog\/wp-content\/uploads\/2016\/06\/bus-creation-scaled.jpg","keywords":["BGE Parif","cr\u00e9ation d'entreprise","entreprise","Essonne","fran\u00e7ois pelletant","Linas","paris-saclay"],"articleSection":["Infos"],"inLanguage":"fr-FR","potentialAction":[{"@type":"CommentAction","name":"Comment","target":["https:\/\/francois-pelletant.fr\/blog\/montez-dans-le-bus-creation-dentreprise\/#respond"]}]},{"@type":"WebPage","@id":"https:\/\/francois-pelletant.fr\/blog\/montez-dans-le-bus-creation-dentreprise\/","url":"https:\/\/francois-pelletant.fr\/blog\/montez-dans-le-bus-creation-dentreprise\/","name":"Montez dans le Bus de la cr\u00e9ation d\u2019entreprise - Fran\u00e7ois Pelletant","isPartOf":{"@id":"https:\/\/francois-pelletant.fr\/blog\/#website"},"primaryImageOfPage":{"@id":"https:\/\/francois-pelletant.fr\/blog\/montez-dans-le-bus-creation-dentreprise\/#primaryimage"},"image":{"@id":"https:\/\/francois-pelletant.fr\/blog\/montez-dans-le-bus-creation-dentreprise\/#primaryimage"},"thumbnailUrl":"https:\/\/francois-pelletant.fr\/blog\/wp-content\/uploads\/2016\/06\/bus-creation-scaled.jpg","datePublished":"2016-06-09T08:27:03+00:00","dateModified":"2017-02-16T09:17:29+00:00","description":"Le dispositif du Bus R\u00e9gional de Cr\u00e9ation d'entreprise circulera dans nos communes pour sensibiliser les habitants \u00e0 l'entreprenariat.","breadcrumb":{"@id":"https:\/\/francois-pelletant.fr\/blog\/montez-dans-le-bus-creation-dentreprise\/#breadcrumb"},"inLanguage":"fr-FR","potentialAction":[{"@type":"ReadAction","target":["https:\/\/francois-pelletant.fr\/blog\/montez-dans-le-bus-creation-dentreprise\/"]}]},{"@type":"ImageObject","inLanguage":"fr-FR","@id":"https:\/\/francois-pelletant.fr\/blog\/montez-dans-le-bus-creation-dentreprise\/#primaryimage","url":"https:\/\/francois-pelletant.fr\/blog\/wp-content\/uploads\/2016\/06\/bus-creation-scaled.jpg","contentUrl":"https:\/\/francois-pelletant.fr\/blog\/wp-content\/uploads\/2016\/06\/bus-creation-scaled.jpg","width":1707,"height":2560},{"@type":"BreadcrumbList","@id":"https:\/\/francois-pelletant.fr\/blog\/montez-dans-le-bus-creation-dentreprise\/#breadcrumb","itemListElement":[{"@type":"ListItem","position":1,"name":"Accueil","item":"https:\/\/francois-pelletant.fr\/blog\/"},{"@type":"ListItem","position":2,"name":"Montez dans le Bus de la cr\u00e9ation d\u2019entreprise"}]},{"@type":"WebSite","@id":"https:\/\/francois-pelletant.fr\/blog\/#website","url":"https:\/\/francois-pelletant.fr\/blog\/","name":"Fran\u00e7ois Pelletant","description":"Maire de Linas, pour toujours.","publisher":{"@id":"https:\/\/francois-pelletant.fr\/blog\/#organization"},"potentialAction":[{"@type":"SearchAction","target":{"@type":"EntryPoint","urlTemplate":"https:\/\/francois-pelletant.fr\/blog\/?s={search_term_string}"},"query-input":{"@type":"PropertyValueSpecification","valueRequired":true,"valueName":"search_term_string"}}],"inLanguage":"fr-FR"},{"@type":"Organization","@id":"https:\/\/francois-pelletant.fr\/blog\/#organization","name":"Fran\u00e7ois Pelletant","url":"https:\/\/francois-pelletant.fr\/blog\/","logo":{"@type":"ImageObject","inLanguage":"fr-FR","@id":"https:\/\/francois-pelletant.fr\/blog\/#\/schema\/logo\/image\/","url":"https:\/\/francois-pelletant.fr\/blog\/wp-content\/uploads\/2024\/07\/icone-francois-centre-500p.png","contentUrl":"https:\/\/francois-pelletant.fr\/blog\/wp-content\/uploads\/2024\/07\/icone-francois-centre-500p.png","width":559,"height":447,"caption":"Fran\u00e7ois Pelletant"},"image":{"@id":"https:\/\/francois-pelletant.fr\/blog\/#\/schema\/logo\/image\/"},"sameAs":["https:\/\/www.facebook.com\/francois.pelletant.7","https:\/\/x.com\/pelletant"]},{"@type":"Person","@id":"https:\/\/francois-pelletant.fr\/blog\/#\/schema\/person\/2be41acb171dff8f31aaed1f40cee9f3","name":"Francois"}]}},"_links":{"self":[{"href":"https:\/\/francois-pelletant.fr\/blog\/wp-json\/wp\/v2\/posts\/7304","targetHints":{"allow":["GET"]}}],"collection":[{"href":"https:\/\/francois-pelletant.fr\/blog\/wp-json\/wp\/v2\/posts"}],"about":[{"href":"https:\/\/francois-pelletant.fr\/blog\/wp-json\/wp\/v2\/types\/post"}],"author":[{"embeddable":true,"href":"https:\/\/francois-pelletant.fr\/blog\/wp-json\/wp\/v2\/users\/1"}],"replies":[{"embeddable":true,"href":"https:\/\/francois-pelletant.fr\/blog\/wp-json\/wp\/v2\/comments?post=7304"}],"version-history":[{"count":0,"href":"https:\/\/francois-pelletant.fr\/blog\/wp-json\/wp\/v2\/posts\/7304\/revisions"}],"wp:featuredmedia":[{"embeddable":true,"href":"https:\/\/francois-pelletant.fr\/blog\/wp-json\/wp\/v2\/media\/7305"}],"wp:attachment":[{"href":"https:\/\/francois-pelletant.fr\/blog\/wp-json\/wp\/v2\/media?parent=7304"}],"wp:term":[{"taxonomy":"category","embeddable":true,"href":"https:\/\/francois-pelletant.fr\/blog\/wp-json\/wp\/v2\/categories?post=7304"},{"taxonomy":"post_tag","embeddable":true,"href":"https:\/\/francois-pelletant.fr\/blog\/wp-json\/wp\/v2\/tags?post=7304"}],"curies":[{"name":"wp","href":"https:\/\/api.w.org\/{rel}","templated":true}]}}