{"id":7328,"date":"2016-06-15T07:45:28","date_gmt":"2016-06-15T07:45:28","guid":{"rendered":"https:\/\/francois-pelletant.fr\/blog\/?p=7328"},"modified":"2017-04-14T14:25:21","modified_gmt":"2017-04-14T14:25:21","slug":"gare-aux-moustiques","status":"publish","type":"post","link":"https:\/\/francois-pelletant.fr\/blog\/gare-aux-moustiques\/","title":{"rendered":"Gare aux moustiques !"},"content":{"rendered":"<h1><img loading=\"lazy\" decoding=\"async\" class=\"alignleft wp-image-7329 size-full\" src=\"https:\/\/francois-pelletant.fr\/blog\/wp-content\/uploads\/2016\/06\/moustique.jpg\" alt=\"invasions-de-moustiques\" width=\"256\" height=\"183\" \/>Les moustiques envahissent notre d\u00e9partement.<\/h1>\n<p>Suite aux inondations de nombreuses poches d&#8217;eau subsistent, des prolif\u00e9rations de moustiques sont possibles dans tout le d\u00e9partement. Pour limiter leur \u00e9ventuelle multiplication, le <a href=\"http:\/\/syndicatdelorge.fr\/\" target=\"_blank\" rel=\"nofollow\">Syndicat de l&#8217;Orge<\/a> va donc traiter le parc du Perray \u00e0 SainteGenevi\u00e8ve-des-Bois, le bois de Villiers-sur-Orge vers le skate park et la zone humide de Longpont-sur- Orge.<br \/>\n<strong>Les causes de prolif\u00e9ration<\/strong><br \/>\nLe moustique a besoin de chaleur et \u00e9galement d&#8217;humidit\u00e9 pour se reproduire. Au printemps et \u00e0 la fin de l&#8217;\u00e9t\u00e9, environ trois semaines\u00a0lui sont alors n\u00e9cessaires pour atteindre l&#8217;\u00e9tat adulte apr\u00e8s la ponte des \u0153ufs. En revanche, en p\u00e9riode de forte chaleur, 10 jours \u00a0seulement suffisent alors pour faire \u00e9merger un insecte adulte.<br \/>\nLes moustiques se reproduisent dans de l&#8217;eau stagnante. En zone naturelle, les poches d&#8217;eau de reproduction se situent au\u00a0niveau des zones d&#8217;inondations et \u00e9galement des micro-volumes d&#8217;eau tels que le creux de troncs d&#8217;arbres, de feuilles, de plastiques et\u00a0autre excavations.<\/p>\n<p>&nbsp;<\/p>\n<p>En revanche, le moustique ne se reproduit pas dans les eaux courantes (Orge et Bo\u00eblles), ni dans les mares permanentes\u00a0o\u00f9 bon nombre de pr\u00e9dateurs suffisent \u00e0 les \u00e9liminer (poissons, batraciens, larves d&#8217;insectes &#8230;).<br \/>\nAu niveau des zones urbaines (pavillons, immeubles), le moustique se reproduit facilement dans toutes les poches d&#8217;eau\u00a0pr\u00e9sentes, comme les r\u00e9cipients, les r\u00e9cup\u00e9rateurs d&#8217;eau de pluie, les goutti\u00e8res mal ass\u00e9ch\u00e9es en passant \u00e9galement par les pots de\u00a0fleurs, les sacs, les pneus, les regards d&#8217;eaux pluviales ou les descentes de goutti\u00e8res.<\/p>\n<p><strong>Comment lutter contre le moustique ?<\/strong><\/p>\n<p>Deux m\u00e9thodes de lutte contre le d\u00e9veloppement des moustiques sont pr\u00e9conis\u00e9es par les organismes de d\u00e9moustication.<\/p>\n<h5>\n&#8211; la suppression syst\u00e9matique des eaux temporaires et des poches d&#8217;eaux :<\/h5>\n<p>Lutter efficacement contre les moustiques implique l&#8217;\u00e9limination des eaux stagnantes (flaques r\u00e9siduelles, retournement\u00a0des r\u00e9cipients, enl\u00e8vement des d\u00e9chets plastiques, suppression des soucoupes de pots en p\u00e9riode humide, &#8230;), le bouchage\u00a0des orifices conduisant \u00e0 des eaux stagnantes (pieds de goutti\u00e8res, orifices de fosses, couvertures des r\u00e9cup\u00e9rateurs d&#8217;eau<br \/>\nde pluie) et pour les r\u00e9cipients en eau, une vidange compl\u00e8te tous les 5 jours afin d&#8217;\u00e9viter un cycle de reproduction\u00a0complet.<\/p>\n<h6>\n&#8211; le traitement contre les moustiques :<\/h6>\n<p>Sachant que les traitements chimiques sont interdits dans les espaces publics naturels. Le traitement contre les moustiques\u00a0est alors bas\u00e9 sur l&#8217;utilisation d&#8217;un produit biologique, appel\u00e9 le bacille de Thuringe. Il est homologu\u00e9 pour d\u00e9truire les larves de\u00a0moustiques. Ce traitement ne touche que les larves aquatiques et non les adultes. Il s&#8217;agit donc de traiter les poches d&#8217;eau\u00a0et les eaux stagnantes susceptibles d&#8217;\u00eatre utilis\u00e9es pour la ponte. Les traitements se font apr\u00e8s un examen du terrain<br \/>\npermettant d&#8217;identifier les g\u00eetes larvaires. Ce produit se trouve uniquement aupr\u00e8s des professionnels.<\/p>\n<p><strong>Comment se prot\u00e9ger des moustiques ?<\/strong><\/p>\n<p>&#8211; prot\u00e9ger son habitation ou certaines pi\u00e8ces avec des diffuseurs r\u00e9pulsifs voire des moustiquaires<br \/>\n&#8211; ne pas ouvrir son habitation lorsque l&#8217;activit\u00e9 des moustiques est au plus fort \u00e0 savoir, au lever et au coucher du\u00a0soleil,<br \/>\n&#8211; se prot\u00e9ger en utilisant des cr\u00e8mes r\u00e9pulsives et des v\u00eatements couvrants dans les zones \u00e0 forte prolif\u00e9ration.<\/p>\n","protected":false},"excerpt":{"rendered":"<p>Les moustiques envahissent notre d\u00e9partement. Suite aux inondations de nombreuses poches d&#8217;eau subsistent, des prolif\u00e9rations de moustiques sont possibles dans tout le d\u00e9partement. Pour limiter leur \u00e9ventuelle multiplication, le Syndicat de l&#8217;Orge va donc traiter le parc du Perray \u00e0 SainteGenevi\u00e8ve-des-Bois, le bois de Villiers-sur-Orge vers le skate park et la zone humide de Longpont-sur- [&hellip;]<\/p>\n","protected":false},"author":1,"featured_media":7329,"comment_status":"open","ping_status":"closed","sticky":false,"template":"","format":"standard","meta":{"footnotes":""},"categories":[6],"tags":[173,49,155,30,123,235,48,236],"class_list":["post-7328","post","type-post","status-publish","format-standard","has-post-thumbnail","hentry","category-environnement","tag-departement-de-lessonne","tag-essonne","tag-francois-pelletant","tag-linas","tag-moustique","tag-moustiques","tag-pelletant","tag-syndical-de-lorge"],"yoast_head":"<!-- This site is optimized with the Yoast SEO plugin v25.6 - https:\/\/yoast.com\/wordpress\/plugins\/seo\/ -->\n<title>Gare aux moustiques dans tout le d\u00e9partement ! - Fran\u00e7ois Pelletant<\/title>\n<meta name=\"description\" content=\"Suite \u00e0 l&#039;\u00e9ventuelle multiplication de moustiques dans notre d\u00e9partement, nous vous expliquons comment lutter et se prot\u00e9ger des moustiques.\" \/>\n<meta name=\"robots\" content=\"index, follow, max-snippet:-1, max-image-preview:large, max-video-preview:-1\" \/>\n<link rel=\"canonical\" href=\"https:\/\/francois-pelletant.fr\/blog\/gare-aux-moustiques\/\" \/>\n<meta property=\"og:locale\" content=\"fr_FR\" \/>\n<meta property=\"og:type\" content=\"article\" \/>\n<meta property=\"og:title\" content=\"Gare aux moustiques dans tout le d\u00e9partement ! - Fran\u00e7ois Pelletant\" \/>\n<meta property=\"og:description\" content=\"Suite \u00e0 l&#039;\u00e9ventuelle multiplication de moustiques dans notre d\u00e9partement, nous vous expliquons comment lutter et se prot\u00e9ger des moustiques.\" \/>\n<meta property=\"og:url\" content=\"https:\/\/francois-pelletant.fr\/blog\/gare-aux-moustiques\/\" \/>\n<meta property=\"og:site_name\" content=\"Fran\u00e7ois Pelletant\" \/>\n<meta property=\"article:publisher\" content=\"https:\/\/www.facebook.com\/francois.pelletant.7\" \/>\n<meta property=\"article:published_time\" content=\"2016-06-15T07:45:28+00:00\" \/>\n<meta property=\"article:modified_time\" content=\"2017-04-14T14:25:21+00:00\" \/>\n<meta property=\"og:image\" content=\"https:\/\/francois-pelletant.fr\/blog\/wp-content\/uploads\/2016\/06\/moustique.jpg\" \/>\n\t<meta property=\"og:image:width\" content=\"256\" \/>\n\t<meta property=\"og:image:height\" content=\"183\" \/>\n\t<meta property=\"og:image:type\" content=\"image\/jpeg\" \/>\n<meta name=\"author\" content=\"Francois\" \/>\n<meta name=\"twitter:card\" content=\"summary_large_image\" \/>\n<meta name=\"twitter:creator\" content=\"@pelletant\" \/>\n<meta name=\"twitter:site\" content=\"@pelletant\" \/>\n<meta name=\"twitter:label1\" content=\"\u00c9crit par\" \/>\n\t<meta name=\"twitter:data1\" content=\"Francois\" \/>\n\t<meta name=\"twitter:label2\" content=\"Dur\u00e9e de lecture estim\u00e9e\" \/>\n\t<meta name=\"twitter:data2\" content=\"3 minutes\" \/>\n<script type=\"application\/ld+json\" class=\"yoast-schema-graph\">{\"@context\":\"https:\/\/schema.org\",\"@graph\":[{\"@type\":\"Article\",\"@id\":\"https:\/\/francois-pelletant.fr\/blog\/gare-aux-moustiques\/#article\",\"isPartOf\":{\"@id\":\"https:\/\/francois-pelletant.fr\/blog\/gare-aux-moustiques\/\"},\"author\":{\"name\":\"Francois\",\"@id\":\"https:\/\/francois-pelletant.fr\/blog\/#\/schema\/person\/2be41acb171dff8f31aaed1f40cee9f3\"},\"headline\":\"Gare aux moustiques !\",\"datePublished\":\"2016-06-15T07:45:28+00:00\",\"dateModified\":\"2017-04-14T14:25:21+00:00\",\"mainEntityOfPage\":{\"@id\":\"https:\/\/francois-pelletant.fr\/blog\/gare-aux-moustiques\/\"},\"wordCount\":566,\"commentCount\":0,\"publisher\":{\"@id\":\"https:\/\/francois-pelletant.fr\/blog\/#organization\"},\"image\":{\"@id\":\"https:\/\/francois-pelletant.fr\/blog\/gare-aux-moustiques\/#primaryimage\"},\"thumbnailUrl\":\"https:\/\/francois-pelletant.fr\/blog\/wp-content\/uploads\/2016\/06\/moustique.jpg\",\"keywords\":[\"d\u00e9partement de l'essonne\",\"Essonne\",\"fran\u00e7ois pelletant\",\"Linas\",\"moustique\",\"moustiques\",\"pelletant\",\"syndical de l'orge\"],\"articleSection\":[\"Environnement\"],\"inLanguage\":\"fr-FR\",\"potentialAction\":[{\"@type\":\"CommentAction\",\"name\":\"Comment\",\"target\":[\"https:\/\/francois-pelletant.fr\/blog\/gare-aux-moustiques\/#respond\"]}]},{\"@type\":\"WebPage\",\"@id\":\"https:\/\/francois-pelletant.fr\/blog\/gare-aux-moustiques\/\",\"url\":\"https:\/\/francois-pelletant.fr\/blog\/gare-aux-moustiques\/\",\"name\":\"Gare aux moustiques dans tout le d\u00e9partement ! - Fran\u00e7ois Pelletant\",\"isPartOf\":{\"@id\":\"https:\/\/francois-pelletant.fr\/blog\/#website\"},\"primaryImageOfPage\":{\"@id\":\"https:\/\/francois-pelletant.fr\/blog\/gare-aux-moustiques\/#primaryimage\"},\"image\":{\"@id\":\"https:\/\/francois-pelletant.fr\/blog\/gare-aux-moustiques\/#primaryimage\"},\"thumbnailUrl\":\"https:\/\/francois-pelletant.fr\/blog\/wp-content\/uploads\/2016\/06\/moustique.jpg\",\"datePublished\":\"2016-06-15T07:45:28+00:00\",\"dateModified\":\"2017-04-14T14:25:21+00:00\",\"description\":\"Suite \u00e0 l'\u00e9ventuelle multiplication de moustiques dans notre d\u00e9partement, nous vous expliquons comment lutter et se prot\u00e9ger des moustiques.\",\"breadcrumb\":{\"@id\":\"https:\/\/francois-pelletant.fr\/blog\/gare-aux-moustiques\/#breadcrumb\"},\"inLanguage\":\"fr-FR\",\"potentialAction\":[{\"@type\":\"ReadAction\",\"target\":[\"https:\/\/francois-pelletant.fr\/blog\/gare-aux-moustiques\/\"]}]},{\"@type\":\"ImageObject\",\"inLanguage\":\"fr-FR\",\"@id\":\"https:\/\/francois-pelletant.fr\/blog\/gare-aux-moustiques\/#primaryimage\",\"url\":\"https:\/\/francois-pelletant.fr\/blog\/wp-content\/uploads\/2016\/06\/moustique.jpg\",\"contentUrl\":\"https:\/\/francois-pelletant.fr\/blog\/wp-content\/uploads\/2016\/06\/moustique.jpg\",\"width\":256,\"height\":183},{\"@type\":\"BreadcrumbList\",\"@id\":\"https:\/\/francois-pelletant.fr\/blog\/gare-aux-moustiques\/#breadcrumb\",\"itemListElement\":[{\"@type\":\"ListItem\",\"position\":1,\"name\":\"Accueil\",\"item\":\"https:\/\/francois-pelletant.fr\/blog\/\"},{\"@type\":\"ListItem\",\"position\":2,\"name\":\"Gare aux moustiques !\"}]},{\"@type\":\"WebSite\",\"@id\":\"https:\/\/francois-pelletant.fr\/blog\/#website\",\"url\":\"https:\/\/francois-pelletant.fr\/blog\/\",\"name\":\"Fran\u00e7ois Pelletant\",\"description\":\"Maire de Linas, pour toujours.\",\"publisher\":{\"@id\":\"https:\/\/francois-pelletant.fr\/blog\/#organization\"},\"potentialAction\":[{\"@type\":\"SearchAction\",\"target\":{\"@type\":\"EntryPoint\",\"urlTemplate\":\"https:\/\/francois-pelletant.fr\/blog\/?s={search_term_string}\"},\"query-input\":{\"@type\":\"PropertyValueSpecification\",\"valueRequired\":true,\"valueName\":\"search_term_string\"}}],\"inLanguage\":\"fr-FR\"},{\"@type\":\"Organization\",\"@id\":\"https:\/\/francois-pelletant.fr\/blog\/#organization\",\"name\":\"Fran\u00e7ois Pelletant\",\"url\":\"https:\/\/francois-pelletant.fr\/blog\/\",\"logo\":{\"@type\":\"ImageObject\",\"inLanguage\":\"fr-FR\",\"@id\":\"https:\/\/francois-pelletant.fr\/blog\/#\/schema\/logo\/image\/\",\"url\":\"https:\/\/francois-pelletant.fr\/blog\/wp-content\/uploads\/2024\/07\/icone-francois-centre-500p.png\",\"contentUrl\":\"https:\/\/francois-pelletant.fr\/blog\/wp-content\/uploads\/2024\/07\/icone-francois-centre-500p.png\",\"width\":559,\"height\":447,\"caption\":\"Fran\u00e7ois Pelletant\"},\"image\":{\"@id\":\"https:\/\/francois-pelletant.fr\/blog\/#\/schema\/logo\/image\/\"},\"sameAs\":[\"https:\/\/www.facebook.com\/francois.pelletant.7\",\"https:\/\/x.com\/pelletant\"]},{\"@type\":\"Person\",\"@id\":\"https:\/\/francois-pelletant.fr\/blog\/#\/schema\/person\/2be41acb171dff8f31aaed1f40cee9f3\",\"name\":\"Francois\"}]}<\/script>\n<!-- \/ Yoast SEO plugin. -->","yoast_head_json":{"title":"Gare aux moustiques dans tout le d\u00e9partement ! - Fran\u00e7ois Pelletant","description":"Suite \u00e0 l'\u00e9ventuelle multiplication de moustiques dans notre d\u00e9partement, nous vous expliquons comment lutter et se prot\u00e9ger des moustiques.","robots":{"index":"index","follow":"follow","max-snippet":"max-snippet:-1","max-image-preview":"max-image-preview:large","max-video-preview":"max-video-preview:-1"},"canonical":"https:\/\/francois-pelletant.fr\/blog\/gare-aux-moustiques\/","og_locale":"fr_FR","og_type":"article","og_title":"Gare aux moustiques dans tout le d\u00e9partement ! - Fran\u00e7ois Pelletant","og_description":"Suite \u00e0 l'\u00e9ventuelle multiplication de moustiques dans notre d\u00e9partement, nous vous expliquons comment lutter et se prot\u00e9ger des moustiques.","og_url":"https:\/\/francois-pelletant.fr\/blog\/gare-aux-moustiques\/","og_site_name":"Fran\u00e7ois Pelletant","article_publisher":"https:\/\/www.facebook.com\/francois.pelletant.7","article_published_time":"2016-06-15T07:45:28+00:00","article_modified_time":"2017-04-14T14:25:21+00:00","og_image":[{"width":256,"height":183,"url":"https:\/\/francois-pelletant.fr\/blog\/wp-content\/uploads\/2016\/06\/moustique.jpg","type":"image\/jpeg"}],"author":"Francois","twitter_card":"summary_large_image","twitter_creator":"@pelletant","twitter_site":"@pelletant","twitter_misc":{"\u00c9crit par":"Francois","Dur\u00e9e de lecture estim\u00e9e":"3 minutes"},"schema":{"@context":"https:\/\/schema.org","@graph":[{"@type":"Article","@id":"https:\/\/francois-pelletant.fr\/blog\/gare-aux-moustiques\/#article","isPartOf":{"@id":"https:\/\/francois-pelletant.fr\/blog\/gare-aux-moustiques\/"},"author":{"name":"Francois","@id":"https:\/\/francois-pelletant.fr\/blog\/#\/schema\/person\/2be41acb171dff8f31aaed1f40cee9f3"},"headline":"Gare aux moustiques !","datePublished":"2016-06-15T07:45:28+00:00","dateModified":"2017-04-14T14:25:21+00:00","mainEntityOfPage":{"@id":"https:\/\/francois-pelletant.fr\/blog\/gare-aux-moustiques\/"},"wordCount":566,"commentCount":0,"publisher":{"@id":"https:\/\/francois-pelletant.fr\/blog\/#organization"},"image":{"@id":"https:\/\/francois-pelletant.fr\/blog\/gare-aux-moustiques\/#primaryimage"},"thumbnailUrl":"https:\/\/francois-pelletant.fr\/blog\/wp-content\/uploads\/2016\/06\/moustique.jpg","keywords":["d\u00e9partement de l'essonne","Essonne","fran\u00e7ois pelletant","Linas","moustique","moustiques","pelletant","syndical de l'orge"],"articleSection":["Environnement"],"inLanguage":"fr-FR","potentialAction":[{"@type":"CommentAction","name":"Comment","target":["https:\/\/francois-pelletant.fr\/blog\/gare-aux-moustiques\/#respond"]}]},{"@type":"WebPage","@id":"https:\/\/francois-pelletant.fr\/blog\/gare-aux-moustiques\/","url":"https:\/\/francois-pelletant.fr\/blog\/gare-aux-moustiques\/","name":"Gare aux moustiques dans tout le d\u00e9partement ! - Fran\u00e7ois Pelletant","isPartOf":{"@id":"https:\/\/francois-pelletant.fr\/blog\/#website"},"primaryImageOfPage":{"@id":"https:\/\/francois-pelletant.fr\/blog\/gare-aux-moustiques\/#primaryimage"},"image":{"@id":"https:\/\/francois-pelletant.fr\/blog\/gare-aux-moustiques\/#primaryimage"},"thumbnailUrl":"https:\/\/francois-pelletant.fr\/blog\/wp-content\/uploads\/2016\/06\/moustique.jpg","datePublished":"2016-06-15T07:45:28+00:00","dateModified":"2017-04-14T14:25:21+00:00","description":"Suite \u00e0 l'\u00e9ventuelle multiplication de moustiques dans notre d\u00e9partement, nous vous expliquons comment lutter et se prot\u00e9ger des moustiques.","breadcrumb":{"@id":"https:\/\/francois-pelletant.fr\/blog\/gare-aux-moustiques\/#breadcrumb"},"inLanguage":"fr-FR","potentialAction":[{"@type":"ReadAction","target":["https:\/\/francois-pelletant.fr\/blog\/gare-aux-moustiques\/"]}]},{"@type":"ImageObject","inLanguage":"fr-FR","@id":"https:\/\/francois-pelletant.fr\/blog\/gare-aux-moustiques\/#primaryimage","url":"https:\/\/francois-pelletant.fr\/blog\/wp-content\/uploads\/2016\/06\/moustique.jpg","contentUrl":"https:\/\/francois-pelletant.fr\/blog\/wp-content\/uploads\/2016\/06\/moustique.jpg","width":256,"height":183},{"@type":"BreadcrumbList","@id":"https:\/\/francois-pelletant.fr\/blog\/gare-aux-moustiques\/#breadcrumb","itemListElement":[{"@type":"ListItem","position":1,"name":"Accueil","item":"https:\/\/francois-pelletant.fr\/blog\/"},{"@type":"ListItem","position":2,"name":"Gare aux moustiques !"}]},{"@type":"WebSite","@id":"https:\/\/francois-pelletant.fr\/blog\/#website","url":"https:\/\/francois-pelletant.fr\/blog\/","name":"Fran\u00e7ois Pelletant","description":"Maire de Linas, pour toujours.","publisher":{"@id":"https:\/\/francois-pelletant.fr\/blog\/#organization"},"potentialAction":[{"@type":"SearchAction","target":{"@type":"EntryPoint","urlTemplate":"https:\/\/francois-pelletant.fr\/blog\/?s={search_term_string}"},"query-input":{"@type":"PropertyValueSpecification","valueRequired":true,"valueName":"search_term_string"}}],"inLanguage":"fr-FR"},{"@type":"Organization","@id":"https:\/\/francois-pelletant.fr\/blog\/#organization","name":"Fran\u00e7ois Pelletant","url":"https:\/\/francois-pelletant.fr\/blog\/","logo":{"@type":"ImageObject","inLanguage":"fr-FR","@id":"https:\/\/francois-pelletant.fr\/blog\/#\/schema\/logo\/image\/","url":"https:\/\/francois-pelletant.fr\/blog\/wp-content\/uploads\/2024\/07\/icone-francois-centre-500p.png","contentUrl":"https:\/\/francois-pelletant.fr\/blog\/wp-content\/uploads\/2024\/07\/icone-francois-centre-500p.png","width":559,"height":447,"caption":"Fran\u00e7ois Pelletant"},"image":{"@id":"https:\/\/francois-pelletant.fr\/blog\/#\/schema\/logo\/image\/"},"sameAs":["https:\/\/www.facebook.com\/francois.pelletant.7","https:\/\/x.com\/pelletant"]},{"@type":"Person","@id":"https:\/\/francois-pelletant.fr\/blog\/#\/schema\/person\/2be41acb171dff8f31aaed1f40cee9f3","name":"Francois"}]}},"_links":{"self":[{"href":"https:\/\/francois-pelletant.fr\/blog\/wp-json\/wp\/v2\/posts\/7328","targetHints":{"allow":["GET"]}}],"collection":[{"href":"https:\/\/francois-pelletant.fr\/blog\/wp-json\/wp\/v2\/posts"}],"about":[{"href":"https:\/\/francois-pelletant.fr\/blog\/wp-json\/wp\/v2\/types\/post"}],"author":[{"embeddable":true,"href":"https:\/\/francois-pelletant.fr\/blog\/wp-json\/wp\/v2\/users\/1"}],"replies":[{"embeddable":true,"href":"https:\/\/francois-pelletant.fr\/blog\/wp-json\/wp\/v2\/comments?post=7328"}],"version-history":[{"count":0,"href":"https:\/\/francois-pelletant.fr\/blog\/wp-json\/wp\/v2\/posts\/7328\/revisions"}],"wp:featuredmedia":[{"embeddable":true,"href":"https:\/\/francois-pelletant.fr\/blog\/wp-json\/wp\/v2\/media\/7329"}],"wp:attachment":[{"href":"https:\/\/francois-pelletant.fr\/blog\/wp-json\/wp\/v2\/media?parent=7328"}],"wp:term":[{"taxonomy":"category","embeddable":true,"href":"https:\/\/francois-pelletant.fr\/blog\/wp-json\/wp\/v2\/categories?post=7328"},{"taxonomy":"post_tag","embeddable":true,"href":"https:\/\/francois-pelletant.fr\/blog\/wp-json\/wp\/v2\/tags?post=7328"}],"curies":[{"name":"wp","href":"https:\/\/api.w.org\/{rel}","templated":true}]}}