{"id":7343,"date":"2016-06-19T08:23:45","date_gmt":"2016-06-19T08:23:45","guid":{"rendered":"https:\/\/francois-pelletant.fr\/blog\/?p=7343"},"modified":"2016-06-17T07:24:01","modified_gmt":"2016-06-17T07:24:01","slug":"les-meilleurs-dessins-de-la-semaine-9","status":"publish","type":"post","link":"https:\/\/francois-pelletant.fr\/blog\/les-meilleurs-dessins-de-la-semaine-9\/","title":{"rendered":"Les meilleurs dessins de la semaine"},"content":{"rendered":"<figure id=\"attachment_7344\" aria-describedby=\"caption-attachment-7344\" style=\"width: 300px\" class=\"wp-caption alignleft\"><img loading=\"lazy\" decoding=\"async\" class=\"size-medium wp-image-7344\" src=\"https:\/\/francois-pelletant.fr\/blog\/wp-content\/uploads\/2016\/06\/Ix\u00e8ne-15-juin-300x292.jpg\" alt=\"Ix\u00e8ne 15 juin\" width=\"300\" height=\"292\" srcset=\"https:\/\/francois-pelletant.fr\/blog\/wp-content\/uploads\/2016\/06\/Ix\u00e8ne-15-juin-300x292.jpg 300w, https:\/\/francois-pelletant.fr\/blog\/wp-content\/uploads\/2016\/06\/Ix\u00e8ne-15-juin-768x747.jpg 768w, https:\/\/francois-pelletant.fr\/blog\/wp-content\/uploads\/2016\/06\/Ix\u00e8ne-15-juin-600x584.jpg 600w, https:\/\/francois-pelletant.fr\/blog\/wp-content\/uploads\/2016\/06\/Ix\u00e8ne-15-juin.jpg 960w\" sizes=\"auto, (max-width: 300px) 100vw, 300px\" \/><figcaption id=\"caption-attachment-7344\" class=\"wp-caption-text\">Ix\u00e8ne 15 juin<\/figcaption><\/figure>\n<p>La gr\u00e8ve et les manifs, l&#8217;Euro 2016, les attaques terroristes en France et aux Etats-Unis, le d\u00e9but des \u00e9preuves du bac&#8230; Je vous propose de faire un tour de l&#8217;actualit\u00e9 au travers des dessins de presse.<\/p>\n<p>&nbsp;<\/p>\n<figure id=\"attachment_7345\" aria-describedby=\"caption-attachment-7345\" style=\"width: 238px\" class=\"wp-caption aligncenter\"><img loading=\"lazy\" decoding=\"async\" class=\"size-medium wp-image-7345\" src=\"https:\/\/francois-pelletant.fr\/blog\/wp-content\/uploads\/2016\/06\/Charlie-hebdo-15-juin-238x300.jpeg\" alt=\"Charlie hebdo 15 juin\" width=\"238\" height=\"300\" srcset=\"https:\/\/francois-pelletant.fr\/blog\/wp-content\/uploads\/2016\/06\/Charlie-hebdo-15-juin-238x300.jpeg 238w, https:\/\/francois-pelletant.fr\/blog\/wp-content\/uploads\/2016\/06\/Charlie-hebdo-15-juin-768x966.jpeg 768w, https:\/\/francois-pelletant.fr\/blog\/wp-content\/uploads\/2016\/06\/Charlie-hebdo-15-juin-600x755.jpeg 600w, https:\/\/francois-pelletant.fr\/blog\/wp-content\/uploads\/2016\/06\/Charlie-hebdo-15-juin.jpeg 814w\" sizes=\"auto, (max-width: 238px) 100vw, 238px\" \/><figcaption id=\"caption-attachment-7345\" class=\"wp-caption-text\">Charlie hebdo 15 juin<\/figcaption><\/figure>\n<p>&nbsp;<\/p>\n<figure id=\"attachment_7346\" aria-describedby=\"caption-attachment-7346\" style=\"width: 300px\" class=\"wp-caption aligncenter\"><img loading=\"lazy\" decoding=\"async\" class=\"size-medium wp-image-7346\" src=\"https:\/\/francois-pelletant.fr\/blog\/wp-content\/uploads\/2016\/06\/Le-canard-enchain\u00e9-15-juin-2016-300x252.jpg\" alt=\"Le canard enchain\u00e9 15 juin 2016\" width=\"300\" height=\"252\" srcset=\"https:\/\/francois-pelletant.fr\/blog\/wp-content\/uploads\/2016\/06\/Le-canard-enchain\u00e9-15-juin-2016-300x252.jpg 300w, https:\/\/francois-pelletant.fr\/blog\/wp-content\/uploads\/2016\/06\/Le-canard-enchain\u00e9-15-juin-2016-1024x859.jpg 1024w, https:\/\/francois-pelletant.fr\/blog\/wp-content\/uploads\/2016\/06\/Le-canard-enchain\u00e9-15-juin-2016-768x645.jpg 768w, https:\/\/francois-pelletant.fr\/blog\/wp-content\/uploads\/2016\/06\/Le-canard-enchain\u00e9-15-juin-2016-600x504.jpg 600w, https:\/\/francois-pelletant.fr\/blog\/wp-content\/uploads\/2016\/06\/Le-canard-enchain\u00e9-15-juin-2016-1536x1289.jpg 1536w, https:\/\/francois-pelletant.fr\/blog\/wp-content\/uploads\/2016\/06\/Le-canard-enchain\u00e9-15-juin-2016-2048x1719.jpg 2048w\" sizes=\"auto, (max-width: 300px) 100vw, 300px\" \/><figcaption id=\"caption-attachment-7346\" class=\"wp-caption-text\">Le canard enchain\u00e9 15 juin 2016<\/figcaption><\/figure>\n<p>&nbsp;<\/p>\n<figure id=\"attachment_7347\" aria-describedby=\"caption-attachment-7347\" style=\"width: 300px\" class=\"wp-caption aligncenter\"><img loading=\"lazy\" decoding=\"async\" class=\"size-medium wp-image-7347\" src=\"https:\/\/francois-pelletant.fr\/blog\/wp-content\/uploads\/2016\/06\/Le-canard-enchain\u00e9-15-juin-300x252.jpg\" alt=\"Le canard enchain\u00e9 15 juin 2016\" width=\"300\" height=\"252\" srcset=\"https:\/\/francois-pelletant.fr\/blog\/wp-content\/uploads\/2016\/06\/Le-canard-enchain\u00e9-15-juin-300x252.jpg 300w, https:\/\/francois-pelletant.fr\/blog\/wp-content\/uploads\/2016\/06\/Le-canard-enchain\u00e9-15-juin-1024x861.jpg 1024w, https:\/\/francois-pelletant.fr\/blog\/wp-content\/uploads\/2016\/06\/Le-canard-enchain\u00e9-15-juin-768x646.jpg 768w, https:\/\/francois-pelletant.fr\/blog\/wp-content\/uploads\/2016\/06\/Le-canard-enchain\u00e9-15-juin-600x505.jpg 600w, https:\/\/francois-pelletant.fr\/blog\/wp-content\/uploads\/2016\/06\/Le-canard-enchain\u00e9-15-juin-1536x1292.jpg 1536w, https:\/\/francois-pelletant.fr\/blog\/wp-content\/uploads\/2016\/06\/Le-canard-enchain\u00e9-15-juin-2048x1723.jpg 2048w\" sizes=\"auto, (max-width: 300px) 100vw, 300px\" \/><figcaption id=\"caption-attachment-7347\" class=\"wp-caption-text\">Le canard enchain\u00e9 15 juin 2016<\/figcaption><\/figure>\n<p>&nbsp;<\/p>\n<figure id=\"attachment_7348\" aria-describedby=\"caption-attachment-7348\" style=\"width: 300px\" class=\"wp-caption aligncenter\"><img loading=\"lazy\" decoding=\"async\" class=\"size-medium wp-image-7348\" src=\"https:\/\/francois-pelletant.fr\/blog\/wp-content\/uploads\/2016\/06\/Le-courrier-picard-15-juin-300x254.jpg\" alt=\"Le courrier picard 15 juin\" width=\"300\" height=\"254\" srcset=\"https:\/\/francois-pelletant.fr\/blog\/wp-content\/uploads\/2016\/06\/Le-courrier-picard-15-juin-300x254.jpg 300w, https:\/\/francois-pelletant.fr\/blog\/wp-content\/uploads\/2016\/06\/Le-courrier-picard-15-juin-768x650.jpg 768w, https:\/\/francois-pelletant.fr\/blog\/wp-content\/uploads\/2016\/06\/Le-courrier-picard-15-juin-600x508.jpg 600w, https:\/\/francois-pelletant.fr\/blog\/wp-content\/uploads\/2016\/06\/Le-courrier-picard-15-juin.jpg 960w\" sizes=\"auto, (max-width: 300px) 100vw, 300px\" \/><figcaption id=\"caption-attachment-7348\" class=\"wp-caption-text\">Le courrier picard 15 juin<\/figcaption><\/figure>\n<p>&nbsp;<\/p>\n<figure id=\"attachment_7349\" aria-describedby=\"caption-attachment-7349\" style=\"width: 300px\" class=\"wp-caption aligncenter\"><img loading=\"lazy\" decoding=\"async\" class=\"size-medium wp-image-7349\" src=\"https:\/\/francois-pelletant.fr\/blog\/wp-content\/uploads\/2016\/06\/Le-midi-libre-15-juin-300x216.jpg\" alt=\"Le midi libre 15 juin\" width=\"300\" height=\"216\" srcset=\"https:\/\/francois-pelletant.fr\/blog\/wp-content\/uploads\/2016\/06\/Le-midi-libre-15-juin-300x216.jpg 300w, https:\/\/francois-pelletant.fr\/blog\/wp-content\/uploads\/2016\/06\/Le-midi-libre-15-juin-600x432.jpg 600w, https:\/\/francois-pelletant.fr\/blog\/wp-content\/uploads\/2016\/06\/Le-midi-libre-15-juin-370x265.jpg 370w, https:\/\/francois-pelletant.fr\/blog\/wp-content\/uploads\/2016\/06\/Le-midi-libre-15-juin.jpg 640w\" sizes=\"auto, (max-width: 300px) 100vw, 300px\" \/><figcaption id=\"caption-attachment-7349\" class=\"wp-caption-text\">Le midi libre 15 juin<\/figcaption><\/figure>\n<p>&nbsp;<\/p>\n<figure id=\"attachment_7350\" aria-describedby=\"caption-attachment-7350\" style=\"width: 300px\" class=\"wp-caption aligncenter\"><img loading=\"lazy\" decoding=\"async\" class=\"size-medium wp-image-7350\" src=\"https:\/\/francois-pelletant.fr\/blog\/wp-content\/uploads\/2016\/06\/Le-Monde-13-juin-300x194.jpg\" alt=\"Le Monde 13 juin\" width=\"300\" height=\"194\" srcset=\"https:\/\/francois-pelletant.fr\/blog\/wp-content\/uploads\/2016\/06\/Le-Monde-13-juin-300x194.jpg 300w, https:\/\/francois-pelletant.fr\/blog\/wp-content\/uploads\/2016\/06\/Le-Monde-13-juin-768x498.jpg 768w, https:\/\/francois-pelletant.fr\/blog\/wp-content\/uploads\/2016\/06\/Le-Monde-13-juin-600x389.jpg 600w, https:\/\/francois-pelletant.fr\/blog\/wp-content\/uploads\/2016\/06\/Le-Monde-13-juin.jpg 960w\" sizes=\"auto, (max-width: 300px) 100vw, 300px\" \/><figcaption id=\"caption-attachment-7350\" class=\"wp-caption-text\">Le Monde 13 juin<\/figcaption><\/figure>\n<p>&nbsp;<\/p>\n<figure id=\"attachment_7351\" aria-describedby=\"caption-attachment-7351\" style=\"width: 300px\" class=\"wp-caption aligncenter\"><img loading=\"lazy\" decoding=\"async\" class=\"size-medium wp-image-7351\" src=\"https:\/\/francois-pelletant.fr\/blog\/wp-content\/uploads\/2016\/06\/Le-Parisien-11-juin-300x260.jpg\" alt=\"Le Parisien 11 juin\" width=\"300\" height=\"260\" srcset=\"https:\/\/francois-pelletant.fr\/blog\/wp-content\/uploads\/2016\/06\/Le-Parisien-11-juin-300x260.jpg 300w, https:\/\/francois-pelletant.fr\/blog\/wp-content\/uploads\/2016\/06\/Le-Parisien-11-juin-768x665.jpg 768w, https:\/\/francois-pelletant.fr\/blog\/wp-content\/uploads\/2016\/06\/Le-Parisien-11-juin-600x519.jpg 600w, https:\/\/francois-pelletant.fr\/blog\/wp-content\/uploads\/2016\/06\/Le-Parisien-11-juin.jpg 1024w\" sizes=\"auto, (max-width: 300px) 100vw, 300px\" \/><figcaption id=\"caption-attachment-7351\" class=\"wp-caption-text\">Le Parisien 11 juin<\/figcaption><\/figure>\n<p>&nbsp;<\/p>\n<figure id=\"attachment_7352\" aria-describedby=\"caption-attachment-7352\" style=\"width: 300px\" class=\"wp-caption aligncenter\"><img loading=\"lazy\" decoding=\"async\" class=\"size-medium wp-image-7352\" src=\"https:\/\/francois-pelletant.fr\/blog\/wp-content\/uploads\/2016\/06\/Le-Parisien-15-juin-300x300.jpg\" alt=\"Le Parisien 15 juin\" width=\"300\" height=\"300\" srcset=\"https:\/\/francois-pelletant.fr\/blog\/wp-content\/uploads\/2016\/06\/Le-Parisien-15-juin-300x300.jpg 300w, https:\/\/francois-pelletant.fr\/blog\/wp-content\/uploads\/2016\/06\/Le-Parisien-15-juin-150x150.jpg 150w, https:\/\/francois-pelletant.fr\/blog\/wp-content\/uploads\/2016\/06\/Le-Parisien-15-juin-600x597.jpg 600w, https:\/\/francois-pelletant.fr\/blog\/wp-content\/uploads\/2016\/06\/Le-Parisien-15-juin-230x230.jpg 230w, https:\/\/francois-pelletant.fr\/blog\/wp-content\/uploads\/2016\/06\/Le-Parisien-15-juin-400x400.jpg 400w, https:\/\/francois-pelletant.fr\/blog\/wp-content\/uploads\/2016\/06\/Le-Parisien-15-juin-640x640.jpg 640w, https:\/\/francois-pelletant.fr\/blog\/wp-content\/uploads\/2016\/06\/Le-Parisien-15-juin.jpg 1024w\" sizes=\"auto, (max-width: 300px) 100vw, 300px\" \/><figcaption id=\"caption-attachment-7352\" class=\"wp-caption-text\">Le Parisien 15 juin<\/figcaption><\/figure>\n<p>&nbsp;<\/p>\n<figure id=\"attachment_7353\" aria-describedby=\"caption-attachment-7353\" style=\"width: 300px\" class=\"wp-caption aligncenter\"><img loading=\"lazy\" decoding=\"async\" class=\"size-medium wp-image-7353\" src=\"https:\/\/francois-pelletant.fr\/blog\/wp-content\/uploads\/2016\/06\/Le-Parisien-16-juin-300x213.jpg\" alt=\"Le Parisien 16 juin\" width=\"300\" height=\"213\" srcset=\"https:\/\/francois-pelletant.fr\/blog\/wp-content\/uploads\/2016\/06\/Le-Parisien-16-juin-300x213.jpg 300w, https:\/\/francois-pelletant.fr\/blog\/wp-content\/uploads\/2016\/06\/Le-Parisien-16-juin.jpg 520w\" sizes=\"auto, (max-width: 300px) 100vw, 300px\" \/><figcaption id=\"caption-attachment-7353\" class=\"wp-caption-text\">Le Parisien 16 juin<\/figcaption><\/figure>\n","protected":false},"excerpt":{"rendered":"<p>La gr\u00e8ve et les manifs, l&#8217;Euro 2016, les attaques terroristes en France et aux Etats-Unis, le d\u00e9but des \u00e9preuves du bac&#8230; Je vous propose de faire un tour de l&#8217;actualit\u00e9 au travers des dessins de presse. &nbsp; &nbsp; &nbsp; &nbsp; &nbsp; &nbsp; &nbsp; &nbsp; &nbsp;<\/p>\n","protected":false},"author":1,"featured_media":7344,"comment_status":"open","ping_status":"closed","sticky":false,"template":"","format":"standard","meta":{"footnotes":""},"categories":[17],"tags":[],"class_list":["post-7343","post","type-post","status-publish","format-standard","has-post-thumbnail","hentry","category-prix-du-meilleur-dessin-de-presse"],"yoast_head":"<!-- This site is optimized with the Yoast SEO plugin v25.6 - https:\/\/yoast.com\/wordpress\/plugins\/seo\/ -->\n<title>Les meilleurs dessins de la semaine - Fran\u00e7ois Pelletant<\/title>\n<meta name=\"robots\" content=\"index, follow, max-snippet:-1, max-image-preview:large, max-video-preview:-1\" \/>\n<link rel=\"canonical\" href=\"https:\/\/francois-pelletant.fr\/blog\/les-meilleurs-dessins-de-la-semaine-9\/\" \/>\n<meta property=\"og:locale\" content=\"fr_FR\" \/>\n<meta property=\"og:type\" content=\"article\" \/>\n<meta property=\"og:title\" content=\"Les meilleurs dessins de la semaine - Fran\u00e7ois Pelletant\" \/>\n<meta property=\"og:description\" content=\"La gr\u00e8ve et les manifs, l&#8217;Euro 2016, les attaques terroristes en France et aux Etats-Unis, le d\u00e9but des \u00e9preuves du bac&#8230; Je vous propose de faire un tour de l&#8217;actualit\u00e9 au travers des dessins de presse. &nbsp; &nbsp; &nbsp; &nbsp; &nbsp; &nbsp; &nbsp; &nbsp; &nbsp;\" \/>\n<meta property=\"og:url\" content=\"https:\/\/francois-pelletant.fr\/blog\/les-meilleurs-dessins-de-la-semaine-9\/\" \/>\n<meta property=\"og:site_name\" content=\"Fran\u00e7ois Pelletant\" \/>\n<meta property=\"article:publisher\" content=\"https:\/\/www.facebook.com\/francois.pelletant.7\" \/>\n<meta property=\"article:published_time\" content=\"2016-06-19T08:23:45+00:00\" \/>\n<meta property=\"og:image\" content=\"https:\/\/francois-pelletant.fr\/blog\/wp-content\/uploads\/2016\/06\/Ix\u00e8ne-15-juin.jpg\" \/>\n\t<meta property=\"og:image:width\" content=\"960\" \/>\n\t<meta property=\"og:image:height\" content=\"934\" \/>\n\t<meta property=\"og:image:type\" content=\"image\/jpeg\" \/>\n<meta name=\"author\" content=\"Francois\" \/>\n<meta name=\"twitter:card\" content=\"summary_large_image\" \/>\n<meta name=\"twitter:creator\" content=\"@pelletant\" \/>\n<meta name=\"twitter:site\" content=\"@pelletant\" \/>\n<meta name=\"twitter:label1\" content=\"\u00c9crit par\" \/>\n\t<meta name=\"twitter:data1\" content=\"Francois\" \/>\n\t<meta name=\"twitter:label2\" content=\"Dur\u00e9e de lecture estim\u00e9e\" \/>\n\t<meta name=\"twitter:data2\" content=\"1 minute\" \/>\n<script type=\"application\/ld+json\" class=\"yoast-schema-graph\">{\"@context\":\"https:\/\/schema.org\",\"@graph\":[{\"@type\":\"Article\",\"@id\":\"https:\/\/francois-pelletant.fr\/blog\/les-meilleurs-dessins-de-la-semaine-9\/#article\",\"isPartOf\":{\"@id\":\"https:\/\/francois-pelletant.fr\/blog\/les-meilleurs-dessins-de-la-semaine-9\/\"},\"author\":{\"name\":\"Francois\",\"@id\":\"https:\/\/francois-pelletant.fr\/blog\/#\/schema\/person\/2be41acb171dff8f31aaed1f40cee9f3\"},\"headline\":\"Les meilleurs dessins de la semaine\",\"datePublished\":\"2016-06-19T08:23:45+00:00\",\"mainEntityOfPage\":{\"@id\":\"https:\/\/francois-pelletant.fr\/blog\/les-meilleurs-dessins-de-la-semaine-9\/\"},\"wordCount\":158,\"commentCount\":0,\"publisher\":{\"@id\":\"https:\/\/francois-pelletant.fr\/blog\/#organization\"},\"image\":{\"@id\":\"https:\/\/francois-pelletant.fr\/blog\/les-meilleurs-dessins-de-la-semaine-9\/#primaryimage\"},\"thumbnailUrl\":\"https:\/\/francois-pelletant.fr\/blog\/wp-content\/uploads\/2016\/06\/Ix\u00e8ne-15-juin.jpg\",\"articleSection\":[\"Prix du meilleur dessin de presse\"],\"inLanguage\":\"fr-FR\",\"potentialAction\":[{\"@type\":\"CommentAction\",\"name\":\"Comment\",\"target\":[\"https:\/\/francois-pelletant.fr\/blog\/les-meilleurs-dessins-de-la-semaine-9\/#respond\"]}]},{\"@type\":\"WebPage\",\"@id\":\"https:\/\/francois-pelletant.fr\/blog\/les-meilleurs-dessins-de-la-semaine-9\/\",\"url\":\"https:\/\/francois-pelletant.fr\/blog\/les-meilleurs-dessins-de-la-semaine-9\/\",\"name\":\"Les meilleurs dessins de la semaine - Fran\u00e7ois Pelletant\",\"isPartOf\":{\"@id\":\"https:\/\/francois-pelletant.fr\/blog\/#website\"},\"primaryImageOfPage\":{\"@id\":\"https:\/\/francois-pelletant.fr\/blog\/les-meilleurs-dessins-de-la-semaine-9\/#primaryimage\"},\"image\":{\"@id\":\"https:\/\/francois-pelletant.fr\/blog\/les-meilleurs-dessins-de-la-semaine-9\/#primaryimage\"},\"thumbnailUrl\":\"https:\/\/francois-pelletant.fr\/blog\/wp-content\/uploads\/2016\/06\/Ix\u00e8ne-15-juin.jpg\",\"datePublished\":\"2016-06-19T08:23:45+00:00\",\"breadcrumb\":{\"@id\":\"https:\/\/francois-pelletant.fr\/blog\/les-meilleurs-dessins-de-la-semaine-9\/#breadcrumb\"},\"inLanguage\":\"fr-FR\",\"potentialAction\":[{\"@type\":\"ReadAction\",\"target\":[\"https:\/\/francois-pelletant.fr\/blog\/les-meilleurs-dessins-de-la-semaine-9\/\"]}]},{\"@type\":\"ImageObject\",\"inLanguage\":\"fr-FR\",\"@id\":\"https:\/\/francois-pelletant.fr\/blog\/les-meilleurs-dessins-de-la-semaine-9\/#primaryimage\",\"url\":\"https:\/\/francois-pelletant.fr\/blog\/wp-content\/uploads\/2016\/06\/Ix\u00e8ne-15-juin.jpg\",\"contentUrl\":\"https:\/\/francois-pelletant.fr\/blog\/wp-content\/uploads\/2016\/06\/Ix\u00e8ne-15-juin.jpg\",\"width\":960,\"height\":934,\"caption\":\"Ix\u00e8ne 15 juin\"},{\"@type\":\"BreadcrumbList\",\"@id\":\"https:\/\/francois-pelletant.fr\/blog\/les-meilleurs-dessins-de-la-semaine-9\/#breadcrumb\",\"itemListElement\":[{\"@type\":\"ListItem\",\"position\":1,\"name\":\"Accueil\",\"item\":\"https:\/\/francois-pelletant.fr\/blog\/\"},{\"@type\":\"ListItem\",\"position\":2,\"name\":\"Les meilleurs dessins de la semaine\"}]},{\"@type\":\"WebSite\",\"@id\":\"https:\/\/francois-pelletant.fr\/blog\/#website\",\"url\":\"https:\/\/francois-pelletant.fr\/blog\/\",\"name\":\"Fran\u00e7ois Pelletant\",\"description\":\"Maire de Linas, pour toujours.\",\"publisher\":{\"@id\":\"https:\/\/francois-pelletant.fr\/blog\/#organization\"},\"potentialAction\":[{\"@type\":\"SearchAction\",\"target\":{\"@type\":\"EntryPoint\",\"urlTemplate\":\"https:\/\/francois-pelletant.fr\/blog\/?s={search_term_string}\"},\"query-input\":{\"@type\":\"PropertyValueSpecification\",\"valueRequired\":true,\"valueName\":\"search_term_string\"}}],\"inLanguage\":\"fr-FR\"},{\"@type\":\"Organization\",\"@id\":\"https:\/\/francois-pelletant.fr\/blog\/#organization\",\"name\":\"Fran\u00e7ois Pelletant\",\"url\":\"https:\/\/francois-pelletant.fr\/blog\/\",\"logo\":{\"@type\":\"ImageObject\",\"inLanguage\":\"fr-FR\",\"@id\":\"https:\/\/francois-pelletant.fr\/blog\/#\/schema\/logo\/image\/\",\"url\":\"https:\/\/francois-pelletant.fr\/blog\/wp-content\/uploads\/2024\/07\/icone-francois-centre-500p.png\",\"contentUrl\":\"https:\/\/francois-pelletant.fr\/blog\/wp-content\/uploads\/2024\/07\/icone-francois-centre-500p.png\",\"width\":559,\"height\":447,\"caption\":\"Fran\u00e7ois Pelletant\"},\"image\":{\"@id\":\"https:\/\/francois-pelletant.fr\/blog\/#\/schema\/logo\/image\/\"},\"sameAs\":[\"https:\/\/www.facebook.com\/francois.pelletant.7\",\"https:\/\/x.com\/pelletant\"]},{\"@type\":\"Person\",\"@id\":\"https:\/\/francois-pelletant.fr\/blog\/#\/schema\/person\/2be41acb171dff8f31aaed1f40cee9f3\",\"name\":\"Francois\"}]}<\/script>\n<!-- \/ Yoast SEO plugin. -->","yoast_head_json":{"title":"Les meilleurs dessins de la semaine - Fran\u00e7ois Pelletant","robots":{"index":"index","follow":"follow","max-snippet":"max-snippet:-1","max-image-preview":"max-image-preview:large","max-video-preview":"max-video-preview:-1"},"canonical":"https:\/\/francois-pelletant.fr\/blog\/les-meilleurs-dessins-de-la-semaine-9\/","og_locale":"fr_FR","og_type":"article","og_title":"Les meilleurs dessins de la semaine - Fran\u00e7ois Pelletant","og_description":"La gr\u00e8ve et les manifs, l&#8217;Euro 2016, les attaques terroristes en France et aux Etats-Unis, le d\u00e9but des \u00e9preuves du bac&#8230; Je vous propose de faire un tour de l&#8217;actualit\u00e9 au travers des dessins de presse. &nbsp; &nbsp; &nbsp; &nbsp; &nbsp; &nbsp; &nbsp; &nbsp; &nbsp;","og_url":"https:\/\/francois-pelletant.fr\/blog\/les-meilleurs-dessins-de-la-semaine-9\/","og_site_name":"Fran\u00e7ois Pelletant","article_publisher":"https:\/\/www.facebook.com\/francois.pelletant.7","article_published_time":"2016-06-19T08:23:45+00:00","og_image":[{"width":960,"height":934,"url":"https:\/\/francois-pelletant.fr\/blog\/wp-content\/uploads\/2016\/06\/Ix\u00e8ne-15-juin.jpg","type":"image\/jpeg"}],"author":"Francois","twitter_card":"summary_large_image","twitter_creator":"@pelletant","twitter_site":"@pelletant","twitter_misc":{"\u00c9crit par":"Francois","Dur\u00e9e de lecture estim\u00e9e":"1 minute"},"schema":{"@context":"https:\/\/schema.org","@graph":[{"@type":"Article","@id":"https:\/\/francois-pelletant.fr\/blog\/les-meilleurs-dessins-de-la-semaine-9\/#article","isPartOf":{"@id":"https:\/\/francois-pelletant.fr\/blog\/les-meilleurs-dessins-de-la-semaine-9\/"},"author":{"name":"Francois","@id":"https:\/\/francois-pelletant.fr\/blog\/#\/schema\/person\/2be41acb171dff8f31aaed1f40cee9f3"},"headline":"Les meilleurs dessins de la semaine","datePublished":"2016-06-19T08:23:45+00:00","mainEntityOfPage":{"@id":"https:\/\/francois-pelletant.fr\/blog\/les-meilleurs-dessins-de-la-semaine-9\/"},"wordCount":158,"commentCount":0,"publisher":{"@id":"https:\/\/francois-pelletant.fr\/blog\/#organization"},"image":{"@id":"https:\/\/francois-pelletant.fr\/blog\/les-meilleurs-dessins-de-la-semaine-9\/#primaryimage"},"thumbnailUrl":"https:\/\/francois-pelletant.fr\/blog\/wp-content\/uploads\/2016\/06\/Ix\u00e8ne-15-juin.jpg","articleSection":["Prix du meilleur dessin de presse"],"inLanguage":"fr-FR","potentialAction":[{"@type":"CommentAction","name":"Comment","target":["https:\/\/francois-pelletant.fr\/blog\/les-meilleurs-dessins-de-la-semaine-9\/#respond"]}]},{"@type":"WebPage","@id":"https:\/\/francois-pelletant.fr\/blog\/les-meilleurs-dessins-de-la-semaine-9\/","url":"https:\/\/francois-pelletant.fr\/blog\/les-meilleurs-dessins-de-la-semaine-9\/","name":"Les meilleurs dessins de la semaine - Fran\u00e7ois Pelletant","isPartOf":{"@id":"https:\/\/francois-pelletant.fr\/blog\/#website"},"primaryImageOfPage":{"@id":"https:\/\/francois-pelletant.fr\/blog\/les-meilleurs-dessins-de-la-semaine-9\/#primaryimage"},"image":{"@id":"https:\/\/francois-pelletant.fr\/blog\/les-meilleurs-dessins-de-la-semaine-9\/#primaryimage"},"thumbnailUrl":"https:\/\/francois-pelletant.fr\/blog\/wp-content\/uploads\/2016\/06\/Ix\u00e8ne-15-juin.jpg","datePublished":"2016-06-19T08:23:45+00:00","breadcrumb":{"@id":"https:\/\/francois-pelletant.fr\/blog\/les-meilleurs-dessins-de-la-semaine-9\/#breadcrumb"},"inLanguage":"fr-FR","potentialAction":[{"@type":"ReadAction","target":["https:\/\/francois-pelletant.fr\/blog\/les-meilleurs-dessins-de-la-semaine-9\/"]}]},{"@type":"ImageObject","inLanguage":"fr-FR","@id":"https:\/\/francois-pelletant.fr\/blog\/les-meilleurs-dessins-de-la-semaine-9\/#primaryimage","url":"https:\/\/francois-pelletant.fr\/blog\/wp-content\/uploads\/2016\/06\/Ix\u00e8ne-15-juin.jpg","contentUrl":"https:\/\/francois-pelletant.fr\/blog\/wp-content\/uploads\/2016\/06\/Ix\u00e8ne-15-juin.jpg","width":960,"height":934,"caption":"Ix\u00e8ne 15 juin"},{"@type":"BreadcrumbList","@id":"https:\/\/francois-pelletant.fr\/blog\/les-meilleurs-dessins-de-la-semaine-9\/#breadcrumb","itemListElement":[{"@type":"ListItem","position":1,"name":"Accueil","item":"https:\/\/francois-pelletant.fr\/blog\/"},{"@type":"ListItem","position":2,"name":"Les meilleurs dessins de la semaine"}]},{"@type":"WebSite","@id":"https:\/\/francois-pelletant.fr\/blog\/#website","url":"https:\/\/francois-pelletant.fr\/blog\/","name":"Fran\u00e7ois Pelletant","description":"Maire de Linas, pour toujours.","publisher":{"@id":"https:\/\/francois-pelletant.fr\/blog\/#organization"},"potentialAction":[{"@type":"SearchAction","target":{"@type":"EntryPoint","urlTemplate":"https:\/\/francois-pelletant.fr\/blog\/?s={search_term_string}"},"query-input":{"@type":"PropertyValueSpecification","valueRequired":true,"valueName":"search_term_string"}}],"inLanguage":"fr-FR"},{"@type":"Organization","@id":"https:\/\/francois-pelletant.fr\/blog\/#organization","name":"Fran\u00e7ois Pelletant","url":"https:\/\/francois-pelletant.fr\/blog\/","logo":{"@type":"ImageObject","inLanguage":"fr-FR","@id":"https:\/\/francois-pelletant.fr\/blog\/#\/schema\/logo\/image\/","url":"https:\/\/francois-pelletant.fr\/blog\/wp-content\/uploads\/2024\/07\/icone-francois-centre-500p.png","contentUrl":"https:\/\/francois-pelletant.fr\/blog\/wp-content\/uploads\/2024\/07\/icone-francois-centre-500p.png","width":559,"height":447,"caption":"Fran\u00e7ois Pelletant"},"image":{"@id":"https:\/\/francois-pelletant.fr\/blog\/#\/schema\/logo\/image\/"},"sameAs":["https:\/\/www.facebook.com\/francois.pelletant.7","https:\/\/x.com\/pelletant"]},{"@type":"Person","@id":"https:\/\/francois-pelletant.fr\/blog\/#\/schema\/person\/2be41acb171dff8f31aaed1f40cee9f3","name":"Francois"}]}},"_links":{"self":[{"href":"https:\/\/francois-pelletant.fr\/blog\/wp-json\/wp\/v2\/posts\/7343","targetHints":{"allow":["GET"]}}],"collection":[{"href":"https:\/\/francois-pelletant.fr\/blog\/wp-json\/wp\/v2\/posts"}],"about":[{"href":"https:\/\/francois-pelletant.fr\/blog\/wp-json\/wp\/v2\/types\/post"}],"author":[{"embeddable":true,"href":"https:\/\/francois-pelletant.fr\/blog\/wp-json\/wp\/v2\/users\/1"}],"replies":[{"embeddable":true,"href":"https:\/\/francois-pelletant.fr\/blog\/wp-json\/wp\/v2\/comments?post=7343"}],"version-history":[{"count":0,"href":"https:\/\/francois-pelletant.fr\/blog\/wp-json\/wp\/v2\/posts\/7343\/revisions"}],"wp:featuredmedia":[{"embeddable":true,"href":"https:\/\/francois-pelletant.fr\/blog\/wp-json\/wp\/v2\/media\/7344"}],"wp:attachment":[{"href":"https:\/\/francois-pelletant.fr\/blog\/wp-json\/wp\/v2\/media?parent=7343"}],"wp:term":[{"taxonomy":"category","embeddable":true,"href":"https:\/\/francois-pelletant.fr\/blog\/wp-json\/wp\/v2\/categories?post=7343"},{"taxonomy":"post_tag","embeddable":true,"href":"https:\/\/francois-pelletant.fr\/blog\/wp-json\/wp\/v2\/tags?post=7343"}],"curies":[{"name":"wp","href":"https:\/\/api.w.org\/{rel}","templated":true}]}}