{"id":7370,"date":"2016-06-26T07:40:52","date_gmt":"2016-06-26T07:40:52","guid":{"rendered":"https:\/\/francois-pelletant.fr\/blog\/?p=7370"},"modified":"2016-06-23T08:45:37","modified_gmt":"2016-06-23T08:45:37","slug":"les-dessins-de-presse-de-la-semaine-18","status":"publish","type":"post","link":"https:\/\/francois-pelletant.fr\/blog\/les-dessins-de-presse-de-la-semaine-18\/","title":{"rendered":"Les dessins de presse de la semaine"},"content":{"rendered":"<figure id=\"attachment_7371\" aria-describedby=\"caption-attachment-7371\" style=\"width: 300px\" class=\"wp-caption alignleft\"><img loading=\"lazy\" decoding=\"async\" class=\"size-medium wp-image-7371\" src=\"https:\/\/francois-pelletant.fr\/blog\/wp-content\/uploads\/2016\/06\/Urtikan-21-juin-300x300.jpg\" alt=\"Urtikan 21 juin\" width=\"300\" height=\"300\" srcset=\"https:\/\/francois-pelletant.fr\/blog\/wp-content\/uploads\/2016\/06\/Urtikan-21-juin-300x300.jpg 300w, https:\/\/francois-pelletant.fr\/blog\/wp-content\/uploads\/2016\/06\/Urtikan-21-juin-150x150.jpg 150w, https:\/\/francois-pelletant.fr\/blog\/wp-content\/uploads\/2016\/06\/Urtikan-21-juin-230x230.jpg 230w, https:\/\/francois-pelletant.fr\/blog\/wp-content\/uploads\/2016\/06\/Urtikan-21-juin-400x400.jpg 400w, https:\/\/francois-pelletant.fr\/blog\/wp-content\/uploads\/2016\/06\/Urtikan-21-juin.jpg 580w\" sizes=\"auto, (max-width: 300px) 100vw, 300px\" \/><figcaption id=\"caption-attachment-7371\" class=\"wp-caption-text\">Urtikan 21 juin<\/figcaption><\/figure>\n<p>Chaque dimanche, d\u00e9couvrez ma s\u00e9lection des dessins parus dans la presse. Un peu d&#8217;humour dans une actualit\u00e9 souvent morose&#8230;<\/p>\n<p>&nbsp;<\/p>\n<figure id=\"attachment_7372\" aria-describedby=\"caption-attachment-7372\" style=\"width: 236px\" class=\"wp-caption aligncenter\"><img loading=\"lazy\" decoding=\"async\" class=\"size-medium wp-image-7372\" src=\"https:\/\/francois-pelletant.fr\/blog\/wp-content\/uploads\/2016\/06\/Charlie-Hebdo-22-juin-236x300.jpeg\" alt=\"Charlie Hebdo 22 juin\" width=\"236\" height=\"300\" srcset=\"https:\/\/francois-pelletant.fr\/blog\/wp-content\/uploads\/2016\/06\/Charlie-Hebdo-22-juin-236x300.jpeg 236w, https:\/\/francois-pelletant.fr\/blog\/wp-content\/uploads\/2016\/06\/Charlie-Hebdo-22-juin.jpeg 300w\" sizes=\"auto, (max-width: 236px) 100vw, 236px\" \/><figcaption id=\"caption-attachment-7372\" class=\"wp-caption-text\">Charlie Hebdo 22 juin<\/figcaption><\/figure>\n<p>&nbsp;<\/p>\n<figure id=\"attachment_7373\" aria-describedby=\"caption-attachment-7373\" style=\"width: 300px\" class=\"wp-caption aligncenter\"><img loading=\"lazy\" decoding=\"async\" class=\"size-medium wp-image-7373\" src=\"https:\/\/francois-pelletant.fr\/blog\/wp-content\/uploads\/2016\/06\/Delucq-18-juin-300x293.jpg\" alt=\"Delucq 18 juin\" width=\"300\" height=\"293\" srcset=\"https:\/\/francois-pelletant.fr\/blog\/wp-content\/uploads\/2016\/06\/Delucq-18-juin-300x293.jpg 300w, https:\/\/francois-pelletant.fr\/blog\/wp-content\/uploads\/2016\/06\/Delucq-18-juin.jpg 539w\" sizes=\"auto, (max-width: 300px) 100vw, 300px\" \/><figcaption id=\"caption-attachment-7373\" class=\"wp-caption-text\">Delucq 18 juin<\/figcaption><\/figure>\n<p>&nbsp;<\/p>\n<figure id=\"attachment_7374\" aria-describedby=\"caption-attachment-7374\" style=\"width: 254px\" class=\"wp-caption aligncenter\"><img loading=\"lazy\" decoding=\"async\" class=\"size-medium wp-image-7374\" src=\"https:\/\/francois-pelletant.fr\/blog\/wp-content\/uploads\/2016\/06\/Glon-21-juin-254x300.jpg\" alt=\"Glon 21 juin\" width=\"254\" height=\"300\" srcset=\"https:\/\/francois-pelletant.fr\/blog\/wp-content\/uploads\/2016\/06\/Glon-21-juin-254x300.jpg 254w, https:\/\/francois-pelletant.fr\/blog\/wp-content\/uploads\/2016\/06\/Glon-21-juin.jpg 548w\" sizes=\"auto, (max-width: 254px) 100vw, 254px\" \/><figcaption id=\"caption-attachment-7374\" class=\"wp-caption-text\">Glon 21 juin<\/figcaption><\/figure>\n<p>&nbsp;<\/p>\n<figure id=\"attachment_7375\" aria-describedby=\"caption-attachment-7375\" style=\"width: 300px\" class=\"wp-caption aligncenter\"><img loading=\"lazy\" decoding=\"async\" class=\"size-medium wp-image-7375\" src=\"https:\/\/francois-pelletant.fr\/blog\/wp-content\/uploads\/2016\/06\/Le-canard-enchain\u00e9-22-juin-2016-300x270.jpg\" alt=\"Le canard enchain\u00e9 22 juin 2016\" width=\"300\" height=\"270\" srcset=\"https:\/\/francois-pelletant.fr\/blog\/wp-content\/uploads\/2016\/06\/Le-canard-enchain\u00e9-22-juin-2016-300x270.jpg 300w, https:\/\/francois-pelletant.fr\/blog\/wp-content\/uploads\/2016\/06\/Le-canard-enchain\u00e9-22-juin-2016-1024x922.jpg 1024w, https:\/\/francois-pelletant.fr\/blog\/wp-content\/uploads\/2016\/06\/Le-canard-enchain\u00e9-22-juin-2016-768x692.jpg 768w, https:\/\/francois-pelletant.fr\/blog\/wp-content\/uploads\/2016\/06\/Le-canard-enchain\u00e9-22-juin-2016-600x540.jpg 600w, https:\/\/francois-pelletant.fr\/blog\/wp-content\/uploads\/2016\/06\/Le-canard-enchain\u00e9-22-juin-2016-1536x1383.jpg 1536w, https:\/\/francois-pelletant.fr\/blog\/wp-content\/uploads\/2016\/06\/Le-canard-enchain\u00e9-22-juin-2016.jpg 2048w\" sizes=\"auto, (max-width: 300px) 100vw, 300px\" \/><figcaption id=\"caption-attachment-7375\" class=\"wp-caption-text\">Le canard enchain\u00e9 22 juin 2016<\/figcaption><\/figure>\n<p>&nbsp;<\/p>\n<figure id=\"attachment_7376\" aria-describedby=\"caption-attachment-7376\" style=\"width: 280px\" class=\"wp-caption aligncenter\"><img loading=\"lazy\" decoding=\"async\" class=\"size-medium wp-image-7376\" src=\"https:\/\/francois-pelletant.fr\/blog\/wp-content\/uploads\/2016\/06\/Le-canard-enchain\u00e9-22-juin-280x300.jpg\" alt=\"Le canard enchain\u00e9 22 juin 2016\" width=\"280\" height=\"300\" srcset=\"https:\/\/francois-pelletant.fr\/blog\/wp-content\/uploads\/2016\/06\/Le-canard-enchain\u00e9-22-juin-280x300.jpg 280w, https:\/\/francois-pelletant.fr\/blog\/wp-content\/uploads\/2016\/06\/Le-canard-enchain\u00e9-22-juin-955x1024.jpg 955w, https:\/\/francois-pelletant.fr\/blog\/wp-content\/uploads\/2016\/06\/Le-canard-enchain\u00e9-22-juin-768x824.jpg 768w, https:\/\/francois-pelletant.fr\/blog\/wp-content\/uploads\/2016\/06\/Le-canard-enchain\u00e9-22-juin-600x644.jpg 600w, https:\/\/francois-pelletant.fr\/blog\/wp-content\/uploads\/2016\/06\/Le-canard-enchain\u00e9-22-juin-1432x1536.jpg 1432w, https:\/\/francois-pelletant.fr\/blog\/wp-content\/uploads\/2016\/06\/Le-canard-enchain\u00e9-22-juin.jpg 1764w\" sizes=\"auto, (max-width: 280px) 100vw, 280px\" \/><figcaption id=\"caption-attachment-7376\" class=\"wp-caption-text\">Le canard enchain\u00e9 22 juin 2016<\/figcaption><\/figure>\n<p>&nbsp;<\/p>\n<figure id=\"attachment_7377\" aria-describedby=\"caption-attachment-7377\" style=\"width: 300px\" class=\"wp-caption aligncenter\"><img loading=\"lazy\" decoding=\"async\" class=\"size-medium wp-image-7377\" src=\"https:\/\/francois-pelletant.fr\/blog\/wp-content\/uploads\/2016\/06\/Le-courrier-picard-17-juin-300x272.jpg\" alt=\"Le courrier picard 17 juin\" width=\"300\" height=\"272\" srcset=\"https:\/\/francois-pelletant.fr\/blog\/wp-content\/uploads\/2016\/06\/Le-courrier-picard-17-juin-300x272.jpg 300w, https:\/\/francois-pelletant.fr\/blog\/wp-content\/uploads\/2016\/06\/Le-courrier-picard-17-juin-768x695.jpg 768w, https:\/\/francois-pelletant.fr\/blog\/wp-content\/uploads\/2016\/06\/Le-courrier-picard-17-juin-600x543.jpg 600w, https:\/\/francois-pelletant.fr\/blog\/wp-content\/uploads\/2016\/06\/Le-courrier-picard-17-juin.jpg 780w\" sizes=\"auto, (max-width: 300px) 100vw, 300px\" \/><figcaption id=\"caption-attachment-7377\" class=\"wp-caption-text\">Le courrier picard 17 juin<\/figcaption><\/figure>\n<p>&nbsp;<\/p>\n<figure id=\"attachment_7378\" aria-describedby=\"caption-attachment-7378\" style=\"width: 300px\" class=\"wp-caption aligncenter\"><img loading=\"lazy\" decoding=\"async\" class=\"size-medium wp-image-7378\" src=\"https:\/\/francois-pelletant.fr\/blog\/wp-content\/uploads\/2016\/06\/Le-courrier-picard-22-juin-300x254.jpg\" alt=\"Le courrier picard 22 juin\" width=\"300\" height=\"254\" srcset=\"https:\/\/francois-pelletant.fr\/blog\/wp-content\/uploads\/2016\/06\/Le-courrier-picard-22-juin-300x254.jpg 300w, https:\/\/francois-pelletant.fr\/blog\/wp-content\/uploads\/2016\/06\/Le-courrier-picard-22-juin.jpg 588w\" sizes=\"auto, (max-width: 300px) 100vw, 300px\" \/><figcaption id=\"caption-attachment-7378\" class=\"wp-caption-text\">Le courrier picard 22 juin<\/figcaption><\/figure>\n<p>&nbsp;<\/p>\n<figure id=\"attachment_7379\" aria-describedby=\"caption-attachment-7379\" style=\"width: 278px\" class=\"wp-caption aligncenter\"><img loading=\"lazy\" decoding=\"async\" class=\"size-medium wp-image-7379\" src=\"https:\/\/francois-pelletant.fr\/blog\/wp-content\/uploads\/2016\/06\/Le-Parisien-21-juin-278x300.jpg\" alt=\"Le Parisien 21 juin\" width=\"278\" height=\"300\" srcset=\"https:\/\/francois-pelletant.fr\/blog\/wp-content\/uploads\/2016\/06\/Le-Parisien-21-juin-278x300.jpg 278w, https:\/\/francois-pelletant.fr\/blog\/wp-content\/uploads\/2016\/06\/Le-Parisien-21-juin.jpg 386w\" sizes=\"auto, (max-width: 278px) 100vw, 278px\" \/><figcaption id=\"caption-attachment-7379\" class=\"wp-caption-text\">Le Parisien 21 juin<\/figcaption><\/figure>\n<p>&nbsp;<\/p>\n<figure id=\"attachment_7380\" aria-describedby=\"caption-attachment-7380\" style=\"width: 300px\" class=\"wp-caption aligncenter\"><img loading=\"lazy\" decoding=\"async\" class=\"size-medium wp-image-7380\" src=\"https:\/\/francois-pelletant.fr\/blog\/wp-content\/uploads\/2016\/06\/Marc-Large-22-juin-300x247.jpg\" alt=\"Marc Large 22 juin\" width=\"300\" height=\"247\" srcset=\"https:\/\/francois-pelletant.fr\/blog\/wp-content\/uploads\/2016\/06\/Marc-Large-22-juin-300x247.jpg 300w, https:\/\/francois-pelletant.fr\/blog\/wp-content\/uploads\/2016\/06\/Marc-Large-22-juin-768x633.jpg 768w, https:\/\/francois-pelletant.fr\/blog\/wp-content\/uploads\/2016\/06\/Marc-Large-22-juin-600x495.jpg 600w, https:\/\/francois-pelletant.fr\/blog\/wp-content\/uploads\/2016\/06\/Marc-Large-22-juin.jpg 844w\" sizes=\"auto, (max-width: 300px) 100vw, 300px\" \/><figcaption id=\"caption-attachment-7380\" class=\"wp-caption-text\">Marc Large 22 juin<\/figcaption><\/figure>\n<p>&nbsp;<\/p>\n<figure id=\"attachment_7381\" aria-describedby=\"caption-attachment-7381\" style=\"width: 300px\" class=\"wp-caption aligncenter\"><img loading=\"lazy\" decoding=\"async\" class=\"size-medium wp-image-7381\" src=\"https:\/\/francois-pelletant.fr\/blog\/wp-content\/uploads\/2016\/06\/Sud-Ouest-22-juin-300x251.jpg\" alt=\"Sud Ouest 22 juin\" width=\"300\" height=\"251\" srcset=\"https:\/\/francois-pelletant.fr\/blog\/wp-content\/uploads\/2016\/06\/Sud-Ouest-22-juin-300x251.jpg 300w, https:\/\/francois-pelletant.fr\/blog\/wp-content\/uploads\/2016\/06\/Sud-Ouest-22-juin-768x642.jpg 768w, https:\/\/francois-pelletant.fr\/blog\/wp-content\/uploads\/2016\/06\/Sud-Ouest-22-juin-600x502.jpg 600w, https:\/\/francois-pelletant.fr\/blog\/wp-content\/uploads\/2016\/06\/Sud-Ouest-22-juin.jpg 854w\" sizes=\"auto, (max-width: 300px) 100vw, 300px\" \/><figcaption id=\"caption-attachment-7381\" class=\"wp-caption-text\">Sud Ouest 22 juin<\/figcaption><\/figure>\n","protected":false},"excerpt":{"rendered":"<p>Chaque dimanche, d\u00e9couvrez ma s\u00e9lection des dessins parus dans la presse. Un peu d&#8217;humour dans une actualit\u00e9 souvent morose&#8230; &nbsp; &nbsp; &nbsp; &nbsp; &nbsp; &nbsp; &nbsp; &nbsp; &nbsp; &nbsp;<\/p>\n","protected":false},"author":1,"featured_media":7371,"comment_status":"open","ping_status":"closed","sticky":false,"template":"","format":"standard","meta":{"footnotes":""},"categories":[17],"tags":[],"class_list":["post-7370","post","type-post","status-publish","format-standard","has-post-thumbnail","hentry","category-prix-du-meilleur-dessin-de-presse"],"yoast_head":"<!-- This site is optimized with the Yoast SEO plugin v25.6 - https:\/\/yoast.com\/wordpress\/plugins\/seo\/ -->\n<title>Les dessins de presse de la semaine - Fran\u00e7ois Pelletant<\/title>\n<meta name=\"robots\" content=\"index, follow, max-snippet:-1, max-image-preview:large, max-video-preview:-1\" \/>\n<link rel=\"canonical\" href=\"https:\/\/francois-pelletant.fr\/blog\/les-dessins-de-presse-de-la-semaine-18\/\" \/>\n<meta property=\"og:locale\" content=\"fr_FR\" \/>\n<meta property=\"og:type\" content=\"article\" \/>\n<meta property=\"og:title\" content=\"Les dessins de presse de la semaine - Fran\u00e7ois Pelletant\" \/>\n<meta property=\"og:description\" content=\"Chaque dimanche, d\u00e9couvrez ma s\u00e9lection des dessins parus dans la presse. Un peu d&#8217;humour dans une actualit\u00e9 souvent morose&#8230; &nbsp; &nbsp; &nbsp; &nbsp; &nbsp; &nbsp; &nbsp; &nbsp; &nbsp; &nbsp;\" \/>\n<meta property=\"og:url\" content=\"https:\/\/francois-pelletant.fr\/blog\/les-dessins-de-presse-de-la-semaine-18\/\" \/>\n<meta property=\"og:site_name\" content=\"Fran\u00e7ois Pelletant\" \/>\n<meta property=\"article:publisher\" content=\"https:\/\/www.facebook.com\/francois.pelletant.7\" \/>\n<meta property=\"article:published_time\" content=\"2016-06-26T07:40:52+00:00\" \/>\n<meta property=\"og:image\" content=\"https:\/\/francois-pelletant.fr\/blog\/wp-content\/uploads\/2016\/06\/Urtikan-21-juin.jpg\" \/>\n\t<meta property=\"og:image:width\" content=\"580\" \/>\n\t<meta property=\"og:image:height\" content=\"580\" \/>\n\t<meta property=\"og:image:type\" content=\"image\/jpeg\" \/>\n<meta name=\"author\" content=\"Francois\" \/>\n<meta name=\"twitter:card\" content=\"summary_large_image\" \/>\n<meta name=\"twitter:creator\" content=\"@pelletant\" \/>\n<meta name=\"twitter:site\" content=\"@pelletant\" \/>\n<meta name=\"twitter:label1\" content=\"\u00c9crit par\" \/>\n\t<meta name=\"twitter:data1\" content=\"Francois\" \/>\n\t<meta name=\"twitter:label2\" content=\"Dur\u00e9e de lecture estim\u00e9e\" \/>\n\t<meta name=\"twitter:data2\" content=\"1 minute\" \/>\n<script type=\"application\/ld+json\" class=\"yoast-schema-graph\">{\"@context\":\"https:\/\/schema.org\",\"@graph\":[{\"@type\":\"Article\",\"@id\":\"https:\/\/francois-pelletant.fr\/blog\/les-dessins-de-presse-de-la-semaine-18\/#article\",\"isPartOf\":{\"@id\":\"https:\/\/francois-pelletant.fr\/blog\/les-dessins-de-presse-de-la-semaine-18\/\"},\"author\":{\"name\":\"Francois\",\"@id\":\"https:\/\/francois-pelletant.fr\/blog\/#\/schema\/person\/2be41acb171dff8f31aaed1f40cee9f3\"},\"headline\":\"Les dessins de presse de la semaine\",\"datePublished\":\"2016-06-26T07:40:52+00:00\",\"mainEntityOfPage\":{\"@id\":\"https:\/\/francois-pelletant.fr\/blog\/les-dessins-de-presse-de-la-semaine-18\/\"},\"wordCount\":150,\"commentCount\":0,\"publisher\":{\"@id\":\"https:\/\/francois-pelletant.fr\/blog\/#organization\"},\"image\":{\"@id\":\"https:\/\/francois-pelletant.fr\/blog\/les-dessins-de-presse-de-la-semaine-18\/#primaryimage\"},\"thumbnailUrl\":\"https:\/\/francois-pelletant.fr\/blog\/wp-content\/uploads\/2016\/06\/Urtikan-21-juin.jpg\",\"articleSection\":[\"Prix du meilleur dessin de presse\"],\"inLanguage\":\"fr-FR\",\"potentialAction\":[{\"@type\":\"CommentAction\",\"name\":\"Comment\",\"target\":[\"https:\/\/francois-pelletant.fr\/blog\/les-dessins-de-presse-de-la-semaine-18\/#respond\"]}]},{\"@type\":\"WebPage\",\"@id\":\"https:\/\/francois-pelletant.fr\/blog\/les-dessins-de-presse-de-la-semaine-18\/\",\"url\":\"https:\/\/francois-pelletant.fr\/blog\/les-dessins-de-presse-de-la-semaine-18\/\",\"name\":\"Les dessins de presse de la semaine - Fran\u00e7ois Pelletant\",\"isPartOf\":{\"@id\":\"https:\/\/francois-pelletant.fr\/blog\/#website\"},\"primaryImageOfPage\":{\"@id\":\"https:\/\/francois-pelletant.fr\/blog\/les-dessins-de-presse-de-la-semaine-18\/#primaryimage\"},\"image\":{\"@id\":\"https:\/\/francois-pelletant.fr\/blog\/les-dessins-de-presse-de-la-semaine-18\/#primaryimage\"},\"thumbnailUrl\":\"https:\/\/francois-pelletant.fr\/blog\/wp-content\/uploads\/2016\/06\/Urtikan-21-juin.jpg\",\"datePublished\":\"2016-06-26T07:40:52+00:00\",\"breadcrumb\":{\"@id\":\"https:\/\/francois-pelletant.fr\/blog\/les-dessins-de-presse-de-la-semaine-18\/#breadcrumb\"},\"inLanguage\":\"fr-FR\",\"potentialAction\":[{\"@type\":\"ReadAction\",\"target\":[\"https:\/\/francois-pelletant.fr\/blog\/les-dessins-de-presse-de-la-semaine-18\/\"]}]},{\"@type\":\"ImageObject\",\"inLanguage\":\"fr-FR\",\"@id\":\"https:\/\/francois-pelletant.fr\/blog\/les-dessins-de-presse-de-la-semaine-18\/#primaryimage\",\"url\":\"https:\/\/francois-pelletant.fr\/blog\/wp-content\/uploads\/2016\/06\/Urtikan-21-juin.jpg\",\"contentUrl\":\"https:\/\/francois-pelletant.fr\/blog\/wp-content\/uploads\/2016\/06\/Urtikan-21-juin.jpg\",\"width\":580,\"height\":580,\"caption\":\"Urtikan 21 juin\"},{\"@type\":\"BreadcrumbList\",\"@id\":\"https:\/\/francois-pelletant.fr\/blog\/les-dessins-de-presse-de-la-semaine-18\/#breadcrumb\",\"itemListElement\":[{\"@type\":\"ListItem\",\"position\":1,\"name\":\"Accueil\",\"item\":\"https:\/\/francois-pelletant.fr\/blog\/\"},{\"@type\":\"ListItem\",\"position\":2,\"name\":\"Les dessins de presse de la semaine\"}]},{\"@type\":\"WebSite\",\"@id\":\"https:\/\/francois-pelletant.fr\/blog\/#website\",\"url\":\"https:\/\/francois-pelletant.fr\/blog\/\",\"name\":\"Fran\u00e7ois Pelletant\",\"description\":\"Maire de Linas, pour toujours.\",\"publisher\":{\"@id\":\"https:\/\/francois-pelletant.fr\/blog\/#organization\"},\"potentialAction\":[{\"@type\":\"SearchAction\",\"target\":{\"@type\":\"EntryPoint\",\"urlTemplate\":\"https:\/\/francois-pelletant.fr\/blog\/?s={search_term_string}\"},\"query-input\":{\"@type\":\"PropertyValueSpecification\",\"valueRequired\":true,\"valueName\":\"search_term_string\"}}],\"inLanguage\":\"fr-FR\"},{\"@type\":\"Organization\",\"@id\":\"https:\/\/francois-pelletant.fr\/blog\/#organization\",\"name\":\"Fran\u00e7ois Pelletant\",\"url\":\"https:\/\/francois-pelletant.fr\/blog\/\",\"logo\":{\"@type\":\"ImageObject\",\"inLanguage\":\"fr-FR\",\"@id\":\"https:\/\/francois-pelletant.fr\/blog\/#\/schema\/logo\/image\/\",\"url\":\"https:\/\/francois-pelletant.fr\/blog\/wp-content\/uploads\/2024\/07\/icone-francois-centre-500p.png\",\"contentUrl\":\"https:\/\/francois-pelletant.fr\/blog\/wp-content\/uploads\/2024\/07\/icone-francois-centre-500p.png\",\"width\":559,\"height\":447,\"caption\":\"Fran\u00e7ois Pelletant\"},\"image\":{\"@id\":\"https:\/\/francois-pelletant.fr\/blog\/#\/schema\/logo\/image\/\"},\"sameAs\":[\"https:\/\/www.facebook.com\/francois.pelletant.7\",\"https:\/\/x.com\/pelletant\"]},{\"@type\":\"Person\",\"@id\":\"https:\/\/francois-pelletant.fr\/blog\/#\/schema\/person\/2be41acb171dff8f31aaed1f40cee9f3\",\"name\":\"Francois\"}]}<\/script>\n<!-- \/ Yoast SEO plugin. -->","yoast_head_json":{"title":"Les dessins de presse de la semaine - Fran\u00e7ois Pelletant","robots":{"index":"index","follow":"follow","max-snippet":"max-snippet:-1","max-image-preview":"max-image-preview:large","max-video-preview":"max-video-preview:-1"},"canonical":"https:\/\/francois-pelletant.fr\/blog\/les-dessins-de-presse-de-la-semaine-18\/","og_locale":"fr_FR","og_type":"article","og_title":"Les dessins de presse de la semaine - Fran\u00e7ois Pelletant","og_description":"Chaque dimanche, d\u00e9couvrez ma s\u00e9lection des dessins parus dans la presse. Un peu d&#8217;humour dans une actualit\u00e9 souvent morose&#8230; &nbsp; &nbsp; &nbsp; &nbsp; &nbsp; &nbsp; &nbsp; &nbsp; &nbsp; &nbsp;","og_url":"https:\/\/francois-pelletant.fr\/blog\/les-dessins-de-presse-de-la-semaine-18\/","og_site_name":"Fran\u00e7ois Pelletant","article_publisher":"https:\/\/www.facebook.com\/francois.pelletant.7","article_published_time":"2016-06-26T07:40:52+00:00","og_image":[{"width":580,"height":580,"url":"https:\/\/francois-pelletant.fr\/blog\/wp-content\/uploads\/2016\/06\/Urtikan-21-juin.jpg","type":"image\/jpeg"}],"author":"Francois","twitter_card":"summary_large_image","twitter_creator":"@pelletant","twitter_site":"@pelletant","twitter_misc":{"\u00c9crit par":"Francois","Dur\u00e9e de lecture estim\u00e9e":"1 minute"},"schema":{"@context":"https:\/\/schema.org","@graph":[{"@type":"Article","@id":"https:\/\/francois-pelletant.fr\/blog\/les-dessins-de-presse-de-la-semaine-18\/#article","isPartOf":{"@id":"https:\/\/francois-pelletant.fr\/blog\/les-dessins-de-presse-de-la-semaine-18\/"},"author":{"name":"Francois","@id":"https:\/\/francois-pelletant.fr\/blog\/#\/schema\/person\/2be41acb171dff8f31aaed1f40cee9f3"},"headline":"Les dessins de presse de la semaine","datePublished":"2016-06-26T07:40:52+00:00","mainEntityOfPage":{"@id":"https:\/\/francois-pelletant.fr\/blog\/les-dessins-de-presse-de-la-semaine-18\/"},"wordCount":150,"commentCount":0,"publisher":{"@id":"https:\/\/francois-pelletant.fr\/blog\/#organization"},"image":{"@id":"https:\/\/francois-pelletant.fr\/blog\/les-dessins-de-presse-de-la-semaine-18\/#primaryimage"},"thumbnailUrl":"https:\/\/francois-pelletant.fr\/blog\/wp-content\/uploads\/2016\/06\/Urtikan-21-juin.jpg","articleSection":["Prix du meilleur dessin de presse"],"inLanguage":"fr-FR","potentialAction":[{"@type":"CommentAction","name":"Comment","target":["https:\/\/francois-pelletant.fr\/blog\/les-dessins-de-presse-de-la-semaine-18\/#respond"]}]},{"@type":"WebPage","@id":"https:\/\/francois-pelletant.fr\/blog\/les-dessins-de-presse-de-la-semaine-18\/","url":"https:\/\/francois-pelletant.fr\/blog\/les-dessins-de-presse-de-la-semaine-18\/","name":"Les dessins de presse de la semaine - Fran\u00e7ois Pelletant","isPartOf":{"@id":"https:\/\/francois-pelletant.fr\/blog\/#website"},"primaryImageOfPage":{"@id":"https:\/\/francois-pelletant.fr\/blog\/les-dessins-de-presse-de-la-semaine-18\/#primaryimage"},"image":{"@id":"https:\/\/francois-pelletant.fr\/blog\/les-dessins-de-presse-de-la-semaine-18\/#primaryimage"},"thumbnailUrl":"https:\/\/francois-pelletant.fr\/blog\/wp-content\/uploads\/2016\/06\/Urtikan-21-juin.jpg","datePublished":"2016-06-26T07:40:52+00:00","breadcrumb":{"@id":"https:\/\/francois-pelletant.fr\/blog\/les-dessins-de-presse-de-la-semaine-18\/#breadcrumb"},"inLanguage":"fr-FR","potentialAction":[{"@type":"ReadAction","target":["https:\/\/francois-pelletant.fr\/blog\/les-dessins-de-presse-de-la-semaine-18\/"]}]},{"@type":"ImageObject","inLanguage":"fr-FR","@id":"https:\/\/francois-pelletant.fr\/blog\/les-dessins-de-presse-de-la-semaine-18\/#primaryimage","url":"https:\/\/francois-pelletant.fr\/blog\/wp-content\/uploads\/2016\/06\/Urtikan-21-juin.jpg","contentUrl":"https:\/\/francois-pelletant.fr\/blog\/wp-content\/uploads\/2016\/06\/Urtikan-21-juin.jpg","width":580,"height":580,"caption":"Urtikan 21 juin"},{"@type":"BreadcrumbList","@id":"https:\/\/francois-pelletant.fr\/blog\/les-dessins-de-presse-de-la-semaine-18\/#breadcrumb","itemListElement":[{"@type":"ListItem","position":1,"name":"Accueil","item":"https:\/\/francois-pelletant.fr\/blog\/"},{"@type":"ListItem","position":2,"name":"Les dessins de presse de la semaine"}]},{"@type":"WebSite","@id":"https:\/\/francois-pelletant.fr\/blog\/#website","url":"https:\/\/francois-pelletant.fr\/blog\/","name":"Fran\u00e7ois Pelletant","description":"Maire de Linas, pour toujours.","publisher":{"@id":"https:\/\/francois-pelletant.fr\/blog\/#organization"},"potentialAction":[{"@type":"SearchAction","target":{"@type":"EntryPoint","urlTemplate":"https:\/\/francois-pelletant.fr\/blog\/?s={search_term_string}"},"query-input":{"@type":"PropertyValueSpecification","valueRequired":true,"valueName":"search_term_string"}}],"inLanguage":"fr-FR"},{"@type":"Organization","@id":"https:\/\/francois-pelletant.fr\/blog\/#organization","name":"Fran\u00e7ois Pelletant","url":"https:\/\/francois-pelletant.fr\/blog\/","logo":{"@type":"ImageObject","inLanguage":"fr-FR","@id":"https:\/\/francois-pelletant.fr\/blog\/#\/schema\/logo\/image\/","url":"https:\/\/francois-pelletant.fr\/blog\/wp-content\/uploads\/2024\/07\/icone-francois-centre-500p.png","contentUrl":"https:\/\/francois-pelletant.fr\/blog\/wp-content\/uploads\/2024\/07\/icone-francois-centre-500p.png","width":559,"height":447,"caption":"Fran\u00e7ois Pelletant"},"image":{"@id":"https:\/\/francois-pelletant.fr\/blog\/#\/schema\/logo\/image\/"},"sameAs":["https:\/\/www.facebook.com\/francois.pelletant.7","https:\/\/x.com\/pelletant"]},{"@type":"Person","@id":"https:\/\/francois-pelletant.fr\/blog\/#\/schema\/person\/2be41acb171dff8f31aaed1f40cee9f3","name":"Francois"}]}},"_links":{"self":[{"href":"https:\/\/francois-pelletant.fr\/blog\/wp-json\/wp\/v2\/posts\/7370","targetHints":{"allow":["GET"]}}],"collection":[{"href":"https:\/\/francois-pelletant.fr\/blog\/wp-json\/wp\/v2\/posts"}],"about":[{"href":"https:\/\/francois-pelletant.fr\/blog\/wp-json\/wp\/v2\/types\/post"}],"author":[{"embeddable":true,"href":"https:\/\/francois-pelletant.fr\/blog\/wp-json\/wp\/v2\/users\/1"}],"replies":[{"embeddable":true,"href":"https:\/\/francois-pelletant.fr\/blog\/wp-json\/wp\/v2\/comments?post=7370"}],"version-history":[{"count":0,"href":"https:\/\/francois-pelletant.fr\/blog\/wp-json\/wp\/v2\/posts\/7370\/revisions"}],"wp:featuredmedia":[{"embeddable":true,"href":"https:\/\/francois-pelletant.fr\/blog\/wp-json\/wp\/v2\/media\/7371"}],"wp:attachment":[{"href":"https:\/\/francois-pelletant.fr\/blog\/wp-json\/wp\/v2\/media?parent=7370"}],"wp:term":[{"taxonomy":"category","embeddable":true,"href":"https:\/\/francois-pelletant.fr\/blog\/wp-json\/wp\/v2\/categories?post=7370"},{"taxonomy":"post_tag","embeddable":true,"href":"https:\/\/francois-pelletant.fr\/blog\/wp-json\/wp\/v2\/tags?post=7370"}],"curies":[{"name":"wp","href":"https:\/\/api.w.org\/{rel}","templated":true}]}}