{"id":7431,"date":"2016-07-15T07:35:29","date_gmt":"2016-07-15T07:35:29","guid":{"rendered":"https:\/\/francois-pelletant.fr\/blog\/?p=7431"},"modified":"2017-02-10T14:14:53","modified_gmt":"2017-02-10T14:14:53","slug":"demandez-drapeau-portugal-collector-euro","status":"publish","type":"post","link":"https:\/\/francois-pelletant.fr\/blog\/demandez-drapeau-portugal-collector-euro\/","title":{"rendered":"Demandez votre drapeau Portugal collector \u00ab euro 2016 \u00bb !"},"content":{"rendered":"<h1><img loading=\"lazy\" decoding=\"async\" class=\"alignleft wp-image-7427 size-medium\" src=\"https:\/\/francois-pelletant.fr\/blog\/wp-content\/uploads\/2016\/07\/drapeaux_N104_LINAS_72DPI-300x195.jpg\" alt=\"drapeau - portugal - linas \" width=\"300\" height=\"195\" srcset=\"https:\/\/francois-pelletant.fr\/blog\/wp-content\/uploads\/2016\/07\/drapeaux_N104_LINAS_72DPI-300x195.jpg 300w, https:\/\/francois-pelletant.fr\/blog\/wp-content\/uploads\/2016\/07\/drapeaux_N104_LINAS_72DPI-1024x667.jpg 1024w, https:\/\/francois-pelletant.fr\/blog\/wp-content\/uploads\/2016\/07\/drapeaux_N104_LINAS_72DPI-768x500.jpg 768w, https:\/\/francois-pelletant.fr\/blog\/wp-content\/uploads\/2016\/07\/drapeaux_N104_LINAS_72DPI-600x391.jpg 600w, https:\/\/francois-pelletant.fr\/blog\/wp-content\/uploads\/2016\/07\/drapeaux_N104_LINAS_72DPI.jpg 1529w\" sizes=\"auto, (max-width: 300px) 100vw, 300px\" \/>Le drapeau du Portugal disponible \u00e0 la Mairie de Linas<\/h1>\n<p>Apr\u00e8s le succ\u00e8s de l\u2019\u00e9quipe de football portugaise de football \u00e0<a href=\"http:\/\/fr.uefa.com\/uefaeuro\/\" target=\"_blank\" rel=\"nofollow\"> l\u2019Euro 2016, <\/a>vous avez nombreux \u00e0 demander ce que la Mairie comptait faire des drapeaux lusitaniens qui ont \u00e9t\u00e9 install\u00e9s le lendemain de la finale sur le pont qui enjambe la Franciliennes pour f\u00eater la victoire. Bonne nouvelle, les 15 drapeaux que j\u2019aurai le plaisir de d\u00e9dicacer, vont donc \u00eatre mis en vente au prix de 20 euros l\u2019unit\u00e9 \u00e0 l\u2019occasion de la f\u00eate des associations de la ville le 4 septembre prochain. D\u2019ores et d\u00e9j\u00e0, vous pouvez r\u00e9server votre exemplaire en contactant le service \u00e9v\u00e9nementiel en mairie de Linas au 01.69.80.14.19<\/p>\n<p>&nbsp;<\/p>\n","protected":false},"excerpt":{"rendered":"<p>Le drapeau du Portugal disponible \u00e0 la Mairie de Linas Apr\u00e8s le succ\u00e8s de l\u2019\u00e9quipe de football portugaise de football \u00e0 l\u2019Euro 2016, vous avez nombreux \u00e0 demander ce que la Mairie comptait faire des drapeaux lusitaniens qui ont \u00e9t\u00e9 install\u00e9s le lendemain de la finale sur le pont qui enjambe la Franciliennes pour f\u00eater [&hellip;]<\/p>\n","protected":false},"author":1,"featured_media":7427,"comment_status":"open","ping_status":"closed","sticky":false,"template":"","format":"standard","meta":{"footnotes":""},"categories":[5],"tags":[208,205,206,155,30,209,207],"class_list":["post-7431","post","type-post","status-publish","format-standard","has-post-thumbnail","hentry","category-cnr","tag-equipe-portugaise","tag-euro-2016","tag-finale","tag-francois-pelletant","tag-linas","tag-mairie-linas","tag-portugal"],"yoast_head":"<!-- This site is optimized with the Yoast SEO plugin v25.6 - https:\/\/yoast.com\/wordpress\/plugins\/seo\/ -->\n<title>Le drapeau Portugal collector \u00ab euro 2016 \u00bb ! - Fran\u00e7ois Pelletant<\/title>\n<meta name=\"robots\" content=\"index, follow, max-snippet:-1, max-image-preview:large, max-video-preview:-1\" \/>\n<link rel=\"canonical\" href=\"https:\/\/francois-pelletant.fr\/blog\/demandez-drapeau-portugal-collector-euro\/\" \/>\n<meta property=\"og:locale\" content=\"fr_FR\" \/>\n<meta property=\"og:type\" content=\"article\" \/>\n<meta property=\"og:title\" content=\"Le drapeau Portugal collector \u00ab euro 2016 \u00bb ! - Fran\u00e7ois Pelletant\" \/>\n<meta property=\"og:description\" content=\"Le drapeau du Portugal disponible \u00e0 la Mairie de Linas Apr\u00e8s le succ\u00e8s de l\u2019\u00e9quipe de football portugaise de football \u00e0 l\u2019Euro 2016, vous avez nombreux \u00e0 demander ce que la Mairie comptait faire des drapeaux lusitaniens qui ont \u00e9t\u00e9 install\u00e9s le lendemain de la finale sur le pont qui enjambe la Franciliennes pour f\u00eater [&hellip;]\" \/>\n<meta property=\"og:url\" content=\"https:\/\/francois-pelletant.fr\/blog\/demandez-drapeau-portugal-collector-euro\/\" \/>\n<meta property=\"og:site_name\" content=\"Fran\u00e7ois Pelletant\" \/>\n<meta property=\"article:publisher\" content=\"https:\/\/www.facebook.com\/francois.pelletant.7\" \/>\n<meta property=\"article:published_time\" content=\"2016-07-15T07:35:29+00:00\" \/>\n<meta property=\"article:modified_time\" content=\"2017-02-10T14:14:53+00:00\" \/>\n<meta property=\"og:image\" content=\"https:\/\/francois-pelletant.fr\/blog\/wp-content\/uploads\/2016\/07\/drapeaux_N104_LINAS_72DPI.jpg\" \/>\n\t<meta property=\"og:image:width\" content=\"1529\" \/>\n\t<meta property=\"og:image:height\" content=\"996\" \/>\n\t<meta property=\"og:image:type\" content=\"image\/jpeg\" \/>\n<meta name=\"author\" content=\"Francois\" \/>\n<meta name=\"twitter:card\" content=\"summary_large_image\" \/>\n<meta name=\"twitter:creator\" content=\"@pelletant\" \/>\n<meta name=\"twitter:site\" content=\"@pelletant\" \/>\n<meta name=\"twitter:label1\" content=\"\u00c9crit par\" \/>\n\t<meta name=\"twitter:data1\" content=\"Francois\" \/>\n\t<meta name=\"twitter:label2\" content=\"Dur\u00e9e de lecture estim\u00e9e\" \/>\n\t<meta name=\"twitter:data2\" content=\"1 minute\" \/>\n<script type=\"application\/ld+json\" class=\"yoast-schema-graph\">{\"@context\":\"https:\/\/schema.org\",\"@graph\":[{\"@type\":\"Article\",\"@id\":\"https:\/\/francois-pelletant.fr\/blog\/demandez-drapeau-portugal-collector-euro\/#article\",\"isPartOf\":{\"@id\":\"https:\/\/francois-pelletant.fr\/blog\/demandez-drapeau-portugal-collector-euro\/\"},\"author\":{\"name\":\"Francois\",\"@id\":\"https:\/\/francois-pelletant.fr\/blog\/#\/schema\/person\/2be41acb171dff8f31aaed1f40cee9f3\"},\"headline\":\"Demandez votre drapeau Portugal collector \u00ab euro 2016 \u00bb !\",\"datePublished\":\"2016-07-15T07:35:29+00:00\",\"dateModified\":\"2017-02-10T14:14:53+00:00\",\"mainEntityOfPage\":{\"@id\":\"https:\/\/francois-pelletant.fr\/blog\/demandez-drapeau-portugal-collector-euro\/\"},\"wordCount\":126,\"commentCount\":0,\"publisher\":{\"@id\":\"https:\/\/francois-pelletant.fr\/blog\/#organization\"},\"image\":{\"@id\":\"https:\/\/francois-pelletant.fr\/blog\/demandez-drapeau-portugal-collector-euro\/#primaryimage\"},\"thumbnailUrl\":\"https:\/\/francois-pelletant.fr\/blog\/wp-content\/uploads\/2016\/07\/drapeaux_N104_LINAS_72DPI.jpg\",\"keywords\":[\"\u00e9quipe portugaise\",\"euro 2016\",\"finale\",\"fran\u00e7ois pelletant\",\"Linas\",\"mairie linas\",\"portugal\"],\"articleSection\":[\"CNR\"],\"inLanguage\":\"fr-FR\",\"potentialAction\":[{\"@type\":\"CommentAction\",\"name\":\"Comment\",\"target\":[\"https:\/\/francois-pelletant.fr\/blog\/demandez-drapeau-portugal-collector-euro\/#respond\"]}]},{\"@type\":\"WebPage\",\"@id\":\"https:\/\/francois-pelletant.fr\/blog\/demandez-drapeau-portugal-collector-euro\/\",\"url\":\"https:\/\/francois-pelletant.fr\/blog\/demandez-drapeau-portugal-collector-euro\/\",\"name\":\"Le drapeau Portugal collector \u00ab euro 2016 \u00bb ! - Fran\u00e7ois Pelletant\",\"isPartOf\":{\"@id\":\"https:\/\/francois-pelletant.fr\/blog\/#website\"},\"primaryImageOfPage\":{\"@id\":\"https:\/\/francois-pelletant.fr\/blog\/demandez-drapeau-portugal-collector-euro\/#primaryimage\"},\"image\":{\"@id\":\"https:\/\/francois-pelletant.fr\/blog\/demandez-drapeau-portugal-collector-euro\/#primaryimage\"},\"thumbnailUrl\":\"https:\/\/francois-pelletant.fr\/blog\/wp-content\/uploads\/2016\/07\/drapeaux_N104_LINAS_72DPI.jpg\",\"datePublished\":\"2016-07-15T07:35:29+00:00\",\"dateModified\":\"2017-02-10T14:14:53+00:00\",\"breadcrumb\":{\"@id\":\"https:\/\/francois-pelletant.fr\/blog\/demandez-drapeau-portugal-collector-euro\/#breadcrumb\"},\"inLanguage\":\"fr-FR\",\"potentialAction\":[{\"@type\":\"ReadAction\",\"target\":[\"https:\/\/francois-pelletant.fr\/blog\/demandez-drapeau-portugal-collector-euro\/\"]}]},{\"@type\":\"ImageObject\",\"inLanguage\":\"fr-FR\",\"@id\":\"https:\/\/francois-pelletant.fr\/blog\/demandez-drapeau-portugal-collector-euro\/#primaryimage\",\"url\":\"https:\/\/francois-pelletant.fr\/blog\/wp-content\/uploads\/2016\/07\/drapeaux_N104_LINAS_72DPI.jpg\",\"contentUrl\":\"https:\/\/francois-pelletant.fr\/blog\/wp-content\/uploads\/2016\/07\/drapeaux_N104_LINAS_72DPI.jpg\",\"width\":1529,\"height\":996},{\"@type\":\"BreadcrumbList\",\"@id\":\"https:\/\/francois-pelletant.fr\/blog\/demandez-drapeau-portugal-collector-euro\/#breadcrumb\",\"itemListElement\":[{\"@type\":\"ListItem\",\"position\":1,\"name\":\"Accueil\",\"item\":\"https:\/\/francois-pelletant.fr\/blog\/\"},{\"@type\":\"ListItem\",\"position\":2,\"name\":\"Demandez votre drapeau Portugal collector \u00ab euro 2016 \u00bb !\"}]},{\"@type\":\"WebSite\",\"@id\":\"https:\/\/francois-pelletant.fr\/blog\/#website\",\"url\":\"https:\/\/francois-pelletant.fr\/blog\/\",\"name\":\"Fran\u00e7ois Pelletant\",\"description\":\"Maire de Linas, pour toujours.\",\"publisher\":{\"@id\":\"https:\/\/francois-pelletant.fr\/blog\/#organization\"},\"potentialAction\":[{\"@type\":\"SearchAction\",\"target\":{\"@type\":\"EntryPoint\",\"urlTemplate\":\"https:\/\/francois-pelletant.fr\/blog\/?s={search_term_string}\"},\"query-input\":{\"@type\":\"PropertyValueSpecification\",\"valueRequired\":true,\"valueName\":\"search_term_string\"}}],\"inLanguage\":\"fr-FR\"},{\"@type\":\"Organization\",\"@id\":\"https:\/\/francois-pelletant.fr\/blog\/#organization\",\"name\":\"Fran\u00e7ois Pelletant\",\"url\":\"https:\/\/francois-pelletant.fr\/blog\/\",\"logo\":{\"@type\":\"ImageObject\",\"inLanguage\":\"fr-FR\",\"@id\":\"https:\/\/francois-pelletant.fr\/blog\/#\/schema\/logo\/image\/\",\"url\":\"https:\/\/francois-pelletant.fr\/blog\/wp-content\/uploads\/2024\/07\/icone-francois-centre-500p.png\",\"contentUrl\":\"https:\/\/francois-pelletant.fr\/blog\/wp-content\/uploads\/2024\/07\/icone-francois-centre-500p.png\",\"width\":559,\"height\":447,\"caption\":\"Fran\u00e7ois Pelletant\"},\"image\":{\"@id\":\"https:\/\/francois-pelletant.fr\/blog\/#\/schema\/logo\/image\/\"},\"sameAs\":[\"https:\/\/www.facebook.com\/francois.pelletant.7\",\"https:\/\/x.com\/pelletant\"]},{\"@type\":\"Person\",\"@id\":\"https:\/\/francois-pelletant.fr\/blog\/#\/schema\/person\/2be41acb171dff8f31aaed1f40cee9f3\",\"name\":\"Francois\"}]}<\/script>\n<!-- \/ Yoast SEO plugin. -->","yoast_head_json":{"title":"Le drapeau Portugal collector \u00ab euro 2016 \u00bb ! - Fran\u00e7ois Pelletant","robots":{"index":"index","follow":"follow","max-snippet":"max-snippet:-1","max-image-preview":"max-image-preview:large","max-video-preview":"max-video-preview:-1"},"canonical":"https:\/\/francois-pelletant.fr\/blog\/demandez-drapeau-portugal-collector-euro\/","og_locale":"fr_FR","og_type":"article","og_title":"Le drapeau Portugal collector \u00ab euro 2016 \u00bb ! - Fran\u00e7ois Pelletant","og_description":"Le drapeau du Portugal disponible \u00e0 la Mairie de Linas Apr\u00e8s le succ\u00e8s de l\u2019\u00e9quipe de football portugaise de football \u00e0 l\u2019Euro 2016, vous avez nombreux \u00e0 demander ce que la Mairie comptait faire des drapeaux lusitaniens qui ont \u00e9t\u00e9 install\u00e9s le lendemain de la finale sur le pont qui enjambe la Franciliennes pour f\u00eater [&hellip;]","og_url":"https:\/\/francois-pelletant.fr\/blog\/demandez-drapeau-portugal-collector-euro\/","og_site_name":"Fran\u00e7ois Pelletant","article_publisher":"https:\/\/www.facebook.com\/francois.pelletant.7","article_published_time":"2016-07-15T07:35:29+00:00","article_modified_time":"2017-02-10T14:14:53+00:00","og_image":[{"width":1529,"height":996,"url":"https:\/\/francois-pelletant.fr\/blog\/wp-content\/uploads\/2016\/07\/drapeaux_N104_LINAS_72DPI.jpg","type":"image\/jpeg"}],"author":"Francois","twitter_card":"summary_large_image","twitter_creator":"@pelletant","twitter_site":"@pelletant","twitter_misc":{"\u00c9crit par":"Francois","Dur\u00e9e de lecture estim\u00e9e":"1 minute"},"schema":{"@context":"https:\/\/schema.org","@graph":[{"@type":"Article","@id":"https:\/\/francois-pelletant.fr\/blog\/demandez-drapeau-portugal-collector-euro\/#article","isPartOf":{"@id":"https:\/\/francois-pelletant.fr\/blog\/demandez-drapeau-portugal-collector-euro\/"},"author":{"name":"Francois","@id":"https:\/\/francois-pelletant.fr\/blog\/#\/schema\/person\/2be41acb171dff8f31aaed1f40cee9f3"},"headline":"Demandez votre drapeau Portugal collector \u00ab euro 2016 \u00bb !","datePublished":"2016-07-15T07:35:29+00:00","dateModified":"2017-02-10T14:14:53+00:00","mainEntityOfPage":{"@id":"https:\/\/francois-pelletant.fr\/blog\/demandez-drapeau-portugal-collector-euro\/"},"wordCount":126,"commentCount":0,"publisher":{"@id":"https:\/\/francois-pelletant.fr\/blog\/#organization"},"image":{"@id":"https:\/\/francois-pelletant.fr\/blog\/demandez-drapeau-portugal-collector-euro\/#primaryimage"},"thumbnailUrl":"https:\/\/francois-pelletant.fr\/blog\/wp-content\/uploads\/2016\/07\/drapeaux_N104_LINAS_72DPI.jpg","keywords":["\u00e9quipe portugaise","euro 2016","finale","fran\u00e7ois pelletant","Linas","mairie linas","portugal"],"articleSection":["CNR"],"inLanguage":"fr-FR","potentialAction":[{"@type":"CommentAction","name":"Comment","target":["https:\/\/francois-pelletant.fr\/blog\/demandez-drapeau-portugal-collector-euro\/#respond"]}]},{"@type":"WebPage","@id":"https:\/\/francois-pelletant.fr\/blog\/demandez-drapeau-portugal-collector-euro\/","url":"https:\/\/francois-pelletant.fr\/blog\/demandez-drapeau-portugal-collector-euro\/","name":"Le drapeau Portugal collector \u00ab euro 2016 \u00bb ! - Fran\u00e7ois Pelletant","isPartOf":{"@id":"https:\/\/francois-pelletant.fr\/blog\/#website"},"primaryImageOfPage":{"@id":"https:\/\/francois-pelletant.fr\/blog\/demandez-drapeau-portugal-collector-euro\/#primaryimage"},"image":{"@id":"https:\/\/francois-pelletant.fr\/blog\/demandez-drapeau-portugal-collector-euro\/#primaryimage"},"thumbnailUrl":"https:\/\/francois-pelletant.fr\/blog\/wp-content\/uploads\/2016\/07\/drapeaux_N104_LINAS_72DPI.jpg","datePublished":"2016-07-15T07:35:29+00:00","dateModified":"2017-02-10T14:14:53+00:00","breadcrumb":{"@id":"https:\/\/francois-pelletant.fr\/blog\/demandez-drapeau-portugal-collector-euro\/#breadcrumb"},"inLanguage":"fr-FR","potentialAction":[{"@type":"ReadAction","target":["https:\/\/francois-pelletant.fr\/blog\/demandez-drapeau-portugal-collector-euro\/"]}]},{"@type":"ImageObject","inLanguage":"fr-FR","@id":"https:\/\/francois-pelletant.fr\/blog\/demandez-drapeau-portugal-collector-euro\/#primaryimage","url":"https:\/\/francois-pelletant.fr\/blog\/wp-content\/uploads\/2016\/07\/drapeaux_N104_LINAS_72DPI.jpg","contentUrl":"https:\/\/francois-pelletant.fr\/blog\/wp-content\/uploads\/2016\/07\/drapeaux_N104_LINAS_72DPI.jpg","width":1529,"height":996},{"@type":"BreadcrumbList","@id":"https:\/\/francois-pelletant.fr\/blog\/demandez-drapeau-portugal-collector-euro\/#breadcrumb","itemListElement":[{"@type":"ListItem","position":1,"name":"Accueil","item":"https:\/\/francois-pelletant.fr\/blog\/"},{"@type":"ListItem","position":2,"name":"Demandez votre drapeau Portugal collector \u00ab euro 2016 \u00bb !"}]},{"@type":"WebSite","@id":"https:\/\/francois-pelletant.fr\/blog\/#website","url":"https:\/\/francois-pelletant.fr\/blog\/","name":"Fran\u00e7ois Pelletant","description":"Maire de Linas, pour toujours.","publisher":{"@id":"https:\/\/francois-pelletant.fr\/blog\/#organization"},"potentialAction":[{"@type":"SearchAction","target":{"@type":"EntryPoint","urlTemplate":"https:\/\/francois-pelletant.fr\/blog\/?s={search_term_string}"},"query-input":{"@type":"PropertyValueSpecification","valueRequired":true,"valueName":"search_term_string"}}],"inLanguage":"fr-FR"},{"@type":"Organization","@id":"https:\/\/francois-pelletant.fr\/blog\/#organization","name":"Fran\u00e7ois Pelletant","url":"https:\/\/francois-pelletant.fr\/blog\/","logo":{"@type":"ImageObject","inLanguage":"fr-FR","@id":"https:\/\/francois-pelletant.fr\/blog\/#\/schema\/logo\/image\/","url":"https:\/\/francois-pelletant.fr\/blog\/wp-content\/uploads\/2024\/07\/icone-francois-centre-500p.png","contentUrl":"https:\/\/francois-pelletant.fr\/blog\/wp-content\/uploads\/2024\/07\/icone-francois-centre-500p.png","width":559,"height":447,"caption":"Fran\u00e7ois Pelletant"},"image":{"@id":"https:\/\/francois-pelletant.fr\/blog\/#\/schema\/logo\/image\/"},"sameAs":["https:\/\/www.facebook.com\/francois.pelletant.7","https:\/\/x.com\/pelletant"]},{"@type":"Person","@id":"https:\/\/francois-pelletant.fr\/blog\/#\/schema\/person\/2be41acb171dff8f31aaed1f40cee9f3","name":"Francois"}]}},"_links":{"self":[{"href":"https:\/\/francois-pelletant.fr\/blog\/wp-json\/wp\/v2\/posts\/7431","targetHints":{"allow":["GET"]}}],"collection":[{"href":"https:\/\/francois-pelletant.fr\/blog\/wp-json\/wp\/v2\/posts"}],"about":[{"href":"https:\/\/francois-pelletant.fr\/blog\/wp-json\/wp\/v2\/types\/post"}],"author":[{"embeddable":true,"href":"https:\/\/francois-pelletant.fr\/blog\/wp-json\/wp\/v2\/users\/1"}],"replies":[{"embeddable":true,"href":"https:\/\/francois-pelletant.fr\/blog\/wp-json\/wp\/v2\/comments?post=7431"}],"version-history":[{"count":0,"href":"https:\/\/francois-pelletant.fr\/blog\/wp-json\/wp\/v2\/posts\/7431\/revisions"}],"wp:featuredmedia":[{"embeddable":true,"href":"https:\/\/francois-pelletant.fr\/blog\/wp-json\/wp\/v2\/media\/7427"}],"wp:attachment":[{"href":"https:\/\/francois-pelletant.fr\/blog\/wp-json\/wp\/v2\/media?parent=7431"}],"wp:term":[{"taxonomy":"category","embeddable":true,"href":"https:\/\/francois-pelletant.fr\/blog\/wp-json\/wp\/v2\/categories?post=7431"},{"taxonomy":"post_tag","embeddable":true,"href":"https:\/\/francois-pelletant.fr\/blog\/wp-json\/wp\/v2\/tags?post=7431"}],"curies":[{"name":"wp","href":"https:\/\/api.w.org\/{rel}","templated":true}]}}