{"id":7497,"date":"2016-08-30T07:51:32","date_gmt":"2016-08-30T07:51:32","guid":{"rendered":"https:\/\/francois-pelletant.fr\/blog\/?p=7497"},"modified":"2017-02-13T10:55:33","modified_gmt":"2017-02-13T10:55:33","slug":"vis-ma-vie-delu","status":"publish","type":"post","link":"https:\/\/francois-pelletant.fr\/blog\/vis-ma-vie-delu\/","title":{"rendered":"Vis ma vie d\u2019\u00e9lu !"},"content":{"rendered":"<h2><img loading=\"lazy\" decoding=\"async\" class=\"alignleft wp-image-7498 size-medium\" src=\"https:\/\/francois-pelletant.fr\/blog\/wp-content\/uploads\/2016\/08\/lucien-300x251.jpg\" alt=\"Luncien D vis la vie du Maire de Linas\" width=\"300\" height=\"251\" srcset=\"https:\/\/francois-pelletant.fr\/blog\/wp-content\/uploads\/2016\/08\/lucien-300x251.jpg 300w, https:\/\/francois-pelletant.fr\/blog\/wp-content\/uploads\/2016\/08\/lucien-600x503.jpg 600w, https:\/\/francois-pelletant.fr\/blog\/wp-content\/uploads\/2016\/08\/lucien.jpg 640w\" sizes=\"auto, (max-width: 300px) 100vw, 300px\" \/>Et si c&#8217;\u00e9tait vous le Maire ?<\/h2>\n<p>Ce matin, Lucien D. est le Maire de <a href=\"http:\/\/www.linas.fr\/\" target=\"_blank\" rel=\"nofollow\">Linas<\/a>\u2026 Enfin presque. Dans le cadre de l\u2019op\u00e9ration \u00ab Et si c\u2019\u00e9tait vous ? \u00bb qui est une invitation \u00e0 partager, pendant une demi-journ\u00e9e, ma vie Maire de Linas pour comprendre comment fonctionne la mairie, cet habitant a gagn\u00e9 le tirage au sort et a donc le privil\u00e8ge de m\u2019accompagner pendant une partie de la journ\u00e9e dans mon mandat de maire.<\/p>\n","protected":false},"excerpt":{"rendered":"<p>Et si c&#8217;\u00e9tait vous le Maire ? Ce matin, Lucien D. est le Maire de Linas\u2026 Enfin presque. Dans le cadre de l\u2019op\u00e9ration \u00ab Et si c\u2019\u00e9tait vous ? \u00bb qui est une invitation \u00e0 partager, pendant une demi-journ\u00e9e, ma vie Maire de Linas pour comprendre comment fonctionne la mairie, cet habitant a gagn\u00e9 le [&hellip;]<\/p>\n","protected":false},"author":1,"featured_media":7498,"comment_status":"open","ping_status":"closed","sticky":false,"template":"","format":"standard","meta":{"footnotes":""},"categories":[20],"tags":[155,211,212,209,48],"class_list":["post-7497","post","type-post","status-publish","format-standard","has-post-thumbnail","hentry","category-self-francois","tag-francois-pelletant","tag-maire","tag-mairie-de-linas","tag-mairie-linas","tag-pelletant"],"yoast_head":"<!-- This site is optimized with the Yoast SEO plugin v25.6 - https:\/\/yoast.com\/wordpress\/plugins\/seo\/ -->\n<title>Vis ma vie d\u2019\u00e9lu pendant une demi-journ\u00e9e ! - Fran\u00e7ois Pelletant<\/title>\n<meta name=\"description\" content=\"Pour une demi-journ\u00e9e je fais partager ma vie de Maire \u00e0 la Mairie de Linas \u00e0 Monsieur Lucien D. habitant de la commune de Linas.\" \/>\n<meta name=\"robots\" content=\"index, follow, max-snippet:-1, max-image-preview:large, max-video-preview:-1\" \/>\n<link rel=\"canonical\" href=\"https:\/\/francois-pelletant.fr\/blog\/vis-ma-vie-delu\/\" \/>\n<meta property=\"og:locale\" content=\"fr_FR\" \/>\n<meta property=\"og:type\" content=\"article\" \/>\n<meta property=\"og:title\" content=\"Vis ma vie d\u2019\u00e9lu pendant une demi-journ\u00e9e ! - Fran\u00e7ois Pelletant\" \/>\n<meta property=\"og:description\" content=\"Pour une demi-journ\u00e9e je fais partager ma vie de Maire \u00e0 la Mairie de Linas \u00e0 Monsieur Lucien D. habitant de la commune de Linas.\" \/>\n<meta property=\"og:url\" content=\"https:\/\/francois-pelletant.fr\/blog\/vis-ma-vie-delu\/\" \/>\n<meta property=\"og:site_name\" content=\"Fran\u00e7ois Pelletant\" \/>\n<meta property=\"article:publisher\" content=\"https:\/\/www.facebook.com\/francois.pelletant.7\" \/>\n<meta property=\"article:published_time\" content=\"2016-08-30T07:51:32+00:00\" \/>\n<meta property=\"article:modified_time\" content=\"2017-02-13T10:55:33+00:00\" \/>\n<meta property=\"og:image\" content=\"https:\/\/francois-pelletant.fr\/blog\/wp-content\/uploads\/2016\/08\/lucien.jpg\" \/>\n\t<meta property=\"og:image:width\" content=\"640\" \/>\n\t<meta property=\"og:image:height\" content=\"536\" \/>\n\t<meta property=\"og:image:type\" content=\"image\/jpeg\" \/>\n<meta name=\"author\" content=\"Francois\" \/>\n<meta name=\"twitter:card\" content=\"summary_large_image\" \/>\n<meta name=\"twitter:creator\" content=\"@pelletant\" \/>\n<meta name=\"twitter:site\" content=\"@pelletant\" \/>\n<meta name=\"twitter:label1\" content=\"\u00c9crit par\" \/>\n\t<meta name=\"twitter:data1\" content=\"Francois\" \/>\n<script type=\"application\/ld+json\" class=\"yoast-schema-graph\">{\"@context\":\"https:\/\/schema.org\",\"@graph\":[{\"@type\":\"Article\",\"@id\":\"https:\/\/francois-pelletant.fr\/blog\/vis-ma-vie-delu\/#article\",\"isPartOf\":{\"@id\":\"https:\/\/francois-pelletant.fr\/blog\/vis-ma-vie-delu\/\"},\"author\":{\"name\":\"Francois\",\"@id\":\"https:\/\/francois-pelletant.fr\/blog\/#\/schema\/person\/2be41acb171dff8f31aaed1f40cee9f3\"},\"headline\":\"Vis ma vie d\u2019\u00e9lu !\",\"datePublished\":\"2016-08-30T07:51:32+00:00\",\"dateModified\":\"2017-02-13T10:55:33+00:00\",\"mainEntityOfPage\":{\"@id\":\"https:\/\/francois-pelletant.fr\/blog\/vis-ma-vie-delu\/\"},\"wordCount\":84,\"commentCount\":0,\"publisher\":{\"@id\":\"https:\/\/francois-pelletant.fr\/blog\/#organization\"},\"image\":{\"@id\":\"https:\/\/francois-pelletant.fr\/blog\/vis-ma-vie-delu\/#primaryimage\"},\"thumbnailUrl\":\"https:\/\/francois-pelletant.fr\/blog\/wp-content\/uploads\/2016\/08\/lucien.jpg\",\"keywords\":[\"fran\u00e7ois pelletant\",\"maire\",\"mairie de Linas\",\"mairie linas\",\"pelletant\"],\"articleSection\":[\"Self Fran\u00e7ois\"],\"inLanguage\":\"fr-FR\",\"potentialAction\":[{\"@type\":\"CommentAction\",\"name\":\"Comment\",\"target\":[\"https:\/\/francois-pelletant.fr\/blog\/vis-ma-vie-delu\/#respond\"]}]},{\"@type\":\"WebPage\",\"@id\":\"https:\/\/francois-pelletant.fr\/blog\/vis-ma-vie-delu\/\",\"url\":\"https:\/\/francois-pelletant.fr\/blog\/vis-ma-vie-delu\/\",\"name\":\"Vis ma vie d\u2019\u00e9lu pendant une demi-journ\u00e9e ! - Fran\u00e7ois Pelletant\",\"isPartOf\":{\"@id\":\"https:\/\/francois-pelletant.fr\/blog\/#website\"},\"primaryImageOfPage\":{\"@id\":\"https:\/\/francois-pelletant.fr\/blog\/vis-ma-vie-delu\/#primaryimage\"},\"image\":{\"@id\":\"https:\/\/francois-pelletant.fr\/blog\/vis-ma-vie-delu\/#primaryimage\"},\"thumbnailUrl\":\"https:\/\/francois-pelletant.fr\/blog\/wp-content\/uploads\/2016\/08\/lucien.jpg\",\"datePublished\":\"2016-08-30T07:51:32+00:00\",\"dateModified\":\"2017-02-13T10:55:33+00:00\",\"description\":\"Pour une demi-journ\u00e9e je fais partager ma vie de Maire \u00e0 la Mairie de Linas \u00e0 Monsieur Lucien D. habitant de la commune de Linas.\",\"breadcrumb\":{\"@id\":\"https:\/\/francois-pelletant.fr\/blog\/vis-ma-vie-delu\/#breadcrumb\"},\"inLanguage\":\"fr-FR\",\"potentialAction\":[{\"@type\":\"ReadAction\",\"target\":[\"https:\/\/francois-pelletant.fr\/blog\/vis-ma-vie-delu\/\"]}]},{\"@type\":\"ImageObject\",\"inLanguage\":\"fr-FR\",\"@id\":\"https:\/\/francois-pelletant.fr\/blog\/vis-ma-vie-delu\/#primaryimage\",\"url\":\"https:\/\/francois-pelletant.fr\/blog\/wp-content\/uploads\/2016\/08\/lucien.jpg\",\"contentUrl\":\"https:\/\/francois-pelletant.fr\/blog\/wp-content\/uploads\/2016\/08\/lucien.jpg\",\"width\":640,\"height\":536},{\"@type\":\"BreadcrumbList\",\"@id\":\"https:\/\/francois-pelletant.fr\/blog\/vis-ma-vie-delu\/#breadcrumb\",\"itemListElement\":[{\"@type\":\"ListItem\",\"position\":1,\"name\":\"Accueil\",\"item\":\"https:\/\/francois-pelletant.fr\/blog\/\"},{\"@type\":\"ListItem\",\"position\":2,\"name\":\"Vis ma vie d\u2019\u00e9lu !\"}]},{\"@type\":\"WebSite\",\"@id\":\"https:\/\/francois-pelletant.fr\/blog\/#website\",\"url\":\"https:\/\/francois-pelletant.fr\/blog\/\",\"name\":\"Fran\u00e7ois Pelletant\",\"description\":\"Maire de Linas, pour toujours.\",\"publisher\":{\"@id\":\"https:\/\/francois-pelletant.fr\/blog\/#organization\"},\"potentialAction\":[{\"@type\":\"SearchAction\",\"target\":{\"@type\":\"EntryPoint\",\"urlTemplate\":\"https:\/\/francois-pelletant.fr\/blog\/?s={search_term_string}\"},\"query-input\":{\"@type\":\"PropertyValueSpecification\",\"valueRequired\":true,\"valueName\":\"search_term_string\"}}],\"inLanguage\":\"fr-FR\"},{\"@type\":\"Organization\",\"@id\":\"https:\/\/francois-pelletant.fr\/blog\/#organization\",\"name\":\"Fran\u00e7ois Pelletant\",\"url\":\"https:\/\/francois-pelletant.fr\/blog\/\",\"logo\":{\"@type\":\"ImageObject\",\"inLanguage\":\"fr-FR\",\"@id\":\"https:\/\/francois-pelletant.fr\/blog\/#\/schema\/logo\/image\/\",\"url\":\"https:\/\/francois-pelletant.fr\/blog\/wp-content\/uploads\/2024\/07\/icone-francois-centre-500p.png\",\"contentUrl\":\"https:\/\/francois-pelletant.fr\/blog\/wp-content\/uploads\/2024\/07\/icone-francois-centre-500p.png\",\"width\":559,\"height\":447,\"caption\":\"Fran\u00e7ois Pelletant\"},\"image\":{\"@id\":\"https:\/\/francois-pelletant.fr\/blog\/#\/schema\/logo\/image\/\"},\"sameAs\":[\"https:\/\/www.facebook.com\/francois.pelletant.7\",\"https:\/\/x.com\/pelletant\"]},{\"@type\":\"Person\",\"@id\":\"https:\/\/francois-pelletant.fr\/blog\/#\/schema\/person\/2be41acb171dff8f31aaed1f40cee9f3\",\"name\":\"Francois\"}]}<\/script>\n<!-- \/ Yoast SEO plugin. -->","yoast_head_json":{"title":"Vis ma vie d\u2019\u00e9lu pendant une demi-journ\u00e9e ! - Fran\u00e7ois Pelletant","description":"Pour une demi-journ\u00e9e je fais partager ma vie de Maire \u00e0 la Mairie de Linas \u00e0 Monsieur Lucien D. habitant de la commune de Linas.","robots":{"index":"index","follow":"follow","max-snippet":"max-snippet:-1","max-image-preview":"max-image-preview:large","max-video-preview":"max-video-preview:-1"},"canonical":"https:\/\/francois-pelletant.fr\/blog\/vis-ma-vie-delu\/","og_locale":"fr_FR","og_type":"article","og_title":"Vis ma vie d\u2019\u00e9lu pendant une demi-journ\u00e9e ! - Fran\u00e7ois Pelletant","og_description":"Pour une demi-journ\u00e9e je fais partager ma vie de Maire \u00e0 la Mairie de Linas \u00e0 Monsieur Lucien D. habitant de la commune de Linas.","og_url":"https:\/\/francois-pelletant.fr\/blog\/vis-ma-vie-delu\/","og_site_name":"Fran\u00e7ois Pelletant","article_publisher":"https:\/\/www.facebook.com\/francois.pelletant.7","article_published_time":"2016-08-30T07:51:32+00:00","article_modified_time":"2017-02-13T10:55:33+00:00","og_image":[{"width":640,"height":536,"url":"https:\/\/francois-pelletant.fr\/blog\/wp-content\/uploads\/2016\/08\/lucien.jpg","type":"image\/jpeg"}],"author":"Francois","twitter_card":"summary_large_image","twitter_creator":"@pelletant","twitter_site":"@pelletant","twitter_misc":{"\u00c9crit par":"Francois"},"schema":{"@context":"https:\/\/schema.org","@graph":[{"@type":"Article","@id":"https:\/\/francois-pelletant.fr\/blog\/vis-ma-vie-delu\/#article","isPartOf":{"@id":"https:\/\/francois-pelletant.fr\/blog\/vis-ma-vie-delu\/"},"author":{"name":"Francois","@id":"https:\/\/francois-pelletant.fr\/blog\/#\/schema\/person\/2be41acb171dff8f31aaed1f40cee9f3"},"headline":"Vis ma vie d\u2019\u00e9lu !","datePublished":"2016-08-30T07:51:32+00:00","dateModified":"2017-02-13T10:55:33+00:00","mainEntityOfPage":{"@id":"https:\/\/francois-pelletant.fr\/blog\/vis-ma-vie-delu\/"},"wordCount":84,"commentCount":0,"publisher":{"@id":"https:\/\/francois-pelletant.fr\/blog\/#organization"},"image":{"@id":"https:\/\/francois-pelletant.fr\/blog\/vis-ma-vie-delu\/#primaryimage"},"thumbnailUrl":"https:\/\/francois-pelletant.fr\/blog\/wp-content\/uploads\/2016\/08\/lucien.jpg","keywords":["fran\u00e7ois pelletant","maire","mairie de Linas","mairie linas","pelletant"],"articleSection":["Self Fran\u00e7ois"],"inLanguage":"fr-FR","potentialAction":[{"@type":"CommentAction","name":"Comment","target":["https:\/\/francois-pelletant.fr\/blog\/vis-ma-vie-delu\/#respond"]}]},{"@type":"WebPage","@id":"https:\/\/francois-pelletant.fr\/blog\/vis-ma-vie-delu\/","url":"https:\/\/francois-pelletant.fr\/blog\/vis-ma-vie-delu\/","name":"Vis ma vie d\u2019\u00e9lu pendant une demi-journ\u00e9e ! - Fran\u00e7ois Pelletant","isPartOf":{"@id":"https:\/\/francois-pelletant.fr\/blog\/#website"},"primaryImageOfPage":{"@id":"https:\/\/francois-pelletant.fr\/blog\/vis-ma-vie-delu\/#primaryimage"},"image":{"@id":"https:\/\/francois-pelletant.fr\/blog\/vis-ma-vie-delu\/#primaryimage"},"thumbnailUrl":"https:\/\/francois-pelletant.fr\/blog\/wp-content\/uploads\/2016\/08\/lucien.jpg","datePublished":"2016-08-30T07:51:32+00:00","dateModified":"2017-02-13T10:55:33+00:00","description":"Pour une demi-journ\u00e9e je fais partager ma vie de Maire \u00e0 la Mairie de Linas \u00e0 Monsieur Lucien D. habitant de la commune de Linas.","breadcrumb":{"@id":"https:\/\/francois-pelletant.fr\/blog\/vis-ma-vie-delu\/#breadcrumb"},"inLanguage":"fr-FR","potentialAction":[{"@type":"ReadAction","target":["https:\/\/francois-pelletant.fr\/blog\/vis-ma-vie-delu\/"]}]},{"@type":"ImageObject","inLanguage":"fr-FR","@id":"https:\/\/francois-pelletant.fr\/blog\/vis-ma-vie-delu\/#primaryimage","url":"https:\/\/francois-pelletant.fr\/blog\/wp-content\/uploads\/2016\/08\/lucien.jpg","contentUrl":"https:\/\/francois-pelletant.fr\/blog\/wp-content\/uploads\/2016\/08\/lucien.jpg","width":640,"height":536},{"@type":"BreadcrumbList","@id":"https:\/\/francois-pelletant.fr\/blog\/vis-ma-vie-delu\/#breadcrumb","itemListElement":[{"@type":"ListItem","position":1,"name":"Accueil","item":"https:\/\/francois-pelletant.fr\/blog\/"},{"@type":"ListItem","position":2,"name":"Vis ma vie d\u2019\u00e9lu !"}]},{"@type":"WebSite","@id":"https:\/\/francois-pelletant.fr\/blog\/#website","url":"https:\/\/francois-pelletant.fr\/blog\/","name":"Fran\u00e7ois Pelletant","description":"Maire de Linas, pour toujours.","publisher":{"@id":"https:\/\/francois-pelletant.fr\/blog\/#organization"},"potentialAction":[{"@type":"SearchAction","target":{"@type":"EntryPoint","urlTemplate":"https:\/\/francois-pelletant.fr\/blog\/?s={search_term_string}"},"query-input":{"@type":"PropertyValueSpecification","valueRequired":true,"valueName":"search_term_string"}}],"inLanguage":"fr-FR"},{"@type":"Organization","@id":"https:\/\/francois-pelletant.fr\/blog\/#organization","name":"Fran\u00e7ois Pelletant","url":"https:\/\/francois-pelletant.fr\/blog\/","logo":{"@type":"ImageObject","inLanguage":"fr-FR","@id":"https:\/\/francois-pelletant.fr\/blog\/#\/schema\/logo\/image\/","url":"https:\/\/francois-pelletant.fr\/blog\/wp-content\/uploads\/2024\/07\/icone-francois-centre-500p.png","contentUrl":"https:\/\/francois-pelletant.fr\/blog\/wp-content\/uploads\/2024\/07\/icone-francois-centre-500p.png","width":559,"height":447,"caption":"Fran\u00e7ois Pelletant"},"image":{"@id":"https:\/\/francois-pelletant.fr\/blog\/#\/schema\/logo\/image\/"},"sameAs":["https:\/\/www.facebook.com\/francois.pelletant.7","https:\/\/x.com\/pelletant"]},{"@type":"Person","@id":"https:\/\/francois-pelletant.fr\/blog\/#\/schema\/person\/2be41acb171dff8f31aaed1f40cee9f3","name":"Francois"}]}},"_links":{"self":[{"href":"https:\/\/francois-pelletant.fr\/blog\/wp-json\/wp\/v2\/posts\/7497","targetHints":{"allow":["GET"]}}],"collection":[{"href":"https:\/\/francois-pelletant.fr\/blog\/wp-json\/wp\/v2\/posts"}],"about":[{"href":"https:\/\/francois-pelletant.fr\/blog\/wp-json\/wp\/v2\/types\/post"}],"author":[{"embeddable":true,"href":"https:\/\/francois-pelletant.fr\/blog\/wp-json\/wp\/v2\/users\/1"}],"replies":[{"embeddable":true,"href":"https:\/\/francois-pelletant.fr\/blog\/wp-json\/wp\/v2\/comments?post=7497"}],"version-history":[{"count":0,"href":"https:\/\/francois-pelletant.fr\/blog\/wp-json\/wp\/v2\/posts\/7497\/revisions"}],"wp:featuredmedia":[{"embeddable":true,"href":"https:\/\/francois-pelletant.fr\/blog\/wp-json\/wp\/v2\/media\/7498"}],"wp:attachment":[{"href":"https:\/\/francois-pelletant.fr\/blog\/wp-json\/wp\/v2\/media?parent=7497"}],"wp:term":[{"taxonomy":"category","embeddable":true,"href":"https:\/\/francois-pelletant.fr\/blog\/wp-json\/wp\/v2\/categories?post=7497"},{"taxonomy":"post_tag","embeddable":true,"href":"https:\/\/francois-pelletant.fr\/blog\/wp-json\/wp\/v2\/tags?post=7497"}],"curies":[{"name":"wp","href":"https:\/\/api.w.org\/{rel}","templated":true}]}}