{"id":7521,"date":"2016-09-05T13:49:40","date_gmt":"2016-09-05T13:49:40","guid":{"rendered":"https:\/\/francois-pelletant.fr\/blog\/?p=7521"},"modified":"2017-01-12T09:16:02","modified_gmt":"2017-01-12T09:16:02","slug":"non-fermeture-voies-berges-oui-blocus","status":"publish","type":"post","link":"https:\/\/francois-pelletant.fr\/blog\/non-fermeture-voies-berges-oui-blocus\/","title":{"rendered":"Non \u00e0 la fermeture des voies sur Berges \u2013 Oui au blocus de Paris"},"content":{"rendered":"<h5><img loading=\"lazy\" decoding=\"async\" class=\"alignleft size-medium wp-image-7522\" src=\"https:\/\/francois-pelletant.fr\/blog\/wp-content\/uploads\/2016\/09\/fermeture-paris-hidalgo-300x235.jpg\" alt=\"fermeture paris hidalgo voies sur berges\" width=\"300\" height=\"235\" srcset=\"https:\/\/francois-pelletant.fr\/blog\/wp-content\/uploads\/2016\/09\/fermeture-paris-hidalgo-300x235.jpg 300w, https:\/\/francois-pelletant.fr\/blog\/wp-content\/uploads\/2016\/09\/fermeture-paris-hidalgo-768x601.jpg 768w, https:\/\/francois-pelletant.fr\/blog\/wp-content\/uploads\/2016\/09\/fermeture-paris-hidalgo-600x470.jpg 600w, https:\/\/francois-pelletant.fr\/blog\/wp-content\/uploads\/2016\/09\/fermeture-paris-hidalgo.jpg 800w\" sizes=\"auto, (max-width: 300px) 100vw, 300px\" \/>Contre la fermeture des voies sur berges de Paris :<\/h5>\n<p>Trop c\u2019est trop\u00a0! J\u2019ai d\u00e9cid\u00e9 d\u2019<strong>attaquer la d\u00e9cision du Pr\u00e9fet de Police de Paris au sujet de la fermeture des voies sur berges<\/strong>. J\u2019en profite pour vous annoncer \u00e9galement mon <strong>soutien au collectif pour le blocus de Paris<\/strong> (<u>#BlocusdeParis<\/u>).<\/p>\n<p>Ce lundi matin, la voie sur berges parisienne est rest\u00e9e ferm\u00e9e alors qu&#8217;elle devait \u00eatre restitu\u00e9e \u00e0 la circulation. Il s&#8217;agit d&#8217;un v\u00e9ritable coup de Trafalgar destin\u00e9 \u00e0 imposer d\u00e9finitivement la d\u00e9cision tant d\u00e9cri\u00e9e.<\/p>\n<p><em>L&#8217;Association des Maires Franciliens<\/em> que je pr\u00e9side d\u00e9nonce la strat\u00e9gie d&#8217;alliance du Gouvernement et de la Maire de Paris pour imposer ainsi la fermeture de la voie sur berges au m\u00e9pris des avis n\u00e9gatifs exprim\u00e9s par beaucoup d&#8217;usagers et les conclusions n\u00e9gatives de l&#8217;enqu\u00eate publique pourtant restreinte aux seuls riverains int\u00e9ress\u00e9s.<\/p>\n<p>Le Pr\u00e9fet de Police de Paris, seule autorit\u00e9 ayant comp\u00e9tence en mati\u00e8re de r\u00e9glementation de la circulation \u00e0 Paris, n&#8217;est pas neutre. Ce fonctionnaire d&#8217;Etat est sous le lien hi\u00e9rarchique du Gouvernement et du Ministre de l&#8217;Int\u00e9rieur. Il n&#8217;y a donc rien de surprenant qu&#8217;il donne droit \u00e0 la volont\u00e9 de la municipalit\u00e9 parisienne en bloquant d\u00e8s \u00e0 pr\u00e9sent la voie sur berges alors que la d\u00e9cision de sa pi\u00e9tonisation n&#8217;a pas encore \u00e9t\u00e9 adopt\u00e9e par le Conseil de Paris.<\/p>\n<p><em>L&#8217;Association des Maires Franciliens<\/em> pr\u00e9sente donc un recours hi\u00e9rarchique aupr\u00e8s du Ministre de l\u2019Int\u00e9rieur afin qu&#8217;il annule\u00a0sa d\u00e9cision, et pr\u00e9pare un r\u00e9f\u00e9r\u00e9 libert\u00e9 aupr\u00e8s du Tribunal Administratif de Paris qui sera d\u00e9pos\u00e9 avant la fin de la semaine.<\/p>\n<p>En outre, devant les m\u00e9thode d\u00e9loyales de la municipalit\u00e9 parisienne pour imposer contre tous ses d\u00e9cisions iniques, je soutiens et invite tous les fran\u00e7ais de bonne volont\u00e9 \u00e0 participer au &#8220;Blocus de Paris&#8221; \u00e0 partir du 1 octobre 2016 en d\u00e9posant leur proposition sur la page Facebook \u00ab\u00a0Blocus de Paris\u00a0\u00bb :\u00a0<a href=\"http:\/\/www.facebook.com\/BlocusdeParis-1226839034025201\/?fref=ts\" target=\"_blank\" rel=\"nofollow\">www.facebook.com\/BlocusdeParis-1226839034025201\/?fref=ts<\/a><\/p>\n<p>&nbsp;<\/p>\n","protected":false},"excerpt":{"rendered":"<p>Contre la fermeture des voies sur berges de Paris : Trop c\u2019est trop\u00a0! J\u2019ai d\u00e9cid\u00e9 d\u2019attaquer la d\u00e9cision du Pr\u00e9fet de Police de Paris au sujet de la fermeture des voies sur berges. J\u2019en profite pour vous annoncer \u00e9galement mon soutien au collectif pour le blocus de Paris (#BlocusdeParis). Ce lundi matin, la voie sur [&hellip;]<\/p>\n","protected":false},"author":1,"featured_media":7522,"comment_status":"open","ping_status":"closed","sticky":false,"template":"","format":"standard","meta":{"footnotes":""},"categories":[16],"tags":[127,118,48,126,125,121],"class_list":["post-7521","post","type-post","status-publish","format-standard","has-post-thumbnail","hentry","category-prises-de-positions","tag-hidalgo","tag-paris","tag-pelletant","tag-voie","tag-voies-sur-berges","tag-voiture"],"yoast_head":"<!-- This site is optimized with the Yoast SEO plugin v25.6 - https:\/\/yoast.com\/wordpress\/plugins\/seo\/ -->\n<title>Non \u00e0 la fermeture des voies sur Berges \u2013 Oui au blocus de Paris<\/title>\n<meta name=\"description\" content=\"Je m&#039;oppose \u00e0 la d\u00e9cision de la maire de Paris de fermer \u00e0 la circulation les voies sur berges, et apporte mon soutien au collectif Blocus de Paris\" \/>\n<meta name=\"robots\" content=\"index, follow, max-snippet:-1, max-image-preview:large, max-video-preview:-1\" \/>\n<link rel=\"canonical\" href=\"https:\/\/francois-pelletant.fr\/blog\/non-fermeture-voies-berges-oui-blocus\/\" \/>\n<meta property=\"og:locale\" content=\"fr_FR\" \/>\n<meta property=\"og:type\" content=\"article\" \/>\n<meta property=\"og:title\" content=\"Non \u00e0 la fermeture des voies sur Berges \u2013 Oui au blocus de Paris\" \/>\n<meta property=\"og:description\" content=\"Je m&#039;oppose \u00e0 la d\u00e9cision de la maire de Paris de fermer \u00e0 la circulation les voies sur berges, et apporte mon soutien au collectif Blocus de Paris\" \/>\n<meta property=\"og:url\" content=\"https:\/\/francois-pelletant.fr\/blog\/non-fermeture-voies-berges-oui-blocus\/\" \/>\n<meta property=\"og:site_name\" content=\"Fran\u00e7ois Pelletant\" \/>\n<meta property=\"article:publisher\" content=\"https:\/\/www.facebook.com\/francois.pelletant.7\" \/>\n<meta property=\"article:published_time\" content=\"2016-09-05T13:49:40+00:00\" \/>\n<meta property=\"article:modified_time\" content=\"2017-01-12T09:16:02+00:00\" \/>\n<meta property=\"og:image\" content=\"https:\/\/francois-pelletant.fr\/blog\/wp-content\/uploads\/2016\/09\/fermeture-paris-hidalgo.jpg\" \/>\n\t<meta property=\"og:image:width\" content=\"800\" \/>\n\t<meta property=\"og:image:height\" content=\"626\" \/>\n\t<meta property=\"og:image:type\" content=\"image\/jpeg\" \/>\n<meta name=\"author\" content=\"Francois\" \/>\n<meta name=\"twitter:card\" content=\"summary_large_image\" \/>\n<meta name=\"twitter:creator\" content=\"@pelletant\" \/>\n<meta name=\"twitter:site\" content=\"@pelletant\" \/>\n<meta name=\"twitter:label1\" content=\"\u00c9crit par\" \/>\n\t<meta name=\"twitter:data1\" content=\"Francois\" \/>\n\t<meta name=\"twitter:label2\" content=\"Dur\u00e9e de lecture estim\u00e9e\" \/>\n\t<meta name=\"twitter:data2\" content=\"2 minutes\" \/>\n<script type=\"application\/ld+json\" class=\"yoast-schema-graph\">{\"@context\":\"https:\/\/schema.org\",\"@graph\":[{\"@type\":\"Article\",\"@id\":\"https:\/\/francois-pelletant.fr\/blog\/non-fermeture-voies-berges-oui-blocus\/#article\",\"isPartOf\":{\"@id\":\"https:\/\/francois-pelletant.fr\/blog\/non-fermeture-voies-berges-oui-blocus\/\"},\"author\":{\"name\":\"Francois\",\"@id\":\"https:\/\/francois-pelletant.fr\/blog\/#\/schema\/person\/2be41acb171dff8f31aaed1f40cee9f3\"},\"headline\":\"Non \u00e0 la fermeture des voies sur Berges \u2013 Oui au blocus de Paris\",\"datePublished\":\"2016-09-05T13:49:40+00:00\",\"dateModified\":\"2017-01-12T09:16:02+00:00\",\"mainEntityOfPage\":{\"@id\":\"https:\/\/francois-pelletant.fr\/blog\/non-fermeture-voies-berges-oui-blocus\/\"},\"wordCount\":379,\"commentCount\":0,\"publisher\":{\"@id\":\"https:\/\/francois-pelletant.fr\/blog\/#organization\"},\"image\":{\"@id\":\"https:\/\/francois-pelletant.fr\/blog\/non-fermeture-voies-berges-oui-blocus\/#primaryimage\"},\"thumbnailUrl\":\"https:\/\/francois-pelletant.fr\/blog\/wp-content\/uploads\/2016\/09\/fermeture-paris-hidalgo.jpg\",\"keywords\":[\"hidalgo\",\"paris\",\"pelletant\",\"voie\",\"voies sur berges\",\"voiture\"],\"articleSection\":[\"Prises de positions\"],\"inLanguage\":\"fr-FR\",\"potentialAction\":[{\"@type\":\"CommentAction\",\"name\":\"Comment\",\"target\":[\"https:\/\/francois-pelletant.fr\/blog\/non-fermeture-voies-berges-oui-blocus\/#respond\"]}]},{\"@type\":\"WebPage\",\"@id\":\"https:\/\/francois-pelletant.fr\/blog\/non-fermeture-voies-berges-oui-blocus\/\",\"url\":\"https:\/\/francois-pelletant.fr\/blog\/non-fermeture-voies-berges-oui-blocus\/\",\"name\":\"Non \u00e0 la fermeture des voies sur Berges \u2013 Oui au blocus de Paris\",\"isPartOf\":{\"@id\":\"https:\/\/francois-pelletant.fr\/blog\/#website\"},\"primaryImageOfPage\":{\"@id\":\"https:\/\/francois-pelletant.fr\/blog\/non-fermeture-voies-berges-oui-blocus\/#primaryimage\"},\"image\":{\"@id\":\"https:\/\/francois-pelletant.fr\/blog\/non-fermeture-voies-berges-oui-blocus\/#primaryimage\"},\"thumbnailUrl\":\"https:\/\/francois-pelletant.fr\/blog\/wp-content\/uploads\/2016\/09\/fermeture-paris-hidalgo.jpg\",\"datePublished\":\"2016-09-05T13:49:40+00:00\",\"dateModified\":\"2017-01-12T09:16:02+00:00\",\"description\":\"Je m'oppose \u00e0 la d\u00e9cision de la maire de Paris de fermer \u00e0 la circulation les voies sur berges, et apporte mon soutien au collectif Blocus de Paris\",\"breadcrumb\":{\"@id\":\"https:\/\/francois-pelletant.fr\/blog\/non-fermeture-voies-berges-oui-blocus\/#breadcrumb\"},\"inLanguage\":\"fr-FR\",\"potentialAction\":[{\"@type\":\"ReadAction\",\"target\":[\"https:\/\/francois-pelletant.fr\/blog\/non-fermeture-voies-berges-oui-blocus\/\"]}]},{\"@type\":\"ImageObject\",\"inLanguage\":\"fr-FR\",\"@id\":\"https:\/\/francois-pelletant.fr\/blog\/non-fermeture-voies-berges-oui-blocus\/#primaryimage\",\"url\":\"https:\/\/francois-pelletant.fr\/blog\/wp-content\/uploads\/2016\/09\/fermeture-paris-hidalgo.jpg\",\"contentUrl\":\"https:\/\/francois-pelletant.fr\/blog\/wp-content\/uploads\/2016\/09\/fermeture-paris-hidalgo.jpg\",\"width\":800,\"height\":626},{\"@type\":\"BreadcrumbList\",\"@id\":\"https:\/\/francois-pelletant.fr\/blog\/non-fermeture-voies-berges-oui-blocus\/#breadcrumb\",\"itemListElement\":[{\"@type\":\"ListItem\",\"position\":1,\"name\":\"Accueil\",\"item\":\"https:\/\/francois-pelletant.fr\/blog\/\"},{\"@type\":\"ListItem\",\"position\":2,\"name\":\"Non \u00e0 la fermeture des voies sur Berges \u2013 Oui au blocus de Paris\"}]},{\"@type\":\"WebSite\",\"@id\":\"https:\/\/francois-pelletant.fr\/blog\/#website\",\"url\":\"https:\/\/francois-pelletant.fr\/blog\/\",\"name\":\"Fran\u00e7ois Pelletant\",\"description\":\"Maire de Linas, pour toujours.\",\"publisher\":{\"@id\":\"https:\/\/francois-pelletant.fr\/blog\/#organization\"},\"potentialAction\":[{\"@type\":\"SearchAction\",\"target\":{\"@type\":\"EntryPoint\",\"urlTemplate\":\"https:\/\/francois-pelletant.fr\/blog\/?s={search_term_string}\"},\"query-input\":{\"@type\":\"PropertyValueSpecification\",\"valueRequired\":true,\"valueName\":\"search_term_string\"}}],\"inLanguage\":\"fr-FR\"},{\"@type\":\"Organization\",\"@id\":\"https:\/\/francois-pelletant.fr\/blog\/#organization\",\"name\":\"Fran\u00e7ois Pelletant\",\"url\":\"https:\/\/francois-pelletant.fr\/blog\/\",\"logo\":{\"@type\":\"ImageObject\",\"inLanguage\":\"fr-FR\",\"@id\":\"https:\/\/francois-pelletant.fr\/blog\/#\/schema\/logo\/image\/\",\"url\":\"https:\/\/francois-pelletant.fr\/blog\/wp-content\/uploads\/2024\/07\/icone-francois-centre-500p.png\",\"contentUrl\":\"https:\/\/francois-pelletant.fr\/blog\/wp-content\/uploads\/2024\/07\/icone-francois-centre-500p.png\",\"width\":559,\"height\":447,\"caption\":\"Fran\u00e7ois Pelletant\"},\"image\":{\"@id\":\"https:\/\/francois-pelletant.fr\/blog\/#\/schema\/logo\/image\/\"},\"sameAs\":[\"https:\/\/www.facebook.com\/francois.pelletant.7\",\"https:\/\/x.com\/pelletant\"]},{\"@type\":\"Person\",\"@id\":\"https:\/\/francois-pelletant.fr\/blog\/#\/schema\/person\/2be41acb171dff8f31aaed1f40cee9f3\",\"name\":\"Francois\"}]}<\/script>\n<!-- \/ Yoast SEO plugin. -->","yoast_head_json":{"title":"Non \u00e0 la fermeture des voies sur Berges \u2013 Oui au blocus de Paris","description":"Je m'oppose \u00e0 la d\u00e9cision de la maire de Paris de fermer \u00e0 la circulation les voies sur berges, et apporte mon soutien au collectif Blocus de Paris","robots":{"index":"index","follow":"follow","max-snippet":"max-snippet:-1","max-image-preview":"max-image-preview:large","max-video-preview":"max-video-preview:-1"},"canonical":"https:\/\/francois-pelletant.fr\/blog\/non-fermeture-voies-berges-oui-blocus\/","og_locale":"fr_FR","og_type":"article","og_title":"Non \u00e0 la fermeture des voies sur Berges \u2013 Oui au blocus de Paris","og_description":"Je m'oppose \u00e0 la d\u00e9cision de la maire de Paris de fermer \u00e0 la circulation les voies sur berges, et apporte mon soutien au collectif Blocus de Paris","og_url":"https:\/\/francois-pelletant.fr\/blog\/non-fermeture-voies-berges-oui-blocus\/","og_site_name":"Fran\u00e7ois Pelletant","article_publisher":"https:\/\/www.facebook.com\/francois.pelletant.7","article_published_time":"2016-09-05T13:49:40+00:00","article_modified_time":"2017-01-12T09:16:02+00:00","og_image":[{"width":800,"height":626,"url":"https:\/\/francois-pelletant.fr\/blog\/wp-content\/uploads\/2016\/09\/fermeture-paris-hidalgo.jpg","type":"image\/jpeg"}],"author":"Francois","twitter_card":"summary_large_image","twitter_creator":"@pelletant","twitter_site":"@pelletant","twitter_misc":{"\u00c9crit par":"Francois","Dur\u00e9e de lecture estim\u00e9e":"2 minutes"},"schema":{"@context":"https:\/\/schema.org","@graph":[{"@type":"Article","@id":"https:\/\/francois-pelletant.fr\/blog\/non-fermeture-voies-berges-oui-blocus\/#article","isPartOf":{"@id":"https:\/\/francois-pelletant.fr\/blog\/non-fermeture-voies-berges-oui-blocus\/"},"author":{"name":"Francois","@id":"https:\/\/francois-pelletant.fr\/blog\/#\/schema\/person\/2be41acb171dff8f31aaed1f40cee9f3"},"headline":"Non \u00e0 la fermeture des voies sur Berges \u2013 Oui au blocus de Paris","datePublished":"2016-09-05T13:49:40+00:00","dateModified":"2017-01-12T09:16:02+00:00","mainEntityOfPage":{"@id":"https:\/\/francois-pelletant.fr\/blog\/non-fermeture-voies-berges-oui-blocus\/"},"wordCount":379,"commentCount":0,"publisher":{"@id":"https:\/\/francois-pelletant.fr\/blog\/#organization"},"image":{"@id":"https:\/\/francois-pelletant.fr\/blog\/non-fermeture-voies-berges-oui-blocus\/#primaryimage"},"thumbnailUrl":"https:\/\/francois-pelletant.fr\/blog\/wp-content\/uploads\/2016\/09\/fermeture-paris-hidalgo.jpg","keywords":["hidalgo","paris","pelletant","voie","voies sur berges","voiture"],"articleSection":["Prises de positions"],"inLanguage":"fr-FR","potentialAction":[{"@type":"CommentAction","name":"Comment","target":["https:\/\/francois-pelletant.fr\/blog\/non-fermeture-voies-berges-oui-blocus\/#respond"]}]},{"@type":"WebPage","@id":"https:\/\/francois-pelletant.fr\/blog\/non-fermeture-voies-berges-oui-blocus\/","url":"https:\/\/francois-pelletant.fr\/blog\/non-fermeture-voies-berges-oui-blocus\/","name":"Non \u00e0 la fermeture des voies sur Berges \u2013 Oui au blocus de Paris","isPartOf":{"@id":"https:\/\/francois-pelletant.fr\/blog\/#website"},"primaryImageOfPage":{"@id":"https:\/\/francois-pelletant.fr\/blog\/non-fermeture-voies-berges-oui-blocus\/#primaryimage"},"image":{"@id":"https:\/\/francois-pelletant.fr\/blog\/non-fermeture-voies-berges-oui-blocus\/#primaryimage"},"thumbnailUrl":"https:\/\/francois-pelletant.fr\/blog\/wp-content\/uploads\/2016\/09\/fermeture-paris-hidalgo.jpg","datePublished":"2016-09-05T13:49:40+00:00","dateModified":"2017-01-12T09:16:02+00:00","description":"Je m'oppose \u00e0 la d\u00e9cision de la maire de Paris de fermer \u00e0 la circulation les voies sur berges, et apporte mon soutien au collectif Blocus de Paris","breadcrumb":{"@id":"https:\/\/francois-pelletant.fr\/blog\/non-fermeture-voies-berges-oui-blocus\/#breadcrumb"},"inLanguage":"fr-FR","potentialAction":[{"@type":"ReadAction","target":["https:\/\/francois-pelletant.fr\/blog\/non-fermeture-voies-berges-oui-blocus\/"]}]},{"@type":"ImageObject","inLanguage":"fr-FR","@id":"https:\/\/francois-pelletant.fr\/blog\/non-fermeture-voies-berges-oui-blocus\/#primaryimage","url":"https:\/\/francois-pelletant.fr\/blog\/wp-content\/uploads\/2016\/09\/fermeture-paris-hidalgo.jpg","contentUrl":"https:\/\/francois-pelletant.fr\/blog\/wp-content\/uploads\/2016\/09\/fermeture-paris-hidalgo.jpg","width":800,"height":626},{"@type":"BreadcrumbList","@id":"https:\/\/francois-pelletant.fr\/blog\/non-fermeture-voies-berges-oui-blocus\/#breadcrumb","itemListElement":[{"@type":"ListItem","position":1,"name":"Accueil","item":"https:\/\/francois-pelletant.fr\/blog\/"},{"@type":"ListItem","position":2,"name":"Non \u00e0 la fermeture des voies sur Berges \u2013 Oui au blocus de Paris"}]},{"@type":"WebSite","@id":"https:\/\/francois-pelletant.fr\/blog\/#website","url":"https:\/\/francois-pelletant.fr\/blog\/","name":"Fran\u00e7ois Pelletant","description":"Maire de Linas, pour toujours.","publisher":{"@id":"https:\/\/francois-pelletant.fr\/blog\/#organization"},"potentialAction":[{"@type":"SearchAction","target":{"@type":"EntryPoint","urlTemplate":"https:\/\/francois-pelletant.fr\/blog\/?s={search_term_string}"},"query-input":{"@type":"PropertyValueSpecification","valueRequired":true,"valueName":"search_term_string"}}],"inLanguage":"fr-FR"},{"@type":"Organization","@id":"https:\/\/francois-pelletant.fr\/blog\/#organization","name":"Fran\u00e7ois Pelletant","url":"https:\/\/francois-pelletant.fr\/blog\/","logo":{"@type":"ImageObject","inLanguage":"fr-FR","@id":"https:\/\/francois-pelletant.fr\/blog\/#\/schema\/logo\/image\/","url":"https:\/\/francois-pelletant.fr\/blog\/wp-content\/uploads\/2024\/07\/icone-francois-centre-500p.png","contentUrl":"https:\/\/francois-pelletant.fr\/blog\/wp-content\/uploads\/2024\/07\/icone-francois-centre-500p.png","width":559,"height":447,"caption":"Fran\u00e7ois Pelletant"},"image":{"@id":"https:\/\/francois-pelletant.fr\/blog\/#\/schema\/logo\/image\/"},"sameAs":["https:\/\/www.facebook.com\/francois.pelletant.7","https:\/\/x.com\/pelletant"]},{"@type":"Person","@id":"https:\/\/francois-pelletant.fr\/blog\/#\/schema\/person\/2be41acb171dff8f31aaed1f40cee9f3","name":"Francois"}]}},"_links":{"self":[{"href":"https:\/\/francois-pelletant.fr\/blog\/wp-json\/wp\/v2\/posts\/7521","targetHints":{"allow":["GET"]}}],"collection":[{"href":"https:\/\/francois-pelletant.fr\/blog\/wp-json\/wp\/v2\/posts"}],"about":[{"href":"https:\/\/francois-pelletant.fr\/blog\/wp-json\/wp\/v2\/types\/post"}],"author":[{"embeddable":true,"href":"https:\/\/francois-pelletant.fr\/blog\/wp-json\/wp\/v2\/users\/1"}],"replies":[{"embeddable":true,"href":"https:\/\/francois-pelletant.fr\/blog\/wp-json\/wp\/v2\/comments?post=7521"}],"version-history":[{"count":0,"href":"https:\/\/francois-pelletant.fr\/blog\/wp-json\/wp\/v2\/posts\/7521\/revisions"}],"wp:featuredmedia":[{"embeddable":true,"href":"https:\/\/francois-pelletant.fr\/blog\/wp-json\/wp\/v2\/media\/7522"}],"wp:attachment":[{"href":"https:\/\/francois-pelletant.fr\/blog\/wp-json\/wp\/v2\/media?parent=7521"}],"wp:term":[{"taxonomy":"category","embeddable":true,"href":"https:\/\/francois-pelletant.fr\/blog\/wp-json\/wp\/v2\/categories?post=7521"},{"taxonomy":"post_tag","embeddable":true,"href":"https:\/\/francois-pelletant.fr\/blog\/wp-json\/wp\/v2\/tags?post=7521"}],"curies":[{"name":"wp","href":"https:\/\/api.w.org\/{rel}","templated":true}]}}