{"id":7561,"date":"2016-09-18T06:32:36","date_gmt":"2016-09-18T06:32:36","guid":{"rendered":"https:\/\/francois-pelletant.fr\/blog\/?p=7561"},"modified":"2016-09-16T08:43:33","modified_gmt":"2016-09-16T08:43:33","slug":"le-top-des-dessins-de-presse","status":"publish","type":"post","link":"https:\/\/francois-pelletant.fr\/blog\/le-top-des-dessins-de-presse\/","title":{"rendered":"Le top des dessins de presse"},"content":{"rendered":"<figure id=\"attachment_7562\" aria-describedby=\"caption-attachment-7562\" style=\"width: 300px\" class=\"wp-caption alignleft\"><img loading=\"lazy\" decoding=\"async\" class=\"size-medium wp-image-7562\" src=\"https:\/\/francois-pelletant.fr\/blog\/wp-content\/uploads\/2016\/09\/ledessindelasemaine-14-septembre-300x252.jpg\" alt=\"ledessindelasemaine-14-septembre\" width=\"300\" height=\"252\" srcset=\"https:\/\/francois-pelletant.fr\/blog\/wp-content\/uploads\/2016\/09\/ledessindelasemaine-14-septembre-300x252.jpg 300w, https:\/\/francois-pelletant.fr\/blog\/wp-content\/uploads\/2016\/09\/ledessindelasemaine-14-septembre-768x646.jpg 768w, https:\/\/francois-pelletant.fr\/blog\/wp-content\/uploads\/2016\/09\/ledessindelasemaine-14-septembre-600x505.jpg 600w, https:\/\/francois-pelletant.fr\/blog\/wp-content\/uploads\/2016\/09\/ledessindelasemaine-14-septembre.jpg 782w\" sizes=\"auto, (max-width: 300px) 100vw, 300px\" \/><figcaption id=\"caption-attachment-7562\" class=\"wp-caption-text\">ledessindelasemaine-14-septembre<\/figcaption><\/figure>\n<p>Nouveau tour de l&#8217;actualit\u00e9 en dessins ce dimanche. Nos dessinateurs se sont, une nouvelle fois, surpass\u00e9s cette semaine pour nous commenter l&#8217;actu de notre pays !<\/p>\n<p>&nbsp;<\/p>\n<figure id=\"attachment_7563\" aria-describedby=\"caption-attachment-7563\" style=\"width: 300px\" class=\"wp-caption aligncenter\"><img loading=\"lazy\" decoding=\"async\" class=\"size-medium wp-image-7563\" src=\"https:\/\/francois-pelletant.fr\/blog\/wp-content\/uploads\/2016\/09\/Delucq-11-septembre-300x233.jpg\" alt=\"delucq-11-septembre\" width=\"300\" height=\"233\" srcset=\"https:\/\/francois-pelletant.fr\/blog\/wp-content\/uploads\/2016\/09\/Delucq-11-septembre-300x233.jpg 300w, https:\/\/francois-pelletant.fr\/blog\/wp-content\/uploads\/2016\/09\/Delucq-11-septembre.jpg 539w\" sizes=\"auto, (max-width: 300px) 100vw, 300px\" \/><figcaption id=\"caption-attachment-7563\" class=\"wp-caption-text\">delucq-11-septembre<\/figcaption><\/figure>\n<p>&nbsp;<\/p>\n<figure id=\"attachment_7564\" aria-describedby=\"caption-attachment-7564\" style=\"width: 300px\" class=\"wp-caption aligncenter\"><img loading=\"lazy\" decoding=\"async\" class=\"size-medium wp-image-7564\" src=\"https:\/\/francois-pelletant.fr\/blog\/wp-content\/uploads\/2016\/09\/Delucq-15-septembre-300x220.jpg\" alt=\"delucq-15-septembre\" width=\"300\" height=\"220\" srcset=\"https:\/\/francois-pelletant.fr\/blog\/wp-content\/uploads\/2016\/09\/Delucq-15-septembre-300x220.jpg 300w, https:\/\/francois-pelletant.fr\/blog\/wp-content\/uploads\/2016\/09\/Delucq-15-septembre.jpg 539w\" sizes=\"auto, (max-width: 300px) 100vw, 300px\" \/><figcaption id=\"caption-attachment-7564\" class=\"wp-caption-text\">delucq-15-septembre<\/figcaption><\/figure>\n<p>&nbsp;<\/p>\n<figure id=\"attachment_7565\" aria-describedby=\"caption-attachment-7565\" style=\"width: 300px\" class=\"wp-caption aligncenter\"><img loading=\"lazy\" decoding=\"async\" class=\"size-medium wp-image-7565\" src=\"https:\/\/francois-pelletant.fr\/blog\/wp-content\/uploads\/2016\/09\/Goutal-14-septembre-300x238.jpg\" alt=\"goutal-14-septembre\" width=\"300\" height=\"238\" srcset=\"https:\/\/francois-pelletant.fr\/blog\/wp-content\/uploads\/2016\/09\/Goutal-14-septembre-300x238.jpg 300w, https:\/\/francois-pelletant.fr\/blog\/wp-content\/uploads\/2016\/09\/Goutal-14-septembre-1024x812.jpg 1024w, https:\/\/francois-pelletant.fr\/blog\/wp-content\/uploads\/2016\/09\/Goutal-14-septembre-768x609.jpg 768w, https:\/\/francois-pelletant.fr\/blog\/wp-content\/uploads\/2016\/09\/Goutal-14-septembre-600x476.jpg 600w, https:\/\/francois-pelletant.fr\/blog\/wp-content\/uploads\/2016\/09\/Goutal-14-septembre-570x450.jpg 570w, https:\/\/francois-pelletant.fr\/blog\/wp-content\/uploads\/2016\/09\/Goutal-14-septembre.jpg 1200w\" sizes=\"auto, (max-width: 300px) 100vw, 300px\" \/><figcaption id=\"caption-attachment-7565\" class=\"wp-caption-text\">goutal-14-septembre<\/figcaption><\/figure>\n<p>&nbsp;<\/p>\n<figure id=\"attachment_7567\" aria-describedby=\"caption-attachment-7567\" style=\"width: 278px\" class=\"wp-caption aligncenter\"><img loading=\"lazy\" decoding=\"async\" class=\"size-medium wp-image-7567\" src=\"https:\/\/francois-pelletant.fr\/blog\/wp-content\/uploads\/2016\/09\/lacombe-13-septembre-278x300.jpg\" alt=\"lacombe-13-septembre\" width=\"278\" height=\"300\" srcset=\"https:\/\/francois-pelletant.fr\/blog\/wp-content\/uploads\/2016\/09\/lacombe-13-septembre-278x300.jpg 278w, https:\/\/francois-pelletant.fr\/blog\/wp-content\/uploads\/2016\/09\/lacombe-13-septembre.jpg 525w\" sizes=\"auto, (max-width: 278px) 100vw, 278px\" \/><figcaption id=\"caption-attachment-7567\" class=\"wp-caption-text\">lacombe-13-septembre<\/figcaption><\/figure>\n<p>&nbsp;<\/p>\n<figure id=\"attachment_7569\" aria-describedby=\"caption-attachment-7569\" style=\"width: 300px\" class=\"wp-caption aligncenter\"><img loading=\"lazy\" decoding=\"async\" class=\"size-medium wp-image-7569\" src=\"https:\/\/francois-pelletant.fr\/blog\/wp-content\/uploads\/2016\/09\/Le-canard-enchain\u00e9-14-septembre-300x265.jpg\" alt=\"le-canard-enchaine-14-septembre\" width=\"300\" height=\"265\" srcset=\"https:\/\/francois-pelletant.fr\/blog\/wp-content\/uploads\/2016\/09\/Le-canard-enchain\u00e9-14-septembre-300x265.jpg 300w, https:\/\/francois-pelletant.fr\/blog\/wp-content\/uploads\/2016\/09\/Le-canard-enchain\u00e9-14-septembre-400x355.jpg 400w, https:\/\/francois-pelletant.fr\/blog\/wp-content\/uploads\/2016\/09\/Le-canard-enchain\u00e9-14-septembre.jpg 402w\" sizes=\"auto, (max-width: 300px) 100vw, 300px\" \/><figcaption id=\"caption-attachment-7569\" class=\"wp-caption-text\">le-canard-enchaine-14-septembre<\/figcaption><\/figure>\n<p>&nbsp;<\/p>\n<figure id=\"attachment_7570\" aria-describedby=\"caption-attachment-7570\" style=\"width: 300px\" class=\"wp-caption aligncenter\"><img loading=\"lazy\" decoding=\"async\" class=\"size-medium wp-image-7570\" src=\"https:\/\/francois-pelletant.fr\/blog\/wp-content\/uploads\/2016\/09\/Le-courrier-picard-12-septembre-300x254.jpg\" alt=\"le-courrier-picard-12-septembre\" width=\"300\" height=\"254\" srcset=\"https:\/\/francois-pelletant.fr\/blog\/wp-content\/uploads\/2016\/09\/Le-courrier-picard-12-septembre-300x254.jpg 300w, https:\/\/francois-pelletant.fr\/blog\/wp-content\/uploads\/2016\/09\/Le-courrier-picard-12-septembre.jpg 588w\" sizes=\"auto, (max-width: 300px) 100vw, 300px\" \/><figcaption id=\"caption-attachment-7570\" class=\"wp-caption-text\">le-courrier-picard-12-septembre<\/figcaption><\/figure>\n<p>&nbsp;<\/p>\n<figure id=\"attachment_7571\" aria-describedby=\"caption-attachment-7571\" style=\"width: 300px\" class=\"wp-caption aligncenter\"><img loading=\"lazy\" decoding=\"async\" class=\"size-medium wp-image-7571\" src=\"https:\/\/francois-pelletant.fr\/blog\/wp-content\/uploads\/2016\/09\/Na-15-septembre-300x225.jpg\" alt=\"na-15-septembre\" width=\"300\" height=\"225\" srcset=\"https:\/\/francois-pelletant.fr\/blog\/wp-content\/uploads\/2016\/09\/Na-15-septembre-300x225.jpg 300w, https:\/\/francois-pelletant.fr\/blog\/wp-content\/uploads\/2016\/09\/Na-15-septembre.jpg 600w\" sizes=\"auto, (max-width: 300px) 100vw, 300px\" \/><figcaption id=\"caption-attachment-7571\" class=\"wp-caption-text\">na-15-septembre<\/figcaption><\/figure>\n<p>&nbsp;<\/p>\n<figure id=\"attachment_7572\" aria-describedby=\"caption-attachment-7572\" style=\"width: 300px\" class=\"wp-caption aligncenter\"><img loading=\"lazy\" decoding=\"async\" class=\"size-medium wp-image-7572\" src=\"https:\/\/francois-pelletant.fr\/blog\/wp-content\/uploads\/2016\/09\/Urtikan-8-septembre-300x300.jpg\" alt=\"urtikan-8-septembre\" width=\"300\" height=\"300\" srcset=\"https:\/\/francois-pelletant.fr\/blog\/wp-content\/uploads\/2016\/09\/Urtikan-8-septembre-300x300.jpg 300w, https:\/\/francois-pelletant.fr\/blog\/wp-content\/uploads\/2016\/09\/Urtikan-8-septembre-150x150.jpg 150w, https:\/\/francois-pelletant.fr\/blog\/wp-content\/uploads\/2016\/09\/Urtikan-8-septembre-230x230.jpg 230w, https:\/\/francois-pelletant.fr\/blog\/wp-content\/uploads\/2016\/09\/Urtikan-8-septembre-400x400.jpg 400w, https:\/\/francois-pelletant.fr\/blog\/wp-content\/uploads\/2016\/09\/Urtikan-8-septembre.jpg 580w\" sizes=\"auto, (max-width: 300px) 100vw, 300px\" \/><figcaption id=\"caption-attachment-7572\" class=\"wp-caption-text\">urtikan-8-septembre<\/figcaption><\/figure>\n<p>&nbsp;<\/p>\n<figure id=\"attachment_7573\" aria-describedby=\"caption-attachment-7573\" style=\"width: 223px\" class=\"wp-caption aligncenter\"><img loading=\"lazy\" decoding=\"async\" class=\"size-medium wp-image-7573\" src=\"https:\/\/francois-pelletant.fr\/blog\/wp-content\/uploads\/2016\/09\/wingz-15-septembre-223x300.jpg\" alt=\"wingz-15-septembre\" width=\"223\" height=\"300\" srcset=\"https:\/\/francois-pelletant.fr\/blog\/wp-content\/uploads\/2016\/09\/wingz-15-septembre-223x300.jpg 223w, https:\/\/francois-pelletant.fr\/blog\/wp-content\/uploads\/2016\/09\/wingz-15-septembre-370x500.jpg 370w, https:\/\/francois-pelletant.fr\/blog\/wp-content\/uploads\/2016\/09\/wingz-15-septembre.jpg 472w\" sizes=\"auto, (max-width: 223px) 100vw, 223px\" \/><figcaption id=\"caption-attachment-7573\" class=\"wp-caption-text\">wingz-15-septembre<\/figcaption><\/figure>\n","protected":false},"excerpt":{"rendered":"<p>Nouveau tour de l&#8217;actualit\u00e9 en dessins ce dimanche. Nos dessinateurs se sont, une nouvelle fois, surpass\u00e9s cette semaine pour nous commenter l&#8217;actu de notre pays ! &nbsp; &nbsp; &nbsp; &nbsp; &nbsp; &nbsp; &nbsp; &nbsp; &nbsp;<\/p>\n","protected":false},"author":1,"featured_media":7562,"comment_status":"open","ping_status":"closed","sticky":false,"template":"","format":"standard","meta":{"footnotes":""},"categories":[17],"tags":[],"class_list":["post-7561","post","type-post","status-publish","format-standard","has-post-thumbnail","hentry","category-prix-du-meilleur-dessin-de-presse"],"yoast_head":"<!-- This site is optimized with the Yoast SEO plugin v25.6 - https:\/\/yoast.com\/wordpress\/plugins\/seo\/ -->\n<title>Le top des dessins de presse - Fran\u00e7ois Pelletant<\/title>\n<meta name=\"robots\" content=\"index, follow, max-snippet:-1, max-image-preview:large, max-video-preview:-1\" \/>\n<link rel=\"canonical\" href=\"https:\/\/francois-pelletant.fr\/blog\/le-top-des-dessins-de-presse\/\" \/>\n<meta property=\"og:locale\" content=\"fr_FR\" \/>\n<meta property=\"og:type\" content=\"article\" \/>\n<meta property=\"og:title\" content=\"Le top des dessins de presse - Fran\u00e7ois Pelletant\" \/>\n<meta property=\"og:description\" content=\"Nouveau tour de l&#8217;actualit\u00e9 en dessins ce dimanche. Nos dessinateurs se sont, une nouvelle fois, surpass\u00e9s cette semaine pour nous commenter l&#8217;actu de notre pays ! &nbsp; &nbsp; &nbsp; &nbsp; &nbsp; &nbsp; &nbsp; &nbsp; &nbsp;\" \/>\n<meta property=\"og:url\" content=\"https:\/\/francois-pelletant.fr\/blog\/le-top-des-dessins-de-presse\/\" \/>\n<meta property=\"og:site_name\" content=\"Fran\u00e7ois Pelletant\" \/>\n<meta property=\"article:publisher\" content=\"https:\/\/www.facebook.com\/francois.pelletant.7\" \/>\n<meta property=\"article:published_time\" content=\"2016-09-18T06:32:36+00:00\" \/>\n<meta property=\"og:image\" content=\"https:\/\/francois-pelletant.fr\/blog\/wp-content\/uploads\/2016\/09\/ledessindelasemaine-14-septembre.jpg\" \/>\n\t<meta property=\"og:image:width\" content=\"782\" \/>\n\t<meta property=\"og:image:height\" content=\"658\" \/>\n\t<meta property=\"og:image:type\" content=\"image\/jpeg\" \/>\n<meta name=\"author\" content=\"Francois\" \/>\n<meta name=\"twitter:card\" content=\"summary_large_image\" \/>\n<meta name=\"twitter:creator\" content=\"@pelletant\" \/>\n<meta name=\"twitter:site\" content=\"@pelletant\" \/>\n<meta name=\"twitter:label1\" content=\"\u00c9crit par\" \/>\n\t<meta name=\"twitter:data1\" content=\"Francois\" \/>\n\t<meta name=\"twitter:label2\" content=\"Dur\u00e9e de lecture estim\u00e9e\" \/>\n\t<meta name=\"twitter:data2\" content=\"1 minute\" \/>\n<script type=\"application\/ld+json\" class=\"yoast-schema-graph\">{\"@context\":\"https:\/\/schema.org\",\"@graph\":[{\"@type\":\"Article\",\"@id\":\"https:\/\/francois-pelletant.fr\/blog\/le-top-des-dessins-de-presse\/#article\",\"isPartOf\":{\"@id\":\"https:\/\/francois-pelletant.fr\/blog\/le-top-des-dessins-de-presse\/\"},\"author\":{\"name\":\"Francois\",\"@id\":\"https:\/\/francois-pelletant.fr\/blog\/#\/schema\/person\/2be41acb171dff8f31aaed1f40cee9f3\"},\"headline\":\"Le top des dessins de presse\",\"datePublished\":\"2016-09-18T06:32:36+00:00\",\"mainEntityOfPage\":{\"@id\":\"https:\/\/francois-pelletant.fr\/blog\/le-top-des-dessins-de-presse\/\"},\"wordCount\":133,\"commentCount\":0,\"publisher\":{\"@id\":\"https:\/\/francois-pelletant.fr\/blog\/#organization\"},\"image\":{\"@id\":\"https:\/\/francois-pelletant.fr\/blog\/le-top-des-dessins-de-presse\/#primaryimage\"},\"thumbnailUrl\":\"https:\/\/francois-pelletant.fr\/blog\/wp-content\/uploads\/2016\/09\/ledessindelasemaine-14-septembre.jpg\",\"articleSection\":[\"Prix du meilleur dessin de presse\"],\"inLanguage\":\"fr-FR\",\"potentialAction\":[{\"@type\":\"CommentAction\",\"name\":\"Comment\",\"target\":[\"https:\/\/francois-pelletant.fr\/blog\/le-top-des-dessins-de-presse\/#respond\"]}]},{\"@type\":\"WebPage\",\"@id\":\"https:\/\/francois-pelletant.fr\/blog\/le-top-des-dessins-de-presse\/\",\"url\":\"https:\/\/francois-pelletant.fr\/blog\/le-top-des-dessins-de-presse\/\",\"name\":\"Le top des dessins de presse - Fran\u00e7ois Pelletant\",\"isPartOf\":{\"@id\":\"https:\/\/francois-pelletant.fr\/blog\/#website\"},\"primaryImageOfPage\":{\"@id\":\"https:\/\/francois-pelletant.fr\/blog\/le-top-des-dessins-de-presse\/#primaryimage\"},\"image\":{\"@id\":\"https:\/\/francois-pelletant.fr\/blog\/le-top-des-dessins-de-presse\/#primaryimage\"},\"thumbnailUrl\":\"https:\/\/francois-pelletant.fr\/blog\/wp-content\/uploads\/2016\/09\/ledessindelasemaine-14-septembre.jpg\",\"datePublished\":\"2016-09-18T06:32:36+00:00\",\"breadcrumb\":{\"@id\":\"https:\/\/francois-pelletant.fr\/blog\/le-top-des-dessins-de-presse\/#breadcrumb\"},\"inLanguage\":\"fr-FR\",\"potentialAction\":[{\"@type\":\"ReadAction\",\"target\":[\"https:\/\/francois-pelletant.fr\/blog\/le-top-des-dessins-de-presse\/\"]}]},{\"@type\":\"ImageObject\",\"inLanguage\":\"fr-FR\",\"@id\":\"https:\/\/francois-pelletant.fr\/blog\/le-top-des-dessins-de-presse\/#primaryimage\",\"url\":\"https:\/\/francois-pelletant.fr\/blog\/wp-content\/uploads\/2016\/09\/ledessindelasemaine-14-septembre.jpg\",\"contentUrl\":\"https:\/\/francois-pelletant.fr\/blog\/wp-content\/uploads\/2016\/09\/ledessindelasemaine-14-septembre.jpg\",\"width\":782,\"height\":658,\"caption\":\"ledessindelasemaine-14-septembre\"},{\"@type\":\"BreadcrumbList\",\"@id\":\"https:\/\/francois-pelletant.fr\/blog\/le-top-des-dessins-de-presse\/#breadcrumb\",\"itemListElement\":[{\"@type\":\"ListItem\",\"position\":1,\"name\":\"Accueil\",\"item\":\"https:\/\/francois-pelletant.fr\/blog\/\"},{\"@type\":\"ListItem\",\"position\":2,\"name\":\"Le top des dessins de presse\"}]},{\"@type\":\"WebSite\",\"@id\":\"https:\/\/francois-pelletant.fr\/blog\/#website\",\"url\":\"https:\/\/francois-pelletant.fr\/blog\/\",\"name\":\"Fran\u00e7ois Pelletant\",\"description\":\"Maire de Linas, pour toujours.\",\"publisher\":{\"@id\":\"https:\/\/francois-pelletant.fr\/blog\/#organization\"},\"potentialAction\":[{\"@type\":\"SearchAction\",\"target\":{\"@type\":\"EntryPoint\",\"urlTemplate\":\"https:\/\/francois-pelletant.fr\/blog\/?s={search_term_string}\"},\"query-input\":{\"@type\":\"PropertyValueSpecification\",\"valueRequired\":true,\"valueName\":\"search_term_string\"}}],\"inLanguage\":\"fr-FR\"},{\"@type\":\"Organization\",\"@id\":\"https:\/\/francois-pelletant.fr\/blog\/#organization\",\"name\":\"Fran\u00e7ois Pelletant\",\"url\":\"https:\/\/francois-pelletant.fr\/blog\/\",\"logo\":{\"@type\":\"ImageObject\",\"inLanguage\":\"fr-FR\",\"@id\":\"https:\/\/francois-pelletant.fr\/blog\/#\/schema\/logo\/image\/\",\"url\":\"https:\/\/francois-pelletant.fr\/blog\/wp-content\/uploads\/2024\/07\/icone-francois-centre-500p.png\",\"contentUrl\":\"https:\/\/francois-pelletant.fr\/blog\/wp-content\/uploads\/2024\/07\/icone-francois-centre-500p.png\",\"width\":559,\"height\":447,\"caption\":\"Fran\u00e7ois Pelletant\"},\"image\":{\"@id\":\"https:\/\/francois-pelletant.fr\/blog\/#\/schema\/logo\/image\/\"},\"sameAs\":[\"https:\/\/www.facebook.com\/francois.pelletant.7\",\"https:\/\/x.com\/pelletant\"]},{\"@type\":\"Person\",\"@id\":\"https:\/\/francois-pelletant.fr\/blog\/#\/schema\/person\/2be41acb171dff8f31aaed1f40cee9f3\",\"name\":\"Francois\"}]}<\/script>\n<!-- \/ Yoast SEO plugin. -->","yoast_head_json":{"title":"Le top des dessins de presse - Fran\u00e7ois Pelletant","robots":{"index":"index","follow":"follow","max-snippet":"max-snippet:-1","max-image-preview":"max-image-preview:large","max-video-preview":"max-video-preview:-1"},"canonical":"https:\/\/francois-pelletant.fr\/blog\/le-top-des-dessins-de-presse\/","og_locale":"fr_FR","og_type":"article","og_title":"Le top des dessins de presse - Fran\u00e7ois Pelletant","og_description":"Nouveau tour de l&#8217;actualit\u00e9 en dessins ce dimanche. Nos dessinateurs se sont, une nouvelle fois, surpass\u00e9s cette semaine pour nous commenter l&#8217;actu de notre pays ! &nbsp; &nbsp; &nbsp; &nbsp; &nbsp; &nbsp; &nbsp; &nbsp; &nbsp;","og_url":"https:\/\/francois-pelletant.fr\/blog\/le-top-des-dessins-de-presse\/","og_site_name":"Fran\u00e7ois Pelletant","article_publisher":"https:\/\/www.facebook.com\/francois.pelletant.7","article_published_time":"2016-09-18T06:32:36+00:00","og_image":[{"width":782,"height":658,"url":"https:\/\/francois-pelletant.fr\/blog\/wp-content\/uploads\/2016\/09\/ledessindelasemaine-14-septembre.jpg","type":"image\/jpeg"}],"author":"Francois","twitter_card":"summary_large_image","twitter_creator":"@pelletant","twitter_site":"@pelletant","twitter_misc":{"\u00c9crit par":"Francois","Dur\u00e9e de lecture estim\u00e9e":"1 minute"},"schema":{"@context":"https:\/\/schema.org","@graph":[{"@type":"Article","@id":"https:\/\/francois-pelletant.fr\/blog\/le-top-des-dessins-de-presse\/#article","isPartOf":{"@id":"https:\/\/francois-pelletant.fr\/blog\/le-top-des-dessins-de-presse\/"},"author":{"name":"Francois","@id":"https:\/\/francois-pelletant.fr\/blog\/#\/schema\/person\/2be41acb171dff8f31aaed1f40cee9f3"},"headline":"Le top des dessins de presse","datePublished":"2016-09-18T06:32:36+00:00","mainEntityOfPage":{"@id":"https:\/\/francois-pelletant.fr\/blog\/le-top-des-dessins-de-presse\/"},"wordCount":133,"commentCount":0,"publisher":{"@id":"https:\/\/francois-pelletant.fr\/blog\/#organization"},"image":{"@id":"https:\/\/francois-pelletant.fr\/blog\/le-top-des-dessins-de-presse\/#primaryimage"},"thumbnailUrl":"https:\/\/francois-pelletant.fr\/blog\/wp-content\/uploads\/2016\/09\/ledessindelasemaine-14-septembre.jpg","articleSection":["Prix du meilleur dessin de presse"],"inLanguage":"fr-FR","potentialAction":[{"@type":"CommentAction","name":"Comment","target":["https:\/\/francois-pelletant.fr\/blog\/le-top-des-dessins-de-presse\/#respond"]}]},{"@type":"WebPage","@id":"https:\/\/francois-pelletant.fr\/blog\/le-top-des-dessins-de-presse\/","url":"https:\/\/francois-pelletant.fr\/blog\/le-top-des-dessins-de-presse\/","name":"Le top des dessins de presse - Fran\u00e7ois Pelletant","isPartOf":{"@id":"https:\/\/francois-pelletant.fr\/blog\/#website"},"primaryImageOfPage":{"@id":"https:\/\/francois-pelletant.fr\/blog\/le-top-des-dessins-de-presse\/#primaryimage"},"image":{"@id":"https:\/\/francois-pelletant.fr\/blog\/le-top-des-dessins-de-presse\/#primaryimage"},"thumbnailUrl":"https:\/\/francois-pelletant.fr\/blog\/wp-content\/uploads\/2016\/09\/ledessindelasemaine-14-septembre.jpg","datePublished":"2016-09-18T06:32:36+00:00","breadcrumb":{"@id":"https:\/\/francois-pelletant.fr\/blog\/le-top-des-dessins-de-presse\/#breadcrumb"},"inLanguage":"fr-FR","potentialAction":[{"@type":"ReadAction","target":["https:\/\/francois-pelletant.fr\/blog\/le-top-des-dessins-de-presse\/"]}]},{"@type":"ImageObject","inLanguage":"fr-FR","@id":"https:\/\/francois-pelletant.fr\/blog\/le-top-des-dessins-de-presse\/#primaryimage","url":"https:\/\/francois-pelletant.fr\/blog\/wp-content\/uploads\/2016\/09\/ledessindelasemaine-14-septembre.jpg","contentUrl":"https:\/\/francois-pelletant.fr\/blog\/wp-content\/uploads\/2016\/09\/ledessindelasemaine-14-septembre.jpg","width":782,"height":658,"caption":"ledessindelasemaine-14-septembre"},{"@type":"BreadcrumbList","@id":"https:\/\/francois-pelletant.fr\/blog\/le-top-des-dessins-de-presse\/#breadcrumb","itemListElement":[{"@type":"ListItem","position":1,"name":"Accueil","item":"https:\/\/francois-pelletant.fr\/blog\/"},{"@type":"ListItem","position":2,"name":"Le top des dessins de presse"}]},{"@type":"WebSite","@id":"https:\/\/francois-pelletant.fr\/blog\/#website","url":"https:\/\/francois-pelletant.fr\/blog\/","name":"Fran\u00e7ois Pelletant","description":"Maire de Linas, pour toujours.","publisher":{"@id":"https:\/\/francois-pelletant.fr\/blog\/#organization"},"potentialAction":[{"@type":"SearchAction","target":{"@type":"EntryPoint","urlTemplate":"https:\/\/francois-pelletant.fr\/blog\/?s={search_term_string}"},"query-input":{"@type":"PropertyValueSpecification","valueRequired":true,"valueName":"search_term_string"}}],"inLanguage":"fr-FR"},{"@type":"Organization","@id":"https:\/\/francois-pelletant.fr\/blog\/#organization","name":"Fran\u00e7ois Pelletant","url":"https:\/\/francois-pelletant.fr\/blog\/","logo":{"@type":"ImageObject","inLanguage":"fr-FR","@id":"https:\/\/francois-pelletant.fr\/blog\/#\/schema\/logo\/image\/","url":"https:\/\/francois-pelletant.fr\/blog\/wp-content\/uploads\/2024\/07\/icone-francois-centre-500p.png","contentUrl":"https:\/\/francois-pelletant.fr\/blog\/wp-content\/uploads\/2024\/07\/icone-francois-centre-500p.png","width":559,"height":447,"caption":"Fran\u00e7ois Pelletant"},"image":{"@id":"https:\/\/francois-pelletant.fr\/blog\/#\/schema\/logo\/image\/"},"sameAs":["https:\/\/www.facebook.com\/francois.pelletant.7","https:\/\/x.com\/pelletant"]},{"@type":"Person","@id":"https:\/\/francois-pelletant.fr\/blog\/#\/schema\/person\/2be41acb171dff8f31aaed1f40cee9f3","name":"Francois"}]}},"_links":{"self":[{"href":"https:\/\/francois-pelletant.fr\/blog\/wp-json\/wp\/v2\/posts\/7561","targetHints":{"allow":["GET"]}}],"collection":[{"href":"https:\/\/francois-pelletant.fr\/blog\/wp-json\/wp\/v2\/posts"}],"about":[{"href":"https:\/\/francois-pelletant.fr\/blog\/wp-json\/wp\/v2\/types\/post"}],"author":[{"embeddable":true,"href":"https:\/\/francois-pelletant.fr\/blog\/wp-json\/wp\/v2\/users\/1"}],"replies":[{"embeddable":true,"href":"https:\/\/francois-pelletant.fr\/blog\/wp-json\/wp\/v2\/comments?post=7561"}],"version-history":[{"count":0,"href":"https:\/\/francois-pelletant.fr\/blog\/wp-json\/wp\/v2\/posts\/7561\/revisions"}],"wp:featuredmedia":[{"embeddable":true,"href":"https:\/\/francois-pelletant.fr\/blog\/wp-json\/wp\/v2\/media\/7562"}],"wp:attachment":[{"href":"https:\/\/francois-pelletant.fr\/blog\/wp-json\/wp\/v2\/media?parent=7561"}],"wp:term":[{"taxonomy":"category","embeddable":true,"href":"https:\/\/francois-pelletant.fr\/blog\/wp-json\/wp\/v2\/categories?post=7561"},{"taxonomy":"post_tag","embeddable":true,"href":"https:\/\/francois-pelletant.fr\/blog\/wp-json\/wp\/v2\/tags?post=7561"}],"curies":[{"name":"wp","href":"https:\/\/api.w.org\/{rel}","templated":true}]}}