{"id":7676,"date":"2016-10-24T14:21:13","date_gmt":"2016-10-24T14:21:13","guid":{"rendered":"https:\/\/francois-pelletant.fr\/blog\/?p=7676"},"modified":"2017-04-14T12:12:23","modified_gmt":"2017-04-14T12:12:23","slug":"les-migrants-parisiens-transferes-a-forges-les-bains","status":"publish","type":"post","link":"https:\/\/francois-pelletant.fr\/blog\/les-migrants-parisiens-transferes-a-forges-les-bains\/","title":{"rendered":"Les migrants parisiens transf\u00e9r\u00e9s \u00e0 Forges-les-Bains, ou l&#8217;exemple \u00e0 ne pas suivre"},"content":{"rendered":"<figure id=\"attachment_7677\" aria-describedby=\"caption-attachment-7677\" style=\"width: 300px\" class=\"wp-caption alignleft\"><img loading=\"lazy\" decoding=\"async\" class=\"wp-image-7677 size-medium\" src=\"https:\/\/francois-pelletant.fr\/blog\/wp-content\/uploads\/2016\/10\/migrants-300x150.jpeg\" alt=\"manifestation contre le transfert des migrants parisiens \" width=\"300\" height=\"150\" srcset=\"https:\/\/francois-pelletant.fr\/blog\/wp-content\/uploads\/2016\/10\/migrants-300x150.jpeg 300w, https:\/\/francois-pelletant.fr\/blog\/wp-content\/uploads\/2016\/10\/migrants-600x300.jpeg 600w, https:\/\/francois-pelletant.fr\/blog\/wp-content\/uploads\/2016\/10\/migrants.jpeg 630w\" sizes=\"auto, (max-width: 300px) 100vw, 300px\" \/><figcaption id=\"caption-attachment-7677\" class=\"wp-caption-text\">cr\u00e9dit photo ASSOCIATED PRESS<\/figcaption><\/figure>\n<h1>Paris\u00a0et les migrants<\/h1>\n<p>Souhaitons bonne chance aux services de l&#8217;Etat qui entreprennent, \u00e0 cette heure, le d\u00e9mant\u00e8lement de la &#8220;jungle&#8221; de Calais. Dans l&#8217;int\u00e9r\u00eat de tous, on ne peut qu&#8217;esp\u00e9rer qu&#8217;ils auront tir\u00e9 les enseignements des derni\u00e8res pantalonnades de la Ville de Paris. Et ce afin de d\u00e9placer ses migrants en banlieue.<\/p>\n<div id=\"entry_paragraph_1\" class=\"ad_spot desktop-only\"><\/div>\n<p>Pour le reste du monde, Paris est une cit\u00e9 progressiste et solidaire, dans la grande tradition fran\u00e7aise des Lumi\u00e8res. Paris qui ambitionne d&#8217;accueillir les JO 2024 puis l&#8217;Exposition Universelle de 2025, n&#8217;est pas aussi exemplaire qu&#8217;elle s&#8217;\u00e9vertue \u00e0 le faire croire.<\/p>\n<h3 id=\"entry_paragraph_2\" class=\"ad_spot desktop-only\">Forges-les-Bains diff\u00e8re de Paris<\/h3>\n<p>&nbsp;<\/p>\n<p>La face cach\u00e9e de Paris, les &#8220;banlieusards&#8221; la connaissent bien. En effet ils vivent \u00e0 l&#8217;ombre d&#8217;une capitale qui ne veut plus d&#8217;eux et qui lui transf\u00e8re ce dont elle veut se d\u00e9barrasser.<\/p>\n<div id=\"entry_paragraph_3\" class=\"ad_spot desktop-only\"><\/div>\n<p>En ce moment, il suffit d&#8217;interroger les Forgeois, c&#8217;est-\u00e0-dire les habitants de Forges-les-Bains, petit village de l&#8217;Essonne. Une commune o\u00f9 \u00a0Paris\u00a0d\u00e9porte ses migrants trop visibles sur les trottoirs de Jaur\u00e8s\/Stalingrad, pour toucher du doigt cette fracture et pour d\u00e9couvrir la r\u00e9alit\u00e9 de l&#8217;humanisme parisien.<\/p>\n<p>Car \u00e0 <a href=\"http:\/\/www.forges-les-bains.fr\/\" target=\"_blank\" rel=\"nofollow\">Forges-les-Bains<\/a>, pas de semaine de la mode, pas d&#8217;expo Chtchoukine ou Beethoven, mais l&#8217;installation, dans un ancien centre de loisirs abandonn\u00e9, de 44 migrants parisiens hommes, et bient\u00f4t le double (et peut-\u00eatre 5 fois plus&#8230;), dans des conditions qui feraient p\u00e2lir de honte n&#8217;importe quel maire normalement constitu\u00e9.<\/p>\n<p>Ici, ce n&#8217;est pas Jean Nouvel qui a am\u00e9nag\u00e9 les b\u00e2timents dans l&#8217;urgence entre juillet et ao\u00fbt, mais des entreprises discr\u00e8tes, entrant et sortant avec des v\u00e9hicules banalis\u00e9s, afin de ne pas alarmer les habitants du cru, qui ne devaient d\u00e9couvrir leurs nouveaux voisins que le plus tard possible.<\/p>\n<p>Ici, ce n&#8217;est pas la Seine qui coule, mais des eaux brunes, \u00e0 forte odeur d&#8217;urine, qui d\u00e9bordent du r\u00e9seau d&#8217;aisance depuis que les 44 &#8220;mis\u00e9rables&#8221; sont arriv\u00e9s, et qui se r\u00e9pand sous la grille d&#8217;entr\u00e9e pour rejoindre les caniveaux du village.<\/p>\n<p>Ici, pas d&#8217;op\u00e9ration &#8220;sentinelle&#8221; pour s\u00e9curiser la population. D&#8217;ailleurs m\u00eame l&#8217;entreprise de gardiennage avait curieusement disparu les soirs o\u00f9 se sont d\u00e9clar\u00e9s une inondation et un incendie criminel.<\/p>\n<p>Ici, on entasse des hommes alors que la commission de s\u00e9curit\u00e9 a jug\u00e9 les locaux non conformes aux normes des \u00e9tablissements recevant du public.<\/p>\n<p>Ici, les habitants inquiets sont consid\u00e9r\u00e9s comme des &#8220;fachos&#8221; ou des &#8220;r\u00e9acs&#8221;. D&#8217;ailleurs c&#8217;est bien connu, tout ce qui n&#8217;est pas d&#8217;accord avec la &#8220;Mairie de Paris&#8221; est r\u00e9actionnaire.<\/p>\n<h3>Paris&#8230; Loin des magazines<\/h3>\n<p>Bref, ici c&#8217;est Paris, le vrai Paris, pas celui des magazines en papier glac\u00e9 et des premiers prix d\u00e9cern\u00e9s \u00e0 l&#8217;autre bout du monde. Le Paris tellement peu fier de lui qu&#8217;il refuse tout dialogue avec les habitants. Le Paris se dissimulant en permanence derri\u00e8re l&#8217;Etat ou Emma\u00fcs, jouant la politique de la chaise vide pour la r\u00e9union publique d&#8217;information du 7 septembre et pr\u00e9f\u00e9rant, du d\u00e9but \u00e0 la fin, les stratag\u00e8mes et la manipulation plut\u00f4t que la discussion, l&#8217;explication et la n\u00e9gociation.<\/p>\n<p>Pour ne pas dire plus; car il semble bien qu&#8217;au centre de l&#8217;univers on se repr\u00e9sente les banlieusards comme des &#8220;d\u00e9g\u00e9n\u00e9r\u00e9s&#8221;. Apr\u00e8s avoir acquis le site \u00e0 la commune de Forges-les-Bains pour l&#8217;euro symbolique, dans les ann\u00e9es soixante, la Ville de Paris serait pr\u00eate \u00e0 le lui revendre, &#8220;en sens inverse&#8221;, pour deux millions d&#8217;euros; \u00e7a c&#8217;est Paris!<\/p>\n<p>Cette fa\u00e7on d&#8217;agir aboutit \u00e0 susciter l&#8217;hostilit\u00e9 des habitants plut\u00f4t que leur hospitalit\u00e9 et \u00e0 plonger des r\u00e9fugi\u00e9s, d\u00e9j\u00e0 fragiles, dans un environnement o\u00f9 ont \u00e9t\u00e9 entretenues, artificiellement, des tensions et des animosit\u00e9s.<\/p>\n<h5>Forges-les-bains un exemple<\/h5>\n<p>Il faut \u00e0 pr\u00e9sent remonter la pente. Heureusement que les Forgeois ne sont pas aussi r\u00e9actionnaires qu&#8217;on ne le dit \u00e0 Paris (le nouveau terme \u00e0 la mode est &#8220;grincheux&#8221;). C&#8217;est eux qui ont d\u00fb se mobiliser pour l&#8217;accompagnement des r\u00e9fugi\u00e9s. Ils ont \u00e9galement proposer toutes sortes d&#8217;initiatives pour que ces &#8220;mis\u00e9rables&#8221; ne restent pas qu&#8217;une &#8220;patate chaude&#8221; pass\u00e9e de Paris \u00e0 Forges-les Bains.<\/p>\n<p>Dans quelques jours ou quelques heures, les 44 migrants seront rejoints par 47 autres. Ainsi\u00a0la municipalit\u00e9 parisienne pourra s&#8217;enorgueillir d&#8217;avoir, cette fois encore, impos\u00e9 \u00e0 tous sa vision et sa volont\u00e9. Et ce au prix d&#8217;une m\u00e9thode tr\u00e8s peu glorieuse et d&#8217;un g\u00e2chis humain d\u00e9concertant.<\/p>\n<p>Souhaitons que ceux qui partiront de Calais, dans les prochaines heures, ne soient pas trait\u00e9s de la sorte.<\/p>\n","protected":false},"excerpt":{"rendered":"<p>Paris\u00a0et les migrants Souhaitons bonne chance aux services de l&#8217;Etat qui entreprennent, \u00e0 cette heure, le d\u00e9mant\u00e8lement de la &#8220;jungle&#8221; de Calais. Dans l&#8217;int\u00e9r\u00eat de tous, on ne peut qu&#8217;esp\u00e9rer qu&#8217;ils auront tir\u00e9 les enseignements des derni\u00e8res pantalonnades de la Ville de Paris. Et ce afin de d\u00e9placer ses migrants en banlieue. Pour le reste [&hellip;]<\/p>\n","protected":false},"author":1,"featured_media":7677,"comment_status":"open","ping_status":"closed","sticky":false,"template":"","format":"standard","meta":{"footnotes":""},"categories":[16],"tags":[],"class_list":["post-7676","post","type-post","status-publish","format-standard","has-post-thumbnail","hentry","category-prises-de-positions"],"yoast_head":"<!-- This site is optimized with the Yoast SEO plugin v25.6 - https:\/\/yoast.com\/wordpress\/plugins\/seo\/ -->\n<title>Paris : Les migrants transf\u00e9r\u00e9s \u00e0 Forges-les-Bains<\/title>\n<meta name=\"description\" content=\"La ville de Paris entreprends de d\u00e9placer ses migrants en banlieue\" \/>\n<meta name=\"robots\" content=\"index, follow, max-snippet:-1, max-image-preview:large, max-video-preview:-1\" \/>\n<link rel=\"canonical\" href=\"https:\/\/francois-pelletant.fr\/blog\/les-migrants-parisiens-transferes-a-forges-les-bains\/\" \/>\n<meta property=\"og:locale\" content=\"fr_FR\" \/>\n<meta property=\"og:type\" content=\"article\" \/>\n<meta property=\"og:title\" content=\"Paris : Les migrants transf\u00e9r\u00e9s \u00e0 Forges-les-Bains\" \/>\n<meta property=\"og:description\" content=\"La ville de Paris entreprends de d\u00e9placer ses migrants en banlieue\" \/>\n<meta property=\"og:url\" content=\"https:\/\/francois-pelletant.fr\/blog\/les-migrants-parisiens-transferes-a-forges-les-bains\/\" \/>\n<meta property=\"og:site_name\" content=\"Fran\u00e7ois Pelletant\" \/>\n<meta property=\"article:publisher\" content=\"https:\/\/www.facebook.com\/francois.pelletant.7\" \/>\n<meta property=\"article:published_time\" content=\"2016-10-24T14:21:13+00:00\" \/>\n<meta property=\"article:modified_time\" content=\"2017-04-14T12:12:23+00:00\" \/>\n<meta property=\"og:image\" content=\"https:\/\/francois-pelletant.fr\/blog\/wp-content\/uploads\/2016\/10\/migrants.jpeg\" \/>\n\t<meta property=\"og:image:width\" content=\"630\" \/>\n\t<meta property=\"og:image:height\" content=\"315\" \/>\n\t<meta property=\"og:image:type\" content=\"image\/jpeg\" \/>\n<meta name=\"author\" content=\"Francois\" \/>\n<meta name=\"twitter:card\" content=\"summary_large_image\" \/>\n<meta name=\"twitter:creator\" content=\"@pelletant\" \/>\n<meta name=\"twitter:site\" content=\"@pelletant\" \/>\n<meta name=\"twitter:label1\" content=\"\u00c9crit par\" \/>\n\t<meta name=\"twitter:data1\" content=\"Francois\" \/>\n\t<meta name=\"twitter:label2\" content=\"Dur\u00e9e de lecture estim\u00e9e\" \/>\n\t<meta name=\"twitter:data2\" content=\"4 minutes\" \/>\n<script type=\"application\/ld+json\" class=\"yoast-schema-graph\">{\"@context\":\"https:\/\/schema.org\",\"@graph\":[{\"@type\":\"Article\",\"@id\":\"https:\/\/francois-pelletant.fr\/blog\/les-migrants-parisiens-transferes-a-forges-les-bains\/#article\",\"isPartOf\":{\"@id\":\"https:\/\/francois-pelletant.fr\/blog\/les-migrants-parisiens-transferes-a-forges-les-bains\/\"},\"author\":{\"name\":\"Francois\",\"@id\":\"https:\/\/francois-pelletant.fr\/blog\/#\/schema\/person\/2be41acb171dff8f31aaed1f40cee9f3\"},\"headline\":\"Les migrants parisiens transf\u00e9r\u00e9s \u00e0 Forges-les-Bains, ou l&#8217;exemple \u00e0 ne pas suivre\",\"datePublished\":\"2016-10-24T14:21:13+00:00\",\"dateModified\":\"2017-04-14T12:12:23+00:00\",\"mainEntityOfPage\":{\"@id\":\"https:\/\/francois-pelletant.fr\/blog\/les-migrants-parisiens-transferes-a-forges-les-bains\/\"},\"wordCount\":844,\"commentCount\":0,\"publisher\":{\"@id\":\"https:\/\/francois-pelletant.fr\/blog\/#organization\"},\"image\":{\"@id\":\"https:\/\/francois-pelletant.fr\/blog\/les-migrants-parisiens-transferes-a-forges-les-bains\/#primaryimage\"},\"thumbnailUrl\":\"https:\/\/francois-pelletant.fr\/blog\/wp-content\/uploads\/2016\/10\/migrants.jpeg\",\"articleSection\":[\"Prises de positions\"],\"inLanguage\":\"fr-FR\",\"potentialAction\":[{\"@type\":\"CommentAction\",\"name\":\"Comment\",\"target\":[\"https:\/\/francois-pelletant.fr\/blog\/les-migrants-parisiens-transferes-a-forges-les-bains\/#respond\"]}]},{\"@type\":\"WebPage\",\"@id\":\"https:\/\/francois-pelletant.fr\/blog\/les-migrants-parisiens-transferes-a-forges-les-bains\/\",\"url\":\"https:\/\/francois-pelletant.fr\/blog\/les-migrants-parisiens-transferes-a-forges-les-bains\/\",\"name\":\"Paris : Les migrants transf\u00e9r\u00e9s \u00e0 Forges-les-Bains\",\"isPartOf\":{\"@id\":\"https:\/\/francois-pelletant.fr\/blog\/#website\"},\"primaryImageOfPage\":{\"@id\":\"https:\/\/francois-pelletant.fr\/blog\/les-migrants-parisiens-transferes-a-forges-les-bains\/#primaryimage\"},\"image\":{\"@id\":\"https:\/\/francois-pelletant.fr\/blog\/les-migrants-parisiens-transferes-a-forges-les-bains\/#primaryimage\"},\"thumbnailUrl\":\"https:\/\/francois-pelletant.fr\/blog\/wp-content\/uploads\/2016\/10\/migrants.jpeg\",\"datePublished\":\"2016-10-24T14:21:13+00:00\",\"dateModified\":\"2017-04-14T12:12:23+00:00\",\"description\":\"La ville de Paris entreprends de d\u00e9placer ses migrants en banlieue\",\"breadcrumb\":{\"@id\":\"https:\/\/francois-pelletant.fr\/blog\/les-migrants-parisiens-transferes-a-forges-les-bains\/#breadcrumb\"},\"inLanguage\":\"fr-FR\",\"potentialAction\":[{\"@type\":\"ReadAction\",\"target\":[\"https:\/\/francois-pelletant.fr\/blog\/les-migrants-parisiens-transferes-a-forges-les-bains\/\"]}]},{\"@type\":\"ImageObject\",\"inLanguage\":\"fr-FR\",\"@id\":\"https:\/\/francois-pelletant.fr\/blog\/les-migrants-parisiens-transferes-a-forges-les-bains\/#primaryimage\",\"url\":\"https:\/\/francois-pelletant.fr\/blog\/wp-content\/uploads\/2016\/10\/migrants.jpeg\",\"contentUrl\":\"https:\/\/francois-pelletant.fr\/blog\/wp-content\/uploads\/2016\/10\/migrants.jpeg\",\"width\":630,\"height\":315,\"caption\":\"cr\u00e9dit photo ASSOCIATED PRESS\"},{\"@type\":\"BreadcrumbList\",\"@id\":\"https:\/\/francois-pelletant.fr\/blog\/les-migrants-parisiens-transferes-a-forges-les-bains\/#breadcrumb\",\"itemListElement\":[{\"@type\":\"ListItem\",\"position\":1,\"name\":\"Accueil\",\"item\":\"https:\/\/francois-pelletant.fr\/blog\/\"},{\"@type\":\"ListItem\",\"position\":2,\"name\":\"Les migrants parisiens transf\u00e9r\u00e9s \u00e0 Forges-les-Bains, ou l&#8217;exemple \u00e0 ne pas suivre\"}]},{\"@type\":\"WebSite\",\"@id\":\"https:\/\/francois-pelletant.fr\/blog\/#website\",\"url\":\"https:\/\/francois-pelletant.fr\/blog\/\",\"name\":\"Fran\u00e7ois Pelletant\",\"description\":\"Maire de Linas, pour toujours.\",\"publisher\":{\"@id\":\"https:\/\/francois-pelletant.fr\/blog\/#organization\"},\"potentialAction\":[{\"@type\":\"SearchAction\",\"target\":{\"@type\":\"EntryPoint\",\"urlTemplate\":\"https:\/\/francois-pelletant.fr\/blog\/?s={search_term_string}\"},\"query-input\":{\"@type\":\"PropertyValueSpecification\",\"valueRequired\":true,\"valueName\":\"search_term_string\"}}],\"inLanguage\":\"fr-FR\"},{\"@type\":\"Organization\",\"@id\":\"https:\/\/francois-pelletant.fr\/blog\/#organization\",\"name\":\"Fran\u00e7ois Pelletant\",\"url\":\"https:\/\/francois-pelletant.fr\/blog\/\",\"logo\":{\"@type\":\"ImageObject\",\"inLanguage\":\"fr-FR\",\"@id\":\"https:\/\/francois-pelletant.fr\/blog\/#\/schema\/logo\/image\/\",\"url\":\"https:\/\/francois-pelletant.fr\/blog\/wp-content\/uploads\/2024\/07\/icone-francois-centre-500p.png\",\"contentUrl\":\"https:\/\/francois-pelletant.fr\/blog\/wp-content\/uploads\/2024\/07\/icone-francois-centre-500p.png\",\"width\":559,\"height\":447,\"caption\":\"Fran\u00e7ois Pelletant\"},\"image\":{\"@id\":\"https:\/\/francois-pelletant.fr\/blog\/#\/schema\/logo\/image\/\"},\"sameAs\":[\"https:\/\/www.facebook.com\/francois.pelletant.7\",\"https:\/\/x.com\/pelletant\"]},{\"@type\":\"Person\",\"@id\":\"https:\/\/francois-pelletant.fr\/blog\/#\/schema\/person\/2be41acb171dff8f31aaed1f40cee9f3\",\"name\":\"Francois\"}]}<\/script>\n<!-- \/ Yoast SEO plugin. -->","yoast_head_json":{"title":"Paris : Les migrants transf\u00e9r\u00e9s \u00e0 Forges-les-Bains","description":"La ville de Paris entreprends de d\u00e9placer ses migrants en banlieue","robots":{"index":"index","follow":"follow","max-snippet":"max-snippet:-1","max-image-preview":"max-image-preview:large","max-video-preview":"max-video-preview:-1"},"canonical":"https:\/\/francois-pelletant.fr\/blog\/les-migrants-parisiens-transferes-a-forges-les-bains\/","og_locale":"fr_FR","og_type":"article","og_title":"Paris : Les migrants transf\u00e9r\u00e9s \u00e0 Forges-les-Bains","og_description":"La ville de Paris entreprends de d\u00e9placer ses migrants en banlieue","og_url":"https:\/\/francois-pelletant.fr\/blog\/les-migrants-parisiens-transferes-a-forges-les-bains\/","og_site_name":"Fran\u00e7ois Pelletant","article_publisher":"https:\/\/www.facebook.com\/francois.pelletant.7","article_published_time":"2016-10-24T14:21:13+00:00","article_modified_time":"2017-04-14T12:12:23+00:00","og_image":[{"width":630,"height":315,"url":"https:\/\/francois-pelletant.fr\/blog\/wp-content\/uploads\/2016\/10\/migrants.jpeg","type":"image\/jpeg"}],"author":"Francois","twitter_card":"summary_large_image","twitter_creator":"@pelletant","twitter_site":"@pelletant","twitter_misc":{"\u00c9crit par":"Francois","Dur\u00e9e de lecture estim\u00e9e":"4 minutes"},"schema":{"@context":"https:\/\/schema.org","@graph":[{"@type":"Article","@id":"https:\/\/francois-pelletant.fr\/blog\/les-migrants-parisiens-transferes-a-forges-les-bains\/#article","isPartOf":{"@id":"https:\/\/francois-pelletant.fr\/blog\/les-migrants-parisiens-transferes-a-forges-les-bains\/"},"author":{"name":"Francois","@id":"https:\/\/francois-pelletant.fr\/blog\/#\/schema\/person\/2be41acb171dff8f31aaed1f40cee9f3"},"headline":"Les migrants parisiens transf\u00e9r\u00e9s \u00e0 Forges-les-Bains, ou l&#8217;exemple \u00e0 ne pas suivre","datePublished":"2016-10-24T14:21:13+00:00","dateModified":"2017-04-14T12:12:23+00:00","mainEntityOfPage":{"@id":"https:\/\/francois-pelletant.fr\/blog\/les-migrants-parisiens-transferes-a-forges-les-bains\/"},"wordCount":844,"commentCount":0,"publisher":{"@id":"https:\/\/francois-pelletant.fr\/blog\/#organization"},"image":{"@id":"https:\/\/francois-pelletant.fr\/blog\/les-migrants-parisiens-transferes-a-forges-les-bains\/#primaryimage"},"thumbnailUrl":"https:\/\/francois-pelletant.fr\/blog\/wp-content\/uploads\/2016\/10\/migrants.jpeg","articleSection":["Prises de positions"],"inLanguage":"fr-FR","potentialAction":[{"@type":"CommentAction","name":"Comment","target":["https:\/\/francois-pelletant.fr\/blog\/les-migrants-parisiens-transferes-a-forges-les-bains\/#respond"]}]},{"@type":"WebPage","@id":"https:\/\/francois-pelletant.fr\/blog\/les-migrants-parisiens-transferes-a-forges-les-bains\/","url":"https:\/\/francois-pelletant.fr\/blog\/les-migrants-parisiens-transferes-a-forges-les-bains\/","name":"Paris : Les migrants transf\u00e9r\u00e9s \u00e0 Forges-les-Bains","isPartOf":{"@id":"https:\/\/francois-pelletant.fr\/blog\/#website"},"primaryImageOfPage":{"@id":"https:\/\/francois-pelletant.fr\/blog\/les-migrants-parisiens-transferes-a-forges-les-bains\/#primaryimage"},"image":{"@id":"https:\/\/francois-pelletant.fr\/blog\/les-migrants-parisiens-transferes-a-forges-les-bains\/#primaryimage"},"thumbnailUrl":"https:\/\/francois-pelletant.fr\/blog\/wp-content\/uploads\/2016\/10\/migrants.jpeg","datePublished":"2016-10-24T14:21:13+00:00","dateModified":"2017-04-14T12:12:23+00:00","description":"La ville de Paris entreprends de d\u00e9placer ses migrants en banlieue","breadcrumb":{"@id":"https:\/\/francois-pelletant.fr\/blog\/les-migrants-parisiens-transferes-a-forges-les-bains\/#breadcrumb"},"inLanguage":"fr-FR","potentialAction":[{"@type":"ReadAction","target":["https:\/\/francois-pelletant.fr\/blog\/les-migrants-parisiens-transferes-a-forges-les-bains\/"]}]},{"@type":"ImageObject","inLanguage":"fr-FR","@id":"https:\/\/francois-pelletant.fr\/blog\/les-migrants-parisiens-transferes-a-forges-les-bains\/#primaryimage","url":"https:\/\/francois-pelletant.fr\/blog\/wp-content\/uploads\/2016\/10\/migrants.jpeg","contentUrl":"https:\/\/francois-pelletant.fr\/blog\/wp-content\/uploads\/2016\/10\/migrants.jpeg","width":630,"height":315,"caption":"cr\u00e9dit photo ASSOCIATED PRESS"},{"@type":"BreadcrumbList","@id":"https:\/\/francois-pelletant.fr\/blog\/les-migrants-parisiens-transferes-a-forges-les-bains\/#breadcrumb","itemListElement":[{"@type":"ListItem","position":1,"name":"Accueil","item":"https:\/\/francois-pelletant.fr\/blog\/"},{"@type":"ListItem","position":2,"name":"Les migrants parisiens transf\u00e9r\u00e9s \u00e0 Forges-les-Bains, ou l&#8217;exemple \u00e0 ne pas suivre"}]},{"@type":"WebSite","@id":"https:\/\/francois-pelletant.fr\/blog\/#website","url":"https:\/\/francois-pelletant.fr\/blog\/","name":"Fran\u00e7ois Pelletant","description":"Maire de Linas, pour toujours.","publisher":{"@id":"https:\/\/francois-pelletant.fr\/blog\/#organization"},"potentialAction":[{"@type":"SearchAction","target":{"@type":"EntryPoint","urlTemplate":"https:\/\/francois-pelletant.fr\/blog\/?s={search_term_string}"},"query-input":{"@type":"PropertyValueSpecification","valueRequired":true,"valueName":"search_term_string"}}],"inLanguage":"fr-FR"},{"@type":"Organization","@id":"https:\/\/francois-pelletant.fr\/blog\/#organization","name":"Fran\u00e7ois Pelletant","url":"https:\/\/francois-pelletant.fr\/blog\/","logo":{"@type":"ImageObject","inLanguage":"fr-FR","@id":"https:\/\/francois-pelletant.fr\/blog\/#\/schema\/logo\/image\/","url":"https:\/\/francois-pelletant.fr\/blog\/wp-content\/uploads\/2024\/07\/icone-francois-centre-500p.png","contentUrl":"https:\/\/francois-pelletant.fr\/blog\/wp-content\/uploads\/2024\/07\/icone-francois-centre-500p.png","width":559,"height":447,"caption":"Fran\u00e7ois Pelletant"},"image":{"@id":"https:\/\/francois-pelletant.fr\/blog\/#\/schema\/logo\/image\/"},"sameAs":["https:\/\/www.facebook.com\/francois.pelletant.7","https:\/\/x.com\/pelletant"]},{"@type":"Person","@id":"https:\/\/francois-pelletant.fr\/blog\/#\/schema\/person\/2be41acb171dff8f31aaed1f40cee9f3","name":"Francois"}]}},"_links":{"self":[{"href":"https:\/\/francois-pelletant.fr\/blog\/wp-json\/wp\/v2\/posts\/7676","targetHints":{"allow":["GET"]}}],"collection":[{"href":"https:\/\/francois-pelletant.fr\/blog\/wp-json\/wp\/v2\/posts"}],"about":[{"href":"https:\/\/francois-pelletant.fr\/blog\/wp-json\/wp\/v2\/types\/post"}],"author":[{"embeddable":true,"href":"https:\/\/francois-pelletant.fr\/blog\/wp-json\/wp\/v2\/users\/1"}],"replies":[{"embeddable":true,"href":"https:\/\/francois-pelletant.fr\/blog\/wp-json\/wp\/v2\/comments?post=7676"}],"version-history":[{"count":0,"href":"https:\/\/francois-pelletant.fr\/blog\/wp-json\/wp\/v2\/posts\/7676\/revisions"}],"wp:featuredmedia":[{"embeddable":true,"href":"https:\/\/francois-pelletant.fr\/blog\/wp-json\/wp\/v2\/media\/7677"}],"wp:attachment":[{"href":"https:\/\/francois-pelletant.fr\/blog\/wp-json\/wp\/v2\/media?parent=7676"}],"wp:term":[{"taxonomy":"category","embeddable":true,"href":"https:\/\/francois-pelletant.fr\/blog\/wp-json\/wp\/v2\/categories?post=7676"},{"taxonomy":"post_tag","embeddable":true,"href":"https:\/\/francois-pelletant.fr\/blog\/wp-json\/wp\/v2\/tags?post=7676"}],"curies":[{"name":"wp","href":"https:\/\/api.w.org\/{rel}","templated":true}]}}