{"id":7687,"date":"2016-10-30T06:10:55","date_gmt":"2016-10-30T06:10:55","guid":{"rendered":"https:\/\/francois-pelletant.fr\/blog\/?p=7687"},"modified":"2016-10-27T10:15:59","modified_gmt":"2016-10-27T10:15:59","slug":"les-dessins-de-la-semaine-14","status":"publish","type":"post","link":"https:\/\/francois-pelletant.fr\/blog\/les-dessins-de-la-semaine-14\/","title":{"rendered":"Les dessins de la semaine"},"content":{"rendered":"<figure id=\"attachment_7688\" aria-describedby=\"caption-attachment-7688\" style=\"width: 284px\" class=\"wp-caption alignleft\"><img loading=\"lazy\" decoding=\"async\" class=\"size-medium wp-image-7688\" src=\"https:\/\/francois-pelletant.fr\/blog\/wp-content\/uploads\/2016\/10\/Le-canard-enchain\u00e9-26-octobre-284x300.jpg\" alt=\"le-canard-enchaine-26-octobre\" width=\"284\" height=\"300\" srcset=\"https:\/\/francois-pelletant.fr\/blog\/wp-content\/uploads\/2016\/10\/Le-canard-enchain\u00e9-26-octobre-284x300.jpg 284w, https:\/\/francois-pelletant.fr\/blog\/wp-content\/uploads\/2016\/10\/Le-canard-enchain\u00e9-26-octobre-969x1024.jpg 969w, https:\/\/francois-pelletant.fr\/blog\/wp-content\/uploads\/2016\/10\/Le-canard-enchain\u00e9-26-octobre-768x811.jpg 768w, https:\/\/francois-pelletant.fr\/blog\/wp-content\/uploads\/2016\/10\/Le-canard-enchain\u00e9-26-octobre-600x634.jpg 600w, https:\/\/francois-pelletant.fr\/blog\/wp-content\/uploads\/2016\/10\/Le-canard-enchain\u00e9-26-octobre.jpg 1064w\" sizes=\"auto, (max-width: 284px) 100vw, 284px\" \/><figcaption id=\"caption-attachment-7688\" class=\"wp-caption-text\">le-canard-enchaine-26-octobre<\/figcaption><\/figure>\n<p>Et voici 10 nouveau dessins parus dans la presse cette semaine qui nous permettent de faire un tour d&#8217;horizon de l&#8217;actualit\u00e9 nationale en souriant.<\/p>\n<p>&nbsp;<\/p>\n<figure id=\"attachment_7689\" aria-describedby=\"caption-attachment-7689\" style=\"width: 263px\" class=\"wp-caption aligncenter\"><img loading=\"lazy\" decoding=\"async\" class=\"size-medium wp-image-7689\" src=\"https:\/\/francois-pelletant.fr\/blog\/wp-content\/uploads\/2016\/10\/Bidu-25-octobre-263x300.jpg\" alt=\"bidu-25-octobre\" width=\"263\" height=\"300\" srcset=\"https:\/\/francois-pelletant.fr\/blog\/wp-content\/uploads\/2016\/10\/Bidu-25-octobre-263x300.jpg 263w, https:\/\/francois-pelletant.fr\/blog\/wp-content\/uploads\/2016\/10\/Bidu-25-octobre-897x1024.jpg 897w, https:\/\/francois-pelletant.fr\/blog\/wp-content\/uploads\/2016\/10\/Bidu-25-octobre-768x877.jpg 768w, https:\/\/francois-pelletant.fr\/blog\/wp-content\/uploads\/2016\/10\/Bidu-25-octobre-600x685.jpg 600w, https:\/\/francois-pelletant.fr\/blog\/wp-content\/uploads\/2016\/10\/Bidu-25-octobre-1345x1536.jpg 1345w, https:\/\/francois-pelletant.fr\/blog\/wp-content\/uploads\/2016\/10\/Bidu-25-octobre.jpg 1793w\" sizes=\"auto, (max-width: 263px) 100vw, 263px\" \/><figcaption id=\"caption-attachment-7689\" class=\"wp-caption-text\">bidu-25-octobre<\/figcaption><\/figure>\n<p>&nbsp;<\/p>\n<figure id=\"attachment_7690\" aria-describedby=\"caption-attachment-7690\" style=\"width: 300px\" class=\"wp-caption aligncenter\"><img loading=\"lazy\" decoding=\"async\" class=\"size-medium wp-image-7690\" src=\"https:\/\/francois-pelletant.fr\/blog\/wp-content\/uploads\/2016\/10\/Faro-25-octobre-300x182.jpg\" alt=\"faro-25-octobre\" width=\"300\" height=\"182\" srcset=\"https:\/\/francois-pelletant.fr\/blog\/wp-content\/uploads\/2016\/10\/Faro-25-octobre-300x182.jpg 300w, https:\/\/francois-pelletant.fr\/blog\/wp-content\/uploads\/2016\/10\/Faro-25-octobre.jpg 538w\" sizes=\"auto, (max-width: 300px) 100vw, 300px\" \/><figcaption id=\"caption-attachment-7690\" class=\"wp-caption-text\">faro-25-octobre<\/figcaption><\/figure>\n<p>&nbsp;<\/p>\n<figure id=\"attachment_7691\" aria-describedby=\"caption-attachment-7691\" style=\"width: 300px\" class=\"wp-caption aligncenter\"><img loading=\"lazy\" decoding=\"async\" class=\"size-medium wp-image-7691\" src=\"https:\/\/francois-pelletant.fr\/blog\/wp-content\/uploads\/2016\/10\/Le-canard-enchain\u00e9-26-octobre-2016-300x259.jpg\" alt=\"le-canard-enchaine-26-octobre-2016\" width=\"300\" height=\"259\" srcset=\"https:\/\/francois-pelletant.fr\/blog\/wp-content\/uploads\/2016\/10\/Le-canard-enchain\u00e9-26-octobre-2016-300x259.jpg 300w, https:\/\/francois-pelletant.fr\/blog\/wp-content\/uploads\/2016\/10\/Le-canard-enchain\u00e9-26-octobre-2016-1024x884.jpg 1024w, https:\/\/francois-pelletant.fr\/blog\/wp-content\/uploads\/2016\/10\/Le-canard-enchain\u00e9-26-octobre-2016-768x663.jpg 768w, https:\/\/francois-pelletant.fr\/blog\/wp-content\/uploads\/2016\/10\/Le-canard-enchain\u00e9-26-octobre-2016-600x518.jpg 600w, https:\/\/francois-pelletant.fr\/blog\/wp-content\/uploads\/2016\/10\/Le-canard-enchain\u00e9-26-octobre-2016.jpg 1108w\" sizes=\"auto, (max-width: 300px) 100vw, 300px\" \/><figcaption id=\"caption-attachment-7691\" class=\"wp-caption-text\">le-canard-enchaine-26-octobre-2016<\/figcaption><\/figure>\n<p>&nbsp;<\/p>\n<figure id=\"attachment_7692\" aria-describedby=\"caption-attachment-7692\" style=\"width: 300px\" class=\"wp-caption aligncenter\"><img loading=\"lazy\" decoding=\"async\" class=\"size-medium wp-image-7692\" src=\"https:\/\/francois-pelletant.fr\/blog\/wp-content\/uploads\/2016\/10\/Goutal-25-octobre-300x232.jpg\" alt=\"goutal-25-octobre\" width=\"300\" height=\"232\" srcset=\"https:\/\/francois-pelletant.fr\/blog\/wp-content\/uploads\/2016\/10\/Goutal-25-octobre-300x232.jpg 300w, https:\/\/francois-pelletant.fr\/blog\/wp-content\/uploads\/2016\/10\/Goutal-25-octobre-1024x793.jpg 1024w, https:\/\/francois-pelletant.fr\/blog\/wp-content\/uploads\/2016\/10\/Goutal-25-octobre-768x595.jpg 768w, https:\/\/francois-pelletant.fr\/blog\/wp-content\/uploads\/2016\/10\/Goutal-25-octobre-600x465.jpg 600w, https:\/\/francois-pelletant.fr\/blog\/wp-content\/uploads\/2016\/10\/Goutal-25-octobre.jpg 1200w\" sizes=\"auto, (max-width: 300px) 100vw, 300px\" \/><figcaption id=\"caption-attachment-7692\" class=\"wp-caption-text\">goutal-25-octobre<\/figcaption><\/figure>\n<p>&nbsp;<\/p>\n<figure id=\"attachment_7693\" aria-describedby=\"caption-attachment-7693\" style=\"width: 300px\" class=\"wp-caption aligncenter\"><img loading=\"lazy\" decoding=\"async\" class=\"size-medium wp-image-7693\" src=\"https:\/\/francois-pelletant.fr\/blog\/wp-content\/uploads\/2016\/10\/Le-canard-enchain\u00e9-261016-300x279.jpg\" alt=\"le-canard-enchaine-261016\" width=\"300\" height=\"279\" srcset=\"https:\/\/francois-pelletant.fr\/blog\/wp-content\/uploads\/2016\/10\/Le-canard-enchain\u00e9-261016-300x279.jpg 300w, https:\/\/francois-pelletant.fr\/blog\/wp-content\/uploads\/2016\/10\/Le-canard-enchain\u00e9-261016-1024x952.jpg 1024w, https:\/\/francois-pelletant.fr\/blog\/wp-content\/uploads\/2016\/10\/Le-canard-enchain\u00e9-261016-768x714.jpg 768w, https:\/\/francois-pelletant.fr\/blog\/wp-content\/uploads\/2016\/10\/Le-canard-enchain\u00e9-261016-600x558.jpg 600w, https:\/\/francois-pelletant.fr\/blog\/wp-content\/uploads\/2016\/10\/Le-canard-enchain\u00e9-261016.jpg 1076w\" sizes=\"auto, (max-width: 300px) 100vw, 300px\" \/><figcaption id=\"caption-attachment-7693\" class=\"wp-caption-text\">le-canard-enchaine-261016<\/figcaption><\/figure>\n<p>&nbsp;<\/p>\n<figure id=\"attachment_7694\" aria-describedby=\"caption-attachment-7694\" style=\"width: 300px\" class=\"wp-caption aligncenter\"><img loading=\"lazy\" decoding=\"async\" class=\"size-medium wp-image-7694\" src=\"https:\/\/francois-pelletant.fr\/blog\/wp-content\/uploads\/2016\/10\/Na-24-octobre-300x225.jpg\" alt=\"na-24-octobre\" width=\"300\" height=\"225\" srcset=\"https:\/\/francois-pelletant.fr\/blog\/wp-content\/uploads\/2016\/10\/Na-24-octobre-300x225.jpg 300w, https:\/\/francois-pelletant.fr\/blog\/wp-content\/uploads\/2016\/10\/Na-24-octobre.jpg 600w\" sizes=\"auto, (max-width: 300px) 100vw, 300px\" \/><figcaption id=\"caption-attachment-7694\" class=\"wp-caption-text\">na-24-octobre<\/figcaption><\/figure>\n<p>&nbsp;<\/p>\n<figure id=\"attachment_7695\" aria-describedby=\"caption-attachment-7695\" style=\"width: 300px\" class=\"wp-caption aligncenter\"><img loading=\"lazy\" decoding=\"async\" class=\"size-medium wp-image-7695\" src=\"https:\/\/francois-pelletant.fr\/blog\/wp-content\/uploads\/2016\/10\/Le-Parisien-26-octobre-300x283.jpg\" alt=\"le-parisien-26-octobre\" width=\"300\" height=\"283\" srcset=\"https:\/\/francois-pelletant.fr\/blog\/wp-content\/uploads\/2016\/10\/Le-Parisien-26-octobre-300x283.jpg 300w, https:\/\/francois-pelletant.fr\/blog\/wp-content\/uploads\/2016\/10\/Le-Parisien-26-octobre.jpg 326w\" sizes=\"auto, (max-width: 300px) 100vw, 300px\" \/><figcaption id=\"caption-attachment-7695\" class=\"wp-caption-text\">le-parisien-26-octobre<\/figcaption><\/figure>\n<p>&nbsp;<\/p>\n<figure id=\"attachment_7696\" aria-describedby=\"caption-attachment-7696\" style=\"width: 300px\" class=\"wp-caption aligncenter\"><img loading=\"lazy\" decoding=\"async\" class=\"size-medium wp-image-7696\" src=\"https:\/\/francois-pelletant.fr\/blog\/wp-content\/uploads\/2016\/10\/Na-26-octobre-300x225.jpg\" alt=\"na-26-octobre\" width=\"300\" height=\"225\" srcset=\"https:\/\/francois-pelletant.fr\/blog\/wp-content\/uploads\/2016\/10\/Na-26-octobre-300x225.jpg 300w, https:\/\/francois-pelletant.fr\/blog\/wp-content\/uploads\/2016\/10\/Na-26-octobre.jpg 600w\" sizes=\"auto, (max-width: 300px) 100vw, 300px\" \/><figcaption id=\"caption-attachment-7696\" class=\"wp-caption-text\">na-26-octobre<\/figcaption><\/figure>\n<p>&nbsp;<\/p>\n<figure id=\"attachment_7697\" aria-describedby=\"caption-attachment-7697\" style=\"width: 300px\" class=\"wp-caption aligncenter\"><img loading=\"lazy\" decoding=\"async\" class=\"size-medium wp-image-7697\" src=\"https:\/\/francois-pelletant.fr\/blog\/wp-content\/uploads\/2016\/10\/Urtikan-25-octobre-300x300.jpg\" alt=\"Urtikan 25 octobre\" width=\"300\" height=\"300\" srcset=\"https:\/\/francois-pelletant.fr\/blog\/wp-content\/uploads\/2016\/10\/Urtikan-25-octobre-300x300.jpg 300w, https:\/\/francois-pelletant.fr\/blog\/wp-content\/uploads\/2016\/10\/Urtikan-25-octobre-150x150.jpg 150w, https:\/\/francois-pelletant.fr\/blog\/wp-content\/uploads\/2016\/10\/Urtikan-25-octobre-230x230.jpg 230w, https:\/\/francois-pelletant.fr\/blog\/wp-content\/uploads\/2016\/10\/Urtikan-25-octobre-400x400.jpg 400w, https:\/\/francois-pelletant.fr\/blog\/wp-content\/uploads\/2016\/10\/Urtikan-25-octobre.jpg 580w\" sizes=\"auto, (max-width: 300px) 100vw, 300px\" \/><figcaption id=\"caption-attachment-7697\" class=\"wp-caption-text\">Urtikan 25 octobre<\/figcaption><\/figure>\n","protected":false},"excerpt":{"rendered":"<p>Et voici 10 nouveau dessins parus dans la presse cette semaine qui nous permettent de faire un tour d&#8217;horizon de l&#8217;actualit\u00e9 nationale en souriant. &nbsp; &nbsp; &nbsp; &nbsp; &nbsp; &nbsp; &nbsp; &nbsp; &nbsp;<\/p>\n","protected":false},"author":1,"featured_media":7688,"comment_status":"open","ping_status":"closed","sticky":false,"template":"","format":"standard","meta":{"footnotes":""},"categories":[17],"tags":[],"class_list":["post-7687","post","type-post","status-publish","format-standard","has-post-thumbnail","hentry","category-prix-du-meilleur-dessin-de-presse"],"yoast_head":"<!-- This site is optimized with the Yoast SEO plugin v25.6 - https:\/\/yoast.com\/wordpress\/plugins\/seo\/ -->\n<title>Les dessins de la semaine - Fran\u00e7ois Pelletant<\/title>\n<meta name=\"robots\" content=\"index, follow, max-snippet:-1, max-image-preview:large, max-video-preview:-1\" \/>\n<link rel=\"canonical\" href=\"https:\/\/francois-pelletant.fr\/blog\/les-dessins-de-la-semaine-14\/\" \/>\n<meta property=\"og:locale\" content=\"fr_FR\" \/>\n<meta property=\"og:type\" content=\"article\" \/>\n<meta property=\"og:title\" content=\"Les dessins de la semaine - Fran\u00e7ois Pelletant\" \/>\n<meta property=\"og:description\" content=\"Et voici 10 nouveau dessins parus dans la presse cette semaine qui nous permettent de faire un tour d&#8217;horizon de l&#8217;actualit\u00e9 nationale en souriant. &nbsp; &nbsp; &nbsp; &nbsp; &nbsp; &nbsp; &nbsp; &nbsp; &nbsp;\" \/>\n<meta property=\"og:url\" content=\"https:\/\/francois-pelletant.fr\/blog\/les-dessins-de-la-semaine-14\/\" \/>\n<meta property=\"og:site_name\" content=\"Fran\u00e7ois Pelletant\" \/>\n<meta property=\"article:publisher\" content=\"https:\/\/www.facebook.com\/francois.pelletant.7\" \/>\n<meta property=\"article:published_time\" content=\"2016-10-30T06:10:55+00:00\" \/>\n<meta property=\"og:image\" content=\"https:\/\/francois-pelletant.fr\/blog\/wp-content\/uploads\/2016\/10\/Le-canard-enchain\u00e9-26-octobre.jpg\" \/>\n\t<meta property=\"og:image:width\" content=\"1064\" \/>\n\t<meta property=\"og:image:height\" content=\"1124\" \/>\n\t<meta property=\"og:image:type\" content=\"image\/jpeg\" \/>\n<meta name=\"author\" content=\"Francois\" \/>\n<meta name=\"twitter:card\" content=\"summary_large_image\" \/>\n<meta name=\"twitter:creator\" content=\"@pelletant\" \/>\n<meta name=\"twitter:site\" content=\"@pelletant\" \/>\n<meta name=\"twitter:label1\" content=\"\u00c9crit par\" \/>\n\t<meta name=\"twitter:data1\" content=\"Francois\" \/>\n\t<meta name=\"twitter:label2\" content=\"Dur\u00e9e de lecture estim\u00e9e\" \/>\n\t<meta name=\"twitter:data2\" content=\"1 minute\" \/>\n<script type=\"application\/ld+json\" class=\"yoast-schema-graph\">{\"@context\":\"https:\/\/schema.org\",\"@graph\":[{\"@type\":\"Article\",\"@id\":\"https:\/\/francois-pelletant.fr\/blog\/les-dessins-de-la-semaine-14\/#article\",\"isPartOf\":{\"@id\":\"https:\/\/francois-pelletant.fr\/blog\/les-dessins-de-la-semaine-14\/\"},\"author\":{\"name\":\"Francois\",\"@id\":\"https:\/\/francois-pelletant.fr\/blog\/#\/schema\/person\/2be41acb171dff8f31aaed1f40cee9f3\"},\"headline\":\"Les dessins de la semaine\",\"datePublished\":\"2016-10-30T06:10:55+00:00\",\"mainEntityOfPage\":{\"@id\":\"https:\/\/francois-pelletant.fr\/blog\/les-dessins-de-la-semaine-14\/\"},\"wordCount\":128,\"commentCount\":0,\"publisher\":{\"@id\":\"https:\/\/francois-pelletant.fr\/blog\/#organization\"},\"image\":{\"@id\":\"https:\/\/francois-pelletant.fr\/blog\/les-dessins-de-la-semaine-14\/#primaryimage\"},\"thumbnailUrl\":\"https:\/\/francois-pelletant.fr\/blog\/wp-content\/uploads\/2016\/10\/Le-canard-enchain\u00e9-26-octobre.jpg\",\"articleSection\":[\"Prix du meilleur dessin de presse\"],\"inLanguage\":\"fr-FR\",\"potentialAction\":[{\"@type\":\"CommentAction\",\"name\":\"Comment\",\"target\":[\"https:\/\/francois-pelletant.fr\/blog\/les-dessins-de-la-semaine-14\/#respond\"]}]},{\"@type\":\"WebPage\",\"@id\":\"https:\/\/francois-pelletant.fr\/blog\/les-dessins-de-la-semaine-14\/\",\"url\":\"https:\/\/francois-pelletant.fr\/blog\/les-dessins-de-la-semaine-14\/\",\"name\":\"Les dessins de la semaine - Fran\u00e7ois Pelletant\",\"isPartOf\":{\"@id\":\"https:\/\/francois-pelletant.fr\/blog\/#website\"},\"primaryImageOfPage\":{\"@id\":\"https:\/\/francois-pelletant.fr\/blog\/les-dessins-de-la-semaine-14\/#primaryimage\"},\"image\":{\"@id\":\"https:\/\/francois-pelletant.fr\/blog\/les-dessins-de-la-semaine-14\/#primaryimage\"},\"thumbnailUrl\":\"https:\/\/francois-pelletant.fr\/blog\/wp-content\/uploads\/2016\/10\/Le-canard-enchain\u00e9-26-octobre.jpg\",\"datePublished\":\"2016-10-30T06:10:55+00:00\",\"breadcrumb\":{\"@id\":\"https:\/\/francois-pelletant.fr\/blog\/les-dessins-de-la-semaine-14\/#breadcrumb\"},\"inLanguage\":\"fr-FR\",\"potentialAction\":[{\"@type\":\"ReadAction\",\"target\":[\"https:\/\/francois-pelletant.fr\/blog\/les-dessins-de-la-semaine-14\/\"]}]},{\"@type\":\"ImageObject\",\"inLanguage\":\"fr-FR\",\"@id\":\"https:\/\/francois-pelletant.fr\/blog\/les-dessins-de-la-semaine-14\/#primaryimage\",\"url\":\"https:\/\/francois-pelletant.fr\/blog\/wp-content\/uploads\/2016\/10\/Le-canard-enchain\u00e9-26-octobre.jpg\",\"contentUrl\":\"https:\/\/francois-pelletant.fr\/blog\/wp-content\/uploads\/2016\/10\/Le-canard-enchain\u00e9-26-octobre.jpg\",\"width\":1064,\"height\":1124,\"caption\":\"le-canard-enchaine-26-octobre\"},{\"@type\":\"BreadcrumbList\",\"@id\":\"https:\/\/francois-pelletant.fr\/blog\/les-dessins-de-la-semaine-14\/#breadcrumb\",\"itemListElement\":[{\"@type\":\"ListItem\",\"position\":1,\"name\":\"Accueil\",\"item\":\"https:\/\/francois-pelletant.fr\/blog\/\"},{\"@type\":\"ListItem\",\"position\":2,\"name\":\"Les dessins de la semaine\"}]},{\"@type\":\"WebSite\",\"@id\":\"https:\/\/francois-pelletant.fr\/blog\/#website\",\"url\":\"https:\/\/francois-pelletant.fr\/blog\/\",\"name\":\"Fran\u00e7ois Pelletant\",\"description\":\"Maire de Linas, pour toujours.\",\"publisher\":{\"@id\":\"https:\/\/francois-pelletant.fr\/blog\/#organization\"},\"potentialAction\":[{\"@type\":\"SearchAction\",\"target\":{\"@type\":\"EntryPoint\",\"urlTemplate\":\"https:\/\/francois-pelletant.fr\/blog\/?s={search_term_string}\"},\"query-input\":{\"@type\":\"PropertyValueSpecification\",\"valueRequired\":true,\"valueName\":\"search_term_string\"}}],\"inLanguage\":\"fr-FR\"},{\"@type\":\"Organization\",\"@id\":\"https:\/\/francois-pelletant.fr\/blog\/#organization\",\"name\":\"Fran\u00e7ois Pelletant\",\"url\":\"https:\/\/francois-pelletant.fr\/blog\/\",\"logo\":{\"@type\":\"ImageObject\",\"inLanguage\":\"fr-FR\",\"@id\":\"https:\/\/francois-pelletant.fr\/blog\/#\/schema\/logo\/image\/\",\"url\":\"https:\/\/francois-pelletant.fr\/blog\/wp-content\/uploads\/2024\/07\/icone-francois-centre-500p.png\",\"contentUrl\":\"https:\/\/francois-pelletant.fr\/blog\/wp-content\/uploads\/2024\/07\/icone-francois-centre-500p.png\",\"width\":559,\"height\":447,\"caption\":\"Fran\u00e7ois Pelletant\"},\"image\":{\"@id\":\"https:\/\/francois-pelletant.fr\/blog\/#\/schema\/logo\/image\/\"},\"sameAs\":[\"https:\/\/www.facebook.com\/francois.pelletant.7\",\"https:\/\/x.com\/pelletant\"]},{\"@type\":\"Person\",\"@id\":\"https:\/\/francois-pelletant.fr\/blog\/#\/schema\/person\/2be41acb171dff8f31aaed1f40cee9f3\",\"name\":\"Francois\"}]}<\/script>\n<!-- \/ Yoast SEO plugin. -->","yoast_head_json":{"title":"Les dessins de la semaine - Fran\u00e7ois Pelletant","robots":{"index":"index","follow":"follow","max-snippet":"max-snippet:-1","max-image-preview":"max-image-preview:large","max-video-preview":"max-video-preview:-1"},"canonical":"https:\/\/francois-pelletant.fr\/blog\/les-dessins-de-la-semaine-14\/","og_locale":"fr_FR","og_type":"article","og_title":"Les dessins de la semaine - Fran\u00e7ois Pelletant","og_description":"Et voici 10 nouveau dessins parus dans la presse cette semaine qui nous permettent de faire un tour d&#8217;horizon de l&#8217;actualit\u00e9 nationale en souriant. &nbsp; &nbsp; &nbsp; &nbsp; &nbsp; &nbsp; &nbsp; &nbsp; &nbsp;","og_url":"https:\/\/francois-pelletant.fr\/blog\/les-dessins-de-la-semaine-14\/","og_site_name":"Fran\u00e7ois Pelletant","article_publisher":"https:\/\/www.facebook.com\/francois.pelletant.7","article_published_time":"2016-10-30T06:10:55+00:00","og_image":[{"width":1064,"height":1124,"url":"https:\/\/francois-pelletant.fr\/blog\/wp-content\/uploads\/2016\/10\/Le-canard-enchain\u00e9-26-octobre.jpg","type":"image\/jpeg"}],"author":"Francois","twitter_card":"summary_large_image","twitter_creator":"@pelletant","twitter_site":"@pelletant","twitter_misc":{"\u00c9crit par":"Francois","Dur\u00e9e de lecture estim\u00e9e":"1 minute"},"schema":{"@context":"https:\/\/schema.org","@graph":[{"@type":"Article","@id":"https:\/\/francois-pelletant.fr\/blog\/les-dessins-de-la-semaine-14\/#article","isPartOf":{"@id":"https:\/\/francois-pelletant.fr\/blog\/les-dessins-de-la-semaine-14\/"},"author":{"name":"Francois","@id":"https:\/\/francois-pelletant.fr\/blog\/#\/schema\/person\/2be41acb171dff8f31aaed1f40cee9f3"},"headline":"Les dessins de la semaine","datePublished":"2016-10-30T06:10:55+00:00","mainEntityOfPage":{"@id":"https:\/\/francois-pelletant.fr\/blog\/les-dessins-de-la-semaine-14\/"},"wordCount":128,"commentCount":0,"publisher":{"@id":"https:\/\/francois-pelletant.fr\/blog\/#organization"},"image":{"@id":"https:\/\/francois-pelletant.fr\/blog\/les-dessins-de-la-semaine-14\/#primaryimage"},"thumbnailUrl":"https:\/\/francois-pelletant.fr\/blog\/wp-content\/uploads\/2016\/10\/Le-canard-enchain\u00e9-26-octobre.jpg","articleSection":["Prix du meilleur dessin de presse"],"inLanguage":"fr-FR","potentialAction":[{"@type":"CommentAction","name":"Comment","target":["https:\/\/francois-pelletant.fr\/blog\/les-dessins-de-la-semaine-14\/#respond"]}]},{"@type":"WebPage","@id":"https:\/\/francois-pelletant.fr\/blog\/les-dessins-de-la-semaine-14\/","url":"https:\/\/francois-pelletant.fr\/blog\/les-dessins-de-la-semaine-14\/","name":"Les dessins de la semaine - Fran\u00e7ois Pelletant","isPartOf":{"@id":"https:\/\/francois-pelletant.fr\/blog\/#website"},"primaryImageOfPage":{"@id":"https:\/\/francois-pelletant.fr\/blog\/les-dessins-de-la-semaine-14\/#primaryimage"},"image":{"@id":"https:\/\/francois-pelletant.fr\/blog\/les-dessins-de-la-semaine-14\/#primaryimage"},"thumbnailUrl":"https:\/\/francois-pelletant.fr\/blog\/wp-content\/uploads\/2016\/10\/Le-canard-enchain\u00e9-26-octobre.jpg","datePublished":"2016-10-30T06:10:55+00:00","breadcrumb":{"@id":"https:\/\/francois-pelletant.fr\/blog\/les-dessins-de-la-semaine-14\/#breadcrumb"},"inLanguage":"fr-FR","potentialAction":[{"@type":"ReadAction","target":["https:\/\/francois-pelletant.fr\/blog\/les-dessins-de-la-semaine-14\/"]}]},{"@type":"ImageObject","inLanguage":"fr-FR","@id":"https:\/\/francois-pelletant.fr\/blog\/les-dessins-de-la-semaine-14\/#primaryimage","url":"https:\/\/francois-pelletant.fr\/blog\/wp-content\/uploads\/2016\/10\/Le-canard-enchain\u00e9-26-octobre.jpg","contentUrl":"https:\/\/francois-pelletant.fr\/blog\/wp-content\/uploads\/2016\/10\/Le-canard-enchain\u00e9-26-octobre.jpg","width":1064,"height":1124,"caption":"le-canard-enchaine-26-octobre"},{"@type":"BreadcrumbList","@id":"https:\/\/francois-pelletant.fr\/blog\/les-dessins-de-la-semaine-14\/#breadcrumb","itemListElement":[{"@type":"ListItem","position":1,"name":"Accueil","item":"https:\/\/francois-pelletant.fr\/blog\/"},{"@type":"ListItem","position":2,"name":"Les dessins de la semaine"}]},{"@type":"WebSite","@id":"https:\/\/francois-pelletant.fr\/blog\/#website","url":"https:\/\/francois-pelletant.fr\/blog\/","name":"Fran\u00e7ois Pelletant","description":"Maire de Linas, pour toujours.","publisher":{"@id":"https:\/\/francois-pelletant.fr\/blog\/#organization"},"potentialAction":[{"@type":"SearchAction","target":{"@type":"EntryPoint","urlTemplate":"https:\/\/francois-pelletant.fr\/blog\/?s={search_term_string}"},"query-input":{"@type":"PropertyValueSpecification","valueRequired":true,"valueName":"search_term_string"}}],"inLanguage":"fr-FR"},{"@type":"Organization","@id":"https:\/\/francois-pelletant.fr\/blog\/#organization","name":"Fran\u00e7ois Pelletant","url":"https:\/\/francois-pelletant.fr\/blog\/","logo":{"@type":"ImageObject","inLanguage":"fr-FR","@id":"https:\/\/francois-pelletant.fr\/blog\/#\/schema\/logo\/image\/","url":"https:\/\/francois-pelletant.fr\/blog\/wp-content\/uploads\/2024\/07\/icone-francois-centre-500p.png","contentUrl":"https:\/\/francois-pelletant.fr\/blog\/wp-content\/uploads\/2024\/07\/icone-francois-centre-500p.png","width":559,"height":447,"caption":"Fran\u00e7ois Pelletant"},"image":{"@id":"https:\/\/francois-pelletant.fr\/blog\/#\/schema\/logo\/image\/"},"sameAs":["https:\/\/www.facebook.com\/francois.pelletant.7","https:\/\/x.com\/pelletant"]},{"@type":"Person","@id":"https:\/\/francois-pelletant.fr\/blog\/#\/schema\/person\/2be41acb171dff8f31aaed1f40cee9f3","name":"Francois"}]}},"_links":{"self":[{"href":"https:\/\/francois-pelletant.fr\/blog\/wp-json\/wp\/v2\/posts\/7687","targetHints":{"allow":["GET"]}}],"collection":[{"href":"https:\/\/francois-pelletant.fr\/blog\/wp-json\/wp\/v2\/posts"}],"about":[{"href":"https:\/\/francois-pelletant.fr\/blog\/wp-json\/wp\/v2\/types\/post"}],"author":[{"embeddable":true,"href":"https:\/\/francois-pelletant.fr\/blog\/wp-json\/wp\/v2\/users\/1"}],"replies":[{"embeddable":true,"href":"https:\/\/francois-pelletant.fr\/blog\/wp-json\/wp\/v2\/comments?post=7687"}],"version-history":[{"count":0,"href":"https:\/\/francois-pelletant.fr\/blog\/wp-json\/wp\/v2\/posts\/7687\/revisions"}],"wp:featuredmedia":[{"embeddable":true,"href":"https:\/\/francois-pelletant.fr\/blog\/wp-json\/wp\/v2\/media\/7688"}],"wp:attachment":[{"href":"https:\/\/francois-pelletant.fr\/blog\/wp-json\/wp\/v2\/media?parent=7687"}],"wp:term":[{"taxonomy":"category","embeddable":true,"href":"https:\/\/francois-pelletant.fr\/blog\/wp-json\/wp\/v2\/categories?post=7687"},{"taxonomy":"post_tag","embeddable":true,"href":"https:\/\/francois-pelletant.fr\/blog\/wp-json\/wp\/v2\/tags?post=7687"}],"curies":[{"name":"wp","href":"https:\/\/api.w.org\/{rel}","templated":true}]}}