{"id":7762,"date":"2016-11-23T09:38:55","date_gmt":"2016-11-23T09:38:55","guid":{"rendered":"https:\/\/francois-pelletant.fr\/blog\/?p=7762"},"modified":"2017-03-29T08:19:28","modified_gmt":"2017-03-29T08:19:28","slug":"madame-hidalgo-rouvrez-les-voies-sur-berges","status":"publish","type":"post","link":"https:\/\/francois-pelletant.fr\/blog\/madame-hidalgo-rouvrez-les-voies-sur-berges\/","title":{"rendered":"Madame HIDALGO, rouvrez les voies sur berges"},"content":{"rendered":"<h2><img loading=\"lazy\" decoding=\"async\" class=\"alignleft wp-image-7763 size-medium\" src=\"https:\/\/francois-pelletant.fr\/blog\/wp-content\/uploads\/2016\/11\/manifeste-hidalgo-211x300.jpg\" alt=\"image-manifeste-hidalgo-voies sur berges\" width=\"211\" height=\"300\" srcset=\"https:\/\/francois-pelletant.fr\/blog\/wp-content\/uploads\/2016\/11\/manifeste-hidalgo-211x300.jpg 211w, https:\/\/francois-pelletant.fr\/blog\/wp-content\/uploads\/2016\/11\/manifeste-hidalgo.jpg 592w\" sizes=\"auto, (max-width: 211px) 100vw, 211px\" \/>Les \u00e9lus se mobilisent contre la fermeture des voies sur berges<\/h2>\n<p>La contestation face \u00e0 la pi\u00e9tonisation des voies sur berges parisiennes se poursuit et une p\u00e9tition vient d\u2019\u00eatre lanc\u00e9e en ce sens par d\u2019autres coll\u00e8gues.<\/p>\n<p>Je salue cette d\u00e9marche, comme toutes celles qui pourront faire plier Mme Hidalgo. J\u2019ai souhait\u00e9 ainsi vous la partager afin que vous puissiez vous aussi montrer votre m\u00e9contentement.<\/p>\n<p>Des bouchons monstres, aucun impact positif en faveur de l\u2019\u00e9cologie, une qualit\u00e9 de vie r\u00e9duite, tous les arguments sont l\u00e0 pour que le Maire de Paris face volte-face.<\/p>\n<p>A vos signatures\u00a0!<\/p>\n<p>T\u00e9l\u00e9chargez\u00a0<a href=\"https:\/\/francois-pelletant.fr\/blog\/wp-content\/uploads\/2016\/11\/BAT09-MANISFESTE.pdf\" target=\"_blank\">le manifeste<\/a><\/p>\n","protected":false},"excerpt":{"rendered":"<p>Les \u00e9lus se mobilisent contre la fermeture des voies sur berges La contestation face \u00e0 la pi\u00e9tonisation des voies sur berges parisiennes se poursuit et une p\u00e9tition vient d\u2019\u00eatre lanc\u00e9e en ce sens par d\u2019autres coll\u00e8gues. Je salue cette d\u00e9marche, comme toutes celles qui pourront faire plier Mme Hidalgo. J\u2019ai souhait\u00e9 ainsi vous la partager [&hellip;]<\/p>\n","protected":false},"author":1,"featured_media":7763,"comment_status":"open","ping_status":"closed","sticky":false,"template":"","format":"standard","meta":{"footnotes":""},"categories":[16],"tags":[315,316,155,314,48,125],"class_list":["post-7762","post","type-post","status-publish","format-standard","has-post-thumbnail","hentry","category-prises-de-positions","tag-elus","tag-elus-locaux","tag-francois-pelletant","tag-maire-de-paris","tag-pelletant","tag-voies-sur-berges"],"yoast_head":"<!-- This site is optimized with the Yoast SEO plugin v25.6 - https:\/\/yoast.com\/wordpress\/plugins\/seo\/ -->\n<title>Madame HIDALGO, rouvrez les voies sur berges - Fran\u00e7ois Pelletant<\/title>\n<meta name=\"description\" content=\"Voies sur berges : Les \u00e9lus locaux conteste la d\u00e9cision de Madame HIDALGO, maire de Paris, et appel \u00e0 la mobilisation.\" \/>\n<meta name=\"robots\" content=\"index, follow, max-snippet:-1, max-image-preview:large, max-video-preview:-1\" \/>\n<link rel=\"canonical\" href=\"https:\/\/francois-pelletant.fr\/blog\/madame-hidalgo-rouvrez-les-voies-sur-berges\/\" \/>\n<meta property=\"og:locale\" content=\"fr_FR\" \/>\n<meta property=\"og:type\" content=\"article\" \/>\n<meta property=\"og:title\" content=\"Madame HIDALGO, rouvrez les voies sur berges - Fran\u00e7ois Pelletant\" \/>\n<meta property=\"og:description\" content=\"Voies sur berges : Les \u00e9lus locaux conteste la d\u00e9cision de Madame HIDALGO, maire de Paris, et appel \u00e0 la mobilisation.\" \/>\n<meta property=\"og:url\" content=\"https:\/\/francois-pelletant.fr\/blog\/madame-hidalgo-rouvrez-les-voies-sur-berges\/\" \/>\n<meta property=\"og:site_name\" content=\"Fran\u00e7ois Pelletant\" \/>\n<meta property=\"article:publisher\" content=\"https:\/\/www.facebook.com\/francois.pelletant.7\" \/>\n<meta property=\"article:published_time\" content=\"2016-11-23T09:38:55+00:00\" \/>\n<meta property=\"article:modified_time\" content=\"2017-03-29T08:19:28+00:00\" \/>\n<meta property=\"og:image\" content=\"https:\/\/francois-pelletant.fr\/blog\/wp-content\/uploads\/2016\/11\/manifeste-hidalgo.jpg\" \/>\n\t<meta property=\"og:image:width\" content=\"592\" \/>\n\t<meta property=\"og:image:height\" content=\"840\" \/>\n\t<meta property=\"og:image:type\" content=\"image\/jpeg\" \/>\n<meta name=\"author\" content=\"Francois\" \/>\n<meta name=\"twitter:card\" content=\"summary_large_image\" \/>\n<meta name=\"twitter:creator\" content=\"@pelletant\" \/>\n<meta name=\"twitter:site\" content=\"@pelletant\" \/>\n<meta name=\"twitter:label1\" content=\"\u00c9crit par\" \/>\n\t<meta name=\"twitter:data1\" content=\"Francois\" \/>\n\t<meta name=\"twitter:label2\" content=\"Dur\u00e9e de lecture estim\u00e9e\" \/>\n\t<meta name=\"twitter:data2\" content=\"1 minute\" \/>\n<script type=\"application\/ld+json\" class=\"yoast-schema-graph\">{\"@context\":\"https:\/\/schema.org\",\"@graph\":[{\"@type\":\"Article\",\"@id\":\"https:\/\/francois-pelletant.fr\/blog\/madame-hidalgo-rouvrez-les-voies-sur-berges\/#article\",\"isPartOf\":{\"@id\":\"https:\/\/francois-pelletant.fr\/blog\/madame-hidalgo-rouvrez-les-voies-sur-berges\/\"},\"author\":{\"name\":\"Francois\",\"@id\":\"https:\/\/francois-pelletant.fr\/blog\/#\/schema\/person\/2be41acb171dff8f31aaed1f40cee9f3\"},\"headline\":\"Madame HIDALGO, rouvrez les voies sur berges\",\"datePublished\":\"2016-11-23T09:38:55+00:00\",\"dateModified\":\"2017-03-29T08:19:28+00:00\",\"mainEntityOfPage\":{\"@id\":\"https:\/\/francois-pelletant.fr\/blog\/madame-hidalgo-rouvrez-les-voies-sur-berges\/\"},\"wordCount\":117,\"commentCount\":0,\"publisher\":{\"@id\":\"https:\/\/francois-pelletant.fr\/blog\/#organization\"},\"image\":{\"@id\":\"https:\/\/francois-pelletant.fr\/blog\/madame-hidalgo-rouvrez-les-voies-sur-berges\/#primaryimage\"},\"thumbnailUrl\":\"https:\/\/francois-pelletant.fr\/blog\/wp-content\/uploads\/2016\/11\/manifeste-hidalgo.jpg\",\"keywords\":[\"\u00e9lus\",\"\u00e9lus locaux\",\"fran\u00e7ois pelletant\",\"maire de paris\",\"pelletant\",\"voies sur berges\"],\"articleSection\":[\"Prises de positions\"],\"inLanguage\":\"fr-FR\",\"potentialAction\":[{\"@type\":\"CommentAction\",\"name\":\"Comment\",\"target\":[\"https:\/\/francois-pelletant.fr\/blog\/madame-hidalgo-rouvrez-les-voies-sur-berges\/#respond\"]}]},{\"@type\":\"WebPage\",\"@id\":\"https:\/\/francois-pelletant.fr\/blog\/madame-hidalgo-rouvrez-les-voies-sur-berges\/\",\"url\":\"https:\/\/francois-pelletant.fr\/blog\/madame-hidalgo-rouvrez-les-voies-sur-berges\/\",\"name\":\"Madame HIDALGO, rouvrez les voies sur berges - Fran\u00e7ois Pelletant\",\"isPartOf\":{\"@id\":\"https:\/\/francois-pelletant.fr\/blog\/#website\"},\"primaryImageOfPage\":{\"@id\":\"https:\/\/francois-pelletant.fr\/blog\/madame-hidalgo-rouvrez-les-voies-sur-berges\/#primaryimage\"},\"image\":{\"@id\":\"https:\/\/francois-pelletant.fr\/blog\/madame-hidalgo-rouvrez-les-voies-sur-berges\/#primaryimage\"},\"thumbnailUrl\":\"https:\/\/francois-pelletant.fr\/blog\/wp-content\/uploads\/2016\/11\/manifeste-hidalgo.jpg\",\"datePublished\":\"2016-11-23T09:38:55+00:00\",\"dateModified\":\"2017-03-29T08:19:28+00:00\",\"description\":\"Voies sur berges : Les \u00e9lus locaux conteste la d\u00e9cision de Madame HIDALGO, maire de Paris, et appel \u00e0 la mobilisation.\",\"breadcrumb\":{\"@id\":\"https:\/\/francois-pelletant.fr\/blog\/madame-hidalgo-rouvrez-les-voies-sur-berges\/#breadcrumb\"},\"inLanguage\":\"fr-FR\",\"potentialAction\":[{\"@type\":\"ReadAction\",\"target\":[\"https:\/\/francois-pelletant.fr\/blog\/madame-hidalgo-rouvrez-les-voies-sur-berges\/\"]}]},{\"@type\":\"ImageObject\",\"inLanguage\":\"fr-FR\",\"@id\":\"https:\/\/francois-pelletant.fr\/blog\/madame-hidalgo-rouvrez-les-voies-sur-berges\/#primaryimage\",\"url\":\"https:\/\/francois-pelletant.fr\/blog\/wp-content\/uploads\/2016\/11\/manifeste-hidalgo.jpg\",\"contentUrl\":\"https:\/\/francois-pelletant.fr\/blog\/wp-content\/uploads\/2016\/11\/manifeste-hidalgo.jpg\",\"width\":592,\"height\":840},{\"@type\":\"BreadcrumbList\",\"@id\":\"https:\/\/francois-pelletant.fr\/blog\/madame-hidalgo-rouvrez-les-voies-sur-berges\/#breadcrumb\",\"itemListElement\":[{\"@type\":\"ListItem\",\"position\":1,\"name\":\"Accueil\",\"item\":\"https:\/\/francois-pelletant.fr\/blog\/\"},{\"@type\":\"ListItem\",\"position\":2,\"name\":\"Madame HIDALGO, rouvrez les voies sur berges\"}]},{\"@type\":\"WebSite\",\"@id\":\"https:\/\/francois-pelletant.fr\/blog\/#website\",\"url\":\"https:\/\/francois-pelletant.fr\/blog\/\",\"name\":\"Fran\u00e7ois Pelletant\",\"description\":\"Maire de Linas, pour toujours.\",\"publisher\":{\"@id\":\"https:\/\/francois-pelletant.fr\/blog\/#organization\"},\"potentialAction\":[{\"@type\":\"SearchAction\",\"target\":{\"@type\":\"EntryPoint\",\"urlTemplate\":\"https:\/\/francois-pelletant.fr\/blog\/?s={search_term_string}\"},\"query-input\":{\"@type\":\"PropertyValueSpecification\",\"valueRequired\":true,\"valueName\":\"search_term_string\"}}],\"inLanguage\":\"fr-FR\"},{\"@type\":\"Organization\",\"@id\":\"https:\/\/francois-pelletant.fr\/blog\/#organization\",\"name\":\"Fran\u00e7ois Pelletant\",\"url\":\"https:\/\/francois-pelletant.fr\/blog\/\",\"logo\":{\"@type\":\"ImageObject\",\"inLanguage\":\"fr-FR\",\"@id\":\"https:\/\/francois-pelletant.fr\/blog\/#\/schema\/logo\/image\/\",\"url\":\"https:\/\/francois-pelletant.fr\/blog\/wp-content\/uploads\/2024\/07\/icone-francois-centre-500p.png\",\"contentUrl\":\"https:\/\/francois-pelletant.fr\/blog\/wp-content\/uploads\/2024\/07\/icone-francois-centre-500p.png\",\"width\":559,\"height\":447,\"caption\":\"Fran\u00e7ois Pelletant\"},\"image\":{\"@id\":\"https:\/\/francois-pelletant.fr\/blog\/#\/schema\/logo\/image\/\"},\"sameAs\":[\"https:\/\/www.facebook.com\/francois.pelletant.7\",\"https:\/\/x.com\/pelletant\"]},{\"@type\":\"Person\",\"@id\":\"https:\/\/francois-pelletant.fr\/blog\/#\/schema\/person\/2be41acb171dff8f31aaed1f40cee9f3\",\"name\":\"Francois\"}]}<\/script>\n<!-- \/ Yoast SEO plugin. -->","yoast_head_json":{"title":"Madame HIDALGO, rouvrez les voies sur berges - Fran\u00e7ois Pelletant","description":"Voies sur berges : Les \u00e9lus locaux conteste la d\u00e9cision de Madame HIDALGO, maire de Paris, et appel \u00e0 la mobilisation.","robots":{"index":"index","follow":"follow","max-snippet":"max-snippet:-1","max-image-preview":"max-image-preview:large","max-video-preview":"max-video-preview:-1"},"canonical":"https:\/\/francois-pelletant.fr\/blog\/madame-hidalgo-rouvrez-les-voies-sur-berges\/","og_locale":"fr_FR","og_type":"article","og_title":"Madame HIDALGO, rouvrez les voies sur berges - Fran\u00e7ois Pelletant","og_description":"Voies sur berges : Les \u00e9lus locaux conteste la d\u00e9cision de Madame HIDALGO, maire de Paris, et appel \u00e0 la mobilisation.","og_url":"https:\/\/francois-pelletant.fr\/blog\/madame-hidalgo-rouvrez-les-voies-sur-berges\/","og_site_name":"Fran\u00e7ois Pelletant","article_publisher":"https:\/\/www.facebook.com\/francois.pelletant.7","article_published_time":"2016-11-23T09:38:55+00:00","article_modified_time":"2017-03-29T08:19:28+00:00","og_image":[{"width":592,"height":840,"url":"https:\/\/francois-pelletant.fr\/blog\/wp-content\/uploads\/2016\/11\/manifeste-hidalgo.jpg","type":"image\/jpeg"}],"author":"Francois","twitter_card":"summary_large_image","twitter_creator":"@pelletant","twitter_site":"@pelletant","twitter_misc":{"\u00c9crit par":"Francois","Dur\u00e9e de lecture estim\u00e9e":"1 minute"},"schema":{"@context":"https:\/\/schema.org","@graph":[{"@type":"Article","@id":"https:\/\/francois-pelletant.fr\/blog\/madame-hidalgo-rouvrez-les-voies-sur-berges\/#article","isPartOf":{"@id":"https:\/\/francois-pelletant.fr\/blog\/madame-hidalgo-rouvrez-les-voies-sur-berges\/"},"author":{"name":"Francois","@id":"https:\/\/francois-pelletant.fr\/blog\/#\/schema\/person\/2be41acb171dff8f31aaed1f40cee9f3"},"headline":"Madame HIDALGO, rouvrez les voies sur berges","datePublished":"2016-11-23T09:38:55+00:00","dateModified":"2017-03-29T08:19:28+00:00","mainEntityOfPage":{"@id":"https:\/\/francois-pelletant.fr\/blog\/madame-hidalgo-rouvrez-les-voies-sur-berges\/"},"wordCount":117,"commentCount":0,"publisher":{"@id":"https:\/\/francois-pelletant.fr\/blog\/#organization"},"image":{"@id":"https:\/\/francois-pelletant.fr\/blog\/madame-hidalgo-rouvrez-les-voies-sur-berges\/#primaryimage"},"thumbnailUrl":"https:\/\/francois-pelletant.fr\/blog\/wp-content\/uploads\/2016\/11\/manifeste-hidalgo.jpg","keywords":["\u00e9lus","\u00e9lus locaux","fran\u00e7ois pelletant","maire de paris","pelletant","voies sur berges"],"articleSection":["Prises de positions"],"inLanguage":"fr-FR","potentialAction":[{"@type":"CommentAction","name":"Comment","target":["https:\/\/francois-pelletant.fr\/blog\/madame-hidalgo-rouvrez-les-voies-sur-berges\/#respond"]}]},{"@type":"WebPage","@id":"https:\/\/francois-pelletant.fr\/blog\/madame-hidalgo-rouvrez-les-voies-sur-berges\/","url":"https:\/\/francois-pelletant.fr\/blog\/madame-hidalgo-rouvrez-les-voies-sur-berges\/","name":"Madame HIDALGO, rouvrez les voies sur berges - Fran\u00e7ois Pelletant","isPartOf":{"@id":"https:\/\/francois-pelletant.fr\/blog\/#website"},"primaryImageOfPage":{"@id":"https:\/\/francois-pelletant.fr\/blog\/madame-hidalgo-rouvrez-les-voies-sur-berges\/#primaryimage"},"image":{"@id":"https:\/\/francois-pelletant.fr\/blog\/madame-hidalgo-rouvrez-les-voies-sur-berges\/#primaryimage"},"thumbnailUrl":"https:\/\/francois-pelletant.fr\/blog\/wp-content\/uploads\/2016\/11\/manifeste-hidalgo.jpg","datePublished":"2016-11-23T09:38:55+00:00","dateModified":"2017-03-29T08:19:28+00:00","description":"Voies sur berges : Les \u00e9lus locaux conteste la d\u00e9cision de Madame HIDALGO, maire de Paris, et appel \u00e0 la mobilisation.","breadcrumb":{"@id":"https:\/\/francois-pelletant.fr\/blog\/madame-hidalgo-rouvrez-les-voies-sur-berges\/#breadcrumb"},"inLanguage":"fr-FR","potentialAction":[{"@type":"ReadAction","target":["https:\/\/francois-pelletant.fr\/blog\/madame-hidalgo-rouvrez-les-voies-sur-berges\/"]}]},{"@type":"ImageObject","inLanguage":"fr-FR","@id":"https:\/\/francois-pelletant.fr\/blog\/madame-hidalgo-rouvrez-les-voies-sur-berges\/#primaryimage","url":"https:\/\/francois-pelletant.fr\/blog\/wp-content\/uploads\/2016\/11\/manifeste-hidalgo.jpg","contentUrl":"https:\/\/francois-pelletant.fr\/blog\/wp-content\/uploads\/2016\/11\/manifeste-hidalgo.jpg","width":592,"height":840},{"@type":"BreadcrumbList","@id":"https:\/\/francois-pelletant.fr\/blog\/madame-hidalgo-rouvrez-les-voies-sur-berges\/#breadcrumb","itemListElement":[{"@type":"ListItem","position":1,"name":"Accueil","item":"https:\/\/francois-pelletant.fr\/blog\/"},{"@type":"ListItem","position":2,"name":"Madame HIDALGO, rouvrez les voies sur berges"}]},{"@type":"WebSite","@id":"https:\/\/francois-pelletant.fr\/blog\/#website","url":"https:\/\/francois-pelletant.fr\/blog\/","name":"Fran\u00e7ois Pelletant","description":"Maire de Linas, pour toujours.","publisher":{"@id":"https:\/\/francois-pelletant.fr\/blog\/#organization"},"potentialAction":[{"@type":"SearchAction","target":{"@type":"EntryPoint","urlTemplate":"https:\/\/francois-pelletant.fr\/blog\/?s={search_term_string}"},"query-input":{"@type":"PropertyValueSpecification","valueRequired":true,"valueName":"search_term_string"}}],"inLanguage":"fr-FR"},{"@type":"Organization","@id":"https:\/\/francois-pelletant.fr\/blog\/#organization","name":"Fran\u00e7ois Pelletant","url":"https:\/\/francois-pelletant.fr\/blog\/","logo":{"@type":"ImageObject","inLanguage":"fr-FR","@id":"https:\/\/francois-pelletant.fr\/blog\/#\/schema\/logo\/image\/","url":"https:\/\/francois-pelletant.fr\/blog\/wp-content\/uploads\/2024\/07\/icone-francois-centre-500p.png","contentUrl":"https:\/\/francois-pelletant.fr\/blog\/wp-content\/uploads\/2024\/07\/icone-francois-centre-500p.png","width":559,"height":447,"caption":"Fran\u00e7ois Pelletant"},"image":{"@id":"https:\/\/francois-pelletant.fr\/blog\/#\/schema\/logo\/image\/"},"sameAs":["https:\/\/www.facebook.com\/francois.pelletant.7","https:\/\/x.com\/pelletant"]},{"@type":"Person","@id":"https:\/\/francois-pelletant.fr\/blog\/#\/schema\/person\/2be41acb171dff8f31aaed1f40cee9f3","name":"Francois"}]}},"_links":{"self":[{"href":"https:\/\/francois-pelletant.fr\/blog\/wp-json\/wp\/v2\/posts\/7762","targetHints":{"allow":["GET"]}}],"collection":[{"href":"https:\/\/francois-pelletant.fr\/blog\/wp-json\/wp\/v2\/posts"}],"about":[{"href":"https:\/\/francois-pelletant.fr\/blog\/wp-json\/wp\/v2\/types\/post"}],"author":[{"embeddable":true,"href":"https:\/\/francois-pelletant.fr\/blog\/wp-json\/wp\/v2\/users\/1"}],"replies":[{"embeddable":true,"href":"https:\/\/francois-pelletant.fr\/blog\/wp-json\/wp\/v2\/comments?post=7762"}],"version-history":[{"count":0,"href":"https:\/\/francois-pelletant.fr\/blog\/wp-json\/wp\/v2\/posts\/7762\/revisions"}],"wp:featuredmedia":[{"embeddable":true,"href":"https:\/\/francois-pelletant.fr\/blog\/wp-json\/wp\/v2\/media\/7763"}],"wp:attachment":[{"href":"https:\/\/francois-pelletant.fr\/blog\/wp-json\/wp\/v2\/media?parent=7762"}],"wp:term":[{"taxonomy":"category","embeddable":true,"href":"https:\/\/francois-pelletant.fr\/blog\/wp-json\/wp\/v2\/categories?post=7762"},{"taxonomy":"post_tag","embeddable":true,"href":"https:\/\/francois-pelletant.fr\/blog\/wp-json\/wp\/v2\/tags?post=7762"}],"curies":[{"name":"wp","href":"https:\/\/api.w.org\/{rel}","templated":true}]}}