{"id":7786,"date":"2016-11-28T08:29:02","date_gmt":"2016-11-28T08:29:02","guid":{"rendered":"https:\/\/francois-pelletant.fr\/blog\/?p=7786"},"modified":"2017-02-27T15:44:05","modified_gmt":"2017-02-27T15:44:05","slug":"boue-dans-la-fibre-optique","status":"publish","type":"post","link":"https:\/\/francois-pelletant.fr\/blog\/boue-dans-la-fibre-optique\/","title":{"rendered":"De la boue dans la fibre optique"},"content":{"rendered":"<p><img loading=\"lazy\" decoding=\"async\" class=\"alignleft size-medium wp-image-7787\" src=\"https:\/\/francois-pelletant.fr\/blog\/wp-content\/uploads\/2016\/11\/boue-novembre-300x225.jpg\" alt=\"boue fibre optique novembre\" width=\"300\" height=\"225\" srcset=\"https:\/\/francois-pelletant.fr\/blog\/wp-content\/uploads\/2016\/11\/boue-novembre-300x225.jpg 300w, https:\/\/francois-pelletant.fr\/blog\/wp-content\/uploads\/2016\/11\/boue-novembre-600x449.jpg 600w, https:\/\/francois-pelletant.fr\/blog\/wp-content\/uploads\/2016\/11\/boue-novembre.jpg 605w\" sizes=\"auto, (max-width: 300px) 100vw, 300px\" \/>Suite aux intemp\u00e9ries des derniers jours, la boue que nous avions retir\u00e9e des chambres de t\u00e9l\u00e9communication afin de faire passer notre fibre optique dans les fourreaux des c\u00e2bles t\u00e9l\u00e9phoniques, sont \u00e0 nouveau embourb\u00e9s. Cela nous cr\u00e9e une petite difficult\u00e9 car nous n\u2019avions pas termin\u00e9 le tirage de tous les c\u00e2bles de fibre. Nous sommes donc oblig\u00e9s de faire venir une machine d\u2019hydrocurage qui injecte de l\u2019eau sous pression dans les fourreaux afin de les d\u00e9gager et nous permettre de passer.<\/p>\n<p>Plusieurs op\u00e9rations d\u2019hydrocurage sont en cours sur les communes en cours de d\u00e9ploiement (Linas Marcoussis, Montlh\u00e9ry, Villejust), parfois nous sommes oblig\u00e9s d\u2019intervenir ponctuellement sur les communes d\u00e9j\u00e0 fibr\u00e9es (Champlan, Longjumeau, Epinay-sur-Orge, Ballainvilliers, La-Ville-du-Bois, Nozay, Chilly-Mazarin, Saulx-les Chartreux, Villebon-sur-Yvette).<\/p>\n<p>Comme vous le comprenez, cela complexifie notre travail mais la bonne nouvelle c\u2019est que la fibre optique fonctionne dans la boue, dans n\u2019importe quelles conditions, alors que l\u2019humidit\u00e9 n\u2019est pas compatible avec les c\u00e2bles \u00e9lectriques ou de t\u00e9l\u00e9phone.<\/p>\n<p>Pour tout savoir et connaitre votre \u00e9ligibilit\u00e9 \u00e0 la vibre visitez la page d\u00e9di\u00e9e de mon blog <a href=\"http:\/\/pelletant.fr\/fibre\" target=\"_blank\" data-saferedirecturl=\"https:\/\/www.google.com\/url?hl=fr&amp;q=http:\/\/pelletant.fr\/fibre&amp;source=gmail&amp;ust=1488296007446000&amp;usg=AFQjCNGCLjMF_jhtx0mX9502BwvDSncc5Q\" rel=\"nofollow\">pelletant.fr\/fibre<\/a><\/p>\n","protected":false},"excerpt":{"rendered":"<p>Suite aux intemp\u00e9ries des derniers jours, la boue que nous avions retir\u00e9e des chambres de t\u00e9l\u00e9communication afin de faire passer notre fibre optique dans les fourreaux des c\u00e2bles t\u00e9l\u00e9phoniques, sont \u00e0 nouveau embourb\u00e9s. Cela nous cr\u00e9e une petite difficult\u00e9 car nous n\u2019avions pas termin\u00e9 le tirage de tous les c\u00e2bles de fibre. Nous sommes donc [&hellip;]<\/p>\n","protected":false},"author":1,"featured_media":7787,"comment_status":"open","ping_status":"closed","sticky":false,"template":"","format":"standard","meta":{"footnotes":""},"categories":[23],"tags":[],"class_list":["post-7786","post","type-post","status-publish","format-standard","has-post-thumbnail","hentry","category-thd"],"yoast_head":"<!-- This site is optimized with the Yoast SEO plugin v25.6 - https:\/\/yoast.com\/wordpress\/plugins\/seo\/ -->\n<title>De la boue dans la fibre optique - Fran\u00e7ois Pelletant<\/title>\n<meta name=\"description\" content=\"Suite aux intemp\u00e9ries des derniers jours, de la boue est \u00e0 nouveau entr\u00e9 dans les chambres o\u00f9 circulent les fibres optiques.\" \/>\n<meta name=\"robots\" content=\"index, follow, max-snippet:-1, max-image-preview:large, max-video-preview:-1\" \/>\n<link rel=\"canonical\" href=\"https:\/\/francois-pelletant.fr\/blog\/boue-dans-la-fibre-optique\/\" \/>\n<meta property=\"og:locale\" content=\"fr_FR\" \/>\n<meta property=\"og:type\" content=\"article\" \/>\n<meta property=\"og:title\" content=\"De la boue dans la fibre optique - Fran\u00e7ois Pelletant\" \/>\n<meta property=\"og:description\" content=\"Suite aux intemp\u00e9ries des derniers jours, de la boue est \u00e0 nouveau entr\u00e9 dans les chambres o\u00f9 circulent les fibres optiques.\" \/>\n<meta property=\"og:url\" content=\"https:\/\/francois-pelletant.fr\/blog\/boue-dans-la-fibre-optique\/\" \/>\n<meta property=\"og:site_name\" content=\"Fran\u00e7ois Pelletant\" \/>\n<meta property=\"article:publisher\" content=\"https:\/\/www.facebook.com\/francois.pelletant.7\" \/>\n<meta property=\"article:published_time\" content=\"2016-11-28T08:29:02+00:00\" \/>\n<meta property=\"article:modified_time\" content=\"2017-02-27T15:44:05+00:00\" \/>\n<meta property=\"og:image\" content=\"https:\/\/francois-pelletant.fr\/blog\/wp-content\/uploads\/2016\/11\/boue-novembre.jpg\" \/>\n\t<meta property=\"og:image:width\" content=\"605\" \/>\n\t<meta property=\"og:image:height\" content=\"453\" \/>\n\t<meta property=\"og:image:type\" content=\"image\/jpeg\" \/>\n<meta name=\"author\" content=\"Francois\" \/>\n<meta name=\"twitter:card\" content=\"summary_large_image\" \/>\n<meta name=\"twitter:creator\" content=\"@pelletant\" \/>\n<meta name=\"twitter:site\" content=\"@pelletant\" \/>\n<meta name=\"twitter:label1\" content=\"\u00c9crit par\" \/>\n\t<meta name=\"twitter:data1\" content=\"Francois\" \/>\n\t<meta name=\"twitter:label2\" content=\"Dur\u00e9e de lecture estim\u00e9e\" \/>\n\t<meta name=\"twitter:data2\" content=\"1 minute\" \/>\n<script type=\"application\/ld+json\" class=\"yoast-schema-graph\">{\"@context\":\"https:\/\/schema.org\",\"@graph\":[{\"@type\":\"Article\",\"@id\":\"https:\/\/francois-pelletant.fr\/blog\/boue-dans-la-fibre-optique\/#article\",\"isPartOf\":{\"@id\":\"https:\/\/francois-pelletant.fr\/blog\/boue-dans-la-fibre-optique\/\"},\"author\":{\"name\":\"Francois\",\"@id\":\"https:\/\/francois-pelletant.fr\/blog\/#\/schema\/person\/2be41acb171dff8f31aaed1f40cee9f3\"},\"headline\":\"De la boue dans la fibre optique\",\"datePublished\":\"2016-11-28T08:29:02+00:00\",\"dateModified\":\"2017-02-27T15:44:05+00:00\",\"mainEntityOfPage\":{\"@id\":\"https:\/\/francois-pelletant.fr\/blog\/boue-dans-la-fibre-optique\/\"},\"wordCount\":213,\"commentCount\":0,\"publisher\":{\"@id\":\"https:\/\/francois-pelletant.fr\/blog\/#organization\"},\"image\":{\"@id\":\"https:\/\/francois-pelletant.fr\/blog\/boue-dans-la-fibre-optique\/#primaryimage\"},\"thumbnailUrl\":\"https:\/\/francois-pelletant.fr\/blog\/wp-content\/uploads\/2016\/11\/boue-novembre.jpg\",\"articleSection\":[\"Tr\u00e8s Haut D\u00e9bit\"],\"inLanguage\":\"fr-FR\",\"potentialAction\":[{\"@type\":\"CommentAction\",\"name\":\"Comment\",\"target\":[\"https:\/\/francois-pelletant.fr\/blog\/boue-dans-la-fibre-optique\/#respond\"]}]},{\"@type\":\"WebPage\",\"@id\":\"https:\/\/francois-pelletant.fr\/blog\/boue-dans-la-fibre-optique\/\",\"url\":\"https:\/\/francois-pelletant.fr\/blog\/boue-dans-la-fibre-optique\/\",\"name\":\"De la boue dans la fibre optique - Fran\u00e7ois Pelletant\",\"isPartOf\":{\"@id\":\"https:\/\/francois-pelletant.fr\/blog\/#website\"},\"primaryImageOfPage\":{\"@id\":\"https:\/\/francois-pelletant.fr\/blog\/boue-dans-la-fibre-optique\/#primaryimage\"},\"image\":{\"@id\":\"https:\/\/francois-pelletant.fr\/blog\/boue-dans-la-fibre-optique\/#primaryimage\"},\"thumbnailUrl\":\"https:\/\/francois-pelletant.fr\/blog\/wp-content\/uploads\/2016\/11\/boue-novembre.jpg\",\"datePublished\":\"2016-11-28T08:29:02+00:00\",\"dateModified\":\"2017-02-27T15:44:05+00:00\",\"description\":\"Suite aux intemp\u00e9ries des derniers jours, de la boue est \u00e0 nouveau entr\u00e9 dans les chambres o\u00f9 circulent les fibres optiques.\",\"breadcrumb\":{\"@id\":\"https:\/\/francois-pelletant.fr\/blog\/boue-dans-la-fibre-optique\/#breadcrumb\"},\"inLanguage\":\"fr-FR\",\"potentialAction\":[{\"@type\":\"ReadAction\",\"target\":[\"https:\/\/francois-pelletant.fr\/blog\/boue-dans-la-fibre-optique\/\"]}]},{\"@type\":\"ImageObject\",\"inLanguage\":\"fr-FR\",\"@id\":\"https:\/\/francois-pelletant.fr\/blog\/boue-dans-la-fibre-optique\/#primaryimage\",\"url\":\"https:\/\/francois-pelletant.fr\/blog\/wp-content\/uploads\/2016\/11\/boue-novembre.jpg\",\"contentUrl\":\"https:\/\/francois-pelletant.fr\/blog\/wp-content\/uploads\/2016\/11\/boue-novembre.jpg\",\"width\":605,\"height\":453},{\"@type\":\"BreadcrumbList\",\"@id\":\"https:\/\/francois-pelletant.fr\/blog\/boue-dans-la-fibre-optique\/#breadcrumb\",\"itemListElement\":[{\"@type\":\"ListItem\",\"position\":1,\"name\":\"Accueil\",\"item\":\"https:\/\/francois-pelletant.fr\/blog\/\"},{\"@type\":\"ListItem\",\"position\":2,\"name\":\"De la boue dans la fibre optique\"}]},{\"@type\":\"WebSite\",\"@id\":\"https:\/\/francois-pelletant.fr\/blog\/#website\",\"url\":\"https:\/\/francois-pelletant.fr\/blog\/\",\"name\":\"Fran\u00e7ois Pelletant\",\"description\":\"Maire de Linas, pour toujours.\",\"publisher\":{\"@id\":\"https:\/\/francois-pelletant.fr\/blog\/#organization\"},\"potentialAction\":[{\"@type\":\"SearchAction\",\"target\":{\"@type\":\"EntryPoint\",\"urlTemplate\":\"https:\/\/francois-pelletant.fr\/blog\/?s={search_term_string}\"},\"query-input\":{\"@type\":\"PropertyValueSpecification\",\"valueRequired\":true,\"valueName\":\"search_term_string\"}}],\"inLanguage\":\"fr-FR\"},{\"@type\":\"Organization\",\"@id\":\"https:\/\/francois-pelletant.fr\/blog\/#organization\",\"name\":\"Fran\u00e7ois Pelletant\",\"url\":\"https:\/\/francois-pelletant.fr\/blog\/\",\"logo\":{\"@type\":\"ImageObject\",\"inLanguage\":\"fr-FR\",\"@id\":\"https:\/\/francois-pelletant.fr\/blog\/#\/schema\/logo\/image\/\",\"url\":\"https:\/\/francois-pelletant.fr\/blog\/wp-content\/uploads\/2024\/07\/icone-francois-centre-500p.png\",\"contentUrl\":\"https:\/\/francois-pelletant.fr\/blog\/wp-content\/uploads\/2024\/07\/icone-francois-centre-500p.png\",\"width\":559,\"height\":447,\"caption\":\"Fran\u00e7ois Pelletant\"},\"image\":{\"@id\":\"https:\/\/francois-pelletant.fr\/blog\/#\/schema\/logo\/image\/\"},\"sameAs\":[\"https:\/\/www.facebook.com\/francois.pelletant.7\",\"https:\/\/x.com\/pelletant\"]},{\"@type\":\"Person\",\"@id\":\"https:\/\/francois-pelletant.fr\/blog\/#\/schema\/person\/2be41acb171dff8f31aaed1f40cee9f3\",\"name\":\"Francois\"}]}<\/script>\n<!-- \/ Yoast SEO plugin. -->","yoast_head_json":{"title":"De la boue dans la fibre optique - Fran\u00e7ois Pelletant","description":"Suite aux intemp\u00e9ries des derniers jours, de la boue est \u00e0 nouveau entr\u00e9 dans les chambres o\u00f9 circulent les fibres optiques.","robots":{"index":"index","follow":"follow","max-snippet":"max-snippet:-1","max-image-preview":"max-image-preview:large","max-video-preview":"max-video-preview:-1"},"canonical":"https:\/\/francois-pelletant.fr\/blog\/boue-dans-la-fibre-optique\/","og_locale":"fr_FR","og_type":"article","og_title":"De la boue dans la fibre optique - Fran\u00e7ois Pelletant","og_description":"Suite aux intemp\u00e9ries des derniers jours, de la boue est \u00e0 nouveau entr\u00e9 dans les chambres o\u00f9 circulent les fibres optiques.","og_url":"https:\/\/francois-pelletant.fr\/blog\/boue-dans-la-fibre-optique\/","og_site_name":"Fran\u00e7ois Pelletant","article_publisher":"https:\/\/www.facebook.com\/francois.pelletant.7","article_published_time":"2016-11-28T08:29:02+00:00","article_modified_time":"2017-02-27T15:44:05+00:00","og_image":[{"width":605,"height":453,"url":"https:\/\/francois-pelletant.fr\/blog\/wp-content\/uploads\/2016\/11\/boue-novembre.jpg","type":"image\/jpeg"}],"author":"Francois","twitter_card":"summary_large_image","twitter_creator":"@pelletant","twitter_site":"@pelletant","twitter_misc":{"\u00c9crit par":"Francois","Dur\u00e9e de lecture estim\u00e9e":"1 minute"},"schema":{"@context":"https:\/\/schema.org","@graph":[{"@type":"Article","@id":"https:\/\/francois-pelletant.fr\/blog\/boue-dans-la-fibre-optique\/#article","isPartOf":{"@id":"https:\/\/francois-pelletant.fr\/blog\/boue-dans-la-fibre-optique\/"},"author":{"name":"Francois","@id":"https:\/\/francois-pelletant.fr\/blog\/#\/schema\/person\/2be41acb171dff8f31aaed1f40cee9f3"},"headline":"De la boue dans la fibre optique","datePublished":"2016-11-28T08:29:02+00:00","dateModified":"2017-02-27T15:44:05+00:00","mainEntityOfPage":{"@id":"https:\/\/francois-pelletant.fr\/blog\/boue-dans-la-fibre-optique\/"},"wordCount":213,"commentCount":0,"publisher":{"@id":"https:\/\/francois-pelletant.fr\/blog\/#organization"},"image":{"@id":"https:\/\/francois-pelletant.fr\/blog\/boue-dans-la-fibre-optique\/#primaryimage"},"thumbnailUrl":"https:\/\/francois-pelletant.fr\/blog\/wp-content\/uploads\/2016\/11\/boue-novembre.jpg","articleSection":["Tr\u00e8s Haut D\u00e9bit"],"inLanguage":"fr-FR","potentialAction":[{"@type":"CommentAction","name":"Comment","target":["https:\/\/francois-pelletant.fr\/blog\/boue-dans-la-fibre-optique\/#respond"]}]},{"@type":"WebPage","@id":"https:\/\/francois-pelletant.fr\/blog\/boue-dans-la-fibre-optique\/","url":"https:\/\/francois-pelletant.fr\/blog\/boue-dans-la-fibre-optique\/","name":"De la boue dans la fibre optique - Fran\u00e7ois Pelletant","isPartOf":{"@id":"https:\/\/francois-pelletant.fr\/blog\/#website"},"primaryImageOfPage":{"@id":"https:\/\/francois-pelletant.fr\/blog\/boue-dans-la-fibre-optique\/#primaryimage"},"image":{"@id":"https:\/\/francois-pelletant.fr\/blog\/boue-dans-la-fibre-optique\/#primaryimage"},"thumbnailUrl":"https:\/\/francois-pelletant.fr\/blog\/wp-content\/uploads\/2016\/11\/boue-novembre.jpg","datePublished":"2016-11-28T08:29:02+00:00","dateModified":"2017-02-27T15:44:05+00:00","description":"Suite aux intemp\u00e9ries des derniers jours, de la boue est \u00e0 nouveau entr\u00e9 dans les chambres o\u00f9 circulent les fibres optiques.","breadcrumb":{"@id":"https:\/\/francois-pelletant.fr\/blog\/boue-dans-la-fibre-optique\/#breadcrumb"},"inLanguage":"fr-FR","potentialAction":[{"@type":"ReadAction","target":["https:\/\/francois-pelletant.fr\/blog\/boue-dans-la-fibre-optique\/"]}]},{"@type":"ImageObject","inLanguage":"fr-FR","@id":"https:\/\/francois-pelletant.fr\/blog\/boue-dans-la-fibre-optique\/#primaryimage","url":"https:\/\/francois-pelletant.fr\/blog\/wp-content\/uploads\/2016\/11\/boue-novembre.jpg","contentUrl":"https:\/\/francois-pelletant.fr\/blog\/wp-content\/uploads\/2016\/11\/boue-novembre.jpg","width":605,"height":453},{"@type":"BreadcrumbList","@id":"https:\/\/francois-pelletant.fr\/blog\/boue-dans-la-fibre-optique\/#breadcrumb","itemListElement":[{"@type":"ListItem","position":1,"name":"Accueil","item":"https:\/\/francois-pelletant.fr\/blog\/"},{"@type":"ListItem","position":2,"name":"De la boue dans la fibre optique"}]},{"@type":"WebSite","@id":"https:\/\/francois-pelletant.fr\/blog\/#website","url":"https:\/\/francois-pelletant.fr\/blog\/","name":"Fran\u00e7ois Pelletant","description":"Maire de Linas, pour toujours.","publisher":{"@id":"https:\/\/francois-pelletant.fr\/blog\/#organization"},"potentialAction":[{"@type":"SearchAction","target":{"@type":"EntryPoint","urlTemplate":"https:\/\/francois-pelletant.fr\/blog\/?s={search_term_string}"},"query-input":{"@type":"PropertyValueSpecification","valueRequired":true,"valueName":"search_term_string"}}],"inLanguage":"fr-FR"},{"@type":"Organization","@id":"https:\/\/francois-pelletant.fr\/blog\/#organization","name":"Fran\u00e7ois Pelletant","url":"https:\/\/francois-pelletant.fr\/blog\/","logo":{"@type":"ImageObject","inLanguage":"fr-FR","@id":"https:\/\/francois-pelletant.fr\/blog\/#\/schema\/logo\/image\/","url":"https:\/\/francois-pelletant.fr\/blog\/wp-content\/uploads\/2024\/07\/icone-francois-centre-500p.png","contentUrl":"https:\/\/francois-pelletant.fr\/blog\/wp-content\/uploads\/2024\/07\/icone-francois-centre-500p.png","width":559,"height":447,"caption":"Fran\u00e7ois Pelletant"},"image":{"@id":"https:\/\/francois-pelletant.fr\/blog\/#\/schema\/logo\/image\/"},"sameAs":["https:\/\/www.facebook.com\/francois.pelletant.7","https:\/\/x.com\/pelletant"]},{"@type":"Person","@id":"https:\/\/francois-pelletant.fr\/blog\/#\/schema\/person\/2be41acb171dff8f31aaed1f40cee9f3","name":"Francois"}]}},"_links":{"self":[{"href":"https:\/\/francois-pelletant.fr\/blog\/wp-json\/wp\/v2\/posts\/7786","targetHints":{"allow":["GET"]}}],"collection":[{"href":"https:\/\/francois-pelletant.fr\/blog\/wp-json\/wp\/v2\/posts"}],"about":[{"href":"https:\/\/francois-pelletant.fr\/blog\/wp-json\/wp\/v2\/types\/post"}],"author":[{"embeddable":true,"href":"https:\/\/francois-pelletant.fr\/blog\/wp-json\/wp\/v2\/users\/1"}],"replies":[{"embeddable":true,"href":"https:\/\/francois-pelletant.fr\/blog\/wp-json\/wp\/v2\/comments?post=7786"}],"version-history":[{"count":0,"href":"https:\/\/francois-pelletant.fr\/blog\/wp-json\/wp\/v2\/posts\/7786\/revisions"}],"wp:featuredmedia":[{"embeddable":true,"href":"https:\/\/francois-pelletant.fr\/blog\/wp-json\/wp\/v2\/media\/7787"}],"wp:attachment":[{"href":"https:\/\/francois-pelletant.fr\/blog\/wp-json\/wp\/v2\/media?parent=7786"}],"wp:term":[{"taxonomy":"category","embeddable":true,"href":"https:\/\/francois-pelletant.fr\/blog\/wp-json\/wp\/v2\/categories?post=7786"},{"taxonomy":"post_tag","embeddable":true,"href":"https:\/\/francois-pelletant.fr\/blog\/wp-json\/wp\/v2\/tags?post=7786"}],"curies":[{"name":"wp","href":"https:\/\/api.w.org\/{rel}","templated":true}]}}