{"id":7789,"date":"2016-11-28T11:07:15","date_gmt":"2016-11-28T11:07:15","guid":{"rendered":"https:\/\/francois-pelletant.fr\/blog\/?p=7789"},"modified":"2017-01-10T11:03:02","modified_gmt":"2017-01-10T11:03:02","slug":"pelletant-depute-en-2017","status":"publish","type":"post","link":"https:\/\/francois-pelletant.fr\/blog\/pelletant-depute-en-2017\/","title":{"rendered":"Pelletant D\u00e9put\u00e9 en 2017"},"content":{"rendered":"<p dir=\"ltr\"><span style=\"color: #000000;\"><a href=\"http:\/\/www.fp17.fr\" target=\"_blank\" rel=\"nofollow\"><img loading=\"lazy\" decoding=\"async\" class=\"alignleft wp-image-7790 size-medium\" src=\"https:\/\/francois-pelletant.fr\/blog\/wp-content\/uploads\/2016\/11\/fp-d\u00e9put\u00e9-2017-300x183.png\" alt=\"affiche fran\u00e7ois pelletant d\u00e9put\u00e9 2017\" width=\"300\" height=\"183\" srcset=\"https:\/\/francois-pelletant.fr\/blog\/wp-content\/uploads\/2016\/11\/fp-d\u00e9put\u00e9-2017-300x183.png 300w, https:\/\/francois-pelletant.fr\/blog\/wp-content\/uploads\/2016\/11\/fp-d\u00e9put\u00e9-2017-1024x626.png 1024w, https:\/\/francois-pelletant.fr\/blog\/wp-content\/uploads\/2016\/11\/fp-d\u00e9put\u00e9-2017-768x470.png 768w, https:\/\/francois-pelletant.fr\/blog\/wp-content\/uploads\/2016\/11\/fp-d\u00e9put\u00e9-2017-600x367.png 600w, https:\/\/francois-pelletant.fr\/blog\/wp-content\/uploads\/2016\/11\/fp-d\u00e9put\u00e9-2017.png 1199w\" sizes=\"auto, (max-width: 300px) 100vw, 300px\" \/><\/a>La primaire de la droite est une r\u00e9ussite. Avec 66 % des voix, le triomphe de Fran\u00e7ois Fillon est une premi\u00e8re \u00e9tape dans le long chemin de reconqu\u00eate du pouvoir par &#8220;les vrais gens&#8221; \u00a0et la mise \u00e0 la retraite des \u00e9lites.<\/span><\/p>\n<div dir=\"ltr\">\n<p><span style=\"color: #000000;\">Pour quelqu&#8217;un qui, comme moi, se bat depuis 20 ans contre le diktat des &#8220;copinages&#8221; et le m\u00e9pris des citoyens d&#8217;en-bas par la classe dirigeante d&#8217;en haut,\u00a0vous \u00a0n&#8217;imaginez pas\u00a0la satisfaction\u00a0que j&#8217;\u00e9prouve \u00e0 voir gagner un candidat\u00a0travailleur discret, soutenu par le peuple contre les m\u00e9dias, les sondages, les &#8220;bien pensants&#8221;.<\/span><span style=\"color: #000000;\">\u00a0<\/span><\/p>\n<p><span style=\"color: #000000;\">Nous devons relayer\u00a0cette dynamique localement, \u00eatre vigilants\u00a0pour que\u00a0ce processus de &#8220;renversement de la table&#8221; se poursuive tout en pr\u00e9servant\u00a0vos int\u00e9r\u00eats.<\/span><\/p>\n<p><span style=\"color: #000000;\">C&#8217;est pourquoi j&#8217;ai d\u00e9cid\u00e9 de me pr\u00e9senter au verdict de vos suffrages\u00a0les 11 et 18 juin prochains\u00a0pour \u00eatre votre d\u00e9put\u00e9 et d\u00e9fendre notre territoire local qui, \u00a0depuis trop d&#8217;ann\u00e9es,\u00a0\u00a0est victime de la n\u00e9gligence des \u00e9lites et des administrations.<\/span><\/p>\n<p><span style=\"color: #000000;\">Ma m\u00e9thode a fait ses preuves depuis 21 ans que je suis Maire \u00e0 Linas. R\u00e9sistance, Pers\u00e9v\u00e9rance, Ind\u00e9pendance. Je\u00a0n&#8217;appartiens\u00a0\u00e0\u00a0aucun r\u00e9seau, aucune loge, aucun clan. Je n&#8217;ai aucun int\u00e9r\u00eat \u00e0 d\u00e9fendre, autre que le v\u00f4tre et celui de nos enfants.<\/span><\/p>\n<p><span style=\"color: #000000;\">Comme \u00e0 chaque fois que j&#8217;ai tent\u00e9 de contester l&#8217;ordre \u00e9tabli, je ne manquerai pas d&#8217;\u00eatre attaqu\u00e9. J&#8217;en ai vu d&#8217;autres. Apr\u00e8s 20 ans d&#8217;action politique &#8220;offensive&#8221; je suis couvert de cicatrices,\u00a0\u00a0mais on ne me changera pas : \u00a0hors-syst\u00e8me je suis et hors-syst\u00e8me je resterai ; c&#8217;est la seule m\u00e9thode qui permet de faire bouger les\u00a0lignes.<\/span><\/p>\n<p><span style=\"color: #000000;\">Mes concitoyens\u00a0de Linas m&#8217;ont\u00a0r\u00e9\u00e9lu 4 fois sans discontinuer. J&#8217;ai eu l&#8217;honneur d&#8217;\u00eatre\u00a0Conseiller G\u00e9n\u00e9ral de l&#8217;Essonne pendant 13 ans. A pr\u00e9sent, je veux \u00eatre votre d\u00e9put\u00e9 pour d\u00e9fendre notre territoire qui en a un r\u00e9el\u00a0besoin.<\/span><\/p>\n<p><span style=\"color: #000000;\">Je vais mener une campagne d&#8217;\u00e9changes\u00a0avec vous, discr\u00e8te, sans tape-\u00e0-l&#8217;oeil, tourn\u00e9e\u00a0vers l&#8217;avenir.\u00a0J&#8217;invite tous\u00a0ceux qui veulent faire bouger la politique \u00e0 entrer en contact avec moi et \u00e0 rejoindre mon \u00e9quipe\u00a0constitu\u00e9e\u00a0de\u00a0personnes<wbr><\/wbr>\u00a0volontaires, cr\u00e9atives,\u00a0et motiv\u00e9es.\u00a0<\/span><\/p>\n<p><span style=\"color: #000000;\">Une campagne \u00e9lectorale est un moment passionnant\u00a0d&#8217;exercice de la d\u00e9mocratie ; nous allons le partager ensemble.<\/span><\/p>\n<p><span style=\"color: #000000;\">Site de campagne: <a href=\"http:\/\/www.fp17.fr\/\" target=\"_blank\" data-saferedirecturl=\"https:\/\/www.google.com\/url?hl=fr&amp;q=http:\/\/www.fp17.fr&amp;source=gmail&amp;ust=1480416985129000&amp;usg=AFQjCNE26eJ_nWhqGI70fynvaecu86MOQg\" rel=\"nofollow\">www.fp17.fr<\/a><\/span><\/p>\n<\/div>\n","protected":false},"excerpt":{"rendered":"<p>La primaire de la droite est une r\u00e9ussite. Avec 66 % des voix, le triomphe de Fran\u00e7ois Fillon est une premi\u00e8re \u00e9tape dans le long chemin de reconqu\u00eate du pouvoir par &#8220;les vrais gens&#8221; \u00a0et la mise \u00e0 la retraite des \u00e9lites. Pour quelqu&#8217;un qui, comme moi, se bat depuis 20 ans contre le diktat [&hellip;]<\/p>\n","protected":false},"author":1,"featured_media":7790,"comment_status":"open","ping_status":"closed","sticky":false,"template":"","format":"standard","meta":{"footnotes":""},"categories":[10],"tags":[],"class_list":["post-7789","post","type-post","status-publish","format-standard","has-post-thumbnail","hentry","category-1pelletant"],"yoast_head":"<!-- This site is optimized with the Yoast SEO plugin v25.6 - https:\/\/yoast.com\/wordpress\/plugins\/seo\/ -->\n<title>Fran\u00e7ois Pelletant D\u00e9put\u00e9 en 2017 - Fran\u00e7ois Pelletant<\/title>\n<meta name=\"description\" content=\"Fran\u00e7ois Pelletant d\u00e9put\u00e9 en 2017 : je me pr\u00e9sente aux \u00e9lections l\u00e9gislatives de 2017 pour repr\u00e9senter mon d\u00e9partement qui en a besoin.\" \/>\n<meta name=\"robots\" content=\"index, follow, max-snippet:-1, max-image-preview:large, max-video-preview:-1\" \/>\n<link rel=\"canonical\" href=\"https:\/\/francois-pelletant.fr\/blog\/pelletant-depute-en-2017\/\" \/>\n<meta property=\"og:locale\" content=\"fr_FR\" \/>\n<meta property=\"og:type\" content=\"article\" \/>\n<meta property=\"og:title\" content=\"Fran\u00e7ois Pelletant D\u00e9put\u00e9 en 2017 - Fran\u00e7ois Pelletant\" \/>\n<meta property=\"og:description\" content=\"Fran\u00e7ois Pelletant d\u00e9put\u00e9 en 2017 : je me pr\u00e9sente aux \u00e9lections l\u00e9gislatives de 2017 pour repr\u00e9senter mon d\u00e9partement qui en a besoin.\" \/>\n<meta property=\"og:url\" content=\"https:\/\/francois-pelletant.fr\/blog\/pelletant-depute-en-2017\/\" \/>\n<meta property=\"og:site_name\" content=\"Fran\u00e7ois Pelletant\" \/>\n<meta property=\"article:publisher\" content=\"https:\/\/www.facebook.com\/francois.pelletant.7\" \/>\n<meta property=\"article:published_time\" content=\"2016-11-28T11:07:15+00:00\" \/>\n<meta property=\"article:modified_time\" content=\"2017-01-10T11:03:02+00:00\" \/>\n<meta property=\"og:image\" content=\"https:\/\/francois-pelletant.fr\/blog\/wp-content\/uploads\/2016\/11\/fp-d\u00e9put\u00e9-2017.png\" \/>\n\t<meta property=\"og:image:width\" content=\"1199\" \/>\n\t<meta property=\"og:image:height\" content=\"733\" \/>\n\t<meta property=\"og:image:type\" content=\"image\/png\" \/>\n<meta name=\"author\" content=\"Francois\" \/>\n<meta name=\"twitter:card\" content=\"summary_large_image\" \/>\n<meta name=\"twitter:creator\" content=\"@pelletant\" \/>\n<meta name=\"twitter:site\" content=\"@pelletant\" \/>\n<meta name=\"twitter:label1\" content=\"\u00c9crit par\" \/>\n\t<meta name=\"twitter:data1\" content=\"Francois\" \/>\n\t<meta name=\"twitter:label2\" content=\"Dur\u00e9e de lecture estim\u00e9e\" \/>\n\t<meta name=\"twitter:data2\" content=\"2 minutes\" \/>\n<script type=\"application\/ld+json\" class=\"yoast-schema-graph\">{\"@context\":\"https:\/\/schema.org\",\"@graph\":[{\"@type\":\"Article\",\"@id\":\"https:\/\/francois-pelletant.fr\/blog\/pelletant-depute-en-2017\/#article\",\"isPartOf\":{\"@id\":\"https:\/\/francois-pelletant.fr\/blog\/pelletant-depute-en-2017\/\"},\"author\":{\"name\":\"Francois\",\"@id\":\"https:\/\/francois-pelletant.fr\/blog\/#\/schema\/person\/2be41acb171dff8f31aaed1f40cee9f3\"},\"headline\":\"Pelletant D\u00e9put\u00e9 en 2017\",\"datePublished\":\"2016-11-28T11:07:15+00:00\",\"dateModified\":\"2017-01-10T11:03:02+00:00\",\"mainEntityOfPage\":{\"@id\":\"https:\/\/francois-pelletant.fr\/blog\/pelletant-depute-en-2017\/\"},\"wordCount\":416,\"commentCount\":4,\"publisher\":{\"@id\":\"https:\/\/francois-pelletant.fr\/blog\/#organization\"},\"image\":{\"@id\":\"https:\/\/francois-pelletant.fr\/blog\/pelletant-depute-en-2017\/#primaryimage\"},\"thumbnailUrl\":\"https:\/\/francois-pelletant.fr\/blog\/wp-content\/uploads\/2016\/11\/fp-d\u00e9put\u00e9-2017.png\",\"articleSection\":[\"Infos\"],\"inLanguage\":\"fr-FR\",\"potentialAction\":[{\"@type\":\"CommentAction\",\"name\":\"Comment\",\"target\":[\"https:\/\/francois-pelletant.fr\/blog\/pelletant-depute-en-2017\/#respond\"]}]},{\"@type\":\"WebPage\",\"@id\":\"https:\/\/francois-pelletant.fr\/blog\/pelletant-depute-en-2017\/\",\"url\":\"https:\/\/francois-pelletant.fr\/blog\/pelletant-depute-en-2017\/\",\"name\":\"Fran\u00e7ois Pelletant D\u00e9put\u00e9 en 2017 - Fran\u00e7ois Pelletant\",\"isPartOf\":{\"@id\":\"https:\/\/francois-pelletant.fr\/blog\/#website\"},\"primaryImageOfPage\":{\"@id\":\"https:\/\/francois-pelletant.fr\/blog\/pelletant-depute-en-2017\/#primaryimage\"},\"image\":{\"@id\":\"https:\/\/francois-pelletant.fr\/blog\/pelletant-depute-en-2017\/#primaryimage\"},\"thumbnailUrl\":\"https:\/\/francois-pelletant.fr\/blog\/wp-content\/uploads\/2016\/11\/fp-d\u00e9put\u00e9-2017.png\",\"datePublished\":\"2016-11-28T11:07:15+00:00\",\"dateModified\":\"2017-01-10T11:03:02+00:00\",\"description\":\"Fran\u00e7ois Pelletant d\u00e9put\u00e9 en 2017 : je me pr\u00e9sente aux \u00e9lections l\u00e9gislatives de 2017 pour repr\u00e9senter mon d\u00e9partement qui en a besoin.\",\"breadcrumb\":{\"@id\":\"https:\/\/francois-pelletant.fr\/blog\/pelletant-depute-en-2017\/#breadcrumb\"},\"inLanguage\":\"fr-FR\",\"potentialAction\":[{\"@type\":\"ReadAction\",\"target\":[\"https:\/\/francois-pelletant.fr\/blog\/pelletant-depute-en-2017\/\"]}]},{\"@type\":\"ImageObject\",\"inLanguage\":\"fr-FR\",\"@id\":\"https:\/\/francois-pelletant.fr\/blog\/pelletant-depute-en-2017\/#primaryimage\",\"url\":\"https:\/\/francois-pelletant.fr\/blog\/wp-content\/uploads\/2016\/11\/fp-d\u00e9put\u00e9-2017.png\",\"contentUrl\":\"https:\/\/francois-pelletant.fr\/blog\/wp-content\/uploads\/2016\/11\/fp-d\u00e9put\u00e9-2017.png\",\"width\":1199,\"height\":733},{\"@type\":\"BreadcrumbList\",\"@id\":\"https:\/\/francois-pelletant.fr\/blog\/pelletant-depute-en-2017\/#breadcrumb\",\"itemListElement\":[{\"@type\":\"ListItem\",\"position\":1,\"name\":\"Accueil\",\"item\":\"https:\/\/francois-pelletant.fr\/blog\/\"},{\"@type\":\"ListItem\",\"position\":2,\"name\":\"Pelletant D\u00e9put\u00e9 en 2017\"}]},{\"@type\":\"WebSite\",\"@id\":\"https:\/\/francois-pelletant.fr\/blog\/#website\",\"url\":\"https:\/\/francois-pelletant.fr\/blog\/\",\"name\":\"Fran\u00e7ois Pelletant\",\"description\":\"Maire de Linas, pour toujours.\",\"publisher\":{\"@id\":\"https:\/\/francois-pelletant.fr\/blog\/#organization\"},\"potentialAction\":[{\"@type\":\"SearchAction\",\"target\":{\"@type\":\"EntryPoint\",\"urlTemplate\":\"https:\/\/francois-pelletant.fr\/blog\/?s={search_term_string}\"},\"query-input\":{\"@type\":\"PropertyValueSpecification\",\"valueRequired\":true,\"valueName\":\"search_term_string\"}}],\"inLanguage\":\"fr-FR\"},{\"@type\":\"Organization\",\"@id\":\"https:\/\/francois-pelletant.fr\/blog\/#organization\",\"name\":\"Fran\u00e7ois Pelletant\",\"url\":\"https:\/\/francois-pelletant.fr\/blog\/\",\"logo\":{\"@type\":\"ImageObject\",\"inLanguage\":\"fr-FR\",\"@id\":\"https:\/\/francois-pelletant.fr\/blog\/#\/schema\/logo\/image\/\",\"url\":\"https:\/\/francois-pelletant.fr\/blog\/wp-content\/uploads\/2024\/07\/icone-francois-centre-500p.png\",\"contentUrl\":\"https:\/\/francois-pelletant.fr\/blog\/wp-content\/uploads\/2024\/07\/icone-francois-centre-500p.png\",\"width\":559,\"height\":447,\"caption\":\"Fran\u00e7ois Pelletant\"},\"image\":{\"@id\":\"https:\/\/francois-pelletant.fr\/blog\/#\/schema\/logo\/image\/\"},\"sameAs\":[\"https:\/\/www.facebook.com\/francois.pelletant.7\",\"https:\/\/x.com\/pelletant\"]},{\"@type\":\"Person\",\"@id\":\"https:\/\/francois-pelletant.fr\/blog\/#\/schema\/person\/2be41acb171dff8f31aaed1f40cee9f3\",\"name\":\"Francois\"}]}<\/script>\n<!-- \/ Yoast SEO plugin. -->","yoast_head_json":{"title":"Fran\u00e7ois Pelletant D\u00e9put\u00e9 en 2017 - Fran\u00e7ois Pelletant","description":"Fran\u00e7ois Pelletant d\u00e9put\u00e9 en 2017 : je me pr\u00e9sente aux \u00e9lections l\u00e9gislatives de 2017 pour repr\u00e9senter mon d\u00e9partement qui en a besoin.","robots":{"index":"index","follow":"follow","max-snippet":"max-snippet:-1","max-image-preview":"max-image-preview:large","max-video-preview":"max-video-preview:-1"},"canonical":"https:\/\/francois-pelletant.fr\/blog\/pelletant-depute-en-2017\/","og_locale":"fr_FR","og_type":"article","og_title":"Fran\u00e7ois Pelletant D\u00e9put\u00e9 en 2017 - Fran\u00e7ois Pelletant","og_description":"Fran\u00e7ois Pelletant d\u00e9put\u00e9 en 2017 : je me pr\u00e9sente aux \u00e9lections l\u00e9gislatives de 2017 pour repr\u00e9senter mon d\u00e9partement qui en a besoin.","og_url":"https:\/\/francois-pelletant.fr\/blog\/pelletant-depute-en-2017\/","og_site_name":"Fran\u00e7ois Pelletant","article_publisher":"https:\/\/www.facebook.com\/francois.pelletant.7","article_published_time":"2016-11-28T11:07:15+00:00","article_modified_time":"2017-01-10T11:03:02+00:00","og_image":[{"width":1199,"height":733,"url":"https:\/\/francois-pelletant.fr\/blog\/wp-content\/uploads\/2016\/11\/fp-d\u00e9put\u00e9-2017.png","type":"image\/png"}],"author":"Francois","twitter_card":"summary_large_image","twitter_creator":"@pelletant","twitter_site":"@pelletant","twitter_misc":{"\u00c9crit par":"Francois","Dur\u00e9e de lecture estim\u00e9e":"2 minutes"},"schema":{"@context":"https:\/\/schema.org","@graph":[{"@type":"Article","@id":"https:\/\/francois-pelletant.fr\/blog\/pelletant-depute-en-2017\/#article","isPartOf":{"@id":"https:\/\/francois-pelletant.fr\/blog\/pelletant-depute-en-2017\/"},"author":{"name":"Francois","@id":"https:\/\/francois-pelletant.fr\/blog\/#\/schema\/person\/2be41acb171dff8f31aaed1f40cee9f3"},"headline":"Pelletant D\u00e9put\u00e9 en 2017","datePublished":"2016-11-28T11:07:15+00:00","dateModified":"2017-01-10T11:03:02+00:00","mainEntityOfPage":{"@id":"https:\/\/francois-pelletant.fr\/blog\/pelletant-depute-en-2017\/"},"wordCount":416,"commentCount":4,"publisher":{"@id":"https:\/\/francois-pelletant.fr\/blog\/#organization"},"image":{"@id":"https:\/\/francois-pelletant.fr\/blog\/pelletant-depute-en-2017\/#primaryimage"},"thumbnailUrl":"https:\/\/francois-pelletant.fr\/blog\/wp-content\/uploads\/2016\/11\/fp-d\u00e9put\u00e9-2017.png","articleSection":["Infos"],"inLanguage":"fr-FR","potentialAction":[{"@type":"CommentAction","name":"Comment","target":["https:\/\/francois-pelletant.fr\/blog\/pelletant-depute-en-2017\/#respond"]}]},{"@type":"WebPage","@id":"https:\/\/francois-pelletant.fr\/blog\/pelletant-depute-en-2017\/","url":"https:\/\/francois-pelletant.fr\/blog\/pelletant-depute-en-2017\/","name":"Fran\u00e7ois Pelletant D\u00e9put\u00e9 en 2017 - Fran\u00e7ois Pelletant","isPartOf":{"@id":"https:\/\/francois-pelletant.fr\/blog\/#website"},"primaryImageOfPage":{"@id":"https:\/\/francois-pelletant.fr\/blog\/pelletant-depute-en-2017\/#primaryimage"},"image":{"@id":"https:\/\/francois-pelletant.fr\/blog\/pelletant-depute-en-2017\/#primaryimage"},"thumbnailUrl":"https:\/\/francois-pelletant.fr\/blog\/wp-content\/uploads\/2016\/11\/fp-d\u00e9put\u00e9-2017.png","datePublished":"2016-11-28T11:07:15+00:00","dateModified":"2017-01-10T11:03:02+00:00","description":"Fran\u00e7ois Pelletant d\u00e9put\u00e9 en 2017 : je me pr\u00e9sente aux \u00e9lections l\u00e9gislatives de 2017 pour repr\u00e9senter mon d\u00e9partement qui en a besoin.","breadcrumb":{"@id":"https:\/\/francois-pelletant.fr\/blog\/pelletant-depute-en-2017\/#breadcrumb"},"inLanguage":"fr-FR","potentialAction":[{"@type":"ReadAction","target":["https:\/\/francois-pelletant.fr\/blog\/pelletant-depute-en-2017\/"]}]},{"@type":"ImageObject","inLanguage":"fr-FR","@id":"https:\/\/francois-pelletant.fr\/blog\/pelletant-depute-en-2017\/#primaryimage","url":"https:\/\/francois-pelletant.fr\/blog\/wp-content\/uploads\/2016\/11\/fp-d\u00e9put\u00e9-2017.png","contentUrl":"https:\/\/francois-pelletant.fr\/blog\/wp-content\/uploads\/2016\/11\/fp-d\u00e9put\u00e9-2017.png","width":1199,"height":733},{"@type":"BreadcrumbList","@id":"https:\/\/francois-pelletant.fr\/blog\/pelletant-depute-en-2017\/#breadcrumb","itemListElement":[{"@type":"ListItem","position":1,"name":"Accueil","item":"https:\/\/francois-pelletant.fr\/blog\/"},{"@type":"ListItem","position":2,"name":"Pelletant D\u00e9put\u00e9 en 2017"}]},{"@type":"WebSite","@id":"https:\/\/francois-pelletant.fr\/blog\/#website","url":"https:\/\/francois-pelletant.fr\/blog\/","name":"Fran\u00e7ois Pelletant","description":"Maire de Linas, pour toujours.","publisher":{"@id":"https:\/\/francois-pelletant.fr\/blog\/#organization"},"potentialAction":[{"@type":"SearchAction","target":{"@type":"EntryPoint","urlTemplate":"https:\/\/francois-pelletant.fr\/blog\/?s={search_term_string}"},"query-input":{"@type":"PropertyValueSpecification","valueRequired":true,"valueName":"search_term_string"}}],"inLanguage":"fr-FR"},{"@type":"Organization","@id":"https:\/\/francois-pelletant.fr\/blog\/#organization","name":"Fran\u00e7ois Pelletant","url":"https:\/\/francois-pelletant.fr\/blog\/","logo":{"@type":"ImageObject","inLanguage":"fr-FR","@id":"https:\/\/francois-pelletant.fr\/blog\/#\/schema\/logo\/image\/","url":"https:\/\/francois-pelletant.fr\/blog\/wp-content\/uploads\/2024\/07\/icone-francois-centre-500p.png","contentUrl":"https:\/\/francois-pelletant.fr\/blog\/wp-content\/uploads\/2024\/07\/icone-francois-centre-500p.png","width":559,"height":447,"caption":"Fran\u00e7ois Pelletant"},"image":{"@id":"https:\/\/francois-pelletant.fr\/blog\/#\/schema\/logo\/image\/"},"sameAs":["https:\/\/www.facebook.com\/francois.pelletant.7","https:\/\/x.com\/pelletant"]},{"@type":"Person","@id":"https:\/\/francois-pelletant.fr\/blog\/#\/schema\/person\/2be41acb171dff8f31aaed1f40cee9f3","name":"Francois"}]}},"_links":{"self":[{"href":"https:\/\/francois-pelletant.fr\/blog\/wp-json\/wp\/v2\/posts\/7789","targetHints":{"allow":["GET"]}}],"collection":[{"href":"https:\/\/francois-pelletant.fr\/blog\/wp-json\/wp\/v2\/posts"}],"about":[{"href":"https:\/\/francois-pelletant.fr\/blog\/wp-json\/wp\/v2\/types\/post"}],"author":[{"embeddable":true,"href":"https:\/\/francois-pelletant.fr\/blog\/wp-json\/wp\/v2\/users\/1"}],"replies":[{"embeddable":true,"href":"https:\/\/francois-pelletant.fr\/blog\/wp-json\/wp\/v2\/comments?post=7789"}],"version-history":[{"count":0,"href":"https:\/\/francois-pelletant.fr\/blog\/wp-json\/wp\/v2\/posts\/7789\/revisions"}],"wp:featuredmedia":[{"embeddable":true,"href":"https:\/\/francois-pelletant.fr\/blog\/wp-json\/wp\/v2\/media\/7790"}],"wp:attachment":[{"href":"https:\/\/francois-pelletant.fr\/blog\/wp-json\/wp\/v2\/media?parent=7789"}],"wp:term":[{"taxonomy":"category","embeddable":true,"href":"https:\/\/francois-pelletant.fr\/blog\/wp-json\/wp\/v2\/categories?post=7789"},{"taxonomy":"post_tag","embeddable":true,"href":"https:\/\/francois-pelletant.fr\/blog\/wp-json\/wp\/v2\/tags?post=7789"}],"curies":[{"name":"wp","href":"https:\/\/api.w.org\/{rel}","templated":true}]}}