{"id":7817,"date":"2016-12-05T09:01:14","date_gmt":"2016-12-05T09:01:14","guid":{"rendered":"https:\/\/francois-pelletant.fr\/blog\/?p=7817"},"modified":"2017-02-27T15:43:25","modified_gmt":"2017-02-27T15:43:25","slug":"des-nouvelles-du-tres-haut-debit","status":"publish","type":"post","link":"https:\/\/francois-pelletant.fr\/blog\/des-nouvelles-du-tres-haut-debit\/","title":{"rendered":"Des nouvelles du Tr\u00e8s Haut D\u00e9bit"},"content":{"rendered":"<p><img loading=\"lazy\" decoding=\"async\" class=\"alignleft size-medium wp-image-7818\" src=\"https:\/\/francois-pelletant.fr\/blog\/wp-content\/uploads\/2016\/12\/P1260285-300x225.jpg\" alt=\"illustration c\u00e2ble tr\u00e8s haut d\u00e9bit\" width=\"300\" height=\"225\" srcset=\"https:\/\/francois-pelletant.fr\/blog\/wp-content\/uploads\/2016\/12\/P1260285-300x225.jpg 300w, https:\/\/francois-pelletant.fr\/blog\/wp-content\/uploads\/2016\/12\/P1260285-1024x768.jpg 1024w, https:\/\/francois-pelletant.fr\/blog\/wp-content\/uploads\/2016\/12\/P1260285-768x576.jpg 768w, https:\/\/francois-pelletant.fr\/blog\/wp-content\/uploads\/2016\/12\/P1260285-600x450.jpg 600w, https:\/\/francois-pelletant.fr\/blog\/wp-content\/uploads\/2016\/12\/P1260285-1536x1152.jpg 1536w, https:\/\/francois-pelletant.fr\/blog\/wp-content\/uploads\/2016\/12\/P1260285-2048x1536.jpg 2048w\" sizes=\"auto, (max-width: 300px) 100vw, 300px\" \/>Du cot\u00e9 de Linas, bonne nouvelle pour l\u2019UTAC. Le c\u00e2blage pourra bient\u00f4t \u00eatre r\u00e9alis\u00e9 et ils pourront b\u00e9n\u00e9ficier comme tous de la fibre optique \u00e0 Tr\u00e8s Haut D\u00e9bit. Ce qui n\u2019est pas encore le cas pour la base militaire, nous attendons encore les autorisations.<\/p>\n<p>Il en est de m\u00eame pour la plupart des demandes que nous avons formul\u00e9 \u00e0 ERDF, certaines ont \u00e9t\u00e9 accept\u00e9es mais d\u2019autres sont en encore en attente. Une autorisation nous permet de poser les c\u00e2bles sur les poteaux \u00e9lectriques et d\u2019\u00e9viter de replanter des poteaux.<\/p>\n<p>En mati\u00e8re de poteaux, la plupart de ceux existants sur Marcoussis sont de tr\u00e8s mauvaise qualit\u00e9 (au moins 120), nous allons donc en installer d\u2019autres, une rencontre avec les services techniques de la ville est en cours. Sur cette m\u00eame commune, le point de mutualisation est en cours de soudure et sera termin\u00e9 d\u00e9but d\u00e9cembre. Le haut d\u00e9bit va bient\u00f4t \u00eatre une r\u00e9alit\u00e9 sur Marcoussis.<\/p>\n<p>Pour Villejust, le raccordement des c\u00e2bles jusqu\u2019au point de mutualisation de Nozay est r\u00e9alis\u00e9 et nous tablons sur une potentielle commercialisation du Tr\u00e8s Haut D\u00e9bit dans les prochains mois.<\/p>\n<p>En mati\u00e8re de raccordement, je vous pr\u00e9sente quelques chiffres cl\u00e9s, qui vous permettront de constater le besoin en mati\u00e8re de Haut D\u00e9bit pour la population et les entreprises de l\u2019ex-Europ\u2019Essonne\u00a0:<\/p>\n<p>&#8211;\u00a0\u00a0\u00a0\u00a0\u00a0\u00a0\u00a0\u00a0\u00a0 Nombre de commandes totales : 1 524<\/p>\n<p>&#8211;\u00a0\u00a0\u00a0\u00a0\u00a0\u00a0\u00a0\u00a0 \u00a0Nombre de commandes clients raccord\u00e9s : 1 344<\/p>\n<p>&#8211;\u00a0\u00a0\u00a0\u00a0\u00a0\u00a0\u00a0\u00a0\u00a0 Nombre de commandes pass\u00e9es du 1er janvier et 20 novembre 2016 : 608<\/p>\n<p>&#8211;\u00a0\u00a0\u00a0\u00a0\u00a0\u00a0\u00a0\u00a0\u00a0 Les deux premiers op\u00e9rateurs sont K-Net et Kiwi<\/p>\n<p>&#8211;\u00a0\u00a0\u00a0\u00a0\u00a0\u00a0\u00a0\u00a0\u00a0 Nombre de prises \u00e9ligibles : 24 455<\/p>\n<p>&#8211;\u00a0\u00a0\u00a0\u00a0\u00a0\u00a0\u00a0\u00a0\u00a0 Nombre de prises raccordables : 18 405<\/p>\n<p>&#8211;\u00a0\u00a0\u00a0\u00a0\u00a0\u00a0\u00a0\u00a0\u00a0 Taux de p\u00e9n\u00e9tration : 8%<\/p>\n<p>&#8211;\u00a0\u00a0\u00a0\u00a0\u00a0\u00a0\u00a0\u00a0\u00a0 Nombre de commandes Business Pro : 37<\/p>\n<p>&#8211;\u00a0\u00a0\u00a0\u00a0\u00a0\u00a0\u00a0\u00a0\u00a0 Nombre de raccordement Business Pro : 27<\/p>\n<p>Pour tout savoir et connaitre votre \u00e9ligibilit\u00e9 \u00e0 la vibre visitez la page d\u00e9di\u00e9e de mon blog <a href=\"http:\/\/pelletant.fr\/fibre\" target=\"_blank\" data-saferedirecturl=\"https:\/\/www.google.com\/url?hl=fr&amp;q=http:\/\/pelletant.fr\/fibre&amp;source=gmail&amp;ust=1488296007446000&amp;usg=AFQjCNGCLjMF_jhtx0mX9502BwvDSncc5Q\" rel=\"nofollow\">pelletant.fr\/fibre<\/a><\/p>\n","protected":false},"excerpt":{"rendered":"<p>Du cot\u00e9 de Linas, bonne nouvelle pour l\u2019UTAC. Le c\u00e2blage pourra bient\u00f4t \u00eatre r\u00e9alis\u00e9 et ils pourront b\u00e9n\u00e9ficier comme tous de la fibre optique \u00e0 Tr\u00e8s Haut D\u00e9bit. Ce qui n\u2019est pas encore le cas pour la base militaire, nous attendons encore les autorisations. Il en est de m\u00eame pour la plupart des demandes que [&hellip;]<\/p>\n","protected":false},"author":1,"featured_media":7818,"comment_status":"open","ping_status":"closed","sticky":false,"template":"","format":"standard","meta":{"footnotes":""},"categories":[23],"tags":[],"class_list":["post-7817","post","type-post","status-publish","format-standard","has-post-thumbnail","hentry","category-thd"],"yoast_head":"<!-- This site is optimized with the Yoast SEO plugin v25.6 - https:\/\/yoast.com\/wordpress\/plugins\/seo\/ -->\n<title>Des nouvelles du Tr\u00e8s Haut D\u00e9bit - Fran\u00e7ois Pelletant<\/title>\n<meta name=\"description\" content=\"Quelques chiffres sur l&#039;avanc\u00e9 des travaux pour l&#039;acc\u00e8s \u00e0 la fibre optique Tr\u00e8s Haut D\u00e9bit, et sur les commandes des clients \u00e9ligibles.\" \/>\n<meta name=\"robots\" content=\"index, follow, max-snippet:-1, max-image-preview:large, max-video-preview:-1\" \/>\n<link rel=\"canonical\" href=\"https:\/\/francois-pelletant.fr\/blog\/des-nouvelles-du-tres-haut-debit\/\" \/>\n<meta property=\"og:locale\" content=\"fr_FR\" \/>\n<meta property=\"og:type\" content=\"article\" \/>\n<meta property=\"og:title\" content=\"Des nouvelles du Tr\u00e8s Haut D\u00e9bit - Fran\u00e7ois Pelletant\" \/>\n<meta property=\"og:description\" content=\"Quelques chiffres sur l&#039;avanc\u00e9 des travaux pour l&#039;acc\u00e8s \u00e0 la fibre optique Tr\u00e8s Haut D\u00e9bit, et sur les commandes des clients \u00e9ligibles.\" \/>\n<meta property=\"og:url\" content=\"https:\/\/francois-pelletant.fr\/blog\/des-nouvelles-du-tres-haut-debit\/\" \/>\n<meta property=\"og:site_name\" content=\"Fran\u00e7ois Pelletant\" \/>\n<meta property=\"article:publisher\" content=\"https:\/\/www.facebook.com\/francois.pelletant.7\" \/>\n<meta property=\"article:published_time\" content=\"2016-12-05T09:01:14+00:00\" \/>\n<meta property=\"article:modified_time\" content=\"2017-02-27T15:43:25+00:00\" \/>\n<meta property=\"og:image\" content=\"https:\/\/francois-pelletant.fr\/blog\/wp-content\/uploads\/2016\/12\/P1260285-scaled.jpg\" \/>\n\t<meta property=\"og:image:width\" content=\"2560\" \/>\n\t<meta property=\"og:image:height\" content=\"1920\" \/>\n\t<meta property=\"og:image:type\" content=\"image\/jpeg\" \/>\n<meta name=\"author\" content=\"Francois\" \/>\n<meta name=\"twitter:card\" content=\"summary_large_image\" \/>\n<meta name=\"twitter:creator\" content=\"@pelletant\" \/>\n<meta name=\"twitter:site\" content=\"@pelletant\" \/>\n<meta name=\"twitter:label1\" content=\"\u00c9crit par\" \/>\n\t<meta name=\"twitter:data1\" content=\"Francois\" \/>\n\t<meta name=\"twitter:label2\" content=\"Dur\u00e9e de lecture estim\u00e9e\" \/>\n\t<meta name=\"twitter:data2\" content=\"2 minutes\" \/>\n<script type=\"application\/ld+json\" class=\"yoast-schema-graph\">{\"@context\":\"https:\/\/schema.org\",\"@graph\":[{\"@type\":\"Article\",\"@id\":\"https:\/\/francois-pelletant.fr\/blog\/des-nouvelles-du-tres-haut-debit\/#article\",\"isPartOf\":{\"@id\":\"https:\/\/francois-pelletant.fr\/blog\/des-nouvelles-du-tres-haut-debit\/\"},\"author\":{\"name\":\"Francois\",\"@id\":\"https:\/\/francois-pelletant.fr\/blog\/#\/schema\/person\/2be41acb171dff8f31aaed1f40cee9f3\"},\"headline\":\"Des nouvelles du Tr\u00e8s Haut D\u00e9bit\",\"datePublished\":\"2016-12-05T09:01:14+00:00\",\"dateModified\":\"2017-02-27T15:43:25+00:00\",\"mainEntityOfPage\":{\"@id\":\"https:\/\/francois-pelletant.fr\/blog\/des-nouvelles-du-tres-haut-debit\/\"},\"wordCount\":335,\"commentCount\":0,\"publisher\":{\"@id\":\"https:\/\/francois-pelletant.fr\/blog\/#organization\"},\"image\":{\"@id\":\"https:\/\/francois-pelletant.fr\/blog\/des-nouvelles-du-tres-haut-debit\/#primaryimage\"},\"thumbnailUrl\":\"https:\/\/francois-pelletant.fr\/blog\/wp-content\/uploads\/2016\/12\/P1260285-scaled.jpg\",\"articleSection\":[\"Tr\u00e8s Haut D\u00e9bit\"],\"inLanguage\":\"fr-FR\",\"potentialAction\":[{\"@type\":\"CommentAction\",\"name\":\"Comment\",\"target\":[\"https:\/\/francois-pelletant.fr\/blog\/des-nouvelles-du-tres-haut-debit\/#respond\"]}]},{\"@type\":\"WebPage\",\"@id\":\"https:\/\/francois-pelletant.fr\/blog\/des-nouvelles-du-tres-haut-debit\/\",\"url\":\"https:\/\/francois-pelletant.fr\/blog\/des-nouvelles-du-tres-haut-debit\/\",\"name\":\"Des nouvelles du Tr\u00e8s Haut D\u00e9bit - Fran\u00e7ois Pelletant\",\"isPartOf\":{\"@id\":\"https:\/\/francois-pelletant.fr\/blog\/#website\"},\"primaryImageOfPage\":{\"@id\":\"https:\/\/francois-pelletant.fr\/blog\/des-nouvelles-du-tres-haut-debit\/#primaryimage\"},\"image\":{\"@id\":\"https:\/\/francois-pelletant.fr\/blog\/des-nouvelles-du-tres-haut-debit\/#primaryimage\"},\"thumbnailUrl\":\"https:\/\/francois-pelletant.fr\/blog\/wp-content\/uploads\/2016\/12\/P1260285-scaled.jpg\",\"datePublished\":\"2016-12-05T09:01:14+00:00\",\"dateModified\":\"2017-02-27T15:43:25+00:00\",\"description\":\"Quelques chiffres sur l'avanc\u00e9 des travaux pour l'acc\u00e8s \u00e0 la fibre optique Tr\u00e8s Haut D\u00e9bit, et sur les commandes des clients \u00e9ligibles.\",\"breadcrumb\":{\"@id\":\"https:\/\/francois-pelletant.fr\/blog\/des-nouvelles-du-tres-haut-debit\/#breadcrumb\"},\"inLanguage\":\"fr-FR\",\"potentialAction\":[{\"@type\":\"ReadAction\",\"target\":[\"https:\/\/francois-pelletant.fr\/blog\/des-nouvelles-du-tres-haut-debit\/\"]}]},{\"@type\":\"ImageObject\",\"inLanguage\":\"fr-FR\",\"@id\":\"https:\/\/francois-pelletant.fr\/blog\/des-nouvelles-du-tres-haut-debit\/#primaryimage\",\"url\":\"https:\/\/francois-pelletant.fr\/blog\/wp-content\/uploads\/2016\/12\/P1260285-scaled.jpg\",\"contentUrl\":\"https:\/\/francois-pelletant.fr\/blog\/wp-content\/uploads\/2016\/12\/P1260285-scaled.jpg\",\"width\":2560,\"height\":1920},{\"@type\":\"BreadcrumbList\",\"@id\":\"https:\/\/francois-pelletant.fr\/blog\/des-nouvelles-du-tres-haut-debit\/#breadcrumb\",\"itemListElement\":[{\"@type\":\"ListItem\",\"position\":1,\"name\":\"Accueil\",\"item\":\"https:\/\/francois-pelletant.fr\/blog\/\"},{\"@type\":\"ListItem\",\"position\":2,\"name\":\"Des nouvelles du Tr\u00e8s Haut D\u00e9bit\"}]},{\"@type\":\"WebSite\",\"@id\":\"https:\/\/francois-pelletant.fr\/blog\/#website\",\"url\":\"https:\/\/francois-pelletant.fr\/blog\/\",\"name\":\"Fran\u00e7ois Pelletant\",\"description\":\"Maire de Linas, pour toujours.\",\"publisher\":{\"@id\":\"https:\/\/francois-pelletant.fr\/blog\/#organization\"},\"potentialAction\":[{\"@type\":\"SearchAction\",\"target\":{\"@type\":\"EntryPoint\",\"urlTemplate\":\"https:\/\/francois-pelletant.fr\/blog\/?s={search_term_string}\"},\"query-input\":{\"@type\":\"PropertyValueSpecification\",\"valueRequired\":true,\"valueName\":\"search_term_string\"}}],\"inLanguage\":\"fr-FR\"},{\"@type\":\"Organization\",\"@id\":\"https:\/\/francois-pelletant.fr\/blog\/#organization\",\"name\":\"Fran\u00e7ois Pelletant\",\"url\":\"https:\/\/francois-pelletant.fr\/blog\/\",\"logo\":{\"@type\":\"ImageObject\",\"inLanguage\":\"fr-FR\",\"@id\":\"https:\/\/francois-pelletant.fr\/blog\/#\/schema\/logo\/image\/\",\"url\":\"https:\/\/francois-pelletant.fr\/blog\/wp-content\/uploads\/2024\/07\/icone-francois-centre-500p.png\",\"contentUrl\":\"https:\/\/francois-pelletant.fr\/blog\/wp-content\/uploads\/2024\/07\/icone-francois-centre-500p.png\",\"width\":559,\"height\":447,\"caption\":\"Fran\u00e7ois Pelletant\"},\"image\":{\"@id\":\"https:\/\/francois-pelletant.fr\/blog\/#\/schema\/logo\/image\/\"},\"sameAs\":[\"https:\/\/www.facebook.com\/francois.pelletant.7\",\"https:\/\/x.com\/pelletant\"]},{\"@type\":\"Person\",\"@id\":\"https:\/\/francois-pelletant.fr\/blog\/#\/schema\/person\/2be41acb171dff8f31aaed1f40cee9f3\",\"name\":\"Francois\"}]}<\/script>\n<!-- \/ Yoast SEO plugin. -->","yoast_head_json":{"title":"Des nouvelles du Tr\u00e8s Haut D\u00e9bit - Fran\u00e7ois Pelletant","description":"Quelques chiffres sur l'avanc\u00e9 des travaux pour l'acc\u00e8s \u00e0 la fibre optique Tr\u00e8s Haut D\u00e9bit, et sur les commandes des clients \u00e9ligibles.","robots":{"index":"index","follow":"follow","max-snippet":"max-snippet:-1","max-image-preview":"max-image-preview:large","max-video-preview":"max-video-preview:-1"},"canonical":"https:\/\/francois-pelletant.fr\/blog\/des-nouvelles-du-tres-haut-debit\/","og_locale":"fr_FR","og_type":"article","og_title":"Des nouvelles du Tr\u00e8s Haut D\u00e9bit - Fran\u00e7ois Pelletant","og_description":"Quelques chiffres sur l'avanc\u00e9 des travaux pour l'acc\u00e8s \u00e0 la fibre optique Tr\u00e8s Haut D\u00e9bit, et sur les commandes des clients \u00e9ligibles.","og_url":"https:\/\/francois-pelletant.fr\/blog\/des-nouvelles-du-tres-haut-debit\/","og_site_name":"Fran\u00e7ois Pelletant","article_publisher":"https:\/\/www.facebook.com\/francois.pelletant.7","article_published_time":"2016-12-05T09:01:14+00:00","article_modified_time":"2017-02-27T15:43:25+00:00","og_image":[{"width":2560,"height":1920,"url":"https:\/\/francois-pelletant.fr\/blog\/wp-content\/uploads\/2016\/12\/P1260285-scaled.jpg","type":"image\/jpeg"}],"author":"Francois","twitter_card":"summary_large_image","twitter_creator":"@pelletant","twitter_site":"@pelletant","twitter_misc":{"\u00c9crit par":"Francois","Dur\u00e9e de lecture estim\u00e9e":"2 minutes"},"schema":{"@context":"https:\/\/schema.org","@graph":[{"@type":"Article","@id":"https:\/\/francois-pelletant.fr\/blog\/des-nouvelles-du-tres-haut-debit\/#article","isPartOf":{"@id":"https:\/\/francois-pelletant.fr\/blog\/des-nouvelles-du-tres-haut-debit\/"},"author":{"name":"Francois","@id":"https:\/\/francois-pelletant.fr\/blog\/#\/schema\/person\/2be41acb171dff8f31aaed1f40cee9f3"},"headline":"Des nouvelles du Tr\u00e8s Haut D\u00e9bit","datePublished":"2016-12-05T09:01:14+00:00","dateModified":"2017-02-27T15:43:25+00:00","mainEntityOfPage":{"@id":"https:\/\/francois-pelletant.fr\/blog\/des-nouvelles-du-tres-haut-debit\/"},"wordCount":335,"commentCount":0,"publisher":{"@id":"https:\/\/francois-pelletant.fr\/blog\/#organization"},"image":{"@id":"https:\/\/francois-pelletant.fr\/blog\/des-nouvelles-du-tres-haut-debit\/#primaryimage"},"thumbnailUrl":"https:\/\/francois-pelletant.fr\/blog\/wp-content\/uploads\/2016\/12\/P1260285-scaled.jpg","articleSection":["Tr\u00e8s Haut D\u00e9bit"],"inLanguage":"fr-FR","potentialAction":[{"@type":"CommentAction","name":"Comment","target":["https:\/\/francois-pelletant.fr\/blog\/des-nouvelles-du-tres-haut-debit\/#respond"]}]},{"@type":"WebPage","@id":"https:\/\/francois-pelletant.fr\/blog\/des-nouvelles-du-tres-haut-debit\/","url":"https:\/\/francois-pelletant.fr\/blog\/des-nouvelles-du-tres-haut-debit\/","name":"Des nouvelles du Tr\u00e8s Haut D\u00e9bit - Fran\u00e7ois Pelletant","isPartOf":{"@id":"https:\/\/francois-pelletant.fr\/blog\/#website"},"primaryImageOfPage":{"@id":"https:\/\/francois-pelletant.fr\/blog\/des-nouvelles-du-tres-haut-debit\/#primaryimage"},"image":{"@id":"https:\/\/francois-pelletant.fr\/blog\/des-nouvelles-du-tres-haut-debit\/#primaryimage"},"thumbnailUrl":"https:\/\/francois-pelletant.fr\/blog\/wp-content\/uploads\/2016\/12\/P1260285-scaled.jpg","datePublished":"2016-12-05T09:01:14+00:00","dateModified":"2017-02-27T15:43:25+00:00","description":"Quelques chiffres sur l'avanc\u00e9 des travaux pour l'acc\u00e8s \u00e0 la fibre optique Tr\u00e8s Haut D\u00e9bit, et sur les commandes des clients \u00e9ligibles.","breadcrumb":{"@id":"https:\/\/francois-pelletant.fr\/blog\/des-nouvelles-du-tres-haut-debit\/#breadcrumb"},"inLanguage":"fr-FR","potentialAction":[{"@type":"ReadAction","target":["https:\/\/francois-pelletant.fr\/blog\/des-nouvelles-du-tres-haut-debit\/"]}]},{"@type":"ImageObject","inLanguage":"fr-FR","@id":"https:\/\/francois-pelletant.fr\/blog\/des-nouvelles-du-tres-haut-debit\/#primaryimage","url":"https:\/\/francois-pelletant.fr\/blog\/wp-content\/uploads\/2016\/12\/P1260285-scaled.jpg","contentUrl":"https:\/\/francois-pelletant.fr\/blog\/wp-content\/uploads\/2016\/12\/P1260285-scaled.jpg","width":2560,"height":1920},{"@type":"BreadcrumbList","@id":"https:\/\/francois-pelletant.fr\/blog\/des-nouvelles-du-tres-haut-debit\/#breadcrumb","itemListElement":[{"@type":"ListItem","position":1,"name":"Accueil","item":"https:\/\/francois-pelletant.fr\/blog\/"},{"@type":"ListItem","position":2,"name":"Des nouvelles du Tr\u00e8s Haut D\u00e9bit"}]},{"@type":"WebSite","@id":"https:\/\/francois-pelletant.fr\/blog\/#website","url":"https:\/\/francois-pelletant.fr\/blog\/","name":"Fran\u00e7ois Pelletant","description":"Maire de Linas, pour toujours.","publisher":{"@id":"https:\/\/francois-pelletant.fr\/blog\/#organization"},"potentialAction":[{"@type":"SearchAction","target":{"@type":"EntryPoint","urlTemplate":"https:\/\/francois-pelletant.fr\/blog\/?s={search_term_string}"},"query-input":{"@type":"PropertyValueSpecification","valueRequired":true,"valueName":"search_term_string"}}],"inLanguage":"fr-FR"},{"@type":"Organization","@id":"https:\/\/francois-pelletant.fr\/blog\/#organization","name":"Fran\u00e7ois Pelletant","url":"https:\/\/francois-pelletant.fr\/blog\/","logo":{"@type":"ImageObject","inLanguage":"fr-FR","@id":"https:\/\/francois-pelletant.fr\/blog\/#\/schema\/logo\/image\/","url":"https:\/\/francois-pelletant.fr\/blog\/wp-content\/uploads\/2024\/07\/icone-francois-centre-500p.png","contentUrl":"https:\/\/francois-pelletant.fr\/blog\/wp-content\/uploads\/2024\/07\/icone-francois-centre-500p.png","width":559,"height":447,"caption":"Fran\u00e7ois Pelletant"},"image":{"@id":"https:\/\/francois-pelletant.fr\/blog\/#\/schema\/logo\/image\/"},"sameAs":["https:\/\/www.facebook.com\/francois.pelletant.7","https:\/\/x.com\/pelletant"]},{"@type":"Person","@id":"https:\/\/francois-pelletant.fr\/blog\/#\/schema\/person\/2be41acb171dff8f31aaed1f40cee9f3","name":"Francois"}]}},"_links":{"self":[{"href":"https:\/\/francois-pelletant.fr\/blog\/wp-json\/wp\/v2\/posts\/7817","targetHints":{"allow":["GET"]}}],"collection":[{"href":"https:\/\/francois-pelletant.fr\/blog\/wp-json\/wp\/v2\/posts"}],"about":[{"href":"https:\/\/francois-pelletant.fr\/blog\/wp-json\/wp\/v2\/types\/post"}],"author":[{"embeddable":true,"href":"https:\/\/francois-pelletant.fr\/blog\/wp-json\/wp\/v2\/users\/1"}],"replies":[{"embeddable":true,"href":"https:\/\/francois-pelletant.fr\/blog\/wp-json\/wp\/v2\/comments?post=7817"}],"version-history":[{"count":0,"href":"https:\/\/francois-pelletant.fr\/blog\/wp-json\/wp\/v2\/posts\/7817\/revisions"}],"wp:featuredmedia":[{"embeddable":true,"href":"https:\/\/francois-pelletant.fr\/blog\/wp-json\/wp\/v2\/media\/7818"}],"wp:attachment":[{"href":"https:\/\/francois-pelletant.fr\/blog\/wp-json\/wp\/v2\/media?parent=7817"}],"wp:term":[{"taxonomy":"category","embeddable":true,"href":"https:\/\/francois-pelletant.fr\/blog\/wp-json\/wp\/v2\/categories?post=7817"},{"taxonomy":"post_tag","embeddable":true,"href":"https:\/\/francois-pelletant.fr\/blog\/wp-json\/wp\/v2\/tags?post=7817"}],"curies":[{"name":"wp","href":"https:\/\/api.w.org\/{rel}","templated":true}]}}