{"id":7831,"date":"2016-12-08T08:46:25","date_gmt":"2016-12-08T08:46:25","guid":{"rendered":"https:\/\/francois-pelletant.fr\/blog\/?p=7831"},"modified":"2017-04-13T13:16:43","modified_gmt":"2017-04-13T13:16:43","slug":"developpement-fibre-optique-aerien","status":"publish","type":"post","link":"https:\/\/francois-pelletant.fr\/blog\/developpement-fibre-optique-aerien\/","title":{"rendered":"Le d\u00e9veloppement de la fibre optique en a\u00e9rien poursuit son chemin, non sans embuches"},"content":{"rendered":"<h2><img loading=\"lazy\" decoding=\"async\" class=\"alignleft size-medium wp-image-7832\" src=\"https:\/\/francois-pelletant.fr\/blog\/wp-content\/uploads\/2016\/12\/DSC_6788-300x199.jpg\" alt=\"illustration des travaux avec une tari\u00e8re pour l'installation de la fibre optique en a\u00e9rien\" width=\"300\" height=\"199\" srcset=\"https:\/\/francois-pelletant.fr\/blog\/wp-content\/uploads\/2016\/12\/DSC_6788-300x199.jpg 300w, https:\/\/francois-pelletant.fr\/blog\/wp-content\/uploads\/2016\/12\/DSC_6788-1024x680.jpg 1024w, https:\/\/francois-pelletant.fr\/blog\/wp-content\/uploads\/2016\/12\/DSC_6788-768x510.jpg 768w, https:\/\/francois-pelletant.fr\/blog\/wp-content\/uploads\/2016\/12\/DSC_6788-600x398.jpg 600w, https:\/\/francois-pelletant.fr\/blog\/wp-content\/uploads\/2016\/12\/DSC_6788-1536x1020.jpg 1536w, https:\/\/francois-pelletant.fr\/blog\/wp-content\/uploads\/2016\/12\/DSC_6788-2048x1360.jpg 2048w\" sizes=\"auto, (max-width: 300px) 100vw, 300px\" \/>La pose de la fibre optique en a\u00e9rien.<\/h2>\n<p>Afin de pouvoir installer des poteaux, sans lesquels le d\u00e9ploiement de la fibre optique en a\u00e9rien est impossible, il est n\u00e9cessaire pour nos techniciens de b\u00e9n\u00e9ficier d\u2019une tari\u00e8re. Pour l\u2019information de tous, la tari\u00e8re est cet engin qui permet de creuser des trous longilignes, relativement fixes, id\u00e9al pour planter les poteaux dans le sol.<\/p>\n<p>Cependant, le hasard a fait qu\u2019en plein d\u00e9ploiement de la fibre en a\u00e9rien \u00e0 Montlh\u00e9ry, pour la pose de poteaux, notre tari\u00e8re est tomb\u00e9e en panne. Nous avons d\u00fb en commander 2 autres, qui nous sont parvenus cette semaine. J\u2019esp\u00e8re que cela ne va pas nous retarder, Tutor-Covage nous en ayant assur\u00e9 le contraire.<\/p>\n<p>En effet, la panne de la tari\u00e8re la semaine pr\u00e9c\u00e9dente a fait que sur Linas nous n\u2019en soyons qu\u2019\u00e0 7% de c\u00e2blage a\u00e9rien r\u00e9alis\u00e9. Ce qui est un peu en dessous de l\u2019objectif, mais pour information, les techniciens mettent les bouch\u00e9es double, \u00e0 deux \u00e9quipes compl\u00e8tes, cette semaine afin que l\u2019a\u00e9rien soit livr\u00e9 en\u00a0d\u00e9cembre sur Montlh\u00e9ry, puis sur Linas. Sur ma ville, il reste 147 poteaux \u00e0 poser, les d\u00e9lais seront, je pense, raisonnablement tenus.<\/p>\n<p>Pour tout savoir et connaitre votre \u00e9ligibilit\u00e9 \u00e0 la vibre visitez la page d\u00e9di\u00e9e de mon blog <a href=\"http:\/\/pelletant.fr\/fibre\" target=\"_blank\" data-saferedirecturl=\"https:\/\/www.google.com\/url?hl=fr&amp;q=http:\/\/pelletant.fr\/fibre&amp;source=gmail&amp;ust=1488296007446000&amp;usg=AFQjCNGCLjMF_jhtx0mX9502BwvDSncc5Q\" rel=\"nofollow\">pelletant.fr\/fibre<\/a><\/p>\n","protected":false},"excerpt":{"rendered":"<p>La pose de la fibre optique en a\u00e9rien. Afin de pouvoir installer des poteaux, sans lesquels le d\u00e9ploiement de la fibre optique en a\u00e9rien est impossible, il est n\u00e9cessaire pour nos techniciens de b\u00e9n\u00e9ficier d\u2019une tari\u00e8re. Pour l\u2019information de tous, la tari\u00e8re est cet engin qui permet de creuser des trous longilignes, relativement fixes, id\u00e9al [&hellip;]<\/p>\n","protected":false},"author":1,"featured_media":7832,"comment_status":"open","ping_status":"closed","sticky":false,"template":"","format":"standard","meta":{"footnotes":""},"categories":[23],"tags":[],"class_list":["post-7831","post","type-post","status-publish","format-standard","has-post-thumbnail","hentry","category-thd"],"yoast_head":"<!-- This site is optimized with the Yoast SEO plugin v25.6 - https:\/\/yoast.com\/wordpress\/plugins\/seo\/ -->\n<title>Le d\u00e9veloppement de la fibre optique en a\u00e9rien poursuit son chemin<\/title>\n<meta name=\"description\" content=\"Malgr\u00e9 des probl\u00e8mes de pannes de machines pendant les travaux, les d\u00e9lais d&#039;installation de la fibre optique en a\u00e9rien devraient \u00eatre tenus.\" \/>\n<meta name=\"robots\" content=\"index, follow, max-snippet:-1, max-image-preview:large, max-video-preview:-1\" \/>\n<link rel=\"canonical\" href=\"https:\/\/francois-pelletant.fr\/blog\/developpement-fibre-optique-aerien\/\" \/>\n<meta property=\"og:locale\" content=\"fr_FR\" \/>\n<meta property=\"og:type\" content=\"article\" \/>\n<meta property=\"og:title\" content=\"Le d\u00e9veloppement de la fibre optique en a\u00e9rien poursuit son chemin\" \/>\n<meta property=\"og:description\" content=\"Malgr\u00e9 des probl\u00e8mes de pannes de machines pendant les travaux, les d\u00e9lais d&#039;installation de la fibre optique en a\u00e9rien devraient \u00eatre tenus.\" \/>\n<meta property=\"og:url\" content=\"https:\/\/francois-pelletant.fr\/blog\/developpement-fibre-optique-aerien\/\" \/>\n<meta property=\"og:site_name\" content=\"Fran\u00e7ois Pelletant\" \/>\n<meta property=\"article:publisher\" content=\"https:\/\/www.facebook.com\/francois.pelletant.7\" \/>\n<meta property=\"article:published_time\" content=\"2016-12-08T08:46:25+00:00\" \/>\n<meta property=\"article:modified_time\" content=\"2017-04-13T13:16:43+00:00\" \/>\n<meta property=\"og:image\" content=\"https:\/\/francois-pelletant.fr\/blog\/wp-content\/uploads\/2016\/12\/DSC_6788-scaled.jpg\" \/>\n\t<meta property=\"og:image:width\" content=\"2560\" \/>\n\t<meta property=\"og:image:height\" content=\"1700\" \/>\n\t<meta property=\"og:image:type\" content=\"image\/jpeg\" \/>\n<meta name=\"author\" content=\"Francois\" \/>\n<meta name=\"twitter:card\" content=\"summary_large_image\" \/>\n<meta name=\"twitter:creator\" content=\"@pelletant\" \/>\n<meta name=\"twitter:site\" content=\"@pelletant\" \/>\n<meta name=\"twitter:label1\" content=\"\u00c9crit par\" \/>\n\t<meta name=\"twitter:data1\" content=\"Francois\" \/>\n\t<meta name=\"twitter:label2\" content=\"Dur\u00e9e de lecture estim\u00e9e\" \/>\n\t<meta name=\"twitter:data2\" content=\"1 minute\" \/>\n<script type=\"application\/ld+json\" class=\"yoast-schema-graph\">{\"@context\":\"https:\/\/schema.org\",\"@graph\":[{\"@type\":\"Article\",\"@id\":\"https:\/\/francois-pelletant.fr\/blog\/developpement-fibre-optique-aerien\/#article\",\"isPartOf\":{\"@id\":\"https:\/\/francois-pelletant.fr\/blog\/developpement-fibre-optique-aerien\/\"},\"author\":{\"name\":\"Francois\",\"@id\":\"https:\/\/francois-pelletant.fr\/blog\/#\/schema\/person\/2be41acb171dff8f31aaed1f40cee9f3\"},\"headline\":\"Le d\u00e9veloppement de la fibre optique en a\u00e9rien poursuit son chemin, non sans embuches\",\"datePublished\":\"2016-12-08T08:46:25+00:00\",\"dateModified\":\"2017-04-13T13:16:43+00:00\",\"mainEntityOfPage\":{\"@id\":\"https:\/\/francois-pelletant.fr\/blog\/developpement-fibre-optique-aerien\/\"},\"wordCount\":257,\"commentCount\":0,\"publisher\":{\"@id\":\"https:\/\/francois-pelletant.fr\/blog\/#organization\"},\"image\":{\"@id\":\"https:\/\/francois-pelletant.fr\/blog\/developpement-fibre-optique-aerien\/#primaryimage\"},\"thumbnailUrl\":\"https:\/\/francois-pelletant.fr\/blog\/wp-content\/uploads\/2016\/12\/DSC_6788-scaled.jpg\",\"articleSection\":[\"Tr\u00e8s Haut D\u00e9bit\"],\"inLanguage\":\"fr-FR\",\"potentialAction\":[{\"@type\":\"CommentAction\",\"name\":\"Comment\",\"target\":[\"https:\/\/francois-pelletant.fr\/blog\/developpement-fibre-optique-aerien\/#respond\"]}]},{\"@type\":\"WebPage\",\"@id\":\"https:\/\/francois-pelletant.fr\/blog\/developpement-fibre-optique-aerien\/\",\"url\":\"https:\/\/francois-pelletant.fr\/blog\/developpement-fibre-optique-aerien\/\",\"name\":\"Le d\u00e9veloppement de la fibre optique en a\u00e9rien poursuit son chemin\",\"isPartOf\":{\"@id\":\"https:\/\/francois-pelletant.fr\/blog\/#website\"},\"primaryImageOfPage\":{\"@id\":\"https:\/\/francois-pelletant.fr\/blog\/developpement-fibre-optique-aerien\/#primaryimage\"},\"image\":{\"@id\":\"https:\/\/francois-pelletant.fr\/blog\/developpement-fibre-optique-aerien\/#primaryimage\"},\"thumbnailUrl\":\"https:\/\/francois-pelletant.fr\/blog\/wp-content\/uploads\/2016\/12\/DSC_6788-scaled.jpg\",\"datePublished\":\"2016-12-08T08:46:25+00:00\",\"dateModified\":\"2017-04-13T13:16:43+00:00\",\"description\":\"Malgr\u00e9 des probl\u00e8mes de pannes de machines pendant les travaux, les d\u00e9lais d'installation de la fibre optique en a\u00e9rien devraient \u00eatre tenus.\",\"breadcrumb\":{\"@id\":\"https:\/\/francois-pelletant.fr\/blog\/developpement-fibre-optique-aerien\/#breadcrumb\"},\"inLanguage\":\"fr-FR\",\"potentialAction\":[{\"@type\":\"ReadAction\",\"target\":[\"https:\/\/francois-pelletant.fr\/blog\/developpement-fibre-optique-aerien\/\"]}]},{\"@type\":\"ImageObject\",\"inLanguage\":\"fr-FR\",\"@id\":\"https:\/\/francois-pelletant.fr\/blog\/developpement-fibre-optique-aerien\/#primaryimage\",\"url\":\"https:\/\/francois-pelletant.fr\/blog\/wp-content\/uploads\/2016\/12\/DSC_6788-scaled.jpg\",\"contentUrl\":\"https:\/\/francois-pelletant.fr\/blog\/wp-content\/uploads\/2016\/12\/DSC_6788-scaled.jpg\",\"width\":2560,\"height\":1700},{\"@type\":\"BreadcrumbList\",\"@id\":\"https:\/\/francois-pelletant.fr\/blog\/developpement-fibre-optique-aerien\/#breadcrumb\",\"itemListElement\":[{\"@type\":\"ListItem\",\"position\":1,\"name\":\"Accueil\",\"item\":\"https:\/\/francois-pelletant.fr\/blog\/\"},{\"@type\":\"ListItem\",\"position\":2,\"name\":\"Le d\u00e9veloppement de la fibre optique en a\u00e9rien poursuit son chemin, non sans embuches\"}]},{\"@type\":\"WebSite\",\"@id\":\"https:\/\/francois-pelletant.fr\/blog\/#website\",\"url\":\"https:\/\/francois-pelletant.fr\/blog\/\",\"name\":\"Fran\u00e7ois Pelletant\",\"description\":\"Maire de Linas, pour toujours.\",\"publisher\":{\"@id\":\"https:\/\/francois-pelletant.fr\/blog\/#organization\"},\"potentialAction\":[{\"@type\":\"SearchAction\",\"target\":{\"@type\":\"EntryPoint\",\"urlTemplate\":\"https:\/\/francois-pelletant.fr\/blog\/?s={search_term_string}\"},\"query-input\":{\"@type\":\"PropertyValueSpecification\",\"valueRequired\":true,\"valueName\":\"search_term_string\"}}],\"inLanguage\":\"fr-FR\"},{\"@type\":\"Organization\",\"@id\":\"https:\/\/francois-pelletant.fr\/blog\/#organization\",\"name\":\"Fran\u00e7ois Pelletant\",\"url\":\"https:\/\/francois-pelletant.fr\/blog\/\",\"logo\":{\"@type\":\"ImageObject\",\"inLanguage\":\"fr-FR\",\"@id\":\"https:\/\/francois-pelletant.fr\/blog\/#\/schema\/logo\/image\/\",\"url\":\"https:\/\/francois-pelletant.fr\/blog\/wp-content\/uploads\/2024\/07\/icone-francois-centre-500p.png\",\"contentUrl\":\"https:\/\/francois-pelletant.fr\/blog\/wp-content\/uploads\/2024\/07\/icone-francois-centre-500p.png\",\"width\":559,\"height\":447,\"caption\":\"Fran\u00e7ois Pelletant\"},\"image\":{\"@id\":\"https:\/\/francois-pelletant.fr\/blog\/#\/schema\/logo\/image\/\"},\"sameAs\":[\"https:\/\/www.facebook.com\/francois.pelletant.7\",\"https:\/\/x.com\/pelletant\"]},{\"@type\":\"Person\",\"@id\":\"https:\/\/francois-pelletant.fr\/blog\/#\/schema\/person\/2be41acb171dff8f31aaed1f40cee9f3\",\"name\":\"Francois\"}]}<\/script>\n<!-- \/ Yoast SEO plugin. -->","yoast_head_json":{"title":"Le d\u00e9veloppement de la fibre optique en a\u00e9rien poursuit son chemin","description":"Malgr\u00e9 des probl\u00e8mes de pannes de machines pendant les travaux, les d\u00e9lais d'installation de la fibre optique en a\u00e9rien devraient \u00eatre tenus.","robots":{"index":"index","follow":"follow","max-snippet":"max-snippet:-1","max-image-preview":"max-image-preview:large","max-video-preview":"max-video-preview:-1"},"canonical":"https:\/\/francois-pelletant.fr\/blog\/developpement-fibre-optique-aerien\/","og_locale":"fr_FR","og_type":"article","og_title":"Le d\u00e9veloppement de la fibre optique en a\u00e9rien poursuit son chemin","og_description":"Malgr\u00e9 des probl\u00e8mes de pannes de machines pendant les travaux, les d\u00e9lais d'installation de la fibre optique en a\u00e9rien devraient \u00eatre tenus.","og_url":"https:\/\/francois-pelletant.fr\/blog\/developpement-fibre-optique-aerien\/","og_site_name":"Fran\u00e7ois Pelletant","article_publisher":"https:\/\/www.facebook.com\/francois.pelletant.7","article_published_time":"2016-12-08T08:46:25+00:00","article_modified_time":"2017-04-13T13:16:43+00:00","og_image":[{"width":2560,"height":1700,"url":"https:\/\/francois-pelletant.fr\/blog\/wp-content\/uploads\/2016\/12\/DSC_6788-scaled.jpg","type":"image\/jpeg"}],"author":"Francois","twitter_card":"summary_large_image","twitter_creator":"@pelletant","twitter_site":"@pelletant","twitter_misc":{"\u00c9crit par":"Francois","Dur\u00e9e de lecture estim\u00e9e":"1 minute"},"schema":{"@context":"https:\/\/schema.org","@graph":[{"@type":"Article","@id":"https:\/\/francois-pelletant.fr\/blog\/developpement-fibre-optique-aerien\/#article","isPartOf":{"@id":"https:\/\/francois-pelletant.fr\/blog\/developpement-fibre-optique-aerien\/"},"author":{"name":"Francois","@id":"https:\/\/francois-pelletant.fr\/blog\/#\/schema\/person\/2be41acb171dff8f31aaed1f40cee9f3"},"headline":"Le d\u00e9veloppement de la fibre optique en a\u00e9rien poursuit son chemin, non sans embuches","datePublished":"2016-12-08T08:46:25+00:00","dateModified":"2017-04-13T13:16:43+00:00","mainEntityOfPage":{"@id":"https:\/\/francois-pelletant.fr\/blog\/developpement-fibre-optique-aerien\/"},"wordCount":257,"commentCount":0,"publisher":{"@id":"https:\/\/francois-pelletant.fr\/blog\/#organization"},"image":{"@id":"https:\/\/francois-pelletant.fr\/blog\/developpement-fibre-optique-aerien\/#primaryimage"},"thumbnailUrl":"https:\/\/francois-pelletant.fr\/blog\/wp-content\/uploads\/2016\/12\/DSC_6788-scaled.jpg","articleSection":["Tr\u00e8s Haut D\u00e9bit"],"inLanguage":"fr-FR","potentialAction":[{"@type":"CommentAction","name":"Comment","target":["https:\/\/francois-pelletant.fr\/blog\/developpement-fibre-optique-aerien\/#respond"]}]},{"@type":"WebPage","@id":"https:\/\/francois-pelletant.fr\/blog\/developpement-fibre-optique-aerien\/","url":"https:\/\/francois-pelletant.fr\/blog\/developpement-fibre-optique-aerien\/","name":"Le d\u00e9veloppement de la fibre optique en a\u00e9rien poursuit son chemin","isPartOf":{"@id":"https:\/\/francois-pelletant.fr\/blog\/#website"},"primaryImageOfPage":{"@id":"https:\/\/francois-pelletant.fr\/blog\/developpement-fibre-optique-aerien\/#primaryimage"},"image":{"@id":"https:\/\/francois-pelletant.fr\/blog\/developpement-fibre-optique-aerien\/#primaryimage"},"thumbnailUrl":"https:\/\/francois-pelletant.fr\/blog\/wp-content\/uploads\/2016\/12\/DSC_6788-scaled.jpg","datePublished":"2016-12-08T08:46:25+00:00","dateModified":"2017-04-13T13:16:43+00:00","description":"Malgr\u00e9 des probl\u00e8mes de pannes de machines pendant les travaux, les d\u00e9lais d'installation de la fibre optique en a\u00e9rien devraient \u00eatre tenus.","breadcrumb":{"@id":"https:\/\/francois-pelletant.fr\/blog\/developpement-fibre-optique-aerien\/#breadcrumb"},"inLanguage":"fr-FR","potentialAction":[{"@type":"ReadAction","target":["https:\/\/francois-pelletant.fr\/blog\/developpement-fibre-optique-aerien\/"]}]},{"@type":"ImageObject","inLanguage":"fr-FR","@id":"https:\/\/francois-pelletant.fr\/blog\/developpement-fibre-optique-aerien\/#primaryimage","url":"https:\/\/francois-pelletant.fr\/blog\/wp-content\/uploads\/2016\/12\/DSC_6788-scaled.jpg","contentUrl":"https:\/\/francois-pelletant.fr\/blog\/wp-content\/uploads\/2016\/12\/DSC_6788-scaled.jpg","width":2560,"height":1700},{"@type":"BreadcrumbList","@id":"https:\/\/francois-pelletant.fr\/blog\/developpement-fibre-optique-aerien\/#breadcrumb","itemListElement":[{"@type":"ListItem","position":1,"name":"Accueil","item":"https:\/\/francois-pelletant.fr\/blog\/"},{"@type":"ListItem","position":2,"name":"Le d\u00e9veloppement de la fibre optique en a\u00e9rien poursuit son chemin, non sans embuches"}]},{"@type":"WebSite","@id":"https:\/\/francois-pelletant.fr\/blog\/#website","url":"https:\/\/francois-pelletant.fr\/blog\/","name":"Fran\u00e7ois Pelletant","description":"Maire de Linas, pour toujours.","publisher":{"@id":"https:\/\/francois-pelletant.fr\/blog\/#organization"},"potentialAction":[{"@type":"SearchAction","target":{"@type":"EntryPoint","urlTemplate":"https:\/\/francois-pelletant.fr\/blog\/?s={search_term_string}"},"query-input":{"@type":"PropertyValueSpecification","valueRequired":true,"valueName":"search_term_string"}}],"inLanguage":"fr-FR"},{"@type":"Organization","@id":"https:\/\/francois-pelletant.fr\/blog\/#organization","name":"Fran\u00e7ois Pelletant","url":"https:\/\/francois-pelletant.fr\/blog\/","logo":{"@type":"ImageObject","inLanguage":"fr-FR","@id":"https:\/\/francois-pelletant.fr\/blog\/#\/schema\/logo\/image\/","url":"https:\/\/francois-pelletant.fr\/blog\/wp-content\/uploads\/2024\/07\/icone-francois-centre-500p.png","contentUrl":"https:\/\/francois-pelletant.fr\/blog\/wp-content\/uploads\/2024\/07\/icone-francois-centre-500p.png","width":559,"height":447,"caption":"Fran\u00e7ois Pelletant"},"image":{"@id":"https:\/\/francois-pelletant.fr\/blog\/#\/schema\/logo\/image\/"},"sameAs":["https:\/\/www.facebook.com\/francois.pelletant.7","https:\/\/x.com\/pelletant"]},{"@type":"Person","@id":"https:\/\/francois-pelletant.fr\/blog\/#\/schema\/person\/2be41acb171dff8f31aaed1f40cee9f3","name":"Francois"}]}},"_links":{"self":[{"href":"https:\/\/francois-pelletant.fr\/blog\/wp-json\/wp\/v2\/posts\/7831","targetHints":{"allow":["GET"]}}],"collection":[{"href":"https:\/\/francois-pelletant.fr\/blog\/wp-json\/wp\/v2\/posts"}],"about":[{"href":"https:\/\/francois-pelletant.fr\/blog\/wp-json\/wp\/v2\/types\/post"}],"author":[{"embeddable":true,"href":"https:\/\/francois-pelletant.fr\/blog\/wp-json\/wp\/v2\/users\/1"}],"replies":[{"embeddable":true,"href":"https:\/\/francois-pelletant.fr\/blog\/wp-json\/wp\/v2\/comments?post=7831"}],"version-history":[{"count":0,"href":"https:\/\/francois-pelletant.fr\/blog\/wp-json\/wp\/v2\/posts\/7831\/revisions"}],"wp:featuredmedia":[{"embeddable":true,"href":"https:\/\/francois-pelletant.fr\/blog\/wp-json\/wp\/v2\/media\/7832"}],"wp:attachment":[{"href":"https:\/\/francois-pelletant.fr\/blog\/wp-json\/wp\/v2\/media?parent=7831"}],"wp:term":[{"taxonomy":"category","embeddable":true,"href":"https:\/\/francois-pelletant.fr\/blog\/wp-json\/wp\/v2\/categories?post=7831"},{"taxonomy":"post_tag","embeddable":true,"href":"https:\/\/francois-pelletant.fr\/blog\/wp-json\/wp\/v2\/tags?post=7831"}],"curies":[{"name":"wp","href":"https:\/\/api.w.org\/{rel}","templated":true}]}}