{"id":7910,"date":"2016-12-28T06:20:27","date_gmt":"2016-12-28T06:20:27","guid":{"rendered":"https:\/\/francois-pelletant.fr\/blog\/?p=7910"},"modified":"2017-01-09T14:58:36","modified_gmt":"2017-01-09T14:58:36","slug":"exposition-dessins-presse-pelletant","status":"publish","type":"post","link":"https:\/\/francois-pelletant.fr\/blog\/exposition-dessins-presse-pelletant\/","title":{"rendered":"L\u2019exposition de dessins de presse au top !"},"content":{"rendered":"<p><img loading=\"lazy\" decoding=\"async\" class=\"alignleft size-medium wp-image-7911\" src=\"https:\/\/francois-pelletant.fr\/blog\/wp-content\/uploads\/2016\/12\/exposition_dessins_presse-300x220.jpg\" alt=\"image d'illustration d'une exposition de dessins de presse\" width=\"300\" height=\"220\" srcset=\"https:\/\/francois-pelletant.fr\/blog\/wp-content\/uploads\/2016\/12\/exposition_dessins_presse-300x220.jpg 300w, https:\/\/francois-pelletant.fr\/blog\/wp-content\/uploads\/2016\/12\/exposition_dessins_presse-1024x750.jpg 1024w, https:\/\/francois-pelletant.fr\/blog\/wp-content\/uploads\/2016\/12\/exposition_dessins_presse-768x562.jpg 768w, https:\/\/francois-pelletant.fr\/blog\/wp-content\/uploads\/2016\/12\/exposition_dessins_presse-600x439.jpg 600w, https:\/\/francois-pelletant.fr\/blog\/wp-content\/uploads\/2016\/12\/exposition_dessins_presse-1536x1125.jpg 1536w, https:\/\/francois-pelletant.fr\/blog\/wp-content\/uploads\/2016\/12\/exposition_dessins_presse-2048x1500.jpg 2048w\" sizes=\"auto, (max-width: 300px) 100vw, 300px\" \/>Grand succ\u00e8s de l\u2019exposition de <u><a href=\"https:\/\/francois-pelletant.fr\/blog\/visitez-mon-expo-des-dessins-de-presse-2016\/\" target=\"_blank\">dessins de presse<\/a><\/u> au QG <em><strong>Fran\u00e7ois Pelletant<\/strong><\/em> de Longjumeau\u00a0: de nombreux passants s&#8217;int\u00e9ressent \u00e0 la cinquantaine de dessins r\u00e9alis\u00e9s par des dessinateurs que je pr\u00e9sente en exposition de la vitrine.<\/p>\n<p>Ainsi, pour finir l&#8217;ann\u00e9e dans la bonne humeur, je propose \u00e0 ma permanence \u00e9lectorale \u00e0 Longjumeau (1 rue Maurice) une exposition en vitrine des meilleurs <a href=\"https:\/\/fr.wikipedia.org\/wiki\/Dessin_de_presse\" target=\"_blank\" rel=\"nofollow\">dessins de presse<\/a> de l&#8217;ann\u00e9e 2016 sous la forme de revue de presse. C&#8217;est aussi une fa\u00e7on de montrer qu&#8217;un d\u00e9put\u00e9 doit avoir de l\u2019humour.<\/p>\n<p>Le Journal le Parisien Essonne dat\u00e9 du 20 d\u00e9cembre 2016 a pr\u00e9sent\u00e9 cette exposition, vous pouvez retrouver l\u2019article complet sur le site du <a href=\"http:\/\/www.leparisien.fr\" target=\"_blank\" rel=\"nofollow\">www.leparisien.fr<\/a>.<\/p>\n<h3>Des reproductions issues du site pelletant.fr<\/h3>\n<p>Techniquement, cette revue de presse de l\u2019ann\u00e9e est pr\u00e9sent\u00e9e sous forme de reproduction des dessins originaux de ceux parus dans la presse au cours de l\u2019ann\u00e9e 2016. Les dessins de presse reproduits sont extraits de publication comme les journaux Le Monde, Le canard Enchain\u00e9, Marianne, Vsd, L\u2019Express, Le Nouvel Obs, le Parisien, l\u2019Equipe mais aussi de nombreux site et blogs Internet r\u00e9alis\u00e9s par des caricaturistes de talent.<\/p>\n<p>Sachez \u00e9galement que chaque dimanche, je vous propose sur mon blog Internet <u>http:\/\/www.francois-pelletant.fr<\/u>, une s\u00e9lection de dessins parus dans la presse.<\/p>\n<h3>La permanence du candidat Pelletant aux \u00e9lections l\u00e9gislatives 2017<\/h3>\n<p>Au cours de l\u2019ann\u00e9e, je vous propose dans ma permanence <em><strong>Fran\u00e7ois Pelletant<\/strong><\/em> \u00e0 Longjumeau des animations \/ expositions et rencontres. Cette revue de presse des dessins de l\u2019ann\u00e9e 2016 est une premi\u00e8re et sera suivie dans les semais qui viennent d\u2019autres \u00e9v\u00e9nements qui seront annonc\u00e9s sur le site Internet <a href=\"http:\/\/www.fp17.fr\" target=\"_blank\" rel=\"nofollow\">www.fp17.fr<\/a><\/p>\n<p>Au QG de Longjumeau, se d\u00e9roule les principales r\u00e9unions de campagne, ma permanence est agr\u00e9able, bien am\u00e9nag\u00e9e et tout est pr\u00e9vu pour travailler ou faire la f\u00eate.<\/p>\n","protected":false},"excerpt":{"rendered":"<p>Grand succ\u00e8s de l\u2019exposition de dessins de presse au QG Fran\u00e7ois Pelletant de Longjumeau\u00a0: de nombreux passants s&#8217;int\u00e9ressent \u00e0 la cinquantaine de dessins r\u00e9alis\u00e9s par des dessinateurs que je pr\u00e9sente en exposition de la vitrine. Ainsi, pour finir l&#8217;ann\u00e9e dans la bonne humeur, je propose \u00e0 ma permanence \u00e9lectorale \u00e0 Longjumeau (1 rue Maurice) une [&hellip;]<\/p>\n","protected":false},"author":1,"featured_media":7911,"comment_status":"open","ping_status":"closed","sticky":false,"template":"","format":"standard","meta":{"footnotes":""},"categories":[17],"tags":[],"class_list":["post-7910","post","type-post","status-publish","format-standard","has-post-thumbnail","hentry","category-prix-du-meilleur-dessin-de-presse"],"yoast_head":"<!-- This site is optimized with the Yoast SEO plugin v25.6 - https:\/\/yoast.com\/wordpress\/plugins\/seo\/ -->\n<title>L\u2019exposition de dessins de presse au top ! - Fran\u00e7ois Pelletant<\/title>\n<meta name=\"description\" content=\"Grand succ\u00e8s de l\u2019exposition de dessins de presse au QG Fran\u00e7ois Pelletant de Longjumeau : les dessins affich\u00e9s en vitrine attirent l&#039;oeil\" \/>\n<meta name=\"robots\" content=\"index, follow, max-snippet:-1, max-image-preview:large, max-video-preview:-1\" \/>\n<link rel=\"canonical\" href=\"https:\/\/francois-pelletant.fr\/blog\/exposition-dessins-presse-pelletant\/\" \/>\n<meta property=\"og:locale\" content=\"fr_FR\" \/>\n<meta property=\"og:type\" content=\"article\" \/>\n<meta property=\"og:title\" content=\"L\u2019exposition de dessins de presse au top ! - Fran\u00e7ois Pelletant\" \/>\n<meta property=\"og:description\" content=\"Grand succ\u00e8s de l\u2019exposition de dessins de presse au QG Fran\u00e7ois Pelletant de Longjumeau : les dessins affich\u00e9s en vitrine attirent l&#039;oeil\" \/>\n<meta property=\"og:url\" content=\"https:\/\/francois-pelletant.fr\/blog\/exposition-dessins-presse-pelletant\/\" \/>\n<meta property=\"og:site_name\" content=\"Fran\u00e7ois Pelletant\" \/>\n<meta property=\"article:publisher\" content=\"https:\/\/www.facebook.com\/francois.pelletant.7\" \/>\n<meta property=\"article:published_time\" content=\"2016-12-28T06:20:27+00:00\" \/>\n<meta property=\"article:modified_time\" content=\"2017-01-09T14:58:36+00:00\" \/>\n<meta property=\"og:image\" content=\"https:\/\/francois-pelletant.fr\/blog\/wp-content\/uploads\/2016\/12\/exposition_dessins_presse-scaled.jpg\" \/>\n\t<meta property=\"og:image:width\" content=\"2560\" \/>\n\t<meta property=\"og:image:height\" content=\"1875\" \/>\n\t<meta property=\"og:image:type\" content=\"image\/jpeg\" \/>\n<meta name=\"author\" content=\"Francois\" \/>\n<meta name=\"twitter:card\" content=\"summary_large_image\" \/>\n<meta name=\"twitter:creator\" content=\"@pelletant\" \/>\n<meta name=\"twitter:site\" content=\"@pelletant\" \/>\n<meta name=\"twitter:label1\" content=\"\u00c9crit par\" \/>\n\t<meta name=\"twitter:data1\" content=\"Francois\" \/>\n\t<meta name=\"twitter:label2\" content=\"Dur\u00e9e de lecture estim\u00e9e\" \/>\n\t<meta name=\"twitter:data2\" content=\"2 minutes\" \/>\n<script type=\"application\/ld+json\" class=\"yoast-schema-graph\">{\"@context\":\"https:\/\/schema.org\",\"@graph\":[{\"@type\":\"Article\",\"@id\":\"https:\/\/francois-pelletant.fr\/blog\/exposition-dessins-presse-pelletant\/#article\",\"isPartOf\":{\"@id\":\"https:\/\/francois-pelletant.fr\/blog\/exposition-dessins-presse-pelletant\/\"},\"author\":{\"name\":\"Francois\",\"@id\":\"https:\/\/francois-pelletant.fr\/blog\/#\/schema\/person\/2be41acb171dff8f31aaed1f40cee9f3\"},\"headline\":\"L\u2019exposition de dessins de presse au top !\",\"datePublished\":\"2016-12-28T06:20:27+00:00\",\"dateModified\":\"2017-01-09T14:58:36+00:00\",\"mainEntityOfPage\":{\"@id\":\"https:\/\/francois-pelletant.fr\/blog\/exposition-dessins-presse-pelletant\/\"},\"wordCount\":341,\"commentCount\":0,\"publisher\":{\"@id\":\"https:\/\/francois-pelletant.fr\/blog\/#organization\"},\"image\":{\"@id\":\"https:\/\/francois-pelletant.fr\/blog\/exposition-dessins-presse-pelletant\/#primaryimage\"},\"thumbnailUrl\":\"https:\/\/francois-pelletant.fr\/blog\/wp-content\/uploads\/2016\/12\/exposition_dessins_presse-scaled.jpg\",\"articleSection\":[\"Prix du meilleur dessin de presse\"],\"inLanguage\":\"fr-FR\",\"potentialAction\":[{\"@type\":\"CommentAction\",\"name\":\"Comment\",\"target\":[\"https:\/\/francois-pelletant.fr\/blog\/exposition-dessins-presse-pelletant\/#respond\"]}]},{\"@type\":\"WebPage\",\"@id\":\"https:\/\/francois-pelletant.fr\/blog\/exposition-dessins-presse-pelletant\/\",\"url\":\"https:\/\/francois-pelletant.fr\/blog\/exposition-dessins-presse-pelletant\/\",\"name\":\"L\u2019exposition de dessins de presse au top ! - Fran\u00e7ois Pelletant\",\"isPartOf\":{\"@id\":\"https:\/\/francois-pelletant.fr\/blog\/#website\"},\"primaryImageOfPage\":{\"@id\":\"https:\/\/francois-pelletant.fr\/blog\/exposition-dessins-presse-pelletant\/#primaryimage\"},\"image\":{\"@id\":\"https:\/\/francois-pelletant.fr\/blog\/exposition-dessins-presse-pelletant\/#primaryimage\"},\"thumbnailUrl\":\"https:\/\/francois-pelletant.fr\/blog\/wp-content\/uploads\/2016\/12\/exposition_dessins_presse-scaled.jpg\",\"datePublished\":\"2016-12-28T06:20:27+00:00\",\"dateModified\":\"2017-01-09T14:58:36+00:00\",\"description\":\"Grand succ\u00e8s de l\u2019exposition de dessins de presse au QG Fran\u00e7ois Pelletant de Longjumeau : les dessins affich\u00e9s en vitrine attirent l'oeil\",\"breadcrumb\":{\"@id\":\"https:\/\/francois-pelletant.fr\/blog\/exposition-dessins-presse-pelletant\/#breadcrumb\"},\"inLanguage\":\"fr-FR\",\"potentialAction\":[{\"@type\":\"ReadAction\",\"target\":[\"https:\/\/francois-pelletant.fr\/blog\/exposition-dessins-presse-pelletant\/\"]}]},{\"@type\":\"ImageObject\",\"inLanguage\":\"fr-FR\",\"@id\":\"https:\/\/francois-pelletant.fr\/blog\/exposition-dessins-presse-pelletant\/#primaryimage\",\"url\":\"https:\/\/francois-pelletant.fr\/blog\/wp-content\/uploads\/2016\/12\/exposition_dessins_presse-scaled.jpg\",\"contentUrl\":\"https:\/\/francois-pelletant.fr\/blog\/wp-content\/uploads\/2016\/12\/exposition_dessins_presse-scaled.jpg\",\"width\":2560,\"height\":1875,\"caption\":\"image d'illustration d'une exposition de dessins de presse\"},{\"@type\":\"BreadcrumbList\",\"@id\":\"https:\/\/francois-pelletant.fr\/blog\/exposition-dessins-presse-pelletant\/#breadcrumb\",\"itemListElement\":[{\"@type\":\"ListItem\",\"position\":1,\"name\":\"Accueil\",\"item\":\"https:\/\/francois-pelletant.fr\/blog\/\"},{\"@type\":\"ListItem\",\"position\":2,\"name\":\"L\u2019exposition de dessins de presse au top !\"}]},{\"@type\":\"WebSite\",\"@id\":\"https:\/\/francois-pelletant.fr\/blog\/#website\",\"url\":\"https:\/\/francois-pelletant.fr\/blog\/\",\"name\":\"Fran\u00e7ois Pelletant\",\"description\":\"Maire de Linas, pour toujours.\",\"publisher\":{\"@id\":\"https:\/\/francois-pelletant.fr\/blog\/#organization\"},\"potentialAction\":[{\"@type\":\"SearchAction\",\"target\":{\"@type\":\"EntryPoint\",\"urlTemplate\":\"https:\/\/francois-pelletant.fr\/blog\/?s={search_term_string}\"},\"query-input\":{\"@type\":\"PropertyValueSpecification\",\"valueRequired\":true,\"valueName\":\"search_term_string\"}}],\"inLanguage\":\"fr-FR\"},{\"@type\":\"Organization\",\"@id\":\"https:\/\/francois-pelletant.fr\/blog\/#organization\",\"name\":\"Fran\u00e7ois Pelletant\",\"url\":\"https:\/\/francois-pelletant.fr\/blog\/\",\"logo\":{\"@type\":\"ImageObject\",\"inLanguage\":\"fr-FR\",\"@id\":\"https:\/\/francois-pelletant.fr\/blog\/#\/schema\/logo\/image\/\",\"url\":\"https:\/\/francois-pelletant.fr\/blog\/wp-content\/uploads\/2024\/07\/icone-francois-centre-500p.png\",\"contentUrl\":\"https:\/\/francois-pelletant.fr\/blog\/wp-content\/uploads\/2024\/07\/icone-francois-centre-500p.png\",\"width\":559,\"height\":447,\"caption\":\"Fran\u00e7ois Pelletant\"},\"image\":{\"@id\":\"https:\/\/francois-pelletant.fr\/blog\/#\/schema\/logo\/image\/\"},\"sameAs\":[\"https:\/\/www.facebook.com\/francois.pelletant.7\",\"https:\/\/x.com\/pelletant\"]},{\"@type\":\"Person\",\"@id\":\"https:\/\/francois-pelletant.fr\/blog\/#\/schema\/person\/2be41acb171dff8f31aaed1f40cee9f3\",\"name\":\"Francois\"}]}<\/script>\n<!-- \/ Yoast SEO plugin. -->","yoast_head_json":{"title":"L\u2019exposition de dessins de presse au top ! - Fran\u00e7ois Pelletant","description":"Grand succ\u00e8s de l\u2019exposition de dessins de presse au QG Fran\u00e7ois Pelletant de Longjumeau : les dessins affich\u00e9s en vitrine attirent l'oeil","robots":{"index":"index","follow":"follow","max-snippet":"max-snippet:-1","max-image-preview":"max-image-preview:large","max-video-preview":"max-video-preview:-1"},"canonical":"https:\/\/francois-pelletant.fr\/blog\/exposition-dessins-presse-pelletant\/","og_locale":"fr_FR","og_type":"article","og_title":"L\u2019exposition de dessins de presse au top ! - Fran\u00e7ois Pelletant","og_description":"Grand succ\u00e8s de l\u2019exposition de dessins de presse au QG Fran\u00e7ois Pelletant de Longjumeau : les dessins affich\u00e9s en vitrine attirent l'oeil","og_url":"https:\/\/francois-pelletant.fr\/blog\/exposition-dessins-presse-pelletant\/","og_site_name":"Fran\u00e7ois Pelletant","article_publisher":"https:\/\/www.facebook.com\/francois.pelletant.7","article_published_time":"2016-12-28T06:20:27+00:00","article_modified_time":"2017-01-09T14:58:36+00:00","og_image":[{"width":2560,"height":1875,"url":"https:\/\/francois-pelletant.fr\/blog\/wp-content\/uploads\/2016\/12\/exposition_dessins_presse-scaled.jpg","type":"image\/jpeg"}],"author":"Francois","twitter_card":"summary_large_image","twitter_creator":"@pelletant","twitter_site":"@pelletant","twitter_misc":{"\u00c9crit par":"Francois","Dur\u00e9e de lecture estim\u00e9e":"2 minutes"},"schema":{"@context":"https:\/\/schema.org","@graph":[{"@type":"Article","@id":"https:\/\/francois-pelletant.fr\/blog\/exposition-dessins-presse-pelletant\/#article","isPartOf":{"@id":"https:\/\/francois-pelletant.fr\/blog\/exposition-dessins-presse-pelletant\/"},"author":{"name":"Francois","@id":"https:\/\/francois-pelletant.fr\/blog\/#\/schema\/person\/2be41acb171dff8f31aaed1f40cee9f3"},"headline":"L\u2019exposition de dessins de presse au top !","datePublished":"2016-12-28T06:20:27+00:00","dateModified":"2017-01-09T14:58:36+00:00","mainEntityOfPage":{"@id":"https:\/\/francois-pelletant.fr\/blog\/exposition-dessins-presse-pelletant\/"},"wordCount":341,"commentCount":0,"publisher":{"@id":"https:\/\/francois-pelletant.fr\/blog\/#organization"},"image":{"@id":"https:\/\/francois-pelletant.fr\/blog\/exposition-dessins-presse-pelletant\/#primaryimage"},"thumbnailUrl":"https:\/\/francois-pelletant.fr\/blog\/wp-content\/uploads\/2016\/12\/exposition_dessins_presse-scaled.jpg","articleSection":["Prix du meilleur dessin de presse"],"inLanguage":"fr-FR","potentialAction":[{"@type":"CommentAction","name":"Comment","target":["https:\/\/francois-pelletant.fr\/blog\/exposition-dessins-presse-pelletant\/#respond"]}]},{"@type":"WebPage","@id":"https:\/\/francois-pelletant.fr\/blog\/exposition-dessins-presse-pelletant\/","url":"https:\/\/francois-pelletant.fr\/blog\/exposition-dessins-presse-pelletant\/","name":"L\u2019exposition de dessins de presse au top ! - Fran\u00e7ois Pelletant","isPartOf":{"@id":"https:\/\/francois-pelletant.fr\/blog\/#website"},"primaryImageOfPage":{"@id":"https:\/\/francois-pelletant.fr\/blog\/exposition-dessins-presse-pelletant\/#primaryimage"},"image":{"@id":"https:\/\/francois-pelletant.fr\/blog\/exposition-dessins-presse-pelletant\/#primaryimage"},"thumbnailUrl":"https:\/\/francois-pelletant.fr\/blog\/wp-content\/uploads\/2016\/12\/exposition_dessins_presse-scaled.jpg","datePublished":"2016-12-28T06:20:27+00:00","dateModified":"2017-01-09T14:58:36+00:00","description":"Grand succ\u00e8s de l\u2019exposition de dessins de presse au QG Fran\u00e7ois Pelletant de Longjumeau : les dessins affich\u00e9s en vitrine attirent l'oeil","breadcrumb":{"@id":"https:\/\/francois-pelletant.fr\/blog\/exposition-dessins-presse-pelletant\/#breadcrumb"},"inLanguage":"fr-FR","potentialAction":[{"@type":"ReadAction","target":["https:\/\/francois-pelletant.fr\/blog\/exposition-dessins-presse-pelletant\/"]}]},{"@type":"ImageObject","inLanguage":"fr-FR","@id":"https:\/\/francois-pelletant.fr\/blog\/exposition-dessins-presse-pelletant\/#primaryimage","url":"https:\/\/francois-pelletant.fr\/blog\/wp-content\/uploads\/2016\/12\/exposition_dessins_presse-scaled.jpg","contentUrl":"https:\/\/francois-pelletant.fr\/blog\/wp-content\/uploads\/2016\/12\/exposition_dessins_presse-scaled.jpg","width":2560,"height":1875,"caption":"image d'illustration d'une exposition de dessins de presse"},{"@type":"BreadcrumbList","@id":"https:\/\/francois-pelletant.fr\/blog\/exposition-dessins-presse-pelletant\/#breadcrumb","itemListElement":[{"@type":"ListItem","position":1,"name":"Accueil","item":"https:\/\/francois-pelletant.fr\/blog\/"},{"@type":"ListItem","position":2,"name":"L\u2019exposition de dessins de presse au top !"}]},{"@type":"WebSite","@id":"https:\/\/francois-pelletant.fr\/blog\/#website","url":"https:\/\/francois-pelletant.fr\/blog\/","name":"Fran\u00e7ois Pelletant","description":"Maire de Linas, pour toujours.","publisher":{"@id":"https:\/\/francois-pelletant.fr\/blog\/#organization"},"potentialAction":[{"@type":"SearchAction","target":{"@type":"EntryPoint","urlTemplate":"https:\/\/francois-pelletant.fr\/blog\/?s={search_term_string}"},"query-input":{"@type":"PropertyValueSpecification","valueRequired":true,"valueName":"search_term_string"}}],"inLanguage":"fr-FR"},{"@type":"Organization","@id":"https:\/\/francois-pelletant.fr\/blog\/#organization","name":"Fran\u00e7ois Pelletant","url":"https:\/\/francois-pelletant.fr\/blog\/","logo":{"@type":"ImageObject","inLanguage":"fr-FR","@id":"https:\/\/francois-pelletant.fr\/blog\/#\/schema\/logo\/image\/","url":"https:\/\/francois-pelletant.fr\/blog\/wp-content\/uploads\/2024\/07\/icone-francois-centre-500p.png","contentUrl":"https:\/\/francois-pelletant.fr\/blog\/wp-content\/uploads\/2024\/07\/icone-francois-centre-500p.png","width":559,"height":447,"caption":"Fran\u00e7ois Pelletant"},"image":{"@id":"https:\/\/francois-pelletant.fr\/blog\/#\/schema\/logo\/image\/"},"sameAs":["https:\/\/www.facebook.com\/francois.pelletant.7","https:\/\/x.com\/pelletant"]},{"@type":"Person","@id":"https:\/\/francois-pelletant.fr\/blog\/#\/schema\/person\/2be41acb171dff8f31aaed1f40cee9f3","name":"Francois"}]}},"_links":{"self":[{"href":"https:\/\/francois-pelletant.fr\/blog\/wp-json\/wp\/v2\/posts\/7910","targetHints":{"allow":["GET"]}}],"collection":[{"href":"https:\/\/francois-pelletant.fr\/blog\/wp-json\/wp\/v2\/posts"}],"about":[{"href":"https:\/\/francois-pelletant.fr\/blog\/wp-json\/wp\/v2\/types\/post"}],"author":[{"embeddable":true,"href":"https:\/\/francois-pelletant.fr\/blog\/wp-json\/wp\/v2\/users\/1"}],"replies":[{"embeddable":true,"href":"https:\/\/francois-pelletant.fr\/blog\/wp-json\/wp\/v2\/comments?post=7910"}],"version-history":[{"count":0,"href":"https:\/\/francois-pelletant.fr\/blog\/wp-json\/wp\/v2\/posts\/7910\/revisions"}],"wp:featuredmedia":[{"embeddable":true,"href":"https:\/\/francois-pelletant.fr\/blog\/wp-json\/wp\/v2\/media\/7911"}],"wp:attachment":[{"href":"https:\/\/francois-pelletant.fr\/blog\/wp-json\/wp\/v2\/media?parent=7910"}],"wp:term":[{"taxonomy":"category","embeddable":true,"href":"https:\/\/francois-pelletant.fr\/blog\/wp-json\/wp\/v2\/categories?post=7910"},{"taxonomy":"post_tag","embeddable":true,"href":"https:\/\/francois-pelletant.fr\/blog\/wp-json\/wp\/v2\/tags?post=7910"}],"curies":[{"name":"wp","href":"https:\/\/api.w.org\/{rel}","templated":true}]}}