{"id":7916,"date":"2016-12-29T08:33:22","date_gmt":"2016-12-29T08:33:22","guid":{"rendered":"https:\/\/francois-pelletant.fr\/blog\/?p=7916"},"modified":"2017-04-13T12:57:47","modified_gmt":"2017-04-13T12:57:47","slug":"concerts-opera-massy-1erjanvier2017","status":"publish","type":"post","link":"https:\/\/francois-pelletant.fr\/blog\/concerts-opera-massy-1erjanvier2017\/","title":{"rendered":"3 concerts de l&#8217;orchestre de l&#8217;op\u00e9ra de Massy le 1er janvier"},"content":{"rendered":"<p><img loading=\"lazy\" decoding=\"async\" class=\"alignleft size-medium wp-image-7917\" src=\"https:\/\/francois-pelletant.fr\/blog\/wp-content\/uploads\/2016\/12\/concert-nouvel-an-massy-2017-212x300.jpg\" alt=\"illustration concerts op\u00e9ra nouvel an massy 2017\" width=\"212\" height=\"300\" srcset=\"https:\/\/francois-pelletant.fr\/blog\/wp-content\/uploads\/2016\/12\/concert-nouvel-an-massy-2017-212x300.jpg 212w, https:\/\/francois-pelletant.fr\/blog\/wp-content\/uploads\/2016\/12\/concert-nouvel-an-massy-2017.jpg 256w\" sizes=\"auto, (max-width: 212px) 100vw, 212px\" \/>Pour commencer l&#8217;ann\u00e9e dans le partage et en musique, la <a href=\"https:\/\/fr.wikipedia.org\/wiki\/Communaut%C3%A9_d'agglom%C3%A9ration_Communaut%C3%A9_Paris-Saclay\" target=\"_blank\" rel=\"nofollow\">Communaut\u00e9 Paris-Saclay<\/a> vous invite, le 1er janvier, \u00e0 3 concerts de musique classique \u00e0 Massy, Longjumeau et Villebon-sur-Yvette. De quoi se mettre dans le bon tempo pour 2017 !<\/p>\n<p>C&#8217;est l&#8217;Orchestre de l&#8217;Op\u00e9ra de Massy qui donnera le \u00ab la \u00bb de cette nouvelle ann\u00e9e. Pour l&#8217;occasion, l&#8217;Orchestre partagera la sc\u00e8ne avec le Ch\u0153ur de l&#8217;Atelier et des ensembles instrumentaux et ch\u0153urs du territoire.<\/p>\n<p>Chaque ann\u00e9e, le Concert du Nouvel An rassemble un large public pour un moment convivial et festif. Tenue secr\u00e8te jusqu&#8217;au dernier moment, la programmation sera d\u00e9voil\u00e9e au fil des concerts. Seul le th\u00e8me autour des quatre \u00e9l\u00e9ments est annonc\u00e9 : cette ann\u00e9e, ce sera \u00ab le feu \u00bb.<\/p>\n<h5>Concerts du Nouvel An, dimanche 1er janvier :<\/h5>\n<p>11h \u00e0 l&#8217;Op\u00e9ra de Massy.<br \/>\n15h au Th\u00e9\u00e2tre de Longjumeau.<br \/>\n18h \u00e0 l&#8217;Espace Jacques-Brel de Villebon-sur-Yvette.<br \/>\nEntr\u00e9e gratuite, sans r\u00e9servation, dans la limite des places disponibles.<\/p>\n","protected":false},"excerpt":{"rendered":"<p>Pour commencer l&#8217;ann\u00e9e dans le partage et en musique, la Communaut\u00e9 Paris-Saclay vous invite, le 1er janvier, \u00e0 3 concerts de musique classique \u00e0 Massy, Longjumeau et Villebon-sur-Yvette. De quoi se mettre dans le bon tempo pour 2017 ! C&#8217;est l&#8217;Orchestre de l&#8217;Op\u00e9ra de Massy qui donnera le \u00ab la \u00bb de cette nouvelle ann\u00e9e. [&hellip;]<\/p>\n","protected":false},"author":1,"featured_media":7917,"comment_status":"open","ping_status":"closed","sticky":false,"template":"","format":"standard","meta":{"footnotes":""},"categories":[10],"tags":[],"class_list":["post-7916","post","type-post","status-publish","format-standard","has-post-thumbnail","hentry","category-1pelletant"],"yoast_head":"<!-- This site is optimized with the Yoast SEO plugin v25.6 - https:\/\/yoast.com\/wordpress\/plugins\/seo\/ -->\n<title>3 concerts de l&#039;orchestre de l&#039;op\u00e9ra de Massy le 1er janvier - Pelletant<\/title>\n<meta name=\"description\" content=\"3 concerts de l&#039;orchestre de l&#039;op\u00e9ra de Massy auront lieu pour f\u00eater la nouvelle ann\u00e9e le 1 janvier 2017 dans l&#039;agglom\u00e9ration de Paris-Saclay\" \/>\n<meta name=\"robots\" content=\"index, follow, max-snippet:-1, max-image-preview:large, max-video-preview:-1\" \/>\n<link rel=\"canonical\" href=\"https:\/\/francois-pelletant.fr\/blog\/concerts-opera-massy-1erjanvier2017\/\" \/>\n<meta property=\"og:locale\" content=\"fr_FR\" \/>\n<meta property=\"og:type\" content=\"article\" \/>\n<meta property=\"og:title\" content=\"3 concerts de l&#039;orchestre de l&#039;op\u00e9ra de Massy le 1er janvier - Pelletant\" \/>\n<meta property=\"og:description\" content=\"3 concerts de l&#039;orchestre de l&#039;op\u00e9ra de Massy auront lieu pour f\u00eater la nouvelle ann\u00e9e le 1 janvier 2017 dans l&#039;agglom\u00e9ration de Paris-Saclay\" \/>\n<meta property=\"og:url\" content=\"https:\/\/francois-pelletant.fr\/blog\/concerts-opera-massy-1erjanvier2017\/\" \/>\n<meta property=\"og:site_name\" content=\"Fran\u00e7ois Pelletant\" \/>\n<meta property=\"article:publisher\" content=\"https:\/\/www.facebook.com\/francois.pelletant.7\" \/>\n<meta property=\"article:published_time\" content=\"2016-12-29T08:33:22+00:00\" \/>\n<meta property=\"article:modified_time\" content=\"2017-04-13T12:57:47+00:00\" \/>\n<meta property=\"og:image\" content=\"https:\/\/francois-pelletant.fr\/blog\/wp-content\/uploads\/2016\/12\/concert-nouvel-an-massy-2017.jpg\" \/>\n\t<meta property=\"og:image:width\" content=\"256\" \/>\n\t<meta property=\"og:image:height\" content=\"363\" \/>\n\t<meta property=\"og:image:type\" content=\"image\/jpeg\" \/>\n<meta name=\"author\" content=\"Francois\" \/>\n<meta name=\"twitter:card\" content=\"summary_large_image\" \/>\n<meta name=\"twitter:creator\" content=\"@pelletant\" \/>\n<meta name=\"twitter:site\" content=\"@pelletant\" \/>\n<meta name=\"twitter:label1\" content=\"\u00c9crit par\" \/>\n\t<meta name=\"twitter:data1\" content=\"Francois\" \/>\n\t<meta name=\"twitter:label2\" content=\"Dur\u00e9e de lecture estim\u00e9e\" \/>\n\t<meta name=\"twitter:data2\" content=\"1 minute\" \/>\n<script type=\"application\/ld+json\" class=\"yoast-schema-graph\">{\"@context\":\"https:\/\/schema.org\",\"@graph\":[{\"@type\":\"Article\",\"@id\":\"https:\/\/francois-pelletant.fr\/blog\/concerts-opera-massy-1erjanvier2017\/#article\",\"isPartOf\":{\"@id\":\"https:\/\/francois-pelletant.fr\/blog\/concerts-opera-massy-1erjanvier2017\/\"},\"author\":{\"name\":\"Francois\",\"@id\":\"https:\/\/francois-pelletant.fr\/blog\/#\/schema\/person\/2be41acb171dff8f31aaed1f40cee9f3\"},\"headline\":\"3 concerts de l&#8217;orchestre de l&#8217;op\u00e9ra de Massy le 1er janvier\",\"datePublished\":\"2016-12-29T08:33:22+00:00\",\"dateModified\":\"2017-04-13T12:57:47+00:00\",\"mainEntityOfPage\":{\"@id\":\"https:\/\/francois-pelletant.fr\/blog\/concerts-opera-massy-1erjanvier2017\/\"},\"wordCount\":183,\"commentCount\":0,\"publisher\":{\"@id\":\"https:\/\/francois-pelletant.fr\/blog\/#organization\"},\"image\":{\"@id\":\"https:\/\/francois-pelletant.fr\/blog\/concerts-opera-massy-1erjanvier2017\/#primaryimage\"},\"thumbnailUrl\":\"https:\/\/francois-pelletant.fr\/blog\/wp-content\/uploads\/2016\/12\/concert-nouvel-an-massy-2017.jpg\",\"articleSection\":[\"Infos\"],\"inLanguage\":\"fr-FR\",\"potentialAction\":[{\"@type\":\"CommentAction\",\"name\":\"Comment\",\"target\":[\"https:\/\/francois-pelletant.fr\/blog\/concerts-opera-massy-1erjanvier2017\/#respond\"]}]},{\"@type\":\"WebPage\",\"@id\":\"https:\/\/francois-pelletant.fr\/blog\/concerts-opera-massy-1erjanvier2017\/\",\"url\":\"https:\/\/francois-pelletant.fr\/blog\/concerts-opera-massy-1erjanvier2017\/\",\"name\":\"3 concerts de l'orchestre de l'op\u00e9ra de Massy le 1er janvier - Pelletant\",\"isPartOf\":{\"@id\":\"https:\/\/francois-pelletant.fr\/blog\/#website\"},\"primaryImageOfPage\":{\"@id\":\"https:\/\/francois-pelletant.fr\/blog\/concerts-opera-massy-1erjanvier2017\/#primaryimage\"},\"image\":{\"@id\":\"https:\/\/francois-pelletant.fr\/blog\/concerts-opera-massy-1erjanvier2017\/#primaryimage\"},\"thumbnailUrl\":\"https:\/\/francois-pelletant.fr\/blog\/wp-content\/uploads\/2016\/12\/concert-nouvel-an-massy-2017.jpg\",\"datePublished\":\"2016-12-29T08:33:22+00:00\",\"dateModified\":\"2017-04-13T12:57:47+00:00\",\"description\":\"3 concerts de l'orchestre de l'op\u00e9ra de Massy auront lieu pour f\u00eater la nouvelle ann\u00e9e le 1 janvier 2017 dans l'agglom\u00e9ration de Paris-Saclay\",\"breadcrumb\":{\"@id\":\"https:\/\/francois-pelletant.fr\/blog\/concerts-opera-massy-1erjanvier2017\/#breadcrumb\"},\"inLanguage\":\"fr-FR\",\"potentialAction\":[{\"@type\":\"ReadAction\",\"target\":[\"https:\/\/francois-pelletant.fr\/blog\/concerts-opera-massy-1erjanvier2017\/\"]}]},{\"@type\":\"ImageObject\",\"inLanguage\":\"fr-FR\",\"@id\":\"https:\/\/francois-pelletant.fr\/blog\/concerts-opera-massy-1erjanvier2017\/#primaryimage\",\"url\":\"https:\/\/francois-pelletant.fr\/blog\/wp-content\/uploads\/2016\/12\/concert-nouvel-an-massy-2017.jpg\",\"contentUrl\":\"https:\/\/francois-pelletant.fr\/blog\/wp-content\/uploads\/2016\/12\/concert-nouvel-an-massy-2017.jpg\",\"width\":256,\"height\":363,\"caption\":\"concert-nouvel-an-massy-2017\"},{\"@type\":\"BreadcrumbList\",\"@id\":\"https:\/\/francois-pelletant.fr\/blog\/concerts-opera-massy-1erjanvier2017\/#breadcrumb\",\"itemListElement\":[{\"@type\":\"ListItem\",\"position\":1,\"name\":\"Accueil\",\"item\":\"https:\/\/francois-pelletant.fr\/blog\/\"},{\"@type\":\"ListItem\",\"position\":2,\"name\":\"3 concerts de l&#8217;orchestre de l&#8217;op\u00e9ra de Massy le 1er janvier\"}]},{\"@type\":\"WebSite\",\"@id\":\"https:\/\/francois-pelletant.fr\/blog\/#website\",\"url\":\"https:\/\/francois-pelletant.fr\/blog\/\",\"name\":\"Fran\u00e7ois Pelletant\",\"description\":\"Maire de Linas, pour toujours.\",\"publisher\":{\"@id\":\"https:\/\/francois-pelletant.fr\/blog\/#organization\"},\"potentialAction\":[{\"@type\":\"SearchAction\",\"target\":{\"@type\":\"EntryPoint\",\"urlTemplate\":\"https:\/\/francois-pelletant.fr\/blog\/?s={search_term_string}\"},\"query-input\":{\"@type\":\"PropertyValueSpecification\",\"valueRequired\":true,\"valueName\":\"search_term_string\"}}],\"inLanguage\":\"fr-FR\"},{\"@type\":\"Organization\",\"@id\":\"https:\/\/francois-pelletant.fr\/blog\/#organization\",\"name\":\"Fran\u00e7ois Pelletant\",\"url\":\"https:\/\/francois-pelletant.fr\/blog\/\",\"logo\":{\"@type\":\"ImageObject\",\"inLanguage\":\"fr-FR\",\"@id\":\"https:\/\/francois-pelletant.fr\/blog\/#\/schema\/logo\/image\/\",\"url\":\"https:\/\/francois-pelletant.fr\/blog\/wp-content\/uploads\/2024\/07\/icone-francois-centre-500p.png\",\"contentUrl\":\"https:\/\/francois-pelletant.fr\/blog\/wp-content\/uploads\/2024\/07\/icone-francois-centre-500p.png\",\"width\":559,\"height\":447,\"caption\":\"Fran\u00e7ois Pelletant\"},\"image\":{\"@id\":\"https:\/\/francois-pelletant.fr\/blog\/#\/schema\/logo\/image\/\"},\"sameAs\":[\"https:\/\/www.facebook.com\/francois.pelletant.7\",\"https:\/\/x.com\/pelletant\"]},{\"@type\":\"Person\",\"@id\":\"https:\/\/francois-pelletant.fr\/blog\/#\/schema\/person\/2be41acb171dff8f31aaed1f40cee9f3\",\"name\":\"Francois\"}]}<\/script>\n<!-- \/ Yoast SEO plugin. -->","yoast_head_json":{"title":"3 concerts de l'orchestre de l'op\u00e9ra de Massy le 1er janvier - Pelletant","description":"3 concerts de l'orchestre de l'op\u00e9ra de Massy auront lieu pour f\u00eater la nouvelle ann\u00e9e le 1 janvier 2017 dans l'agglom\u00e9ration de Paris-Saclay","robots":{"index":"index","follow":"follow","max-snippet":"max-snippet:-1","max-image-preview":"max-image-preview:large","max-video-preview":"max-video-preview:-1"},"canonical":"https:\/\/francois-pelletant.fr\/blog\/concerts-opera-massy-1erjanvier2017\/","og_locale":"fr_FR","og_type":"article","og_title":"3 concerts de l'orchestre de l'op\u00e9ra de Massy le 1er janvier - Pelletant","og_description":"3 concerts de l'orchestre de l'op\u00e9ra de Massy auront lieu pour f\u00eater la nouvelle ann\u00e9e le 1 janvier 2017 dans l'agglom\u00e9ration de Paris-Saclay","og_url":"https:\/\/francois-pelletant.fr\/blog\/concerts-opera-massy-1erjanvier2017\/","og_site_name":"Fran\u00e7ois Pelletant","article_publisher":"https:\/\/www.facebook.com\/francois.pelletant.7","article_published_time":"2016-12-29T08:33:22+00:00","article_modified_time":"2017-04-13T12:57:47+00:00","og_image":[{"width":256,"height":363,"url":"https:\/\/francois-pelletant.fr\/blog\/wp-content\/uploads\/2016\/12\/concert-nouvel-an-massy-2017.jpg","type":"image\/jpeg"}],"author":"Francois","twitter_card":"summary_large_image","twitter_creator":"@pelletant","twitter_site":"@pelletant","twitter_misc":{"\u00c9crit par":"Francois","Dur\u00e9e de lecture estim\u00e9e":"1 minute"},"schema":{"@context":"https:\/\/schema.org","@graph":[{"@type":"Article","@id":"https:\/\/francois-pelletant.fr\/blog\/concerts-opera-massy-1erjanvier2017\/#article","isPartOf":{"@id":"https:\/\/francois-pelletant.fr\/blog\/concerts-opera-massy-1erjanvier2017\/"},"author":{"name":"Francois","@id":"https:\/\/francois-pelletant.fr\/blog\/#\/schema\/person\/2be41acb171dff8f31aaed1f40cee9f3"},"headline":"3 concerts de l&#8217;orchestre de l&#8217;op\u00e9ra de Massy le 1er janvier","datePublished":"2016-12-29T08:33:22+00:00","dateModified":"2017-04-13T12:57:47+00:00","mainEntityOfPage":{"@id":"https:\/\/francois-pelletant.fr\/blog\/concerts-opera-massy-1erjanvier2017\/"},"wordCount":183,"commentCount":0,"publisher":{"@id":"https:\/\/francois-pelletant.fr\/blog\/#organization"},"image":{"@id":"https:\/\/francois-pelletant.fr\/blog\/concerts-opera-massy-1erjanvier2017\/#primaryimage"},"thumbnailUrl":"https:\/\/francois-pelletant.fr\/blog\/wp-content\/uploads\/2016\/12\/concert-nouvel-an-massy-2017.jpg","articleSection":["Infos"],"inLanguage":"fr-FR","potentialAction":[{"@type":"CommentAction","name":"Comment","target":["https:\/\/francois-pelletant.fr\/blog\/concerts-opera-massy-1erjanvier2017\/#respond"]}]},{"@type":"WebPage","@id":"https:\/\/francois-pelletant.fr\/blog\/concerts-opera-massy-1erjanvier2017\/","url":"https:\/\/francois-pelletant.fr\/blog\/concerts-opera-massy-1erjanvier2017\/","name":"3 concerts de l'orchestre de l'op\u00e9ra de Massy le 1er janvier - Pelletant","isPartOf":{"@id":"https:\/\/francois-pelletant.fr\/blog\/#website"},"primaryImageOfPage":{"@id":"https:\/\/francois-pelletant.fr\/blog\/concerts-opera-massy-1erjanvier2017\/#primaryimage"},"image":{"@id":"https:\/\/francois-pelletant.fr\/blog\/concerts-opera-massy-1erjanvier2017\/#primaryimage"},"thumbnailUrl":"https:\/\/francois-pelletant.fr\/blog\/wp-content\/uploads\/2016\/12\/concert-nouvel-an-massy-2017.jpg","datePublished":"2016-12-29T08:33:22+00:00","dateModified":"2017-04-13T12:57:47+00:00","description":"3 concerts de l'orchestre de l'op\u00e9ra de Massy auront lieu pour f\u00eater la nouvelle ann\u00e9e le 1 janvier 2017 dans l'agglom\u00e9ration de Paris-Saclay","breadcrumb":{"@id":"https:\/\/francois-pelletant.fr\/blog\/concerts-opera-massy-1erjanvier2017\/#breadcrumb"},"inLanguage":"fr-FR","potentialAction":[{"@type":"ReadAction","target":["https:\/\/francois-pelletant.fr\/blog\/concerts-opera-massy-1erjanvier2017\/"]}]},{"@type":"ImageObject","inLanguage":"fr-FR","@id":"https:\/\/francois-pelletant.fr\/blog\/concerts-opera-massy-1erjanvier2017\/#primaryimage","url":"https:\/\/francois-pelletant.fr\/blog\/wp-content\/uploads\/2016\/12\/concert-nouvel-an-massy-2017.jpg","contentUrl":"https:\/\/francois-pelletant.fr\/blog\/wp-content\/uploads\/2016\/12\/concert-nouvel-an-massy-2017.jpg","width":256,"height":363,"caption":"concert-nouvel-an-massy-2017"},{"@type":"BreadcrumbList","@id":"https:\/\/francois-pelletant.fr\/blog\/concerts-opera-massy-1erjanvier2017\/#breadcrumb","itemListElement":[{"@type":"ListItem","position":1,"name":"Accueil","item":"https:\/\/francois-pelletant.fr\/blog\/"},{"@type":"ListItem","position":2,"name":"3 concerts de l&#8217;orchestre de l&#8217;op\u00e9ra de Massy le 1er janvier"}]},{"@type":"WebSite","@id":"https:\/\/francois-pelletant.fr\/blog\/#website","url":"https:\/\/francois-pelletant.fr\/blog\/","name":"Fran\u00e7ois Pelletant","description":"Maire de Linas, pour toujours.","publisher":{"@id":"https:\/\/francois-pelletant.fr\/blog\/#organization"},"potentialAction":[{"@type":"SearchAction","target":{"@type":"EntryPoint","urlTemplate":"https:\/\/francois-pelletant.fr\/blog\/?s={search_term_string}"},"query-input":{"@type":"PropertyValueSpecification","valueRequired":true,"valueName":"search_term_string"}}],"inLanguage":"fr-FR"},{"@type":"Organization","@id":"https:\/\/francois-pelletant.fr\/blog\/#organization","name":"Fran\u00e7ois Pelletant","url":"https:\/\/francois-pelletant.fr\/blog\/","logo":{"@type":"ImageObject","inLanguage":"fr-FR","@id":"https:\/\/francois-pelletant.fr\/blog\/#\/schema\/logo\/image\/","url":"https:\/\/francois-pelletant.fr\/blog\/wp-content\/uploads\/2024\/07\/icone-francois-centre-500p.png","contentUrl":"https:\/\/francois-pelletant.fr\/blog\/wp-content\/uploads\/2024\/07\/icone-francois-centre-500p.png","width":559,"height":447,"caption":"Fran\u00e7ois Pelletant"},"image":{"@id":"https:\/\/francois-pelletant.fr\/blog\/#\/schema\/logo\/image\/"},"sameAs":["https:\/\/www.facebook.com\/francois.pelletant.7","https:\/\/x.com\/pelletant"]},{"@type":"Person","@id":"https:\/\/francois-pelletant.fr\/blog\/#\/schema\/person\/2be41acb171dff8f31aaed1f40cee9f3","name":"Francois"}]}},"_links":{"self":[{"href":"https:\/\/francois-pelletant.fr\/blog\/wp-json\/wp\/v2\/posts\/7916","targetHints":{"allow":["GET"]}}],"collection":[{"href":"https:\/\/francois-pelletant.fr\/blog\/wp-json\/wp\/v2\/posts"}],"about":[{"href":"https:\/\/francois-pelletant.fr\/blog\/wp-json\/wp\/v2\/types\/post"}],"author":[{"embeddable":true,"href":"https:\/\/francois-pelletant.fr\/blog\/wp-json\/wp\/v2\/users\/1"}],"replies":[{"embeddable":true,"href":"https:\/\/francois-pelletant.fr\/blog\/wp-json\/wp\/v2\/comments?post=7916"}],"version-history":[{"count":0,"href":"https:\/\/francois-pelletant.fr\/blog\/wp-json\/wp\/v2\/posts\/7916\/revisions"}],"wp:featuredmedia":[{"embeddable":true,"href":"https:\/\/francois-pelletant.fr\/blog\/wp-json\/wp\/v2\/media\/7917"}],"wp:attachment":[{"href":"https:\/\/francois-pelletant.fr\/blog\/wp-json\/wp\/v2\/media?parent=7916"}],"wp:term":[{"taxonomy":"category","embeddable":true,"href":"https:\/\/francois-pelletant.fr\/blog\/wp-json\/wp\/v2\/categories?post=7916"},{"taxonomy":"post_tag","embeddable":true,"href":"https:\/\/francois-pelletant.fr\/blog\/wp-json\/wp\/v2\/tags?post=7916"}],"curies":[{"name":"wp","href":"https:\/\/api.w.org\/{rel}","templated":true}]}}