{"id":7957,"date":"2016-12-30T09:37:23","date_gmt":"2016-12-30T09:37:23","guid":{"rendered":"https:\/\/francois-pelletant.fr\/blog\/?p=7957"},"modified":"2017-04-13T12:57:04","modified_gmt":"2017-04-13T12:57:04","slug":"fibre-optique-cables-edf-pelletant","status":"publish","type":"post","link":"https:\/\/francois-pelletant.fr\/blog\/fibre-optique-cables-edf-pelletant\/","title":{"rendered":"La fibre optique rencontre des c\u00e2bles EDF"},"content":{"rendered":"<h2><img loading=\"lazy\" decoding=\"async\" class=\"alignleft size-medium wp-image-7958\" src=\"https:\/\/francois-pelletant.fr\/blog\/wp-content\/uploads\/2016\/12\/fibre-optique_montlhery_incident_web-300x199.jpg\" alt=\"image d'illustration fibre optique montlhery incident c\u00e2bles edf\" width=\"300\" height=\"199\" srcset=\"https:\/\/francois-pelletant.fr\/blog\/wp-content\/uploads\/2016\/12\/fibre-optique_montlhery_incident_web-300x199.jpg 300w, https:\/\/francois-pelletant.fr\/blog\/wp-content\/uploads\/2016\/12\/fibre-optique_montlhery_incident_web-1024x680.jpg 1024w, https:\/\/francois-pelletant.fr\/blog\/wp-content\/uploads\/2016\/12\/fibre-optique_montlhery_incident_web-768x510.jpg 768w, https:\/\/francois-pelletant.fr\/blog\/wp-content\/uploads\/2016\/12\/fibre-optique_montlhery_incident_web-600x398.jpg 600w, https:\/\/francois-pelletant.fr\/blog\/wp-content\/uploads\/2016\/12\/fibre-optique_montlhery_incident_web.jpg 1029w\" sizes=\"auto, (max-width: 300px) 100vw, 300px\" \/>Des c\u00e2bles EDF lors de l&#8217;installation de la fibre optique.<\/h2>\n<p>Alors que nous installions des poteaux hauts de la <a href=\"https:\/\/fr.wikipedia.org\/wiki\/Fibre_optique\" target=\"_blank\" rel=\"nofollow\">fibre optique<\/a>, dans le chemin de la Ruelle des Bois \u00e0 Montlh\u00e9ry, notre machine de forage a rencontr\u00e9 malencontreusement des c\u00e2bles <a href=\"https:\/\/fr.wikipedia.org\/wiki\/%C3%89lectricit%C3%A9_de_France\" target=\"_blank\" rel=\"nofollow\">EDF<\/a> qui n\u2019avaient pas \u00e9t\u00e9 signal\u00e9s sur les plans de cette commune.<\/p>\n<p>Inutile de vous dire que cela a fait \u00ab\u00a0boum\u00a0\u00bb \u00a0mais comme nous mettons en place des forages s\u00e9curis\u00e9s, il n\u2019y a pas eu de dommages. Les r\u00e9parations ont \u00e9t\u00e9 effectu\u00e9es \u00a0et il n\u2019est pas impossible que nous rencontrions \u00e0 nouveau cette difficult\u00e9 \u00e0 la fois \u00e0 Montlh\u00e9ry mais aussi \u00e0 Marcoussis car les plans du passage sous le domaine public des c\u00e2bles EDF\u00a0qui nous ont \u00e9t\u00e9 transmis ne sont pas toujours\u00a0pas\u00a0\u00e0 jour.<\/p>\n<p><a href=\"https:\/\/francois-pelletant.fr\/blog\/2016\/12\/05\/des-nouvelles-du-tres-haut-debit\/\">Le point sur le haut d\u00e9bit<\/a><\/p>\n<p>Pour tout savoir et connaitre votre \u00e9ligibilit\u00e9 \u00e0 la vibre visitez la page d\u00e9di\u00e9e de mon blog <a href=\"http:\/\/pelletant.fr\/fibre\" target=\"_blank\" data-saferedirecturl=\"https:\/\/www.google.com\/url?hl=fr&amp;q=http:\/\/pelletant.fr\/fibre&amp;source=gmail&amp;ust=1488296007446000&amp;usg=AFQjCNGCLjMF_jhtx0mX9502BwvDSncc5Q\" rel=\"nofollow\">pelletant.fr\/fibre<\/a><\/p>\n<p>&nbsp;<\/p>\n","protected":false},"excerpt":{"rendered":"<p>Des c\u00e2bles EDF lors de l&#8217;installation de la fibre optique. Alors que nous installions des poteaux hauts de la fibre optique, dans le chemin de la Ruelle des Bois \u00e0 Montlh\u00e9ry, notre machine de forage a rencontr\u00e9 malencontreusement des c\u00e2bles EDF qui n\u2019avaient pas \u00e9t\u00e9 signal\u00e9s sur les plans de cette commune. Inutile de vous [&hellip;]<\/p>\n","protected":false},"author":1,"featured_media":7958,"comment_status":"open","ping_status":"closed","sticky":false,"template":"","format":"standard","meta":{"footnotes":""},"categories":[23],"tags":[],"class_list":["post-7957","post","type-post","status-publish","format-standard","has-post-thumbnail","hentry","category-thd"],"yoast_head":"<!-- This site is optimized with the Yoast SEO plugin v25.6 - https:\/\/yoast.com\/wordpress\/plugins\/seo\/ -->\n<title>La fibre optique rencontre des c\u00e2bles EDF - Fran\u00e7ois Pelletant<\/title>\n<meta name=\"description\" content=\"Probl\u00e8me lors des travaux pour l&#039;installation de la fibre optique \u00e0 Montlh\u00e9ry, car des c\u00e2bles EDF \u00e9taient pr\u00e9sents.\" \/>\n<meta name=\"robots\" content=\"index, follow, max-snippet:-1, max-image-preview:large, max-video-preview:-1\" \/>\n<link rel=\"canonical\" href=\"https:\/\/francois-pelletant.fr\/blog\/fibre-optique-cables-edf-pelletant\/\" \/>\n<meta property=\"og:locale\" content=\"fr_FR\" \/>\n<meta property=\"og:type\" content=\"article\" \/>\n<meta property=\"og:title\" content=\"La fibre optique rencontre des c\u00e2bles EDF - Fran\u00e7ois Pelletant\" \/>\n<meta property=\"og:description\" content=\"Probl\u00e8me lors des travaux pour l&#039;installation de la fibre optique \u00e0 Montlh\u00e9ry, car des c\u00e2bles EDF \u00e9taient pr\u00e9sents.\" \/>\n<meta property=\"og:url\" content=\"https:\/\/francois-pelletant.fr\/blog\/fibre-optique-cables-edf-pelletant\/\" \/>\n<meta property=\"og:site_name\" content=\"Fran\u00e7ois Pelletant\" \/>\n<meta property=\"article:publisher\" content=\"https:\/\/www.facebook.com\/francois.pelletant.7\" \/>\n<meta property=\"article:published_time\" content=\"2016-12-30T09:37:23+00:00\" \/>\n<meta property=\"article:modified_time\" content=\"2017-04-13T12:57:04+00:00\" \/>\n<meta property=\"og:image\" content=\"https:\/\/francois-pelletant.fr\/blog\/wp-content\/uploads\/2016\/12\/fibre-optique_montlhery_incident_web.jpg\" \/>\n\t<meta property=\"og:image:width\" content=\"1029\" \/>\n\t<meta property=\"og:image:height\" content=\"683\" \/>\n\t<meta property=\"og:image:type\" content=\"image\/jpeg\" \/>\n<meta name=\"author\" content=\"Francois\" \/>\n<meta name=\"twitter:card\" content=\"summary_large_image\" \/>\n<meta name=\"twitter:creator\" content=\"@pelletant\" \/>\n<meta name=\"twitter:site\" content=\"@pelletant\" \/>\n<meta name=\"twitter:label1\" content=\"\u00c9crit par\" \/>\n\t<meta name=\"twitter:data1\" content=\"Francois\" \/>\n\t<meta name=\"twitter:label2\" content=\"Dur\u00e9e de lecture estim\u00e9e\" \/>\n\t<meta name=\"twitter:data2\" content=\"1 minute\" \/>\n<script type=\"application\/ld+json\" class=\"yoast-schema-graph\">{\"@context\":\"https:\/\/schema.org\",\"@graph\":[{\"@type\":\"Article\",\"@id\":\"https:\/\/francois-pelletant.fr\/blog\/fibre-optique-cables-edf-pelletant\/#article\",\"isPartOf\":{\"@id\":\"https:\/\/francois-pelletant.fr\/blog\/fibre-optique-cables-edf-pelletant\/\"},\"author\":{\"name\":\"Francois\",\"@id\":\"https:\/\/francois-pelletant.fr\/blog\/#\/schema\/person\/2be41acb171dff8f31aaed1f40cee9f3\"},\"headline\":\"La fibre optique rencontre des c\u00e2bles EDF\",\"datePublished\":\"2016-12-30T09:37:23+00:00\",\"dateModified\":\"2017-04-13T12:57:04+00:00\",\"mainEntityOfPage\":{\"@id\":\"https:\/\/francois-pelletant.fr\/blog\/fibre-optique-cables-edf-pelletant\/\"},\"wordCount\":172,\"commentCount\":0,\"publisher\":{\"@id\":\"https:\/\/francois-pelletant.fr\/blog\/#organization\"},\"image\":{\"@id\":\"https:\/\/francois-pelletant.fr\/blog\/fibre-optique-cables-edf-pelletant\/#primaryimage\"},\"thumbnailUrl\":\"https:\/\/francois-pelletant.fr\/blog\/wp-content\/uploads\/2016\/12\/fibre-optique_montlhery_incident_web.jpg\",\"articleSection\":[\"Tr\u00e8s Haut D\u00e9bit\"],\"inLanguage\":\"fr-FR\",\"potentialAction\":[{\"@type\":\"CommentAction\",\"name\":\"Comment\",\"target\":[\"https:\/\/francois-pelletant.fr\/blog\/fibre-optique-cables-edf-pelletant\/#respond\"]}]},{\"@type\":\"WebPage\",\"@id\":\"https:\/\/francois-pelletant.fr\/blog\/fibre-optique-cables-edf-pelletant\/\",\"url\":\"https:\/\/francois-pelletant.fr\/blog\/fibre-optique-cables-edf-pelletant\/\",\"name\":\"La fibre optique rencontre des c\u00e2bles EDF - Fran\u00e7ois Pelletant\",\"isPartOf\":{\"@id\":\"https:\/\/francois-pelletant.fr\/blog\/#website\"},\"primaryImageOfPage\":{\"@id\":\"https:\/\/francois-pelletant.fr\/blog\/fibre-optique-cables-edf-pelletant\/#primaryimage\"},\"image\":{\"@id\":\"https:\/\/francois-pelletant.fr\/blog\/fibre-optique-cables-edf-pelletant\/#primaryimage\"},\"thumbnailUrl\":\"https:\/\/francois-pelletant.fr\/blog\/wp-content\/uploads\/2016\/12\/fibre-optique_montlhery_incident_web.jpg\",\"datePublished\":\"2016-12-30T09:37:23+00:00\",\"dateModified\":\"2017-04-13T12:57:04+00:00\",\"description\":\"Probl\u00e8me lors des travaux pour l'installation de la fibre optique \u00e0 Montlh\u00e9ry, car des c\u00e2bles EDF \u00e9taient pr\u00e9sents.\",\"breadcrumb\":{\"@id\":\"https:\/\/francois-pelletant.fr\/blog\/fibre-optique-cables-edf-pelletant\/#breadcrumb\"},\"inLanguage\":\"fr-FR\",\"potentialAction\":[{\"@type\":\"ReadAction\",\"target\":[\"https:\/\/francois-pelletant.fr\/blog\/fibre-optique-cables-edf-pelletant\/\"]}]},{\"@type\":\"ImageObject\",\"inLanguage\":\"fr-FR\",\"@id\":\"https:\/\/francois-pelletant.fr\/blog\/fibre-optique-cables-edf-pelletant\/#primaryimage\",\"url\":\"https:\/\/francois-pelletant.fr\/blog\/wp-content\/uploads\/2016\/12\/fibre-optique_montlhery_incident_web.jpg\",\"contentUrl\":\"https:\/\/francois-pelletant.fr\/blog\/wp-content\/uploads\/2016\/12\/fibre-optique_montlhery_incident_web.jpg\",\"width\":1029,\"height\":683,\"caption\":\"image d'illustration fibre-optique_montlhery_incident_web\"},{\"@type\":\"BreadcrumbList\",\"@id\":\"https:\/\/francois-pelletant.fr\/blog\/fibre-optique-cables-edf-pelletant\/#breadcrumb\",\"itemListElement\":[{\"@type\":\"ListItem\",\"position\":1,\"name\":\"Accueil\",\"item\":\"https:\/\/francois-pelletant.fr\/blog\/\"},{\"@type\":\"ListItem\",\"position\":2,\"name\":\"La fibre optique rencontre des c\u00e2bles EDF\"}]},{\"@type\":\"WebSite\",\"@id\":\"https:\/\/francois-pelletant.fr\/blog\/#website\",\"url\":\"https:\/\/francois-pelletant.fr\/blog\/\",\"name\":\"Fran\u00e7ois Pelletant\",\"description\":\"Maire de Linas, pour toujours.\",\"publisher\":{\"@id\":\"https:\/\/francois-pelletant.fr\/blog\/#organization\"},\"potentialAction\":[{\"@type\":\"SearchAction\",\"target\":{\"@type\":\"EntryPoint\",\"urlTemplate\":\"https:\/\/francois-pelletant.fr\/blog\/?s={search_term_string}\"},\"query-input\":{\"@type\":\"PropertyValueSpecification\",\"valueRequired\":true,\"valueName\":\"search_term_string\"}}],\"inLanguage\":\"fr-FR\"},{\"@type\":\"Organization\",\"@id\":\"https:\/\/francois-pelletant.fr\/blog\/#organization\",\"name\":\"Fran\u00e7ois Pelletant\",\"url\":\"https:\/\/francois-pelletant.fr\/blog\/\",\"logo\":{\"@type\":\"ImageObject\",\"inLanguage\":\"fr-FR\",\"@id\":\"https:\/\/francois-pelletant.fr\/blog\/#\/schema\/logo\/image\/\",\"url\":\"https:\/\/francois-pelletant.fr\/blog\/wp-content\/uploads\/2024\/07\/icone-francois-centre-500p.png\",\"contentUrl\":\"https:\/\/francois-pelletant.fr\/blog\/wp-content\/uploads\/2024\/07\/icone-francois-centre-500p.png\",\"width\":559,\"height\":447,\"caption\":\"Fran\u00e7ois Pelletant\"},\"image\":{\"@id\":\"https:\/\/francois-pelletant.fr\/blog\/#\/schema\/logo\/image\/\"},\"sameAs\":[\"https:\/\/www.facebook.com\/francois.pelletant.7\",\"https:\/\/x.com\/pelletant\"]},{\"@type\":\"Person\",\"@id\":\"https:\/\/francois-pelletant.fr\/blog\/#\/schema\/person\/2be41acb171dff8f31aaed1f40cee9f3\",\"name\":\"Francois\"}]}<\/script>\n<!-- \/ Yoast SEO plugin. -->","yoast_head_json":{"title":"La fibre optique rencontre des c\u00e2bles EDF - Fran\u00e7ois Pelletant","description":"Probl\u00e8me lors des travaux pour l'installation de la fibre optique \u00e0 Montlh\u00e9ry, car des c\u00e2bles EDF \u00e9taient pr\u00e9sents.","robots":{"index":"index","follow":"follow","max-snippet":"max-snippet:-1","max-image-preview":"max-image-preview:large","max-video-preview":"max-video-preview:-1"},"canonical":"https:\/\/francois-pelletant.fr\/blog\/fibre-optique-cables-edf-pelletant\/","og_locale":"fr_FR","og_type":"article","og_title":"La fibre optique rencontre des c\u00e2bles EDF - Fran\u00e7ois Pelletant","og_description":"Probl\u00e8me lors des travaux pour l'installation de la fibre optique \u00e0 Montlh\u00e9ry, car des c\u00e2bles EDF \u00e9taient pr\u00e9sents.","og_url":"https:\/\/francois-pelletant.fr\/blog\/fibre-optique-cables-edf-pelletant\/","og_site_name":"Fran\u00e7ois Pelletant","article_publisher":"https:\/\/www.facebook.com\/francois.pelletant.7","article_published_time":"2016-12-30T09:37:23+00:00","article_modified_time":"2017-04-13T12:57:04+00:00","og_image":[{"width":1029,"height":683,"url":"https:\/\/francois-pelletant.fr\/blog\/wp-content\/uploads\/2016\/12\/fibre-optique_montlhery_incident_web.jpg","type":"image\/jpeg"}],"author":"Francois","twitter_card":"summary_large_image","twitter_creator":"@pelletant","twitter_site":"@pelletant","twitter_misc":{"\u00c9crit par":"Francois","Dur\u00e9e de lecture estim\u00e9e":"1 minute"},"schema":{"@context":"https:\/\/schema.org","@graph":[{"@type":"Article","@id":"https:\/\/francois-pelletant.fr\/blog\/fibre-optique-cables-edf-pelletant\/#article","isPartOf":{"@id":"https:\/\/francois-pelletant.fr\/blog\/fibre-optique-cables-edf-pelletant\/"},"author":{"name":"Francois","@id":"https:\/\/francois-pelletant.fr\/blog\/#\/schema\/person\/2be41acb171dff8f31aaed1f40cee9f3"},"headline":"La fibre optique rencontre des c\u00e2bles EDF","datePublished":"2016-12-30T09:37:23+00:00","dateModified":"2017-04-13T12:57:04+00:00","mainEntityOfPage":{"@id":"https:\/\/francois-pelletant.fr\/blog\/fibre-optique-cables-edf-pelletant\/"},"wordCount":172,"commentCount":0,"publisher":{"@id":"https:\/\/francois-pelletant.fr\/blog\/#organization"},"image":{"@id":"https:\/\/francois-pelletant.fr\/blog\/fibre-optique-cables-edf-pelletant\/#primaryimage"},"thumbnailUrl":"https:\/\/francois-pelletant.fr\/blog\/wp-content\/uploads\/2016\/12\/fibre-optique_montlhery_incident_web.jpg","articleSection":["Tr\u00e8s Haut D\u00e9bit"],"inLanguage":"fr-FR","potentialAction":[{"@type":"CommentAction","name":"Comment","target":["https:\/\/francois-pelletant.fr\/blog\/fibre-optique-cables-edf-pelletant\/#respond"]}]},{"@type":"WebPage","@id":"https:\/\/francois-pelletant.fr\/blog\/fibre-optique-cables-edf-pelletant\/","url":"https:\/\/francois-pelletant.fr\/blog\/fibre-optique-cables-edf-pelletant\/","name":"La fibre optique rencontre des c\u00e2bles EDF - Fran\u00e7ois Pelletant","isPartOf":{"@id":"https:\/\/francois-pelletant.fr\/blog\/#website"},"primaryImageOfPage":{"@id":"https:\/\/francois-pelletant.fr\/blog\/fibre-optique-cables-edf-pelletant\/#primaryimage"},"image":{"@id":"https:\/\/francois-pelletant.fr\/blog\/fibre-optique-cables-edf-pelletant\/#primaryimage"},"thumbnailUrl":"https:\/\/francois-pelletant.fr\/blog\/wp-content\/uploads\/2016\/12\/fibre-optique_montlhery_incident_web.jpg","datePublished":"2016-12-30T09:37:23+00:00","dateModified":"2017-04-13T12:57:04+00:00","description":"Probl\u00e8me lors des travaux pour l'installation de la fibre optique \u00e0 Montlh\u00e9ry, car des c\u00e2bles EDF \u00e9taient pr\u00e9sents.","breadcrumb":{"@id":"https:\/\/francois-pelletant.fr\/blog\/fibre-optique-cables-edf-pelletant\/#breadcrumb"},"inLanguage":"fr-FR","potentialAction":[{"@type":"ReadAction","target":["https:\/\/francois-pelletant.fr\/blog\/fibre-optique-cables-edf-pelletant\/"]}]},{"@type":"ImageObject","inLanguage":"fr-FR","@id":"https:\/\/francois-pelletant.fr\/blog\/fibre-optique-cables-edf-pelletant\/#primaryimage","url":"https:\/\/francois-pelletant.fr\/blog\/wp-content\/uploads\/2016\/12\/fibre-optique_montlhery_incident_web.jpg","contentUrl":"https:\/\/francois-pelletant.fr\/blog\/wp-content\/uploads\/2016\/12\/fibre-optique_montlhery_incident_web.jpg","width":1029,"height":683,"caption":"image d'illustration fibre-optique_montlhery_incident_web"},{"@type":"BreadcrumbList","@id":"https:\/\/francois-pelletant.fr\/blog\/fibre-optique-cables-edf-pelletant\/#breadcrumb","itemListElement":[{"@type":"ListItem","position":1,"name":"Accueil","item":"https:\/\/francois-pelletant.fr\/blog\/"},{"@type":"ListItem","position":2,"name":"La fibre optique rencontre des c\u00e2bles EDF"}]},{"@type":"WebSite","@id":"https:\/\/francois-pelletant.fr\/blog\/#website","url":"https:\/\/francois-pelletant.fr\/blog\/","name":"Fran\u00e7ois Pelletant","description":"Maire de Linas, pour toujours.","publisher":{"@id":"https:\/\/francois-pelletant.fr\/blog\/#organization"},"potentialAction":[{"@type":"SearchAction","target":{"@type":"EntryPoint","urlTemplate":"https:\/\/francois-pelletant.fr\/blog\/?s={search_term_string}"},"query-input":{"@type":"PropertyValueSpecification","valueRequired":true,"valueName":"search_term_string"}}],"inLanguage":"fr-FR"},{"@type":"Organization","@id":"https:\/\/francois-pelletant.fr\/blog\/#organization","name":"Fran\u00e7ois Pelletant","url":"https:\/\/francois-pelletant.fr\/blog\/","logo":{"@type":"ImageObject","inLanguage":"fr-FR","@id":"https:\/\/francois-pelletant.fr\/blog\/#\/schema\/logo\/image\/","url":"https:\/\/francois-pelletant.fr\/blog\/wp-content\/uploads\/2024\/07\/icone-francois-centre-500p.png","contentUrl":"https:\/\/francois-pelletant.fr\/blog\/wp-content\/uploads\/2024\/07\/icone-francois-centre-500p.png","width":559,"height":447,"caption":"Fran\u00e7ois Pelletant"},"image":{"@id":"https:\/\/francois-pelletant.fr\/blog\/#\/schema\/logo\/image\/"},"sameAs":["https:\/\/www.facebook.com\/francois.pelletant.7","https:\/\/x.com\/pelletant"]},{"@type":"Person","@id":"https:\/\/francois-pelletant.fr\/blog\/#\/schema\/person\/2be41acb171dff8f31aaed1f40cee9f3","name":"Francois"}]}},"_links":{"self":[{"href":"https:\/\/francois-pelletant.fr\/blog\/wp-json\/wp\/v2\/posts\/7957","targetHints":{"allow":["GET"]}}],"collection":[{"href":"https:\/\/francois-pelletant.fr\/blog\/wp-json\/wp\/v2\/posts"}],"about":[{"href":"https:\/\/francois-pelletant.fr\/blog\/wp-json\/wp\/v2\/types\/post"}],"author":[{"embeddable":true,"href":"https:\/\/francois-pelletant.fr\/blog\/wp-json\/wp\/v2\/users\/1"}],"replies":[{"embeddable":true,"href":"https:\/\/francois-pelletant.fr\/blog\/wp-json\/wp\/v2\/comments?post=7957"}],"version-history":[{"count":0,"href":"https:\/\/francois-pelletant.fr\/blog\/wp-json\/wp\/v2\/posts\/7957\/revisions"}],"wp:featuredmedia":[{"embeddable":true,"href":"https:\/\/francois-pelletant.fr\/blog\/wp-json\/wp\/v2\/media\/7958"}],"wp:attachment":[{"href":"https:\/\/francois-pelletant.fr\/blog\/wp-json\/wp\/v2\/media?parent=7957"}],"wp:term":[{"taxonomy":"category","embeddable":true,"href":"https:\/\/francois-pelletant.fr\/blog\/wp-json\/wp\/v2\/categories?post=7957"},{"taxonomy":"post_tag","embeddable":true,"href":"https:\/\/francois-pelletant.fr\/blog\/wp-json\/wp\/v2\/tags?post=7957"}],"curies":[{"name":"wp","href":"https:\/\/api.w.org\/{rel}","templated":true}]}}