{"id":8010,"date":"2017-01-06T11:38:03","date_gmt":"2017-01-06T11:38:03","guid":{"rendered":"https:\/\/francois-pelletant.fr\/blog\/?p=8010"},"modified":"2017-04-13T12:07:11","modified_gmt":"2017-04-13T12:07:11","slug":"fibre-optique-limours-villages-alentours","status":"publish","type":"post","link":"https:\/\/francois-pelletant.fr\/blog\/fibre-optique-limours-villages-alentours\/","title":{"rendered":"La Fibre Optique pour Limours et villages alentour"},"content":{"rendered":"<h2>Tr\u00e8s Haut D\u00e9bit arrive \u00e0 Limours et villages alentour<\/h2>\n<p>Concernant le Tr\u00e8s Haut D\u00e9bit et comme je m&#8217;y suis engag\u00e9 aupr\u00e8s de Sylvain, qui m&#8217;avait interrog\u00e9 au nom de plusieurs entreprises et habitants, le 21 novembre,au sujet\u00a0de l&#8217;arriv\u00e9e de la fibre au sud de Paris-Saclay (Limours, Briis-sous-Forges&#8230;Courson Monteloup), je suis all\u00e9 \u00e0 la p\u00eache aux infos en activant mes r\u00e9seaux.<\/p>\n<p>En ce qui concerne cette partie sud du d\u00e9partement, elle sera normalement couverte par le Conseil D\u00e9partemental ; je rappelle que le bin\u00f4me de Conseillers D\u00e9partementaux de cette zone est Dany Boyer, et mon ami Dominique Echaroux qui ont brillamment remport\u00e9 les \u00e9lections d\u00e9partementales en 2015. Vous pouvez vous adresser \u00e0 eux pour plus de pr\u00e9cisions ainsi qu&#8217;au Vice-Pr\u00e9sident charg\u00e9 du THD, mon ami, Patrick Imbert. Le budget est de 120 millions d&#8217;euros dont 40 millions pay\u00e9s par le d\u00e9partement et le reste par les op\u00e9rateurs.<\/p>\n<h3>Afin de r\u00e9aliser l&#8217;am\u00e9nagement de la fibre, le Conseil D\u00e9partemental a cr\u00e9\u00e9 un syndicat mixte<\/h3>\n<p>Afin de r\u00e9aliser l&#8217;am\u00e9nagement de la fibre, le Conseil D\u00e9partemental a cr\u00e9\u00e9 un syndicat mixte, ce qui est la proc\u00e9dure normale et habituelle. Le march\u00e9 de travaux a \u00e9t\u00e9 lanc\u00e9 fin novembre et la proc\u00e9dure de DSP le 19 d\u00e9cembre (pr\u00e9s\u00e9lection des candidats). Le Dossier de Consultation des Entreprises sera publi\u00e9 mi -f\u00e9vrier. Tant que nous n&#8217;avons pas la r\u00e9ponse des entreprises et le choix d\u00e9finitif du syndicat, nous ne pouvons pas d\u00e9terminer la date pr\u00e9visionnelle d&#8217;ouverture de la fibre.<\/p>\n<h3>Il faut que\u00a0Limours et les communes environnantes soient prises en compte rapidement<\/h3>\n<p>De mon c\u00f4t\u00e9, je vais plaider au mieux pour que le secteur de Limours et des communes environnantes soit pris en compte rapidement. En effet, il y a sur Limours, un beau projet de &#8220;Cit\u00e9 du Cin\u00e9ma&#8221; (dont je vous parlerai plus tard), qui n\u00e9cessite l&#8217;internet THD dans les meilleurs d\u00e9lais, \u00e0 des conditions favorable. Si la Fibre FTTH du d\u00e9partement \u00e9tait d\u00e9ploy\u00e9e dans le m\u00eame calendrier, cela permettrait de r\u00e9duire les co\u00fbts.<\/p>\n<p>Enfin, pour compl\u00e9ter ces informations, je vous transmets la copie des documents de consultation qui ont \u00e9t\u00e9 publi\u00e9s \u00e0 ce sujet. Je reste disponible et mobilis\u00e9 sur cette question car je sais que dans certains petits villages de ce secteur, les \u00e9lus sont en manque d&#8217;informations et de comp\u00e9tences pour r\u00e9pondre correctement \u00e0 leurs habitants.<br \/>\nPour finir, je vous invite \u00e0 visiter la carte de l&#8217;observatoire france THD ci jointe : <a href=\"https:\/\/www.arcep.fr\/cartes-et-donnees\/nos-publications-chiffrees\/observatoire-des-abonnements-et-deploiements-du-haut-et-tres-haut-debit\/hd-thd-t2-2019.html\" target=\"_blank\" rel=\"nofollow\">https:\/\/observatoire.francethd.fr\/<\/a><\/p>\n<p><a href=\"https:\/\/www.arcep.fr\/cartes-et-donnees\/nos-publications-chiffrees\/observatoire-des-abonnements-et-deploiements-du-haut-et-tres-haut-debit\/hd-thd-t2-2019.html\" target=\"_blank\" rel=\"nofollow\"><img loading=\"lazy\" decoding=\"async\" class=\"aligncenter wp-image-8011 size-medium\" src=\"https:\/\/francois-pelletant.fr\/blog\/wp-content\/uploads\/2017\/01\/carte-debit-actuel-300x127.png\" alt=\"Carte du tr\u00e8s haut d\u00e9bit en France, centr\u00e9 sur le secteur de Limours.\" width=\"300\" height=\"127\" srcset=\"https:\/\/francois-pelletant.fr\/blog\/wp-content\/uploads\/2017\/01\/carte-debit-actuel-300x127.png 300w, https:\/\/francois-pelletant.fr\/blog\/wp-content\/uploads\/2017\/01\/carte-debit-actuel-1024x432.png 1024w, https:\/\/francois-pelletant.fr\/blog\/wp-content\/uploads\/2017\/01\/carte-debit-actuel-768x324.png 768w, https:\/\/francois-pelletant.fr\/blog\/wp-content\/uploads\/2017\/01\/carte-debit-actuel-600x253.png 600w, https:\/\/francois-pelletant.fr\/blog\/wp-content\/uploads\/2017\/01\/carte-debit-actuel-1536x648.png 1536w, https:\/\/francois-pelletant.fr\/blog\/wp-content\/uploads\/2017\/01\/carte-debit-actuel.png 1709w\" sizes=\"auto, (max-width: 300px) 100vw, 300px\" \/><\/a><\/p>\n<h5>Vous constaterez plusieurs choses:<\/h5>\n<p>-Ce secteur est sinistr\u00e9, le d\u00e9bit le plus important est 20 mb\/s comme au centre de Limours ou a cot\u00e9 des NRA de France T\u00e9l\u00e9com, sinon tous les communes plafonnent \u00e0 3 mb\/s. C&#8217;est catastrophique pour les habitants et les entreprises.<br \/>\n-Les villes bien desservies au nord comme Gometz-le-Chatel, \u00e9quip\u00e9e en fibre \u00e0 100 Mb\/s sont celles dont je m&#8217;occupe dans la communaut\u00e9 d&#8217;agglom\u00e9ration Paris-Saclay.<\/p>\n<h5>Documents de la consultation:<\/h5>\n<div><a href=\"https:\/\/francois-pelletant.fr\/blog\/wp-content\/uploads\/2017\/01\/boamp-liste-avis-5864f13be2101.pdf\" target=\"_blank\">https:\/\/francois-pelletant.fr\/blog\/fichiers FTTH.pdf<\/a><\/div>\n<div><a href=\"https:\/\/francois-pelletant.fr\/blog\/wp-content\/uploads\/2017\/01\/boamp-liste-avis-5864f13be2101.pdf\" target=\"_blank\">https:\/\/francois-pelletant.fr\/blog\/FTTH 3.pdf<\/a><\/div>\n<div><a href=\"https:\/\/francois-pelletant.fr\/blog\/wp-content\/uploads\/2017\/01\/boamp-avis-16-171197.pdf\" target=\"_blank\">https:\/\/francois-pelletant.fr\/blog\/FTTH2.pdf<\/a><\/div>\n<div><a href=\"https:\/\/francois-pelletant.fr\/blog\/wp-content\/uploads\/2017\/01\/2016-OJS248-455411-fr.pdf\" target=\"_blank\">https:\/\/francois-pelletant.fr\/blog\/FTTH4.pdf<\/a><\/div>\n<div><\/div>\n","protected":false},"excerpt":{"rendered":"<p>Tr\u00e8s Haut D\u00e9bit arrive \u00e0 Limours et villages alentour Concernant le Tr\u00e8s Haut D\u00e9bit et comme je m&#8217;y suis engag\u00e9 aupr\u00e8s de Sylvain, qui m&#8217;avait interrog\u00e9 au nom de plusieurs entreprises et habitants, le 21 novembre,au sujet\u00a0de l&#8217;arriv\u00e9e de la fibre au sud de Paris-Saclay (Limours, Briis-sous-Forges&#8230;Courson Monteloup), je suis all\u00e9 \u00e0 la p\u00eache aux [&hellip;]<\/p>\n","protected":false},"author":1,"featured_media":8011,"comment_status":"open","ping_status":"closed","sticky":false,"template":"","format":"standard","meta":{"footnotes":""},"categories":[10],"tags":[129,131,30,130,48],"class_list":["post-8010","post","type-post","status-publish","format-standard","has-post-thumbnail","hentry","category-1pelletant","tag-fibre","tag-fibre-optique","tag-linas","tag-optique","tag-pelletant"],"yoast_head":"<!-- This site is optimized with the Yoast SEO plugin v25.6 - https:\/\/yoast.com\/wordpress\/plugins\/seo\/ -->\n<title>La Fibre Optique pour Limours et villages alentours - Fran\u00e7ois Pelletant<\/title>\n<meta name=\"description\" content=\"Le projet THD pour Limours et les villages voisins. Le CG91 pr\u00e9pare l&#039;arriv\u00e9e de la Fibre optique via un syndicat mixte.\" \/>\n<meta name=\"robots\" content=\"index, follow, max-snippet:-1, max-image-preview:large, max-video-preview:-1\" \/>\n<link rel=\"canonical\" href=\"https:\/\/francois-pelletant.fr\/blog\/fibre-optique-limours-villages-alentours\/\" \/>\n<meta property=\"og:locale\" content=\"fr_FR\" \/>\n<meta property=\"og:type\" content=\"article\" \/>\n<meta property=\"og:title\" content=\"La Fibre Optique pour Limours et villages alentours - Fran\u00e7ois Pelletant\" \/>\n<meta property=\"og:description\" content=\"Le projet THD pour Limours et les villages voisins. Le CG91 pr\u00e9pare l&#039;arriv\u00e9e de la Fibre optique via un syndicat mixte.\" \/>\n<meta property=\"og:url\" content=\"https:\/\/francois-pelletant.fr\/blog\/fibre-optique-limours-villages-alentours\/\" \/>\n<meta property=\"og:site_name\" content=\"Fran\u00e7ois Pelletant\" \/>\n<meta property=\"article:publisher\" content=\"https:\/\/www.facebook.com\/francois.pelletant.7\" \/>\n<meta property=\"article:published_time\" content=\"2017-01-06T11:38:03+00:00\" \/>\n<meta property=\"article:modified_time\" content=\"2017-04-13T12:07:11+00:00\" \/>\n<meta property=\"og:image\" content=\"https:\/\/francois-pelletant.fr\/blog\/wp-content\/uploads\/2017\/01\/carte-debit-actuel.png\" \/>\n\t<meta property=\"og:image:width\" content=\"1709\" \/>\n\t<meta property=\"og:image:height\" content=\"721\" \/>\n\t<meta property=\"og:image:type\" content=\"image\/png\" \/>\n<meta name=\"author\" content=\"Francois\" \/>\n<meta name=\"twitter:card\" content=\"summary_large_image\" \/>\n<meta name=\"twitter:creator\" content=\"@pelletant\" \/>\n<meta name=\"twitter:site\" content=\"@pelletant\" \/>\n<meta name=\"twitter:label1\" content=\"\u00c9crit par\" \/>\n\t<meta name=\"twitter:data1\" content=\"Francois\" \/>\n\t<meta name=\"twitter:label2\" content=\"Dur\u00e9e de lecture estim\u00e9e\" \/>\n\t<meta name=\"twitter:data2\" content=\"3 minutes\" \/>\n<script type=\"application\/ld+json\" class=\"yoast-schema-graph\">{\"@context\":\"https:\/\/schema.org\",\"@graph\":[{\"@type\":\"Article\",\"@id\":\"https:\/\/francois-pelletant.fr\/blog\/fibre-optique-limours-villages-alentours\/#article\",\"isPartOf\":{\"@id\":\"https:\/\/francois-pelletant.fr\/blog\/fibre-optique-limours-villages-alentours\/\"},\"author\":{\"name\":\"Francois\",\"@id\":\"https:\/\/francois-pelletant.fr\/blog\/#\/schema\/person\/2be41acb171dff8f31aaed1f40cee9f3\"},\"headline\":\"La Fibre Optique pour Limours et villages alentour\",\"datePublished\":\"2017-01-06T11:38:03+00:00\",\"dateModified\":\"2017-04-13T12:07:11+00:00\",\"mainEntityOfPage\":{\"@id\":\"https:\/\/francois-pelletant.fr\/blog\/fibre-optique-limours-villages-alentours\/\"},\"wordCount\":563,\"commentCount\":2,\"publisher\":{\"@id\":\"https:\/\/francois-pelletant.fr\/blog\/#organization\"},\"image\":{\"@id\":\"https:\/\/francois-pelletant.fr\/blog\/fibre-optique-limours-villages-alentours\/#primaryimage\"},\"thumbnailUrl\":\"https:\/\/francois-pelletant.fr\/blog\/wp-content\/uploads\/2017\/01\/carte-debit-actuel.png\",\"keywords\":[\"fibre\",\"fibre optique\",\"Linas\",\"optique\",\"pelletant\"],\"articleSection\":[\"Infos\"],\"inLanguage\":\"fr-FR\",\"potentialAction\":[{\"@type\":\"CommentAction\",\"name\":\"Comment\",\"target\":[\"https:\/\/francois-pelletant.fr\/blog\/fibre-optique-limours-villages-alentours\/#respond\"]}]},{\"@type\":\"WebPage\",\"@id\":\"https:\/\/francois-pelletant.fr\/blog\/fibre-optique-limours-villages-alentours\/\",\"url\":\"https:\/\/francois-pelletant.fr\/blog\/fibre-optique-limours-villages-alentours\/\",\"name\":\"La Fibre Optique pour Limours et villages alentours - Fran\u00e7ois Pelletant\",\"isPartOf\":{\"@id\":\"https:\/\/francois-pelletant.fr\/blog\/#website\"},\"primaryImageOfPage\":{\"@id\":\"https:\/\/francois-pelletant.fr\/blog\/fibre-optique-limours-villages-alentours\/#primaryimage\"},\"image\":{\"@id\":\"https:\/\/francois-pelletant.fr\/blog\/fibre-optique-limours-villages-alentours\/#primaryimage\"},\"thumbnailUrl\":\"https:\/\/francois-pelletant.fr\/blog\/wp-content\/uploads\/2017\/01\/carte-debit-actuel.png\",\"datePublished\":\"2017-01-06T11:38:03+00:00\",\"dateModified\":\"2017-04-13T12:07:11+00:00\",\"description\":\"Le projet THD pour Limours et les villages voisins. Le CG91 pr\u00e9pare l'arriv\u00e9e de la Fibre optique via un syndicat mixte.\",\"breadcrumb\":{\"@id\":\"https:\/\/francois-pelletant.fr\/blog\/fibre-optique-limours-villages-alentours\/#breadcrumb\"},\"inLanguage\":\"fr-FR\",\"potentialAction\":[{\"@type\":\"ReadAction\",\"target\":[\"https:\/\/francois-pelletant.fr\/blog\/fibre-optique-limours-villages-alentours\/\"]}]},{\"@type\":\"ImageObject\",\"inLanguage\":\"fr-FR\",\"@id\":\"https:\/\/francois-pelletant.fr\/blog\/fibre-optique-limours-villages-alentours\/#primaryimage\",\"url\":\"https:\/\/francois-pelletant.fr\/blog\/wp-content\/uploads\/2017\/01\/carte-debit-actuel.png\",\"contentUrl\":\"https:\/\/francois-pelletant.fr\/blog\/wp-content\/uploads\/2017\/01\/carte-debit-actuel.png\",\"width\":1709,\"height\":721},{\"@type\":\"BreadcrumbList\",\"@id\":\"https:\/\/francois-pelletant.fr\/blog\/fibre-optique-limours-villages-alentours\/#breadcrumb\",\"itemListElement\":[{\"@type\":\"ListItem\",\"position\":1,\"name\":\"Accueil\",\"item\":\"https:\/\/francois-pelletant.fr\/blog\/\"},{\"@type\":\"ListItem\",\"position\":2,\"name\":\"La Fibre Optique pour Limours et villages alentour\"}]},{\"@type\":\"WebSite\",\"@id\":\"https:\/\/francois-pelletant.fr\/blog\/#website\",\"url\":\"https:\/\/francois-pelletant.fr\/blog\/\",\"name\":\"Fran\u00e7ois Pelletant\",\"description\":\"Maire de Linas, pour toujours.\",\"publisher\":{\"@id\":\"https:\/\/francois-pelletant.fr\/blog\/#organization\"},\"potentialAction\":[{\"@type\":\"SearchAction\",\"target\":{\"@type\":\"EntryPoint\",\"urlTemplate\":\"https:\/\/francois-pelletant.fr\/blog\/?s={search_term_string}\"},\"query-input\":{\"@type\":\"PropertyValueSpecification\",\"valueRequired\":true,\"valueName\":\"search_term_string\"}}],\"inLanguage\":\"fr-FR\"},{\"@type\":\"Organization\",\"@id\":\"https:\/\/francois-pelletant.fr\/blog\/#organization\",\"name\":\"Fran\u00e7ois Pelletant\",\"url\":\"https:\/\/francois-pelletant.fr\/blog\/\",\"logo\":{\"@type\":\"ImageObject\",\"inLanguage\":\"fr-FR\",\"@id\":\"https:\/\/francois-pelletant.fr\/blog\/#\/schema\/logo\/image\/\",\"url\":\"https:\/\/francois-pelletant.fr\/blog\/wp-content\/uploads\/2024\/07\/icone-francois-centre-500p.png\",\"contentUrl\":\"https:\/\/francois-pelletant.fr\/blog\/wp-content\/uploads\/2024\/07\/icone-francois-centre-500p.png\",\"width\":559,\"height\":447,\"caption\":\"Fran\u00e7ois Pelletant\"},\"image\":{\"@id\":\"https:\/\/francois-pelletant.fr\/blog\/#\/schema\/logo\/image\/\"},\"sameAs\":[\"https:\/\/www.facebook.com\/francois.pelletant.7\",\"https:\/\/x.com\/pelletant\"]},{\"@type\":\"Person\",\"@id\":\"https:\/\/francois-pelletant.fr\/blog\/#\/schema\/person\/2be41acb171dff8f31aaed1f40cee9f3\",\"name\":\"Francois\"}]}<\/script>\n<!-- \/ Yoast SEO plugin. -->","yoast_head_json":{"title":"La Fibre Optique pour Limours et villages alentours - Fran\u00e7ois Pelletant","description":"Le projet THD pour Limours et les villages voisins. Le CG91 pr\u00e9pare l'arriv\u00e9e de la Fibre optique via un syndicat mixte.","robots":{"index":"index","follow":"follow","max-snippet":"max-snippet:-1","max-image-preview":"max-image-preview:large","max-video-preview":"max-video-preview:-1"},"canonical":"https:\/\/francois-pelletant.fr\/blog\/fibre-optique-limours-villages-alentours\/","og_locale":"fr_FR","og_type":"article","og_title":"La Fibre Optique pour Limours et villages alentours - Fran\u00e7ois Pelletant","og_description":"Le projet THD pour Limours et les villages voisins. Le CG91 pr\u00e9pare l'arriv\u00e9e de la Fibre optique via un syndicat mixte.","og_url":"https:\/\/francois-pelletant.fr\/blog\/fibre-optique-limours-villages-alentours\/","og_site_name":"Fran\u00e7ois Pelletant","article_publisher":"https:\/\/www.facebook.com\/francois.pelletant.7","article_published_time":"2017-01-06T11:38:03+00:00","article_modified_time":"2017-04-13T12:07:11+00:00","og_image":[{"width":1709,"height":721,"url":"https:\/\/francois-pelletant.fr\/blog\/wp-content\/uploads\/2017\/01\/carte-debit-actuel.png","type":"image\/png"}],"author":"Francois","twitter_card":"summary_large_image","twitter_creator":"@pelletant","twitter_site":"@pelletant","twitter_misc":{"\u00c9crit par":"Francois","Dur\u00e9e de lecture estim\u00e9e":"3 minutes"},"schema":{"@context":"https:\/\/schema.org","@graph":[{"@type":"Article","@id":"https:\/\/francois-pelletant.fr\/blog\/fibre-optique-limours-villages-alentours\/#article","isPartOf":{"@id":"https:\/\/francois-pelletant.fr\/blog\/fibre-optique-limours-villages-alentours\/"},"author":{"name":"Francois","@id":"https:\/\/francois-pelletant.fr\/blog\/#\/schema\/person\/2be41acb171dff8f31aaed1f40cee9f3"},"headline":"La Fibre Optique pour Limours et villages alentour","datePublished":"2017-01-06T11:38:03+00:00","dateModified":"2017-04-13T12:07:11+00:00","mainEntityOfPage":{"@id":"https:\/\/francois-pelletant.fr\/blog\/fibre-optique-limours-villages-alentours\/"},"wordCount":563,"commentCount":2,"publisher":{"@id":"https:\/\/francois-pelletant.fr\/blog\/#organization"},"image":{"@id":"https:\/\/francois-pelletant.fr\/blog\/fibre-optique-limours-villages-alentours\/#primaryimage"},"thumbnailUrl":"https:\/\/francois-pelletant.fr\/blog\/wp-content\/uploads\/2017\/01\/carte-debit-actuel.png","keywords":["fibre","fibre optique","Linas","optique","pelletant"],"articleSection":["Infos"],"inLanguage":"fr-FR","potentialAction":[{"@type":"CommentAction","name":"Comment","target":["https:\/\/francois-pelletant.fr\/blog\/fibre-optique-limours-villages-alentours\/#respond"]}]},{"@type":"WebPage","@id":"https:\/\/francois-pelletant.fr\/blog\/fibre-optique-limours-villages-alentours\/","url":"https:\/\/francois-pelletant.fr\/blog\/fibre-optique-limours-villages-alentours\/","name":"La Fibre Optique pour Limours et villages alentours - Fran\u00e7ois Pelletant","isPartOf":{"@id":"https:\/\/francois-pelletant.fr\/blog\/#website"},"primaryImageOfPage":{"@id":"https:\/\/francois-pelletant.fr\/blog\/fibre-optique-limours-villages-alentours\/#primaryimage"},"image":{"@id":"https:\/\/francois-pelletant.fr\/blog\/fibre-optique-limours-villages-alentours\/#primaryimage"},"thumbnailUrl":"https:\/\/francois-pelletant.fr\/blog\/wp-content\/uploads\/2017\/01\/carte-debit-actuel.png","datePublished":"2017-01-06T11:38:03+00:00","dateModified":"2017-04-13T12:07:11+00:00","description":"Le projet THD pour Limours et les villages voisins. Le CG91 pr\u00e9pare l'arriv\u00e9e de la Fibre optique via un syndicat mixte.","breadcrumb":{"@id":"https:\/\/francois-pelletant.fr\/blog\/fibre-optique-limours-villages-alentours\/#breadcrumb"},"inLanguage":"fr-FR","potentialAction":[{"@type":"ReadAction","target":["https:\/\/francois-pelletant.fr\/blog\/fibre-optique-limours-villages-alentours\/"]}]},{"@type":"ImageObject","inLanguage":"fr-FR","@id":"https:\/\/francois-pelletant.fr\/blog\/fibre-optique-limours-villages-alentours\/#primaryimage","url":"https:\/\/francois-pelletant.fr\/blog\/wp-content\/uploads\/2017\/01\/carte-debit-actuel.png","contentUrl":"https:\/\/francois-pelletant.fr\/blog\/wp-content\/uploads\/2017\/01\/carte-debit-actuel.png","width":1709,"height":721},{"@type":"BreadcrumbList","@id":"https:\/\/francois-pelletant.fr\/blog\/fibre-optique-limours-villages-alentours\/#breadcrumb","itemListElement":[{"@type":"ListItem","position":1,"name":"Accueil","item":"https:\/\/francois-pelletant.fr\/blog\/"},{"@type":"ListItem","position":2,"name":"La Fibre Optique pour Limours et villages alentour"}]},{"@type":"WebSite","@id":"https:\/\/francois-pelletant.fr\/blog\/#website","url":"https:\/\/francois-pelletant.fr\/blog\/","name":"Fran\u00e7ois Pelletant","description":"Maire de Linas, pour toujours.","publisher":{"@id":"https:\/\/francois-pelletant.fr\/blog\/#organization"},"potentialAction":[{"@type":"SearchAction","target":{"@type":"EntryPoint","urlTemplate":"https:\/\/francois-pelletant.fr\/blog\/?s={search_term_string}"},"query-input":{"@type":"PropertyValueSpecification","valueRequired":true,"valueName":"search_term_string"}}],"inLanguage":"fr-FR"},{"@type":"Organization","@id":"https:\/\/francois-pelletant.fr\/blog\/#organization","name":"Fran\u00e7ois Pelletant","url":"https:\/\/francois-pelletant.fr\/blog\/","logo":{"@type":"ImageObject","inLanguage":"fr-FR","@id":"https:\/\/francois-pelletant.fr\/blog\/#\/schema\/logo\/image\/","url":"https:\/\/francois-pelletant.fr\/blog\/wp-content\/uploads\/2024\/07\/icone-francois-centre-500p.png","contentUrl":"https:\/\/francois-pelletant.fr\/blog\/wp-content\/uploads\/2024\/07\/icone-francois-centre-500p.png","width":559,"height":447,"caption":"Fran\u00e7ois Pelletant"},"image":{"@id":"https:\/\/francois-pelletant.fr\/blog\/#\/schema\/logo\/image\/"},"sameAs":["https:\/\/www.facebook.com\/francois.pelletant.7","https:\/\/x.com\/pelletant"]},{"@type":"Person","@id":"https:\/\/francois-pelletant.fr\/blog\/#\/schema\/person\/2be41acb171dff8f31aaed1f40cee9f3","name":"Francois"}]}},"_links":{"self":[{"href":"https:\/\/francois-pelletant.fr\/blog\/wp-json\/wp\/v2\/posts\/8010","targetHints":{"allow":["GET"]}}],"collection":[{"href":"https:\/\/francois-pelletant.fr\/blog\/wp-json\/wp\/v2\/posts"}],"about":[{"href":"https:\/\/francois-pelletant.fr\/blog\/wp-json\/wp\/v2\/types\/post"}],"author":[{"embeddable":true,"href":"https:\/\/francois-pelletant.fr\/blog\/wp-json\/wp\/v2\/users\/1"}],"replies":[{"embeddable":true,"href":"https:\/\/francois-pelletant.fr\/blog\/wp-json\/wp\/v2\/comments?post=8010"}],"version-history":[{"count":0,"href":"https:\/\/francois-pelletant.fr\/blog\/wp-json\/wp\/v2\/posts\/8010\/revisions"}],"wp:featuredmedia":[{"embeddable":true,"href":"https:\/\/francois-pelletant.fr\/blog\/wp-json\/wp\/v2\/media\/8011"}],"wp:attachment":[{"href":"https:\/\/francois-pelletant.fr\/blog\/wp-json\/wp\/v2\/media?parent=8010"}],"wp:term":[{"taxonomy":"category","embeddable":true,"href":"https:\/\/francois-pelletant.fr\/blog\/wp-json\/wp\/v2\/categories?post=8010"},{"taxonomy":"post_tag","embeddable":true,"href":"https:\/\/francois-pelletant.fr\/blog\/wp-json\/wp\/v2\/tags?post=8010"}],"curies":[{"name":"wp","href":"https:\/\/api.w.org\/{rel}","templated":true}]}}