{"id":8107,"date":"2017-01-10T09:25:33","date_gmt":"2017-01-10T09:25:33","guid":{"rendered":"https:\/\/francois-pelletant.fr\/blog\/?p=8107"},"modified":"2017-04-13T11:52:23","modified_gmt":"2017-04-13T11:52:23","slug":"linas-fibre-optique-arrive","status":"publish","type":"post","link":"https:\/\/francois-pelletant.fr\/blog\/linas-fibre-optique-arrive\/","title":{"rendered":"A Linas aussi, la fibre optique arrive"},"content":{"rendered":"<h2><img loading=\"lazy\" decoding=\"async\" class=\"alignleft size-medium wp-image-8109\" src=\"https:\/\/francois-pelletant.fr\/blog\/wp-content\/uploads\/2017\/01\/poteaux-linas-fibre-optique-web-300x199.jpg\" alt=\"poteaux-linas-fibre-optique-web\" width=\"300\" height=\"199\" srcset=\"https:\/\/francois-pelletant.fr\/blog\/wp-content\/uploads\/2017\/01\/poteaux-linas-fibre-optique-web-300x199.jpg 300w, https:\/\/francois-pelletant.fr\/blog\/wp-content\/uploads\/2017\/01\/poteaux-linas-fibre-optique-web-1024x680.jpg 1024w, https:\/\/francois-pelletant.fr\/blog\/wp-content\/uploads\/2017\/01\/poteaux-linas-fibre-optique-web-768x510.jpg 768w, https:\/\/francois-pelletant.fr\/blog\/wp-content\/uploads\/2017\/01\/poteaux-linas-fibre-optique-web-600x398.jpg 600w, https:\/\/francois-pelletant.fr\/blog\/wp-content\/uploads\/2017\/01\/poteaux-linas-fibre-optique-web.jpg 1029w\" sizes=\"auto, (max-width: 300px) 100vw, 300px\" \/>Bient\u00f4t la fibre optique \u00e0 Linas.<\/h2>\n<p>Cela\u00a0ne se voit pas mais la commune de Linas comme celles\u00a0de <a href=\"http:\/\/www.montlhery.fr\/\" target=\"_blank\" rel=\"nofollow\">Montlh\u00e9ry<\/a>, <a href=\"http:\/\/www.marcoussis.fr\/\" target=\"_blank\" rel=\"nofollow\">Marcoussis<\/a> et\u00a0<a href=\"http:\/\/www.mairie-villejust.fr\/\" target=\"_blank\" rel=\"nofollow\">Villejust<\/a> va\u00a0\u00eatre enti\u00e8rement quadrill\u00e9e par la <a href=\"https:\/\/fr.wikipedia.org\/wiki\/Fibre_optique\" target=\"_blank\" rel=\"nofollow\">fibre optique<\/a> pour pouvoir acheminer l\u2019<a href=\"https:\/\/fr.wikipedia.org\/wiki\/Acc%C3%A8s_%C3%A0_internet_%C3%A0_tr%C3%A8s_haut_d%C3%A9bit\" target=\"_blank\" rel=\"nofollow\">internet Tr\u00e8s Haut D\u00e9bit<\/a> jusqu\u2019\u00e0 chez vous. Nous allons poser 33 kilom\u00e8tres de fibre en souterrain et 23 kilom\u00e8tres en a\u00e9rien. Au moment o\u00f9 je r\u00e9dige cet article, 7% des c\u00e2bles qui doivent passer en a\u00e9rien,\u00a0accroch\u00e9s aux poteaux <a href=\"https:\/\/fr.wikipedia.org\/wiki\/Enedis\" target=\"_blank\" rel=\"nofollow\">Enedis<\/a> ou \u00e0 ceux de <a href=\"https:\/\/fr.wikipedia.org\/wiki\/France_T%C3%A9l%C3%A9com\" target=\"_blank\" rel=\"nofollow\">France T\u00e9l\u00e9com<\/a>, \u00a0ont \u00e9t\u00e9 r\u00e9alis\u00e9s. Nous avons commenc\u00e9 la pose en a\u00e9rien \u00e0 partir du 12 d\u00e9cembre dernier, nous avan\u00e7ons \u00e0 un rythme de 6 poteaux par jour et avons 80 poteaux \u00e0 poser. Faites le calcul, nous devrions avoir termin\u00e9 dans le courant du mois de janvier.<\/p>\n<p>Pour la pose des poteaux sur les communes de Linas, Montlh\u00e9ry et Marcoussis, nous avons fait appel \u00e0 3 entreprises diff\u00e9rentes afin\u00a0que les chantiers avancent\u00a0simultan\u00e9ment\u00a0(en m\u00eame temps). Si nous\u00a0devions rencontrer des impr\u00e9vus sur une commune, \u00a0cela n\u2019aura donc\u00a0pas de r\u00e9percussion sur les autres.<\/p>\n<p>&nbsp;<\/p>\n<p>Pour ceux que le d\u00e9ploiement de la Fibre Optique int\u00e9resse, vous trouverez\u00a0ci-dessous un extrait du bilan de la d\u00e9l\u00e9gation de service public TUTOR . Quelques soit vos\u00a0questions n\u2019h\u00e9sitez pas.<\/p>\n<p>Pour tout savoir et connaitre votre \u00e9ligibilit\u00e9 \u00e0 la vibre visitez la page d\u00e9di\u00e9e de mon blog <a href=\"http:\/\/pelletant.fr\/fibre\" target=\"_blank\" data-saferedirecturl=\"https:\/\/www.google.com\/url?hl=fr&amp;q=http:\/\/pelletant.fr\/fibre&amp;source=gmail&amp;ust=1488296007446000&amp;usg=AFQjCNGCLjMF_jhtx0mX9502BwvDSncc5Q\" rel=\"nofollow\">pelletant.fr\/fibre<\/a><\/p>\n<h6><em>Les perspectives :<\/em><\/h6>\n<h6><em>Le lancement de d\u00e9ploiement de la phase 4 a \u00e9t\u00e9 notifi\u00e9 au d\u00e9l\u00e9gataire par le SIPPEREC le 19 mai 2015. Cette nouvelle phase porte sur un investissement de 5,8 M\u20ac, soutenu \u00e0 hauteur de 4 M\u20ac de participation publique. A minima 10.300 logements suppl\u00e9mentaires et 2.400 entreprises seront desservis dans les 24 mois suivant la notification.<\/em><\/h6>\n<h6><em>Essor de l\u2019activit\u00e9 commerciale \u00e0 destination du grand public, notamment avec la mise en service du r\u00e9seau sur les villes de la phase 3. Pour dynamiser l\u2019activit\u00e9, Tutor envisage de d\u00e9velopper des actions de proximit\u00e9 (mailing, distribution de documents de pr\u00e9-commercialisation, pose de plaquettes d\u2019information, mise \u00e0 disposition de flyers aupr\u00e8s des mairies et EPCI concern\u00e9s\u2026).<\/em><\/h6>\n<h6><em>Sur le plan du march\u00e9 professionnel, Tutor pr\u00e9voit de d\u00e9velopper l\u2019activit\u00e9 \u00ab FTTH Pro \u00bb, faciliter l\u2019arriver d\u2019une vingtaine d\u2019op\u00e9rateurs suppl\u00e9mentaires et ainsi compenser la baisse d\u2019activit\u00e9 de SFR Business Team, accompagner les collectivit\u00e9s pour la mise en place de GFU dans le cadre du march\u00e9 RFED du SIPPEREC, contribuer au renforcement de la collaboration entre les RIP de l\u2019ex Plateau de Saclay et de l\u2019ex Europ\u2019Essonne pour g\u00e9n\u00e9rer de nouvelles opportunit\u00e9s commerciales\u2026<\/em><\/h6>\n<h6><em>Ces priorit\u00e9s doivent \u00eatre mises en perspectives dans le contexte nouveau de proc\u00e9dure de vente de Tutor \u00e0 Covage en cours de finalisation.<\/em><\/h6>\n<p>&nbsp;<\/p>\n","protected":false},"excerpt":{"rendered":"<p>Bient\u00f4t la fibre optique \u00e0 Linas. Cela\u00a0ne se voit pas mais la commune de Linas comme celles\u00a0de Montlh\u00e9ry, Marcoussis et\u00a0Villejust va\u00a0\u00eatre enti\u00e8rement quadrill\u00e9e par la fibre optique pour pouvoir acheminer l\u2019internet Tr\u00e8s Haut D\u00e9bit jusqu\u2019\u00e0 chez vous. Nous allons poser 33 kilom\u00e8tres de fibre en souterrain et 23 kilom\u00e8tres en a\u00e9rien. Au moment o\u00f9 je [&hellip;]<\/p>\n","protected":false},"author":1,"featured_media":8109,"comment_status":"open","ping_status":"closed","sticky":false,"template":"","format":"standard","meta":{"footnotes":""},"categories":[23],"tags":[],"class_list":["post-8107","post","type-post","status-publish","format-standard","has-post-thumbnail","hentry","category-thd"],"yoast_head":"<!-- This site is optimized with the Yoast SEO plugin v25.6 - https:\/\/yoast.com\/wordpress\/plugins\/seo\/ -->\n<title>A Linas aussi, la fibre optique arrive - Fran\u00e7ois Pelletant<\/title>\n<meta name=\"description\" content=\"La fibre optique sera bient\u00f4t install\u00e9e dans la commune de Linas, vous-y retrouverez les d\u00e9tails du d\u00e9ploiement.\" \/>\n<meta name=\"robots\" content=\"index, follow, max-snippet:-1, max-image-preview:large, max-video-preview:-1\" \/>\n<link rel=\"canonical\" href=\"https:\/\/francois-pelletant.fr\/blog\/linas-fibre-optique-arrive\/\" \/>\n<meta property=\"og:locale\" content=\"fr_FR\" \/>\n<meta property=\"og:type\" content=\"article\" \/>\n<meta property=\"og:title\" content=\"A Linas aussi, la fibre optique arrive - Fran\u00e7ois Pelletant\" \/>\n<meta property=\"og:description\" content=\"La fibre optique sera bient\u00f4t install\u00e9e dans la commune de Linas, vous-y retrouverez les d\u00e9tails du d\u00e9ploiement.\" \/>\n<meta property=\"og:url\" content=\"https:\/\/francois-pelletant.fr\/blog\/linas-fibre-optique-arrive\/\" \/>\n<meta property=\"og:site_name\" content=\"Fran\u00e7ois Pelletant\" \/>\n<meta property=\"article:publisher\" content=\"https:\/\/www.facebook.com\/francois.pelletant.7\" \/>\n<meta property=\"article:published_time\" content=\"2017-01-10T09:25:33+00:00\" \/>\n<meta property=\"article:modified_time\" content=\"2017-04-13T11:52:23+00:00\" \/>\n<meta property=\"og:image\" content=\"https:\/\/francois-pelletant.fr\/blog\/wp-content\/uploads\/2017\/01\/poteaux-linas-fibre-optique-web.jpg\" \/>\n\t<meta property=\"og:image:width\" content=\"1029\" \/>\n\t<meta property=\"og:image:height\" content=\"683\" \/>\n\t<meta property=\"og:image:type\" content=\"image\/jpeg\" \/>\n<meta name=\"author\" content=\"Francois\" \/>\n<meta name=\"twitter:card\" content=\"summary_large_image\" \/>\n<meta name=\"twitter:creator\" content=\"@pelletant\" \/>\n<meta name=\"twitter:site\" content=\"@pelletant\" \/>\n<meta name=\"twitter:label1\" content=\"\u00c9crit par\" \/>\n\t<meta name=\"twitter:data1\" content=\"Francois\" \/>\n\t<meta name=\"twitter:label2\" content=\"Dur\u00e9e de lecture estim\u00e9e\" \/>\n\t<meta name=\"twitter:data2\" content=\"2 minutes\" \/>\n<script type=\"application\/ld+json\" class=\"yoast-schema-graph\">{\"@context\":\"https:\/\/schema.org\",\"@graph\":[{\"@type\":\"Article\",\"@id\":\"https:\/\/francois-pelletant.fr\/blog\/linas-fibre-optique-arrive\/#article\",\"isPartOf\":{\"@id\":\"https:\/\/francois-pelletant.fr\/blog\/linas-fibre-optique-arrive\/\"},\"author\":{\"name\":\"Francois\",\"@id\":\"https:\/\/francois-pelletant.fr\/blog\/#\/schema\/person\/2be41acb171dff8f31aaed1f40cee9f3\"},\"headline\":\"A Linas aussi, la fibre optique arrive\",\"datePublished\":\"2017-01-10T09:25:33+00:00\",\"dateModified\":\"2017-04-13T11:52:23+00:00\",\"mainEntityOfPage\":{\"@id\":\"https:\/\/francois-pelletant.fr\/blog\/linas-fibre-optique-arrive\/\"},\"wordCount\":480,\"commentCount\":5,\"publisher\":{\"@id\":\"https:\/\/francois-pelletant.fr\/blog\/#organization\"},\"image\":{\"@id\":\"https:\/\/francois-pelletant.fr\/blog\/linas-fibre-optique-arrive\/#primaryimage\"},\"thumbnailUrl\":\"https:\/\/francois-pelletant.fr\/blog\/wp-content\/uploads\/2017\/01\/poteaux-linas-fibre-optique-web.jpg\",\"articleSection\":[\"Tr\u00e8s Haut D\u00e9bit\"],\"inLanguage\":\"fr-FR\",\"potentialAction\":[{\"@type\":\"CommentAction\",\"name\":\"Comment\",\"target\":[\"https:\/\/francois-pelletant.fr\/blog\/linas-fibre-optique-arrive\/#respond\"]}]},{\"@type\":\"WebPage\",\"@id\":\"https:\/\/francois-pelletant.fr\/blog\/linas-fibre-optique-arrive\/\",\"url\":\"https:\/\/francois-pelletant.fr\/blog\/linas-fibre-optique-arrive\/\",\"name\":\"A Linas aussi, la fibre optique arrive - Fran\u00e7ois Pelletant\",\"isPartOf\":{\"@id\":\"https:\/\/francois-pelletant.fr\/blog\/#website\"},\"primaryImageOfPage\":{\"@id\":\"https:\/\/francois-pelletant.fr\/blog\/linas-fibre-optique-arrive\/#primaryimage\"},\"image\":{\"@id\":\"https:\/\/francois-pelletant.fr\/blog\/linas-fibre-optique-arrive\/#primaryimage\"},\"thumbnailUrl\":\"https:\/\/francois-pelletant.fr\/blog\/wp-content\/uploads\/2017\/01\/poteaux-linas-fibre-optique-web.jpg\",\"datePublished\":\"2017-01-10T09:25:33+00:00\",\"dateModified\":\"2017-04-13T11:52:23+00:00\",\"description\":\"La fibre optique sera bient\u00f4t install\u00e9e dans la commune de Linas, vous-y retrouverez les d\u00e9tails du d\u00e9ploiement.\",\"breadcrumb\":{\"@id\":\"https:\/\/francois-pelletant.fr\/blog\/linas-fibre-optique-arrive\/#breadcrumb\"},\"inLanguage\":\"fr-FR\",\"potentialAction\":[{\"@type\":\"ReadAction\",\"target\":[\"https:\/\/francois-pelletant.fr\/blog\/linas-fibre-optique-arrive\/\"]}]},{\"@type\":\"ImageObject\",\"inLanguage\":\"fr-FR\",\"@id\":\"https:\/\/francois-pelletant.fr\/blog\/linas-fibre-optique-arrive\/#primaryimage\",\"url\":\"https:\/\/francois-pelletant.fr\/blog\/wp-content\/uploads\/2017\/01\/poteaux-linas-fibre-optique-web.jpg\",\"contentUrl\":\"https:\/\/francois-pelletant.fr\/blog\/wp-content\/uploads\/2017\/01\/poteaux-linas-fibre-optique-web.jpg\",\"width\":1029,\"height\":683},{\"@type\":\"BreadcrumbList\",\"@id\":\"https:\/\/francois-pelletant.fr\/blog\/linas-fibre-optique-arrive\/#breadcrumb\",\"itemListElement\":[{\"@type\":\"ListItem\",\"position\":1,\"name\":\"Accueil\",\"item\":\"https:\/\/francois-pelletant.fr\/blog\/\"},{\"@type\":\"ListItem\",\"position\":2,\"name\":\"A Linas aussi, la fibre optique arrive\"}]},{\"@type\":\"WebSite\",\"@id\":\"https:\/\/francois-pelletant.fr\/blog\/#website\",\"url\":\"https:\/\/francois-pelletant.fr\/blog\/\",\"name\":\"Fran\u00e7ois Pelletant\",\"description\":\"Maire de Linas, pour toujours.\",\"publisher\":{\"@id\":\"https:\/\/francois-pelletant.fr\/blog\/#organization\"},\"potentialAction\":[{\"@type\":\"SearchAction\",\"target\":{\"@type\":\"EntryPoint\",\"urlTemplate\":\"https:\/\/francois-pelletant.fr\/blog\/?s={search_term_string}\"},\"query-input\":{\"@type\":\"PropertyValueSpecification\",\"valueRequired\":true,\"valueName\":\"search_term_string\"}}],\"inLanguage\":\"fr-FR\"},{\"@type\":\"Organization\",\"@id\":\"https:\/\/francois-pelletant.fr\/blog\/#organization\",\"name\":\"Fran\u00e7ois Pelletant\",\"url\":\"https:\/\/francois-pelletant.fr\/blog\/\",\"logo\":{\"@type\":\"ImageObject\",\"inLanguage\":\"fr-FR\",\"@id\":\"https:\/\/francois-pelletant.fr\/blog\/#\/schema\/logo\/image\/\",\"url\":\"https:\/\/francois-pelletant.fr\/blog\/wp-content\/uploads\/2024\/07\/icone-francois-centre-500p.png\",\"contentUrl\":\"https:\/\/francois-pelletant.fr\/blog\/wp-content\/uploads\/2024\/07\/icone-francois-centre-500p.png\",\"width\":559,\"height\":447,\"caption\":\"Fran\u00e7ois Pelletant\"},\"image\":{\"@id\":\"https:\/\/francois-pelletant.fr\/blog\/#\/schema\/logo\/image\/\"},\"sameAs\":[\"https:\/\/www.facebook.com\/francois.pelletant.7\",\"https:\/\/x.com\/pelletant\"]},{\"@type\":\"Person\",\"@id\":\"https:\/\/francois-pelletant.fr\/blog\/#\/schema\/person\/2be41acb171dff8f31aaed1f40cee9f3\",\"name\":\"Francois\"}]}<\/script>\n<!-- \/ Yoast SEO plugin. -->","yoast_head_json":{"title":"A Linas aussi, la fibre optique arrive - Fran\u00e7ois Pelletant","description":"La fibre optique sera bient\u00f4t install\u00e9e dans la commune de Linas, vous-y retrouverez les d\u00e9tails du d\u00e9ploiement.","robots":{"index":"index","follow":"follow","max-snippet":"max-snippet:-1","max-image-preview":"max-image-preview:large","max-video-preview":"max-video-preview:-1"},"canonical":"https:\/\/francois-pelletant.fr\/blog\/linas-fibre-optique-arrive\/","og_locale":"fr_FR","og_type":"article","og_title":"A Linas aussi, la fibre optique arrive - Fran\u00e7ois Pelletant","og_description":"La fibre optique sera bient\u00f4t install\u00e9e dans la commune de Linas, vous-y retrouverez les d\u00e9tails du d\u00e9ploiement.","og_url":"https:\/\/francois-pelletant.fr\/blog\/linas-fibre-optique-arrive\/","og_site_name":"Fran\u00e7ois Pelletant","article_publisher":"https:\/\/www.facebook.com\/francois.pelletant.7","article_published_time":"2017-01-10T09:25:33+00:00","article_modified_time":"2017-04-13T11:52:23+00:00","og_image":[{"width":1029,"height":683,"url":"https:\/\/francois-pelletant.fr\/blog\/wp-content\/uploads\/2017\/01\/poteaux-linas-fibre-optique-web.jpg","type":"image\/jpeg"}],"author":"Francois","twitter_card":"summary_large_image","twitter_creator":"@pelletant","twitter_site":"@pelletant","twitter_misc":{"\u00c9crit par":"Francois","Dur\u00e9e de lecture estim\u00e9e":"2 minutes"},"schema":{"@context":"https:\/\/schema.org","@graph":[{"@type":"Article","@id":"https:\/\/francois-pelletant.fr\/blog\/linas-fibre-optique-arrive\/#article","isPartOf":{"@id":"https:\/\/francois-pelletant.fr\/blog\/linas-fibre-optique-arrive\/"},"author":{"name":"Francois","@id":"https:\/\/francois-pelletant.fr\/blog\/#\/schema\/person\/2be41acb171dff8f31aaed1f40cee9f3"},"headline":"A Linas aussi, la fibre optique arrive","datePublished":"2017-01-10T09:25:33+00:00","dateModified":"2017-04-13T11:52:23+00:00","mainEntityOfPage":{"@id":"https:\/\/francois-pelletant.fr\/blog\/linas-fibre-optique-arrive\/"},"wordCount":480,"commentCount":5,"publisher":{"@id":"https:\/\/francois-pelletant.fr\/blog\/#organization"},"image":{"@id":"https:\/\/francois-pelletant.fr\/blog\/linas-fibre-optique-arrive\/#primaryimage"},"thumbnailUrl":"https:\/\/francois-pelletant.fr\/blog\/wp-content\/uploads\/2017\/01\/poteaux-linas-fibre-optique-web.jpg","articleSection":["Tr\u00e8s Haut D\u00e9bit"],"inLanguage":"fr-FR","potentialAction":[{"@type":"CommentAction","name":"Comment","target":["https:\/\/francois-pelletant.fr\/blog\/linas-fibre-optique-arrive\/#respond"]}]},{"@type":"WebPage","@id":"https:\/\/francois-pelletant.fr\/blog\/linas-fibre-optique-arrive\/","url":"https:\/\/francois-pelletant.fr\/blog\/linas-fibre-optique-arrive\/","name":"A Linas aussi, la fibre optique arrive - Fran\u00e7ois Pelletant","isPartOf":{"@id":"https:\/\/francois-pelletant.fr\/blog\/#website"},"primaryImageOfPage":{"@id":"https:\/\/francois-pelletant.fr\/blog\/linas-fibre-optique-arrive\/#primaryimage"},"image":{"@id":"https:\/\/francois-pelletant.fr\/blog\/linas-fibre-optique-arrive\/#primaryimage"},"thumbnailUrl":"https:\/\/francois-pelletant.fr\/blog\/wp-content\/uploads\/2017\/01\/poteaux-linas-fibre-optique-web.jpg","datePublished":"2017-01-10T09:25:33+00:00","dateModified":"2017-04-13T11:52:23+00:00","description":"La fibre optique sera bient\u00f4t install\u00e9e dans la commune de Linas, vous-y retrouverez les d\u00e9tails du d\u00e9ploiement.","breadcrumb":{"@id":"https:\/\/francois-pelletant.fr\/blog\/linas-fibre-optique-arrive\/#breadcrumb"},"inLanguage":"fr-FR","potentialAction":[{"@type":"ReadAction","target":["https:\/\/francois-pelletant.fr\/blog\/linas-fibre-optique-arrive\/"]}]},{"@type":"ImageObject","inLanguage":"fr-FR","@id":"https:\/\/francois-pelletant.fr\/blog\/linas-fibre-optique-arrive\/#primaryimage","url":"https:\/\/francois-pelletant.fr\/blog\/wp-content\/uploads\/2017\/01\/poteaux-linas-fibre-optique-web.jpg","contentUrl":"https:\/\/francois-pelletant.fr\/blog\/wp-content\/uploads\/2017\/01\/poteaux-linas-fibre-optique-web.jpg","width":1029,"height":683},{"@type":"BreadcrumbList","@id":"https:\/\/francois-pelletant.fr\/blog\/linas-fibre-optique-arrive\/#breadcrumb","itemListElement":[{"@type":"ListItem","position":1,"name":"Accueil","item":"https:\/\/francois-pelletant.fr\/blog\/"},{"@type":"ListItem","position":2,"name":"A Linas aussi, la fibre optique arrive"}]},{"@type":"WebSite","@id":"https:\/\/francois-pelletant.fr\/blog\/#website","url":"https:\/\/francois-pelletant.fr\/blog\/","name":"Fran\u00e7ois Pelletant","description":"Maire de Linas, pour toujours.","publisher":{"@id":"https:\/\/francois-pelletant.fr\/blog\/#organization"},"potentialAction":[{"@type":"SearchAction","target":{"@type":"EntryPoint","urlTemplate":"https:\/\/francois-pelletant.fr\/blog\/?s={search_term_string}"},"query-input":{"@type":"PropertyValueSpecification","valueRequired":true,"valueName":"search_term_string"}}],"inLanguage":"fr-FR"},{"@type":"Organization","@id":"https:\/\/francois-pelletant.fr\/blog\/#organization","name":"Fran\u00e7ois Pelletant","url":"https:\/\/francois-pelletant.fr\/blog\/","logo":{"@type":"ImageObject","inLanguage":"fr-FR","@id":"https:\/\/francois-pelletant.fr\/blog\/#\/schema\/logo\/image\/","url":"https:\/\/francois-pelletant.fr\/blog\/wp-content\/uploads\/2024\/07\/icone-francois-centre-500p.png","contentUrl":"https:\/\/francois-pelletant.fr\/blog\/wp-content\/uploads\/2024\/07\/icone-francois-centre-500p.png","width":559,"height":447,"caption":"Fran\u00e7ois Pelletant"},"image":{"@id":"https:\/\/francois-pelletant.fr\/blog\/#\/schema\/logo\/image\/"},"sameAs":["https:\/\/www.facebook.com\/francois.pelletant.7","https:\/\/x.com\/pelletant"]},{"@type":"Person","@id":"https:\/\/francois-pelletant.fr\/blog\/#\/schema\/person\/2be41acb171dff8f31aaed1f40cee9f3","name":"Francois"}]}},"_links":{"self":[{"href":"https:\/\/francois-pelletant.fr\/blog\/wp-json\/wp\/v2\/posts\/8107","targetHints":{"allow":["GET"]}}],"collection":[{"href":"https:\/\/francois-pelletant.fr\/blog\/wp-json\/wp\/v2\/posts"}],"about":[{"href":"https:\/\/francois-pelletant.fr\/blog\/wp-json\/wp\/v2\/types\/post"}],"author":[{"embeddable":true,"href":"https:\/\/francois-pelletant.fr\/blog\/wp-json\/wp\/v2\/users\/1"}],"replies":[{"embeddable":true,"href":"https:\/\/francois-pelletant.fr\/blog\/wp-json\/wp\/v2\/comments?post=8107"}],"version-history":[{"count":0,"href":"https:\/\/francois-pelletant.fr\/blog\/wp-json\/wp\/v2\/posts\/8107\/revisions"}],"wp:featuredmedia":[{"embeddable":true,"href":"https:\/\/francois-pelletant.fr\/blog\/wp-json\/wp\/v2\/media\/8109"}],"wp:attachment":[{"href":"https:\/\/francois-pelletant.fr\/blog\/wp-json\/wp\/v2\/media?parent=8107"}],"wp:term":[{"taxonomy":"category","embeddable":true,"href":"https:\/\/francois-pelletant.fr\/blog\/wp-json\/wp\/v2\/categories?post=8107"},{"taxonomy":"post_tag","embeddable":true,"href":"https:\/\/francois-pelletant.fr\/blog\/wp-json\/wp\/v2\/tags?post=8107"}],"curies":[{"name":"wp","href":"https:\/\/api.w.org\/{rel}","templated":true}]}}