{"id":8266,"date":"2017-01-21T07:47:14","date_gmt":"2017-01-21T07:47:14","guid":{"rendered":"https:\/\/francois-pelletant.fr\/blog\/?p=8266"},"modified":"2017-02-27T15:40:22","modified_gmt":"2017-02-27T15:40:22","slug":"fibre-optique-bailleurs-sociaux","status":"publish","type":"post","link":"https:\/\/francois-pelletant.fr\/blog\/fibre-optique-bailleurs-sociaux\/","title":{"rendered":"La fibre optique peine \u00e0 entrer dans les immeubles de plusieurs bailleurs sociaux"},"content":{"rendered":"<h3><img loading=\"lazy\" decoding=\"async\" class=\"alignleft size-medium wp-image-8267\" src=\"https:\/\/francois-pelletant.fr\/blog\/wp-content\/uploads\/2017\/01\/fibre-optique_paris-saclay_pelletant_web-300x191.jpg\" alt=\"fibre optique_paris saclay_pelletant_web\" width=\"300\" height=\"191\" srcset=\"https:\/\/francois-pelletant.fr\/blog\/wp-content\/uploads\/2017\/01\/fibre-optique_paris-saclay_pelletant_web-300x191.jpg 300w, https:\/\/francois-pelletant.fr\/blog\/wp-content\/uploads\/2017\/01\/fibre-optique_paris-saclay_pelletant_web-768x490.jpg 768w, https:\/\/francois-pelletant.fr\/blog\/wp-content\/uploads\/2017\/01\/fibre-optique_paris-saclay_pelletant_web-600x383.jpg 600w, https:\/\/francois-pelletant.fr\/blog\/wp-content\/uploads\/2017\/01\/fibre-optique_paris-saclay_pelletant_web.jpg 883w\" sizes=\"auto, (max-width: 300px) 100vw, 300px\" \/>Des probl\u00e8mes avec certains bailleurs :<\/h3>\n<p>Alors que la <a href=\"https:\/\/fr.wikipedia.org\/wiki\/Fibre_optique\" target=\"_blank\" rel=\"nofollow\">fibre optique<\/a> est en train de se d\u00e9ployer sur l\u2019ensemble de notre territoire, certains habitants sont un peu\u00a0d\u00e9favoris\u00e9s car nous ne pouvons\u00a0acheminer jusqu\u2019\u00e0 leur habitation la fibre optique connect\u00e9e sur l\u2019<a href=\"https:\/\/fr.wikipedia.org\/wiki\/Acc%C3%A8s_%C3%A0_internet_%C3%A0_tr%C3%A8s_haut_d%C3%A9bit\" target=\"_blank\" rel=\"nofollow\">Internet Tr\u00e8s Haut D\u00e9bit<\/a>.<\/p>\n<p>La raison est que, pour joindre ces logements, nous devons traverser des parties communes qui appartiennent quelquefois \u00e0 des propri\u00e9taires.<\/p>\n<p>Plusieurs de\u00a0ces gros propri\u00e9taires, notamment ce que l\u2019on appelle les bailleurs sociaux, c\u2019est-\u00e0-dire les \u00a0soci\u00e9t\u00e9s de HLM qui d\u00e9tiennent la propri\u00e9t\u00e9 des immeubles, n\u2019ont pas encore autoris\u00e9 la fibre \u00e0 entrer dans leurs immeubles. Il n\u2019y a pas d\u2019intention malveillante derri\u00e8re\u00a0ces retards, mais bien souvent de la n\u00e9gligence. Ce n\u2019est qu\u2019un\u00a0document \u00a0\u00e0 signer mais qui peut avoir une tr\u00e8s grande importance pour les personnes qui attendent depuis des mois et des mois la fibre optique.<\/p>\n<h3>Un point sur la situation :<\/h3>\n<p>A Epinay-sur-Orge, \u00a0250 logements sont inatteignables du fait du manque de convention d\u2019immeuble avec les bailleurs Atheegienne, Siloge, Gestrimmo\u2026<\/p>\n<p>Pour les villes de Ballainvilliers, Champlan, Saulx-les-Chartreux, La Ville-du-Bois, 350 logements chez les bailleurs Toit et joie, Coop\u00e9ration et Famille, et autres \u2026.<\/p>\n<p>A Nozay, \u00a0350 prises sont en attente du fait de Logement Francilien et France habitation.<\/p>\n<p>A Villebon-sur-Yvette, 700 logements sont suspendus du fait d\u2019 Atheegienne, Nexity, Egim, AMJ\u2026<\/p>\n<p>Je viens de prendre ma plus belle plume et d\u2019\u00e9crire \u00e0 ces diff\u00e9rents bailleurs en demandant un rendez-vous aux directeurs car il\u00a0faudra bien qu\u2019\u00e0 un moment cette situation\u00a0se termine et que les habitants qui r\u00e9sident en habitation \u00e0 loyer mod\u00e9r\u00e9 ne soient pas p\u00e9nalis\u00e9s.<\/p>\n<p>Pour tout savoir et connaitre votre \u00e9ligibilit\u00e9 \u00e0 la vibre visitez la page d\u00e9di\u00e9e de mon blog <a href=\"http:\/\/pelletant.fr\/fibre\" target=\"_blank\" data-saferedirecturl=\"https:\/\/www.google.com\/url?hl=fr&amp;q=http:\/\/pelletant.fr\/fibre&amp;source=gmail&amp;ust=1488296007446000&amp;usg=AFQjCNGCLjMF_jhtx0mX9502BwvDSncc5Q\" rel=\"nofollow\">pelletant.fr\/fibre<\/a><\/p>\n","protected":false},"excerpt":{"rendered":"<p>Des probl\u00e8mes avec certains bailleurs : Alors que la fibre optique est en train de se d\u00e9ployer sur l\u2019ensemble de notre territoire, certains habitants sont un peu\u00a0d\u00e9favoris\u00e9s car nous ne pouvons\u00a0acheminer jusqu\u2019\u00e0 leur habitation la fibre optique connect\u00e9e sur l\u2019Internet Tr\u00e8s Haut D\u00e9bit. La raison est que, pour joindre ces logements, nous devons traverser des [&hellip;]<\/p>\n","protected":false},"author":1,"featured_media":8267,"comment_status":"open","ping_status":"closed","sticky":false,"template":"","format":"standard","meta":{"footnotes":""},"categories":[23],"tags":[],"class_list":["post-8266","post","type-post","status-publish","format-standard","has-post-thumbnail","hentry","category-thd"],"yoast_head":"<!-- This site is optimized with the Yoast SEO plugin v25.6 - https:\/\/yoast.com\/wordpress\/plugins\/seo\/ -->\n<title>La fibre optique peine \u00e0 entrer dans les immeubles de plusieurs bailleurs<\/title>\n<meta name=\"description\" content=\"Le d\u00e9ploiement de la fibre optique est retard\u00e9 car certains bailleurs sociaux n&#039;ont pas accept\u00e9 que des travaux soient faits sur leur terrain.\" \/>\n<meta name=\"robots\" content=\"index, follow, max-snippet:-1, max-image-preview:large, max-video-preview:-1\" \/>\n<link rel=\"canonical\" href=\"https:\/\/francois-pelletant.fr\/blog\/fibre-optique-bailleurs-sociaux\/\" \/>\n<meta property=\"og:locale\" content=\"fr_FR\" \/>\n<meta property=\"og:type\" content=\"article\" \/>\n<meta property=\"og:title\" content=\"La fibre optique peine \u00e0 entrer dans les immeubles de plusieurs bailleurs\" \/>\n<meta property=\"og:description\" content=\"Le d\u00e9ploiement de la fibre optique est retard\u00e9 car certains bailleurs sociaux n&#039;ont pas accept\u00e9 que des travaux soient faits sur leur terrain.\" \/>\n<meta property=\"og:url\" content=\"https:\/\/francois-pelletant.fr\/blog\/fibre-optique-bailleurs-sociaux\/\" \/>\n<meta property=\"og:site_name\" content=\"Fran\u00e7ois Pelletant\" \/>\n<meta property=\"article:publisher\" content=\"https:\/\/www.facebook.com\/francois.pelletant.7\" \/>\n<meta property=\"article:published_time\" content=\"2017-01-21T07:47:14+00:00\" \/>\n<meta property=\"article:modified_time\" content=\"2017-02-27T15:40:22+00:00\" \/>\n<meta property=\"og:image\" content=\"https:\/\/francois-pelletant.fr\/blog\/wp-content\/uploads\/2017\/01\/fibre-optique_paris-saclay_pelletant_web.jpg\" \/>\n\t<meta property=\"og:image:width\" content=\"883\" \/>\n\t<meta property=\"og:image:height\" content=\"563\" \/>\n\t<meta property=\"og:image:type\" content=\"image\/jpeg\" \/>\n<meta name=\"author\" content=\"Francois\" \/>\n<meta name=\"twitter:card\" content=\"summary_large_image\" \/>\n<meta name=\"twitter:creator\" content=\"@pelletant\" \/>\n<meta name=\"twitter:site\" content=\"@pelletant\" \/>\n<meta name=\"twitter:label1\" content=\"\u00c9crit par\" \/>\n\t<meta name=\"twitter:data1\" content=\"Francois\" \/>\n\t<meta name=\"twitter:label2\" content=\"Dur\u00e9e de lecture estim\u00e9e\" \/>\n\t<meta name=\"twitter:data2\" content=\"2 minutes\" \/>\n<script type=\"application\/ld+json\" class=\"yoast-schema-graph\">{\"@context\":\"https:\/\/schema.org\",\"@graph\":[{\"@type\":\"Article\",\"@id\":\"https:\/\/francois-pelletant.fr\/blog\/fibre-optique-bailleurs-sociaux\/#article\",\"isPartOf\":{\"@id\":\"https:\/\/francois-pelletant.fr\/blog\/fibre-optique-bailleurs-sociaux\/\"},\"author\":{\"name\":\"Francois\",\"@id\":\"https:\/\/francois-pelletant.fr\/blog\/#\/schema\/person\/2be41acb171dff8f31aaed1f40cee9f3\"},\"headline\":\"La fibre optique peine \u00e0 entrer dans les immeubles de plusieurs bailleurs sociaux\",\"datePublished\":\"2017-01-21T07:47:14+00:00\",\"dateModified\":\"2017-02-27T15:40:22+00:00\",\"mainEntityOfPage\":{\"@id\":\"https:\/\/francois-pelletant.fr\/blog\/fibre-optique-bailleurs-sociaux\/\"},\"wordCount\":320,\"commentCount\":0,\"publisher\":{\"@id\":\"https:\/\/francois-pelletant.fr\/blog\/#organization\"},\"image\":{\"@id\":\"https:\/\/francois-pelletant.fr\/blog\/fibre-optique-bailleurs-sociaux\/#primaryimage\"},\"thumbnailUrl\":\"https:\/\/francois-pelletant.fr\/blog\/wp-content\/uploads\/2017\/01\/fibre-optique_paris-saclay_pelletant_web.jpg\",\"articleSection\":[\"Tr\u00e8s Haut D\u00e9bit\"],\"inLanguage\":\"fr-FR\",\"potentialAction\":[{\"@type\":\"CommentAction\",\"name\":\"Comment\",\"target\":[\"https:\/\/francois-pelletant.fr\/blog\/fibre-optique-bailleurs-sociaux\/#respond\"]}]},{\"@type\":\"WebPage\",\"@id\":\"https:\/\/francois-pelletant.fr\/blog\/fibre-optique-bailleurs-sociaux\/\",\"url\":\"https:\/\/francois-pelletant.fr\/blog\/fibre-optique-bailleurs-sociaux\/\",\"name\":\"La fibre optique peine \u00e0 entrer dans les immeubles de plusieurs bailleurs\",\"isPartOf\":{\"@id\":\"https:\/\/francois-pelletant.fr\/blog\/#website\"},\"primaryImageOfPage\":{\"@id\":\"https:\/\/francois-pelletant.fr\/blog\/fibre-optique-bailleurs-sociaux\/#primaryimage\"},\"image\":{\"@id\":\"https:\/\/francois-pelletant.fr\/blog\/fibre-optique-bailleurs-sociaux\/#primaryimage\"},\"thumbnailUrl\":\"https:\/\/francois-pelletant.fr\/blog\/wp-content\/uploads\/2017\/01\/fibre-optique_paris-saclay_pelletant_web.jpg\",\"datePublished\":\"2017-01-21T07:47:14+00:00\",\"dateModified\":\"2017-02-27T15:40:22+00:00\",\"description\":\"Le d\u00e9ploiement de la fibre optique est retard\u00e9 car certains bailleurs sociaux n'ont pas accept\u00e9 que des travaux soient faits sur leur terrain.\",\"breadcrumb\":{\"@id\":\"https:\/\/francois-pelletant.fr\/blog\/fibre-optique-bailleurs-sociaux\/#breadcrumb\"},\"inLanguage\":\"fr-FR\",\"potentialAction\":[{\"@type\":\"ReadAction\",\"target\":[\"https:\/\/francois-pelletant.fr\/blog\/fibre-optique-bailleurs-sociaux\/\"]}]},{\"@type\":\"ImageObject\",\"inLanguage\":\"fr-FR\",\"@id\":\"https:\/\/francois-pelletant.fr\/blog\/fibre-optique-bailleurs-sociaux\/#primaryimage\",\"url\":\"https:\/\/francois-pelletant.fr\/blog\/wp-content\/uploads\/2017\/01\/fibre-optique_paris-saclay_pelletant_web.jpg\",\"contentUrl\":\"https:\/\/francois-pelletant.fr\/blog\/wp-content\/uploads\/2017\/01\/fibre-optique_paris-saclay_pelletant_web.jpg\",\"width\":883,\"height\":563},{\"@type\":\"BreadcrumbList\",\"@id\":\"https:\/\/francois-pelletant.fr\/blog\/fibre-optique-bailleurs-sociaux\/#breadcrumb\",\"itemListElement\":[{\"@type\":\"ListItem\",\"position\":1,\"name\":\"Accueil\",\"item\":\"https:\/\/francois-pelletant.fr\/blog\/\"},{\"@type\":\"ListItem\",\"position\":2,\"name\":\"La fibre optique peine \u00e0 entrer dans les immeubles de plusieurs bailleurs sociaux\"}]},{\"@type\":\"WebSite\",\"@id\":\"https:\/\/francois-pelletant.fr\/blog\/#website\",\"url\":\"https:\/\/francois-pelletant.fr\/blog\/\",\"name\":\"Fran\u00e7ois Pelletant\",\"description\":\"Maire de Linas, pour toujours.\",\"publisher\":{\"@id\":\"https:\/\/francois-pelletant.fr\/blog\/#organization\"},\"potentialAction\":[{\"@type\":\"SearchAction\",\"target\":{\"@type\":\"EntryPoint\",\"urlTemplate\":\"https:\/\/francois-pelletant.fr\/blog\/?s={search_term_string}\"},\"query-input\":{\"@type\":\"PropertyValueSpecification\",\"valueRequired\":true,\"valueName\":\"search_term_string\"}}],\"inLanguage\":\"fr-FR\"},{\"@type\":\"Organization\",\"@id\":\"https:\/\/francois-pelletant.fr\/blog\/#organization\",\"name\":\"Fran\u00e7ois Pelletant\",\"url\":\"https:\/\/francois-pelletant.fr\/blog\/\",\"logo\":{\"@type\":\"ImageObject\",\"inLanguage\":\"fr-FR\",\"@id\":\"https:\/\/francois-pelletant.fr\/blog\/#\/schema\/logo\/image\/\",\"url\":\"https:\/\/francois-pelletant.fr\/blog\/wp-content\/uploads\/2024\/07\/icone-francois-centre-500p.png\",\"contentUrl\":\"https:\/\/francois-pelletant.fr\/blog\/wp-content\/uploads\/2024\/07\/icone-francois-centre-500p.png\",\"width\":559,\"height\":447,\"caption\":\"Fran\u00e7ois Pelletant\"},\"image\":{\"@id\":\"https:\/\/francois-pelletant.fr\/blog\/#\/schema\/logo\/image\/\"},\"sameAs\":[\"https:\/\/www.facebook.com\/francois.pelletant.7\",\"https:\/\/x.com\/pelletant\"]},{\"@type\":\"Person\",\"@id\":\"https:\/\/francois-pelletant.fr\/blog\/#\/schema\/person\/2be41acb171dff8f31aaed1f40cee9f3\",\"name\":\"Francois\"}]}<\/script>\n<!-- \/ Yoast SEO plugin. -->","yoast_head_json":{"title":"La fibre optique peine \u00e0 entrer dans les immeubles de plusieurs bailleurs","description":"Le d\u00e9ploiement de la fibre optique est retard\u00e9 car certains bailleurs sociaux n'ont pas accept\u00e9 que des travaux soient faits sur leur terrain.","robots":{"index":"index","follow":"follow","max-snippet":"max-snippet:-1","max-image-preview":"max-image-preview:large","max-video-preview":"max-video-preview:-1"},"canonical":"https:\/\/francois-pelletant.fr\/blog\/fibre-optique-bailleurs-sociaux\/","og_locale":"fr_FR","og_type":"article","og_title":"La fibre optique peine \u00e0 entrer dans les immeubles de plusieurs bailleurs","og_description":"Le d\u00e9ploiement de la fibre optique est retard\u00e9 car certains bailleurs sociaux n'ont pas accept\u00e9 que des travaux soient faits sur leur terrain.","og_url":"https:\/\/francois-pelletant.fr\/blog\/fibre-optique-bailleurs-sociaux\/","og_site_name":"Fran\u00e7ois Pelletant","article_publisher":"https:\/\/www.facebook.com\/francois.pelletant.7","article_published_time":"2017-01-21T07:47:14+00:00","article_modified_time":"2017-02-27T15:40:22+00:00","og_image":[{"width":883,"height":563,"url":"https:\/\/francois-pelletant.fr\/blog\/wp-content\/uploads\/2017\/01\/fibre-optique_paris-saclay_pelletant_web.jpg","type":"image\/jpeg"}],"author":"Francois","twitter_card":"summary_large_image","twitter_creator":"@pelletant","twitter_site":"@pelletant","twitter_misc":{"\u00c9crit par":"Francois","Dur\u00e9e de lecture estim\u00e9e":"2 minutes"},"schema":{"@context":"https:\/\/schema.org","@graph":[{"@type":"Article","@id":"https:\/\/francois-pelletant.fr\/blog\/fibre-optique-bailleurs-sociaux\/#article","isPartOf":{"@id":"https:\/\/francois-pelletant.fr\/blog\/fibre-optique-bailleurs-sociaux\/"},"author":{"name":"Francois","@id":"https:\/\/francois-pelletant.fr\/blog\/#\/schema\/person\/2be41acb171dff8f31aaed1f40cee9f3"},"headline":"La fibre optique peine \u00e0 entrer dans les immeubles de plusieurs bailleurs sociaux","datePublished":"2017-01-21T07:47:14+00:00","dateModified":"2017-02-27T15:40:22+00:00","mainEntityOfPage":{"@id":"https:\/\/francois-pelletant.fr\/blog\/fibre-optique-bailleurs-sociaux\/"},"wordCount":320,"commentCount":0,"publisher":{"@id":"https:\/\/francois-pelletant.fr\/blog\/#organization"},"image":{"@id":"https:\/\/francois-pelletant.fr\/blog\/fibre-optique-bailleurs-sociaux\/#primaryimage"},"thumbnailUrl":"https:\/\/francois-pelletant.fr\/blog\/wp-content\/uploads\/2017\/01\/fibre-optique_paris-saclay_pelletant_web.jpg","articleSection":["Tr\u00e8s Haut D\u00e9bit"],"inLanguage":"fr-FR","potentialAction":[{"@type":"CommentAction","name":"Comment","target":["https:\/\/francois-pelletant.fr\/blog\/fibre-optique-bailleurs-sociaux\/#respond"]}]},{"@type":"WebPage","@id":"https:\/\/francois-pelletant.fr\/blog\/fibre-optique-bailleurs-sociaux\/","url":"https:\/\/francois-pelletant.fr\/blog\/fibre-optique-bailleurs-sociaux\/","name":"La fibre optique peine \u00e0 entrer dans les immeubles de plusieurs bailleurs","isPartOf":{"@id":"https:\/\/francois-pelletant.fr\/blog\/#website"},"primaryImageOfPage":{"@id":"https:\/\/francois-pelletant.fr\/blog\/fibre-optique-bailleurs-sociaux\/#primaryimage"},"image":{"@id":"https:\/\/francois-pelletant.fr\/blog\/fibre-optique-bailleurs-sociaux\/#primaryimage"},"thumbnailUrl":"https:\/\/francois-pelletant.fr\/blog\/wp-content\/uploads\/2017\/01\/fibre-optique_paris-saclay_pelletant_web.jpg","datePublished":"2017-01-21T07:47:14+00:00","dateModified":"2017-02-27T15:40:22+00:00","description":"Le d\u00e9ploiement de la fibre optique est retard\u00e9 car certains bailleurs sociaux n'ont pas accept\u00e9 que des travaux soient faits sur leur terrain.","breadcrumb":{"@id":"https:\/\/francois-pelletant.fr\/blog\/fibre-optique-bailleurs-sociaux\/#breadcrumb"},"inLanguage":"fr-FR","potentialAction":[{"@type":"ReadAction","target":["https:\/\/francois-pelletant.fr\/blog\/fibre-optique-bailleurs-sociaux\/"]}]},{"@type":"ImageObject","inLanguage":"fr-FR","@id":"https:\/\/francois-pelletant.fr\/blog\/fibre-optique-bailleurs-sociaux\/#primaryimage","url":"https:\/\/francois-pelletant.fr\/blog\/wp-content\/uploads\/2017\/01\/fibre-optique_paris-saclay_pelletant_web.jpg","contentUrl":"https:\/\/francois-pelletant.fr\/blog\/wp-content\/uploads\/2017\/01\/fibre-optique_paris-saclay_pelletant_web.jpg","width":883,"height":563},{"@type":"BreadcrumbList","@id":"https:\/\/francois-pelletant.fr\/blog\/fibre-optique-bailleurs-sociaux\/#breadcrumb","itemListElement":[{"@type":"ListItem","position":1,"name":"Accueil","item":"https:\/\/francois-pelletant.fr\/blog\/"},{"@type":"ListItem","position":2,"name":"La fibre optique peine \u00e0 entrer dans les immeubles de plusieurs bailleurs sociaux"}]},{"@type":"WebSite","@id":"https:\/\/francois-pelletant.fr\/blog\/#website","url":"https:\/\/francois-pelletant.fr\/blog\/","name":"Fran\u00e7ois Pelletant","description":"Maire de Linas, pour toujours.","publisher":{"@id":"https:\/\/francois-pelletant.fr\/blog\/#organization"},"potentialAction":[{"@type":"SearchAction","target":{"@type":"EntryPoint","urlTemplate":"https:\/\/francois-pelletant.fr\/blog\/?s={search_term_string}"},"query-input":{"@type":"PropertyValueSpecification","valueRequired":true,"valueName":"search_term_string"}}],"inLanguage":"fr-FR"},{"@type":"Organization","@id":"https:\/\/francois-pelletant.fr\/blog\/#organization","name":"Fran\u00e7ois Pelletant","url":"https:\/\/francois-pelletant.fr\/blog\/","logo":{"@type":"ImageObject","inLanguage":"fr-FR","@id":"https:\/\/francois-pelletant.fr\/blog\/#\/schema\/logo\/image\/","url":"https:\/\/francois-pelletant.fr\/blog\/wp-content\/uploads\/2024\/07\/icone-francois-centre-500p.png","contentUrl":"https:\/\/francois-pelletant.fr\/blog\/wp-content\/uploads\/2024\/07\/icone-francois-centre-500p.png","width":559,"height":447,"caption":"Fran\u00e7ois Pelletant"},"image":{"@id":"https:\/\/francois-pelletant.fr\/blog\/#\/schema\/logo\/image\/"},"sameAs":["https:\/\/www.facebook.com\/francois.pelletant.7","https:\/\/x.com\/pelletant"]},{"@type":"Person","@id":"https:\/\/francois-pelletant.fr\/blog\/#\/schema\/person\/2be41acb171dff8f31aaed1f40cee9f3","name":"Francois"}]}},"_links":{"self":[{"href":"https:\/\/francois-pelletant.fr\/blog\/wp-json\/wp\/v2\/posts\/8266","targetHints":{"allow":["GET"]}}],"collection":[{"href":"https:\/\/francois-pelletant.fr\/blog\/wp-json\/wp\/v2\/posts"}],"about":[{"href":"https:\/\/francois-pelletant.fr\/blog\/wp-json\/wp\/v2\/types\/post"}],"author":[{"embeddable":true,"href":"https:\/\/francois-pelletant.fr\/blog\/wp-json\/wp\/v2\/users\/1"}],"replies":[{"embeddable":true,"href":"https:\/\/francois-pelletant.fr\/blog\/wp-json\/wp\/v2\/comments?post=8266"}],"version-history":[{"count":0,"href":"https:\/\/francois-pelletant.fr\/blog\/wp-json\/wp\/v2\/posts\/8266\/revisions"}],"wp:featuredmedia":[{"embeddable":true,"href":"https:\/\/francois-pelletant.fr\/blog\/wp-json\/wp\/v2\/media\/8267"}],"wp:attachment":[{"href":"https:\/\/francois-pelletant.fr\/blog\/wp-json\/wp\/v2\/media?parent=8266"}],"wp:term":[{"taxonomy":"category","embeddable":true,"href":"https:\/\/francois-pelletant.fr\/blog\/wp-json\/wp\/v2\/categories?post=8266"},{"taxonomy":"post_tag","embeddable":true,"href":"https:\/\/francois-pelletant.fr\/blog\/wp-json\/wp\/v2\/tags?post=8266"}],"curies":[{"name":"wp","href":"https:\/\/api.w.org\/{rel}","templated":true}]}}