{"id":8288,"date":"2017-01-24T09:55:47","date_gmt":"2017-01-24T09:55:47","guid":{"rendered":"https:\/\/francois-pelletant.fr\/blog\/?p=8288"},"modified":"2017-02-27T15:40:05","modified_gmt":"2017-02-27T15:40:05","slug":"fibre-optique-vitis-pelletant","status":"publish","type":"post","link":"https:\/\/francois-pelletant.fr\/blog\/fibre-optique-vitis-pelletant\/","title":{"rendered":"Fibre optique : et voici VITIS"},"content":{"rendered":"<p><img loading=\"lazy\" decoding=\"async\" class=\"alignleft size-medium wp-image-8290\" src=\"https:\/\/francois-pelletant.fr\/blog\/wp-content\/uploads\/2017\/01\/fibre_optique_web_linas2-284x300.jpg\" alt=\"fibre_optique_web_linas2\" width=\"284\" height=\"300\" srcset=\"https:\/\/francois-pelletant.fr\/blog\/wp-content\/uploads\/2017\/01\/fibre_optique_web_linas2-284x300.jpg 284w, https:\/\/francois-pelletant.fr\/blog\/wp-content\/uploads\/2017\/01\/fibre_optique_web_linas2-971x1024.jpg 971w, https:\/\/francois-pelletant.fr\/blog\/wp-content\/uploads\/2017\/01\/fibre_optique_web_linas2-768x810.jpg 768w, https:\/\/francois-pelletant.fr\/blog\/wp-content\/uploads\/2017\/01\/fibre_optique_web_linas2-600x633.jpg 600w, https:\/\/francois-pelletant.fr\/blog\/wp-content\/uploads\/2017\/01\/fibre_optique_web_linas2.jpg 1308w\" sizes=\"auto, (max-width: 284px) 100vw, 284px\" \/>Je n\u2019ai pas l\u2019habitude de vous annoncer les choses trop en avance, mais je me permets de le faire car tous les feux sont au vert et rien maintenant ne semble pouvoir entraver l\u2019arriv\u00e9e de l\u2019op\u00e9rateur <a href=\"http:\/\/vitis.tv\/\" target=\"_blank\" rel=\"nofollow\">VITIS<\/a> sur notre \u00a0fibre optique <a href=\"http:\/\/www.tutor-e2.fr\/\" target=\"_blank\" rel=\"nofollow\">Tutor<\/a> \/ <a href=\"http:\/\/www.covage.com\/page\/qui-est-covage-7.html\" target=\"_blank\" rel=\"nofollow\">Covage<\/a> \/ <a href=\"http:\/\/paris-saclay.com\/\" target=\"_blank\" rel=\"nofollow\">Paris-Saclay<\/a>.<\/p>\n<p>Pour le courant de l\u2019ann\u00e9e 2017, VITIS devrait donc \u00eatre disponible. Cet op\u00e9rateur propose en plus de tr\u00e8s nombreux bouquets, une offre de vid\u00e9o \u00e0 la demande particuli\u00e8rement int\u00e9ressante. Cela est d\u00fb au fait qu\u2019ils d\u00e9tiennent les droits d\u2019une tr\u00e8s grande majorit\u00e9 des films propos\u00e9s dans les catalogues de DVD.<\/p>\n<p>L\u2019autre int\u00e9r\u00eat de VITIS est qu\u2019il propose une interface avec des menus tr\u00e8s intuitifs et conviviaux. Cela facilite de beaucoup l\u2019utilisation de votre t\u00e9l\u00e9vision.<\/p>\n<p>Mais je ne veux pas faire trop de publicit\u00e9 et vous laisse d\u00e9couvrir les possibilit\u00e9s sur Internet.<\/p>\n<p>Pour tout savoir et connaitre votre \u00e9ligibilit\u00e9 \u00e0 la vibre visitez la page d\u00e9di\u00e9e de mon blog <a href=\"http:\/\/pelletant.fr\/fibre\" target=\"_blank\" data-saferedirecturl=\"https:\/\/www.google.com\/url?hl=fr&amp;q=http:\/\/pelletant.fr\/fibre&amp;source=gmail&amp;ust=1488296007446000&amp;usg=AFQjCNGCLjMF_jhtx0mX9502BwvDSncc5Q\" rel=\"nofollow\">pelletant.fr\/fibre<\/a><\/p>\n<p>&nbsp;<\/p>\n<p>Extrait du site\u00a0www.ariase.com<\/p>\n<h6><em>Avec son offre Triple Play <strong>LA FIBRE videofutur<\/strong>, <a href=\"http:\/\/vitis.tv\/\" target=\"_blank\" rel=\"nofollow\">VITIS est un &#8216;nouvel&#8217; op\u00e9rateur FVNO<\/a> (Fiber Virtual Network Operator, l&#8217;\u00e9quivalent des op\u00e9rateurs MVNO sur le mobile), qui cible le march\u00e9 de la fibre optique en France, dans les <strong>zones g\u00e9ographiques couvertes par les R\u00e9seaux d\u2019Initiative Publique<\/strong>. <\/em><br \/>\n<em>L&#8217;objectif de VITIS est d&#8217;accompagner les besoins des fran\u00e7ais dans leurs usages num\u00e9riques Internet et audiovisuels, avec une consommation d\u00e9lin\u00e9aris\u00e9e des services, films, s\u00e9ries et contenus. <\/em><br \/>\n<em>L&#8217;arriv\u00e9e massive de <strong>la fibre optique sur ces RIP<\/strong> depuis quelques mois et surtout dans les ann\u00e9es \u00e0 venir, se heurte pour le moment \u00e0 un manque d&#8217;offres commerciales de la part des op\u00e9rateurs majeurs. Les OCEN (Orange, Free, SFR et Bouygues Telecom) se concentrent actuellement sur les zones et agglom\u00e9ration plus denses.<\/em><\/h6>\n<h6><em><strong>VITIS<\/strong> est la nouvelle entit\u00e9 issue de la collaboration de <strong>Netgem<\/strong> (Vid\u00e9ofutur &#8211; pour l&#8217;expertise sur les contenus vid\u00e9o et les mat\u00e9riels), de la <strong>Caisse des D\u00e9p\u00f4ts<\/strong> (pour sa connaissance du financement du num\u00e9rique sur les RIP) et d&#8217;<strong>Oc\u00e9inde<\/strong> (pour sa ma\u00eetrise technique sur les r\u00e9seaux fibre optique). A l\u2019issue des investissements de la <a href=\"http:\/\/www.caissedesdepots.fr\/\" target=\"_blank\" rel=\"nofollow\">Caisse des D\u00e9p\u00f4ts<\/a> et du groupe Oc\u00e9inde, <a href=\"http:\/\/www.netgem.com\/\" target=\"_blank\" rel=\"nofollow\">Netgem<\/a> d\u00e9tiendra 55% du capital de VITIS, la Caisse des D\u00e9p\u00f4ts 33% et Oc\u00e9inde 12%.<\/em><\/h6>\n","protected":false},"excerpt":{"rendered":"<p>Je n\u2019ai pas l\u2019habitude de vous annoncer les choses trop en avance, mais je me permets de le faire car tous les feux sont au vert et rien maintenant ne semble pouvoir entraver l\u2019arriv\u00e9e de l\u2019op\u00e9rateur VITIS sur notre \u00a0fibre optique Tutor \/ Covage \/ Paris-Saclay. Pour le courant de l\u2019ann\u00e9e 2017, VITIS devrait donc [&hellip;]<\/p>\n","protected":false},"author":1,"featured_media":8290,"comment_status":"open","ping_status":"closed","sticky":false,"template":"","format":"standard","meta":{"footnotes":""},"categories":[23],"tags":[],"class_list":["post-8288","post","type-post","status-publish","format-standard","has-post-thumbnail","hentry","category-thd"],"yoast_head":"<!-- This site is optimized with the Yoast SEO plugin v25.6 - https:\/\/yoast.com\/wordpress\/plugins\/seo\/ -->\n<title>Fibre optique : et voici VITIS - Fran\u00e7ois Pelletant<\/title>\n<meta name=\"robots\" content=\"index, follow, max-snippet:-1, max-image-preview:large, max-video-preview:-1\" \/>\n<link rel=\"canonical\" href=\"https:\/\/francois-pelletant.fr\/blog\/fibre-optique-vitis-pelletant\/\" \/>\n<meta property=\"og:locale\" content=\"fr_FR\" \/>\n<meta property=\"og:type\" content=\"article\" \/>\n<meta property=\"og:title\" content=\"Fibre optique : et voici VITIS - Fran\u00e7ois Pelletant\" \/>\n<meta property=\"og:description\" content=\"Je n\u2019ai pas l\u2019habitude de vous annoncer les choses trop en avance, mais je me permets de le faire car tous les feux sont au vert et rien maintenant ne semble pouvoir entraver l\u2019arriv\u00e9e de l\u2019op\u00e9rateur VITIS sur notre \u00a0fibre optique Tutor \/ Covage \/ Paris-Saclay. Pour le courant de l\u2019ann\u00e9e 2017, VITIS devrait donc [&hellip;]\" \/>\n<meta property=\"og:url\" content=\"https:\/\/francois-pelletant.fr\/blog\/fibre-optique-vitis-pelletant\/\" \/>\n<meta property=\"og:site_name\" content=\"Fran\u00e7ois Pelletant\" \/>\n<meta property=\"article:publisher\" content=\"https:\/\/www.facebook.com\/francois.pelletant.7\" \/>\n<meta property=\"article:published_time\" content=\"2017-01-24T09:55:47+00:00\" \/>\n<meta property=\"article:modified_time\" content=\"2017-02-27T15:40:05+00:00\" \/>\n<meta property=\"og:image\" content=\"https:\/\/francois-pelletant.fr\/blog\/wp-content\/uploads\/2017\/01\/fibre_optique_web_linas2.jpg\" \/>\n\t<meta property=\"og:image:width\" content=\"1308\" \/>\n\t<meta property=\"og:image:height\" content=\"1380\" \/>\n\t<meta property=\"og:image:type\" content=\"image\/jpeg\" \/>\n<meta name=\"author\" content=\"Francois\" \/>\n<meta name=\"twitter:card\" content=\"summary_large_image\" \/>\n<meta name=\"twitter:creator\" content=\"@pelletant\" \/>\n<meta name=\"twitter:site\" content=\"@pelletant\" \/>\n<meta name=\"twitter:label1\" content=\"\u00c9crit par\" \/>\n\t<meta name=\"twitter:data1\" content=\"Francois\" \/>\n\t<meta name=\"twitter:label2\" content=\"Dur\u00e9e de lecture estim\u00e9e\" \/>\n\t<meta name=\"twitter:data2\" content=\"2 minutes\" \/>\n<script type=\"application\/ld+json\" class=\"yoast-schema-graph\">{\"@context\":\"https:\/\/schema.org\",\"@graph\":[{\"@type\":\"Article\",\"@id\":\"https:\/\/francois-pelletant.fr\/blog\/fibre-optique-vitis-pelletant\/#article\",\"isPartOf\":{\"@id\":\"https:\/\/francois-pelletant.fr\/blog\/fibre-optique-vitis-pelletant\/\"},\"author\":{\"name\":\"Francois\",\"@id\":\"https:\/\/francois-pelletant.fr\/blog\/#\/schema\/person\/2be41acb171dff8f31aaed1f40cee9f3\"},\"headline\":\"Fibre optique : et voici VITIS\",\"datePublished\":\"2017-01-24T09:55:47+00:00\",\"dateModified\":\"2017-02-27T15:40:05+00:00\",\"mainEntityOfPage\":{\"@id\":\"https:\/\/francois-pelletant.fr\/blog\/fibre-optique-vitis-pelletant\/\"},\"wordCount\":428,\"commentCount\":0,\"publisher\":{\"@id\":\"https:\/\/francois-pelletant.fr\/blog\/#organization\"},\"image\":{\"@id\":\"https:\/\/francois-pelletant.fr\/blog\/fibre-optique-vitis-pelletant\/#primaryimage\"},\"thumbnailUrl\":\"https:\/\/francois-pelletant.fr\/blog\/wp-content\/uploads\/2017\/01\/fibre_optique_web_linas2.jpg\",\"articleSection\":[\"Tr\u00e8s Haut D\u00e9bit\"],\"inLanguage\":\"fr-FR\",\"potentialAction\":[{\"@type\":\"CommentAction\",\"name\":\"Comment\",\"target\":[\"https:\/\/francois-pelletant.fr\/blog\/fibre-optique-vitis-pelletant\/#respond\"]}]},{\"@type\":\"WebPage\",\"@id\":\"https:\/\/francois-pelletant.fr\/blog\/fibre-optique-vitis-pelletant\/\",\"url\":\"https:\/\/francois-pelletant.fr\/blog\/fibre-optique-vitis-pelletant\/\",\"name\":\"Fibre optique : et voici VITIS - Fran\u00e7ois Pelletant\",\"isPartOf\":{\"@id\":\"https:\/\/francois-pelletant.fr\/blog\/#website\"},\"primaryImageOfPage\":{\"@id\":\"https:\/\/francois-pelletant.fr\/blog\/fibre-optique-vitis-pelletant\/#primaryimage\"},\"image\":{\"@id\":\"https:\/\/francois-pelletant.fr\/blog\/fibre-optique-vitis-pelletant\/#primaryimage\"},\"thumbnailUrl\":\"https:\/\/francois-pelletant.fr\/blog\/wp-content\/uploads\/2017\/01\/fibre_optique_web_linas2.jpg\",\"datePublished\":\"2017-01-24T09:55:47+00:00\",\"dateModified\":\"2017-02-27T15:40:05+00:00\",\"breadcrumb\":{\"@id\":\"https:\/\/francois-pelletant.fr\/blog\/fibre-optique-vitis-pelletant\/#breadcrumb\"},\"inLanguage\":\"fr-FR\",\"potentialAction\":[{\"@type\":\"ReadAction\",\"target\":[\"https:\/\/francois-pelletant.fr\/blog\/fibre-optique-vitis-pelletant\/\"]}]},{\"@type\":\"ImageObject\",\"inLanguage\":\"fr-FR\",\"@id\":\"https:\/\/francois-pelletant.fr\/blog\/fibre-optique-vitis-pelletant\/#primaryimage\",\"url\":\"https:\/\/francois-pelletant.fr\/blog\/wp-content\/uploads\/2017\/01\/fibre_optique_web_linas2.jpg\",\"contentUrl\":\"https:\/\/francois-pelletant.fr\/blog\/wp-content\/uploads\/2017\/01\/fibre_optique_web_linas2.jpg\",\"width\":1308,\"height\":1380},{\"@type\":\"BreadcrumbList\",\"@id\":\"https:\/\/francois-pelletant.fr\/blog\/fibre-optique-vitis-pelletant\/#breadcrumb\",\"itemListElement\":[{\"@type\":\"ListItem\",\"position\":1,\"name\":\"Accueil\",\"item\":\"https:\/\/francois-pelletant.fr\/blog\/\"},{\"@type\":\"ListItem\",\"position\":2,\"name\":\"Fibre optique : et voici VITIS\"}]},{\"@type\":\"WebSite\",\"@id\":\"https:\/\/francois-pelletant.fr\/blog\/#website\",\"url\":\"https:\/\/francois-pelletant.fr\/blog\/\",\"name\":\"Fran\u00e7ois Pelletant\",\"description\":\"Maire de Linas, pour toujours.\",\"publisher\":{\"@id\":\"https:\/\/francois-pelletant.fr\/blog\/#organization\"},\"potentialAction\":[{\"@type\":\"SearchAction\",\"target\":{\"@type\":\"EntryPoint\",\"urlTemplate\":\"https:\/\/francois-pelletant.fr\/blog\/?s={search_term_string}\"},\"query-input\":{\"@type\":\"PropertyValueSpecification\",\"valueRequired\":true,\"valueName\":\"search_term_string\"}}],\"inLanguage\":\"fr-FR\"},{\"@type\":\"Organization\",\"@id\":\"https:\/\/francois-pelletant.fr\/blog\/#organization\",\"name\":\"Fran\u00e7ois Pelletant\",\"url\":\"https:\/\/francois-pelletant.fr\/blog\/\",\"logo\":{\"@type\":\"ImageObject\",\"inLanguage\":\"fr-FR\",\"@id\":\"https:\/\/francois-pelletant.fr\/blog\/#\/schema\/logo\/image\/\",\"url\":\"https:\/\/francois-pelletant.fr\/blog\/wp-content\/uploads\/2024\/07\/icone-francois-centre-500p.png\",\"contentUrl\":\"https:\/\/francois-pelletant.fr\/blog\/wp-content\/uploads\/2024\/07\/icone-francois-centre-500p.png\",\"width\":559,\"height\":447,\"caption\":\"Fran\u00e7ois Pelletant\"},\"image\":{\"@id\":\"https:\/\/francois-pelletant.fr\/blog\/#\/schema\/logo\/image\/\"},\"sameAs\":[\"https:\/\/www.facebook.com\/francois.pelletant.7\",\"https:\/\/x.com\/pelletant\"]},{\"@type\":\"Person\",\"@id\":\"https:\/\/francois-pelletant.fr\/blog\/#\/schema\/person\/2be41acb171dff8f31aaed1f40cee9f3\",\"name\":\"Francois\"}]}<\/script>\n<!-- \/ Yoast SEO plugin. -->","yoast_head_json":{"title":"Fibre optique : et voici VITIS - Fran\u00e7ois Pelletant","robots":{"index":"index","follow":"follow","max-snippet":"max-snippet:-1","max-image-preview":"max-image-preview:large","max-video-preview":"max-video-preview:-1"},"canonical":"https:\/\/francois-pelletant.fr\/blog\/fibre-optique-vitis-pelletant\/","og_locale":"fr_FR","og_type":"article","og_title":"Fibre optique : et voici VITIS - Fran\u00e7ois Pelletant","og_description":"Je n\u2019ai pas l\u2019habitude de vous annoncer les choses trop en avance, mais je me permets de le faire car tous les feux sont au vert et rien maintenant ne semble pouvoir entraver l\u2019arriv\u00e9e de l\u2019op\u00e9rateur VITIS sur notre \u00a0fibre optique Tutor \/ Covage \/ Paris-Saclay. Pour le courant de l\u2019ann\u00e9e 2017, VITIS devrait donc [&hellip;]","og_url":"https:\/\/francois-pelletant.fr\/blog\/fibre-optique-vitis-pelletant\/","og_site_name":"Fran\u00e7ois Pelletant","article_publisher":"https:\/\/www.facebook.com\/francois.pelletant.7","article_published_time":"2017-01-24T09:55:47+00:00","article_modified_time":"2017-02-27T15:40:05+00:00","og_image":[{"width":1308,"height":1380,"url":"https:\/\/francois-pelletant.fr\/blog\/wp-content\/uploads\/2017\/01\/fibre_optique_web_linas2.jpg","type":"image\/jpeg"}],"author":"Francois","twitter_card":"summary_large_image","twitter_creator":"@pelletant","twitter_site":"@pelletant","twitter_misc":{"\u00c9crit par":"Francois","Dur\u00e9e de lecture estim\u00e9e":"2 minutes"},"schema":{"@context":"https:\/\/schema.org","@graph":[{"@type":"Article","@id":"https:\/\/francois-pelletant.fr\/blog\/fibre-optique-vitis-pelletant\/#article","isPartOf":{"@id":"https:\/\/francois-pelletant.fr\/blog\/fibre-optique-vitis-pelletant\/"},"author":{"name":"Francois","@id":"https:\/\/francois-pelletant.fr\/blog\/#\/schema\/person\/2be41acb171dff8f31aaed1f40cee9f3"},"headline":"Fibre optique : et voici VITIS","datePublished":"2017-01-24T09:55:47+00:00","dateModified":"2017-02-27T15:40:05+00:00","mainEntityOfPage":{"@id":"https:\/\/francois-pelletant.fr\/blog\/fibre-optique-vitis-pelletant\/"},"wordCount":428,"commentCount":0,"publisher":{"@id":"https:\/\/francois-pelletant.fr\/blog\/#organization"},"image":{"@id":"https:\/\/francois-pelletant.fr\/blog\/fibre-optique-vitis-pelletant\/#primaryimage"},"thumbnailUrl":"https:\/\/francois-pelletant.fr\/blog\/wp-content\/uploads\/2017\/01\/fibre_optique_web_linas2.jpg","articleSection":["Tr\u00e8s Haut D\u00e9bit"],"inLanguage":"fr-FR","potentialAction":[{"@type":"CommentAction","name":"Comment","target":["https:\/\/francois-pelletant.fr\/blog\/fibre-optique-vitis-pelletant\/#respond"]}]},{"@type":"WebPage","@id":"https:\/\/francois-pelletant.fr\/blog\/fibre-optique-vitis-pelletant\/","url":"https:\/\/francois-pelletant.fr\/blog\/fibre-optique-vitis-pelletant\/","name":"Fibre optique : et voici VITIS - Fran\u00e7ois Pelletant","isPartOf":{"@id":"https:\/\/francois-pelletant.fr\/blog\/#website"},"primaryImageOfPage":{"@id":"https:\/\/francois-pelletant.fr\/blog\/fibre-optique-vitis-pelletant\/#primaryimage"},"image":{"@id":"https:\/\/francois-pelletant.fr\/blog\/fibre-optique-vitis-pelletant\/#primaryimage"},"thumbnailUrl":"https:\/\/francois-pelletant.fr\/blog\/wp-content\/uploads\/2017\/01\/fibre_optique_web_linas2.jpg","datePublished":"2017-01-24T09:55:47+00:00","dateModified":"2017-02-27T15:40:05+00:00","breadcrumb":{"@id":"https:\/\/francois-pelletant.fr\/blog\/fibre-optique-vitis-pelletant\/#breadcrumb"},"inLanguage":"fr-FR","potentialAction":[{"@type":"ReadAction","target":["https:\/\/francois-pelletant.fr\/blog\/fibre-optique-vitis-pelletant\/"]}]},{"@type":"ImageObject","inLanguage":"fr-FR","@id":"https:\/\/francois-pelletant.fr\/blog\/fibre-optique-vitis-pelletant\/#primaryimage","url":"https:\/\/francois-pelletant.fr\/blog\/wp-content\/uploads\/2017\/01\/fibre_optique_web_linas2.jpg","contentUrl":"https:\/\/francois-pelletant.fr\/blog\/wp-content\/uploads\/2017\/01\/fibre_optique_web_linas2.jpg","width":1308,"height":1380},{"@type":"BreadcrumbList","@id":"https:\/\/francois-pelletant.fr\/blog\/fibre-optique-vitis-pelletant\/#breadcrumb","itemListElement":[{"@type":"ListItem","position":1,"name":"Accueil","item":"https:\/\/francois-pelletant.fr\/blog\/"},{"@type":"ListItem","position":2,"name":"Fibre optique : et voici VITIS"}]},{"@type":"WebSite","@id":"https:\/\/francois-pelletant.fr\/blog\/#website","url":"https:\/\/francois-pelletant.fr\/blog\/","name":"Fran\u00e7ois Pelletant","description":"Maire de Linas, pour toujours.","publisher":{"@id":"https:\/\/francois-pelletant.fr\/blog\/#organization"},"potentialAction":[{"@type":"SearchAction","target":{"@type":"EntryPoint","urlTemplate":"https:\/\/francois-pelletant.fr\/blog\/?s={search_term_string}"},"query-input":{"@type":"PropertyValueSpecification","valueRequired":true,"valueName":"search_term_string"}}],"inLanguage":"fr-FR"},{"@type":"Organization","@id":"https:\/\/francois-pelletant.fr\/blog\/#organization","name":"Fran\u00e7ois Pelletant","url":"https:\/\/francois-pelletant.fr\/blog\/","logo":{"@type":"ImageObject","inLanguage":"fr-FR","@id":"https:\/\/francois-pelletant.fr\/blog\/#\/schema\/logo\/image\/","url":"https:\/\/francois-pelletant.fr\/blog\/wp-content\/uploads\/2024\/07\/icone-francois-centre-500p.png","contentUrl":"https:\/\/francois-pelletant.fr\/blog\/wp-content\/uploads\/2024\/07\/icone-francois-centre-500p.png","width":559,"height":447,"caption":"Fran\u00e7ois Pelletant"},"image":{"@id":"https:\/\/francois-pelletant.fr\/blog\/#\/schema\/logo\/image\/"},"sameAs":["https:\/\/www.facebook.com\/francois.pelletant.7","https:\/\/x.com\/pelletant"]},{"@type":"Person","@id":"https:\/\/francois-pelletant.fr\/blog\/#\/schema\/person\/2be41acb171dff8f31aaed1f40cee9f3","name":"Francois"}]}},"_links":{"self":[{"href":"https:\/\/francois-pelletant.fr\/blog\/wp-json\/wp\/v2\/posts\/8288","targetHints":{"allow":["GET"]}}],"collection":[{"href":"https:\/\/francois-pelletant.fr\/blog\/wp-json\/wp\/v2\/posts"}],"about":[{"href":"https:\/\/francois-pelletant.fr\/blog\/wp-json\/wp\/v2\/types\/post"}],"author":[{"embeddable":true,"href":"https:\/\/francois-pelletant.fr\/blog\/wp-json\/wp\/v2\/users\/1"}],"replies":[{"embeddable":true,"href":"https:\/\/francois-pelletant.fr\/blog\/wp-json\/wp\/v2\/comments?post=8288"}],"version-history":[{"count":0,"href":"https:\/\/francois-pelletant.fr\/blog\/wp-json\/wp\/v2\/posts\/8288\/revisions"}],"wp:featuredmedia":[{"embeddable":true,"href":"https:\/\/francois-pelletant.fr\/blog\/wp-json\/wp\/v2\/media\/8290"}],"wp:attachment":[{"href":"https:\/\/francois-pelletant.fr\/blog\/wp-json\/wp\/v2\/media?parent=8288"}],"wp:term":[{"taxonomy":"category","embeddable":true,"href":"https:\/\/francois-pelletant.fr\/blog\/wp-json\/wp\/v2\/categories?post=8288"},{"taxonomy":"post_tag","embeddable":true,"href":"https:\/\/francois-pelletant.fr\/blog\/wp-json\/wp\/v2\/tags?post=8288"}],"curies":[{"name":"wp","href":"https:\/\/api.w.org\/{rel}","templated":true}]}}