{"id":8328,"date":"2015-04-13T13:33:23","date_gmt":"2015-04-13T13:33:23","guid":{"rendered":"https:\/\/francois-pelletant.fr\/blog\/?p=8328"},"modified":"2017-01-25T13:49:07","modified_gmt":"2017-01-25T13:49:07","slug":"politique-jean-germain-lhonneur-aux-chiens-pelletant","status":"publish","type":"post","link":"https:\/\/francois-pelletant.fr\/blog\/politique-jean-germain-lhonneur-aux-chiens-pelletant\/","title":{"rendered":"Politique : Jean Germain: l&#8217;honneur aux chiens &#8211; Pelletant"},"content":{"rendered":"<p><img loading=\"lazy\" decoding=\"async\" class=\"alignleft size-medium wp-image-8323\" src=\"https:\/\/francois-pelletant.fr\/blog\/wp-content\/uploads\/2017\/01\/the-huffington-post-150x84@2x-300x168.png\" alt=\"the-huffington-post-150x84@2x\" width=\"300\" height=\"168\" \/>Politique &#8211; Dans ma contribution du jour au site d&#8217;informations The Huffington Post, je reviens sur le d\u00e9c\u00e8s de l&#8217;ancien Maire de Tours, Jean Germain : retrouvez le texte intitul\u00e9 &#8220;Jean Germain: l&#8217;honneur aux chiens&#8221; \u00e0 l&#8217;adresse suivante\u00a0<a href=\"http:\/\/www.huffingtonpost.fr\/francois-pelletant\/suicide-jean-germain_b_7054870.html\" target=\"_blank\" rel=\"nofollow\">http:\/\/www.huffingtonpost.fr\/francois-pelletant\/suicide-jean-germain_b_7054870.html<\/a><\/p>\n<p>&nbsp;<\/p>\n<p>A pr\u00e9sent que le corps est refroidi et que les obs\u00e8ques de Jean Germain se sont achev\u00e9es en ce lundi 13 avril, aurions-nous cinq minutes pour r\u00e9fl\u00e9chir \u00e0 ce drame que nous aurions pu \u00e9viter?<\/p>\n<div id=\"entry_paragraph_1\" class=\"ad_spot entry-body--paragraph-ad\"><\/div>\n<p>Je dis &#8220;nous&#8221;, car lorsque<a href=\"http:\/\/www.lanouvellerepublique.fr\/Indre-et-Loire\/Actualite\/Faits-divers-justice\/n\/Contenus\/Articles\/2015\/04\/13\/Tours-Une-messe-pour-les-obseques-de-Jean-Germain-2293399\" target=\"_hplink\" rel=\"nofollow\" target=\"_blank\"> la mort d&#8217;un homme<\/a> est cons\u00e9cutive \u00e0 l&#8217;action des institutions de la R\u00e9publique, c&#8217;est nous tous qui devons-nous sentir responsables. La justice n&#8217;agit-elle pas au nom des Fran\u00e7ais?<\/p>\n<div id=\"entry_paragraph_2\" class=\"ad_spot entry-body--paragraph-ad\"><\/div>\n<p>Contrairement au suicide de Pierre B\u00e9r\u00e9govoy en 1993, le d\u00e9bat est bien pauvre apr\u00e8s celui de Jean Germain. O\u00f9 est donc pass\u00e9 notre esprit critique? Il y a trois mois, la France se soulevait pour raviver l&#8217;h\u00e9ritage des Lumi\u00e8res, mais c&#8217;est maintenant qu&#8217;il faudrait s&#8217;en servir. <a href=\"http:\/\/www.huffingtonpost.fr\/2015\/01\/07\/je-suis-charlie-origine-createur-joachim-roncin-slogan-logo-solidarite-charlie-hebdo_n_6431084.html\" target=\"_hplink\" target=\"_blank\" rel=\"nofollow\">Soyons Charlie<\/a> jusqu&#8217;au bout.<\/p>\n<div id=\"entry_paragraph_3\" class=\"ad_spot entry-body--paragraph-ad\"><\/div>\n<p>Ce ne sont pas les \u00e9tincelles qui manquent pour mettre le feu aux poudres, mais pour l&#8217;instant nous n&#8217;avons vu, au carnaval m\u00e9diatique, que des p\u00e9tards mouill\u00e9s: <a href=\"http:\/\/www.huffingtonpost.fr\/2015\/04\/07\/jean-germain-mort-senateurs-hommage-minute-de-silence_n_7017976.html\" target=\"_hplink\" target=\"_blank\" rel=\"nofollow\">le pr\u00e9sident du S\u00e9nat, second personnage de l&#8217;Etat a d\u00e9nonc\u00e9<\/a>: &#8220;Ce syst\u00e8me qui s&#8217;emballe sans discernement, sans consid\u00e9ration pour l&#8217;honneur, peut amener un homme \u00e0 commettre l&#8217;irr\u00e9parable&#8221;. Personne ne s&#8217;interroge sur le fait de savoir qui est &#8220;ce syst\u00e8me&#8221; ainsi d\u00e9sign\u00e9. En 1993, Fran\u00e7ois Mitterrand avait \u00e9t\u00e9 invit\u00e9, dans une interview, \u00e0 expliquer qui \u00e9tait le &#8220;on&#8221; de la phrase <a href=\"https:\/\/www.youtube.com\/watch?v=voMN71breSk\" target=\"_hplink\" rel=\"nofollow\" target=\"_blank\">&#8220;on ait pu livrer aux chiens&#8230;&#8221;<\/a> et qui \u00e9taient &#8220;les chiens&#8221;? Il n&#8217;avait pas voulu r\u00e9pondre.<\/p>\n<div id=\"entry_paragraph_4\" class=\"ad_spot entry-body--paragraph-ad\"><\/div>\n<p>Pourquoi <a href=\"http:\/\/www.francesoir.fr\/politique-france\/mort-de-jean-germain-les-similitudes-troublantes-avec-le-suicide-de-pierre\" target=\"_hplink\" rel=\"nofollow\" target=\"_blank\">les m\u00eames secrets<\/a> les m\u00eames &#8220;non-dits&#8221; 22 ans plus tard?<\/p>\n<p>Celui qui semble le plus audacieux serait l&#8217;avocat Dominique Trincaud qui pointe un &#8220;procureur politiquement engag\u00e9&#8221; et une connexion entre la politique et la justice.<\/p>\n<p>La France a connu depuis 30 ans une judiciarisation croissante de la vie politique. Depuis les enqu\u00eates d&#8217;Eva Joly, publi\u00e9es quotidiennement dans le Monde, notre pays n&#8217;a eu de cesse que de chasser les moindres turpitudes de ses \u00e9lus et de faire connaitre \u00e0 tous les moindres soup\u00e7ons qui p\u00e8sent sur eux.<\/p>\n<p>Cette pratique trouve certainement sa place dans d&#8217;autres cultures plus scandinaves, plus anglo-saxonnes, ou dans d&#8217;autres pays o\u00f9 l&#8217;on peut, sans \u00e9moi, exhiber un pr\u00e9sident du FMI menott\u00e9 devant les cam\u00e9ras. Mais en France cette politique est un triple \u00e9chec.<\/p>\n<p>On a cru lutter contre la corruption de quelques-uns en accentuant les mises en cause de tous. Cela est aussi absurde que d&#8217;opprimer une communaut\u00e9 pour expier les m\u00e9faits de ses membres les plus insaisissables. En cherchant les moindres incartades des \u00e9lus et au besoin dans leurs activit\u00e9s extra-politiques, on a banalis\u00e9 les actes les plus graves. Allez prendre une bi\u00e8re \u00e0 Levallois-Perret et vous entendrez le peuple rire de d\u00e9rision au sujet <a href=\"http:\/\/www.liberation.fr\/politiques\/2015\/03\/15\/patrick-balkany-le-pilier-de-bobards_1221338\" target=\"_hplink\" rel=\"nofollow\" target=\"_blank\">des ennuis judiciaires du d\u00e9put\u00e9-maire<\/a>.<\/p>\n<p>On a cru donner l&#8217;image d&#8217;une justice int\u00e8gre et \u00e9gale pour tous, mais les fuites, les emballements pour des affaires qui finalement n&#8217;en \u00e9taient pas, l&#8217;ont discr\u00e9dit\u00e9e. Combien de non-lieux, combien de relaxes ont aliment\u00e9 le sentiment d&#8217;une justice indulgente avec les \u00e9lus et dure avec les autres?<\/p>\n<p>On a cru assainir la politique, mais la politique s&#8217;est adapt\u00e9e en instrumentalisant bien souvent cette nouvelle pratique justici\u00e8re. Pour s&#8217;en convaincre, il suffit de comparer les proc\u00e8s-verbaux des conseils municipaux et autres assembl\u00e9es d&#8217;\u00e9lus \u00e0 30 ans d&#8217;intervalle. Les d\u00e9bats d&#8217;id\u00e9es ont disparu et ont laiss\u00e9 place aux proc\u00e8s de toutes sortes. Pour battre un homme politique aujourd&#8217;hui on ne le conteste plus, on lui cherche des casseroles. Cela, je le vois dans ma propre commune o\u00f9 mon opposition est bien plus active aupr\u00e8s des tribunaux que dans les d\u00e9bats au Conseil municipal (0 minute et 0 seconde pour le d\u00e9bat budg\u00e9taire 2015). Il y a peu, j&#8217;avais dans mes adversaires politiques, un fonctionnaire de l&#8217;inspection du travail. Eh bien, curieusement, j&#8217;ai subi 3 contr\u00f4les dans mes activit\u00e9s, pourtant extra-municipales, dont certains engag\u00e9s contre toute coh\u00e9rence, et d&#8217;autres relay\u00e9s par la justice.<\/p>\n<p>Le r\u00e9sultat de tout cela est un \u00e9norme g\u00e2chis. A un moment o\u00f9 de moins en moins de nos concitoyens se sentent citoyens. \u00c0 un moment o\u00f9 les associations manquent de b\u00e9n\u00e9voles et les collectivit\u00e9s locales d&#8217;\u00e9lus, on d\u00e9signe, on humilie, on garde \u00e0 vue, on d\u00e9truit tout ce qu&#8217;un \u00e9lu a de plus sacr\u00e9: son honneur.<\/p>\n<p>Jean Germain, comme tant d&#8217;autres \u00e9lus locaux, avait ce code d&#8217;honneur, c&#8217;est d&#8217;ailleurs ce qui diff\u00e9rencie les R\u00e9publicains des chiens.<\/p>\n<p>Dans les m\u00e9dias, comme devant la justice, l&#8217;honneur, l&#8217;honorabilit\u00e9 ne vaut rien. C&#8217;est ainsi qu&#8217;un maire, certainement pas un ange, mais r\u00e9\u00e9lu de multiples fois \u00e0 la t\u00eate d&#8217;une des plus belles et plus grandes villes de France<a href=\"http:\/\/www.bfmtv.com\/politique\/jean-germain-a-ete-tue-d-un-coup-de-fusil-tire-par-lui-meme-procureur-875037.html\" target=\"_hplink\" rel=\"nofollow\" target=\"_blank\"> peut rendre son dernier souffle dans un garage au bout de son fusil de chasse<\/a> sans que cela n&#8217;entra\u00eene la moindre enqu\u00eate pr\u00e9liminaire, le moindre sentiment de culpabilit\u00e9. A l&#8217;\u00e9poque o\u00f9 le plus petit homicide est suivi d&#8217;un d\u00e9ploiement de moyens scientifiques impressionnant, la mort de Jean Germain, elle, s&#8217;expliquerait par des analyses rapides de comptoir, fragilit\u00e9 psychologique, d\u00e9prime, d\u00e9faite&#8230; Que sais-je ?<\/p>\n<p>On s&#8217;interroge souvent pour conna\u00eetre le moteur des \u00e9lus. Savoir ce qui les pousse \u00e0 conqu\u00e9rir et garder le pouvoir. On imagine toutes sortes de choses mais l&#8217;honneur est tr\u00e8s certainement le d\u00e9nominateur commun.<\/p>\n<p>L&#8217;honneur est \u00e0 l&#8217;\u0153uvre \u00e0 chaque fois que la R\u00e9publique a besoin de ses fils et rien ne peut mieux expliquer que des femmes et des hommes se d\u00e9vouent pour l&#8217;int\u00e9r\u00eat g\u00e9n\u00e9ral dans une soci\u00e9t\u00e9 individualiste o\u00f9 il serait si facile de ne penser qu&#8217;\u00e0 soi.<\/p>\n<p>Est-il si difficile de comprendre cela? C&#8217;est en tout cas l&#8217;enseignement que Jean Germain a consid\u00e9r\u00e9 plus important que sa vie:<\/p>\n<p>&#8220;Je sais le mal que je vais faire, la peine que je vais diffuser \u00e0 ceux qui m&#8217;aiment. Mais on ne peut laisser la chasse syst\u00e9matique aux politiques se d\u00e9rouler &#8220;normalement&#8221;, quotidiennement. Il est des \u00eatres, j&#8217;en suis s\u00fbr, pour lesquels l&#8217;injustice et le d\u00e9shonneur sont insupportables. Soyez s\u00fbrs que je n&#8217;ai jamais d\u00e9tourn\u00e9 un centime, que je ne me suis pas enrichi, que j&#8217;ai toujours \u0153uvr\u00e9 pour ce que je pensais \u00eatre le bonheur des Tourangeaux. Je laisse ce courrier \u00e0 mes proches qui, je l&#8217;esp\u00e8re, pourront comme \u00e7a comprendre.&#8221;<\/p>\n","protected":false},"excerpt":{"rendered":"<p>Politique &#8211; Dans ma contribution du jour au site d&#8217;informations The Huffington Post, je reviens sur le d\u00e9c\u00e8s de l&#8217;ancien Maire de Tours, Jean Germain : retrouvez le texte intitul\u00e9 &#8220;Jean Germain: l&#8217;honneur aux chiens&#8221; \u00e0 l&#8217;adresse suivante\u00a0http:\/\/www.huffingtonpost.fr\/francois-pelletant\/suicide-jean-germain_b_7054870.html &nbsp; A pr\u00e9sent que le corps est refroidi et que les obs\u00e8ques de Jean Germain se sont [&hellip;]<\/p>\n","protected":false},"author":1,"featured_media":8324,"comment_status":"open","ping_status":"closed","sticky":false,"template":"","format":"standard","meta":{"footnotes":""},"categories":[16],"tags":[],"class_list":["post-8328","post","type-post","status-publish","format-standard","has-post-thumbnail","hentry","category-prises-de-positions"],"yoast_head":"<!-- This site is optimized with the Yoast SEO plugin v25.6 - https:\/\/yoast.com\/wordpress\/plugins\/seo\/ -->\n<title>Politique : Jean Germain: l&#039;honneur aux chiens - Pelletant - Fran\u00e7ois Pelletant<\/title>\n<meta name=\"description\" content=\"Politique - Dans ma contribution du jour au site d&#039;informations The Huffington Post, je reviens sur le d\u00e9c\u00e8s de l&#039;ancien Maire de Tours, Jean Germain\" \/>\n<meta name=\"robots\" content=\"index, follow, max-snippet:-1, max-image-preview:large, max-video-preview:-1\" \/>\n<link rel=\"canonical\" href=\"https:\/\/francois-pelletant.fr\/blog\/politique-jean-germain-lhonneur-aux-chiens-pelletant\/\" \/>\n<meta property=\"og:locale\" content=\"fr_FR\" \/>\n<meta property=\"og:type\" content=\"article\" \/>\n<meta property=\"og:title\" content=\"Politique : Jean Germain: l&#039;honneur aux chiens - Pelletant - Fran\u00e7ois Pelletant\" \/>\n<meta property=\"og:description\" content=\"Politique - Dans ma contribution du jour au site d&#039;informations The Huffington Post, je reviens sur le d\u00e9c\u00e8s de l&#039;ancien Maire de Tours, Jean Germain\" \/>\n<meta property=\"og:url\" content=\"https:\/\/francois-pelletant.fr\/blog\/politique-jean-germain-lhonneur-aux-chiens-pelletant\/\" \/>\n<meta property=\"og:site_name\" content=\"Fran\u00e7ois Pelletant\" \/>\n<meta property=\"article:publisher\" content=\"https:\/\/www.facebook.com\/francois.pelletant.7\" \/>\n<meta property=\"article:published_time\" content=\"2015-04-13T13:33:23+00:00\" \/>\n<meta property=\"article:modified_time\" content=\"2017-01-25T13:49:07+00:00\" \/>\n<meta property=\"og:image\" content=\"https:\/\/francois-pelletant.fr\/blog\/wp-content\/uploads\/2017\/01\/I58EQMCH.jpg\" \/>\n\t<meta property=\"og:image:width\" content=\"500\" \/>\n\t<meta property=\"og:image:height\" content=\"500\" \/>\n\t<meta property=\"og:image:type\" content=\"image\/jpeg\" \/>\n<meta name=\"author\" content=\"Francois\" \/>\n<meta name=\"twitter:card\" content=\"summary_large_image\" \/>\n<meta name=\"twitter:creator\" content=\"@pelletant\" \/>\n<meta name=\"twitter:site\" content=\"@pelletant\" \/>\n<meta name=\"twitter:label1\" content=\"\u00c9crit par\" \/>\n\t<meta name=\"twitter:data1\" content=\"Francois\" \/>\n\t<meta name=\"twitter:label2\" content=\"Dur\u00e9e de lecture estim\u00e9e\" \/>\n\t<meta name=\"twitter:data2\" content=\"6 minutes\" \/>\n<script type=\"application\/ld+json\" class=\"yoast-schema-graph\">{\"@context\":\"https:\/\/schema.org\",\"@graph\":[{\"@type\":\"Article\",\"@id\":\"https:\/\/francois-pelletant.fr\/blog\/politique-jean-germain-lhonneur-aux-chiens-pelletant\/#article\",\"isPartOf\":{\"@id\":\"https:\/\/francois-pelletant.fr\/blog\/politique-jean-germain-lhonneur-aux-chiens-pelletant\/\"},\"author\":{\"name\":\"Francois\",\"@id\":\"https:\/\/francois-pelletant.fr\/blog\/#\/schema\/person\/2be41acb171dff8f31aaed1f40cee9f3\"},\"headline\":\"Politique : Jean Germain: l&#8217;honneur aux chiens &#8211; Pelletant\",\"datePublished\":\"2015-04-13T13:33:23+00:00\",\"dateModified\":\"2017-01-25T13:49:07+00:00\",\"mainEntityOfPage\":{\"@id\":\"https:\/\/francois-pelletant.fr\/blog\/politique-jean-germain-lhonneur-aux-chiens-pelletant\/\"},\"wordCount\":1186,\"commentCount\":0,\"publisher\":{\"@id\":\"https:\/\/francois-pelletant.fr\/blog\/#organization\"},\"image\":{\"@id\":\"https:\/\/francois-pelletant.fr\/blog\/politique-jean-germain-lhonneur-aux-chiens-pelletant\/#primaryimage\"},\"thumbnailUrl\":\"https:\/\/francois-pelletant.fr\/blog\/wp-content\/uploads\/2017\/01\/I58EQMCH.jpg\",\"articleSection\":[\"Prises de positions\"],\"inLanguage\":\"fr-FR\",\"potentialAction\":[{\"@type\":\"CommentAction\",\"name\":\"Comment\",\"target\":[\"https:\/\/francois-pelletant.fr\/blog\/politique-jean-germain-lhonneur-aux-chiens-pelletant\/#respond\"]}]},{\"@type\":\"WebPage\",\"@id\":\"https:\/\/francois-pelletant.fr\/blog\/politique-jean-germain-lhonneur-aux-chiens-pelletant\/\",\"url\":\"https:\/\/francois-pelletant.fr\/blog\/politique-jean-germain-lhonneur-aux-chiens-pelletant\/\",\"name\":\"Politique : Jean Germain: l'honneur aux chiens - Pelletant - Fran\u00e7ois Pelletant\",\"isPartOf\":{\"@id\":\"https:\/\/francois-pelletant.fr\/blog\/#website\"},\"primaryImageOfPage\":{\"@id\":\"https:\/\/francois-pelletant.fr\/blog\/politique-jean-germain-lhonneur-aux-chiens-pelletant\/#primaryimage\"},\"image\":{\"@id\":\"https:\/\/francois-pelletant.fr\/blog\/politique-jean-germain-lhonneur-aux-chiens-pelletant\/#primaryimage\"},\"thumbnailUrl\":\"https:\/\/francois-pelletant.fr\/blog\/wp-content\/uploads\/2017\/01\/I58EQMCH.jpg\",\"datePublished\":\"2015-04-13T13:33:23+00:00\",\"dateModified\":\"2017-01-25T13:49:07+00:00\",\"description\":\"Politique - Dans ma contribution du jour au site d'informations The Huffington Post, je reviens sur le d\u00e9c\u00e8s de l'ancien Maire de Tours, Jean Germain\",\"breadcrumb\":{\"@id\":\"https:\/\/francois-pelletant.fr\/blog\/politique-jean-germain-lhonneur-aux-chiens-pelletant\/#breadcrumb\"},\"inLanguage\":\"fr-FR\",\"potentialAction\":[{\"@type\":\"ReadAction\",\"target\":[\"https:\/\/francois-pelletant.fr\/blog\/politique-jean-germain-lhonneur-aux-chiens-pelletant\/\"]}]},{\"@type\":\"ImageObject\",\"inLanguage\":\"fr-FR\",\"@id\":\"https:\/\/francois-pelletant.fr\/blog\/politique-jean-germain-lhonneur-aux-chiens-pelletant\/#primaryimage\",\"url\":\"https:\/\/francois-pelletant.fr\/blog\/wp-content\/uploads\/2017\/01\/I58EQMCH.jpg\",\"contentUrl\":\"https:\/\/francois-pelletant.fr\/blog\/wp-content\/uploads\/2017\/01\/I58EQMCH.jpg\",\"width\":500,\"height\":500},{\"@type\":\"BreadcrumbList\",\"@id\":\"https:\/\/francois-pelletant.fr\/blog\/politique-jean-germain-lhonneur-aux-chiens-pelletant\/#breadcrumb\",\"itemListElement\":[{\"@type\":\"ListItem\",\"position\":1,\"name\":\"Accueil\",\"item\":\"https:\/\/francois-pelletant.fr\/blog\/\"},{\"@type\":\"ListItem\",\"position\":2,\"name\":\"Politique : Jean Germain: l&#8217;honneur aux chiens &#8211; Pelletant\"}]},{\"@type\":\"WebSite\",\"@id\":\"https:\/\/francois-pelletant.fr\/blog\/#website\",\"url\":\"https:\/\/francois-pelletant.fr\/blog\/\",\"name\":\"Fran\u00e7ois Pelletant\",\"description\":\"Maire de Linas, pour toujours.\",\"publisher\":{\"@id\":\"https:\/\/francois-pelletant.fr\/blog\/#organization\"},\"potentialAction\":[{\"@type\":\"SearchAction\",\"target\":{\"@type\":\"EntryPoint\",\"urlTemplate\":\"https:\/\/francois-pelletant.fr\/blog\/?s={search_term_string}\"},\"query-input\":{\"@type\":\"PropertyValueSpecification\",\"valueRequired\":true,\"valueName\":\"search_term_string\"}}],\"inLanguage\":\"fr-FR\"},{\"@type\":\"Organization\",\"@id\":\"https:\/\/francois-pelletant.fr\/blog\/#organization\",\"name\":\"Fran\u00e7ois Pelletant\",\"url\":\"https:\/\/francois-pelletant.fr\/blog\/\",\"logo\":{\"@type\":\"ImageObject\",\"inLanguage\":\"fr-FR\",\"@id\":\"https:\/\/francois-pelletant.fr\/blog\/#\/schema\/logo\/image\/\",\"url\":\"https:\/\/francois-pelletant.fr\/blog\/wp-content\/uploads\/2024\/07\/icone-francois-centre-500p.png\",\"contentUrl\":\"https:\/\/francois-pelletant.fr\/blog\/wp-content\/uploads\/2024\/07\/icone-francois-centre-500p.png\",\"width\":559,\"height\":447,\"caption\":\"Fran\u00e7ois Pelletant\"},\"image\":{\"@id\":\"https:\/\/francois-pelletant.fr\/blog\/#\/schema\/logo\/image\/\"},\"sameAs\":[\"https:\/\/www.facebook.com\/francois.pelletant.7\",\"https:\/\/x.com\/pelletant\"]},{\"@type\":\"Person\",\"@id\":\"https:\/\/francois-pelletant.fr\/blog\/#\/schema\/person\/2be41acb171dff8f31aaed1f40cee9f3\",\"name\":\"Francois\"}]}<\/script>\n<!-- \/ Yoast SEO plugin. -->","yoast_head_json":{"title":"Politique : Jean Germain: l'honneur aux chiens - Pelletant - Fran\u00e7ois Pelletant","description":"Politique - Dans ma contribution du jour au site d'informations The Huffington Post, je reviens sur le d\u00e9c\u00e8s de l'ancien Maire de Tours, Jean Germain","robots":{"index":"index","follow":"follow","max-snippet":"max-snippet:-1","max-image-preview":"max-image-preview:large","max-video-preview":"max-video-preview:-1"},"canonical":"https:\/\/francois-pelletant.fr\/blog\/politique-jean-germain-lhonneur-aux-chiens-pelletant\/","og_locale":"fr_FR","og_type":"article","og_title":"Politique : Jean Germain: l'honneur aux chiens - Pelletant - Fran\u00e7ois Pelletant","og_description":"Politique - Dans ma contribution du jour au site d'informations The Huffington Post, je reviens sur le d\u00e9c\u00e8s de l'ancien Maire de Tours, Jean Germain","og_url":"https:\/\/francois-pelletant.fr\/blog\/politique-jean-germain-lhonneur-aux-chiens-pelletant\/","og_site_name":"Fran\u00e7ois Pelletant","article_publisher":"https:\/\/www.facebook.com\/francois.pelletant.7","article_published_time":"2015-04-13T13:33:23+00:00","article_modified_time":"2017-01-25T13:49:07+00:00","og_image":[{"width":500,"height":500,"url":"https:\/\/francois-pelletant.fr\/blog\/wp-content\/uploads\/2017\/01\/I58EQMCH.jpg","type":"image\/jpeg"}],"author":"Francois","twitter_card":"summary_large_image","twitter_creator":"@pelletant","twitter_site":"@pelletant","twitter_misc":{"\u00c9crit par":"Francois","Dur\u00e9e de lecture estim\u00e9e":"6 minutes"},"schema":{"@context":"https:\/\/schema.org","@graph":[{"@type":"Article","@id":"https:\/\/francois-pelletant.fr\/blog\/politique-jean-germain-lhonneur-aux-chiens-pelletant\/#article","isPartOf":{"@id":"https:\/\/francois-pelletant.fr\/blog\/politique-jean-germain-lhonneur-aux-chiens-pelletant\/"},"author":{"name":"Francois","@id":"https:\/\/francois-pelletant.fr\/blog\/#\/schema\/person\/2be41acb171dff8f31aaed1f40cee9f3"},"headline":"Politique : Jean Germain: l&#8217;honneur aux chiens &#8211; Pelletant","datePublished":"2015-04-13T13:33:23+00:00","dateModified":"2017-01-25T13:49:07+00:00","mainEntityOfPage":{"@id":"https:\/\/francois-pelletant.fr\/blog\/politique-jean-germain-lhonneur-aux-chiens-pelletant\/"},"wordCount":1186,"commentCount":0,"publisher":{"@id":"https:\/\/francois-pelletant.fr\/blog\/#organization"},"image":{"@id":"https:\/\/francois-pelletant.fr\/blog\/politique-jean-germain-lhonneur-aux-chiens-pelletant\/#primaryimage"},"thumbnailUrl":"https:\/\/francois-pelletant.fr\/blog\/wp-content\/uploads\/2017\/01\/I58EQMCH.jpg","articleSection":["Prises de positions"],"inLanguage":"fr-FR","potentialAction":[{"@type":"CommentAction","name":"Comment","target":["https:\/\/francois-pelletant.fr\/blog\/politique-jean-germain-lhonneur-aux-chiens-pelletant\/#respond"]}]},{"@type":"WebPage","@id":"https:\/\/francois-pelletant.fr\/blog\/politique-jean-germain-lhonneur-aux-chiens-pelletant\/","url":"https:\/\/francois-pelletant.fr\/blog\/politique-jean-germain-lhonneur-aux-chiens-pelletant\/","name":"Politique : Jean Germain: l'honneur aux chiens - Pelletant - Fran\u00e7ois Pelletant","isPartOf":{"@id":"https:\/\/francois-pelletant.fr\/blog\/#website"},"primaryImageOfPage":{"@id":"https:\/\/francois-pelletant.fr\/blog\/politique-jean-germain-lhonneur-aux-chiens-pelletant\/#primaryimage"},"image":{"@id":"https:\/\/francois-pelletant.fr\/blog\/politique-jean-germain-lhonneur-aux-chiens-pelletant\/#primaryimage"},"thumbnailUrl":"https:\/\/francois-pelletant.fr\/blog\/wp-content\/uploads\/2017\/01\/I58EQMCH.jpg","datePublished":"2015-04-13T13:33:23+00:00","dateModified":"2017-01-25T13:49:07+00:00","description":"Politique - Dans ma contribution du jour au site d'informations The Huffington Post, je reviens sur le d\u00e9c\u00e8s de l'ancien Maire de Tours, Jean Germain","breadcrumb":{"@id":"https:\/\/francois-pelletant.fr\/blog\/politique-jean-germain-lhonneur-aux-chiens-pelletant\/#breadcrumb"},"inLanguage":"fr-FR","potentialAction":[{"@type":"ReadAction","target":["https:\/\/francois-pelletant.fr\/blog\/politique-jean-germain-lhonneur-aux-chiens-pelletant\/"]}]},{"@type":"ImageObject","inLanguage":"fr-FR","@id":"https:\/\/francois-pelletant.fr\/blog\/politique-jean-germain-lhonneur-aux-chiens-pelletant\/#primaryimage","url":"https:\/\/francois-pelletant.fr\/blog\/wp-content\/uploads\/2017\/01\/I58EQMCH.jpg","contentUrl":"https:\/\/francois-pelletant.fr\/blog\/wp-content\/uploads\/2017\/01\/I58EQMCH.jpg","width":500,"height":500},{"@type":"BreadcrumbList","@id":"https:\/\/francois-pelletant.fr\/blog\/politique-jean-germain-lhonneur-aux-chiens-pelletant\/#breadcrumb","itemListElement":[{"@type":"ListItem","position":1,"name":"Accueil","item":"https:\/\/francois-pelletant.fr\/blog\/"},{"@type":"ListItem","position":2,"name":"Politique : Jean Germain: l&#8217;honneur aux chiens &#8211; Pelletant"}]},{"@type":"WebSite","@id":"https:\/\/francois-pelletant.fr\/blog\/#website","url":"https:\/\/francois-pelletant.fr\/blog\/","name":"Fran\u00e7ois Pelletant","description":"Maire de Linas, pour toujours.","publisher":{"@id":"https:\/\/francois-pelletant.fr\/blog\/#organization"},"potentialAction":[{"@type":"SearchAction","target":{"@type":"EntryPoint","urlTemplate":"https:\/\/francois-pelletant.fr\/blog\/?s={search_term_string}"},"query-input":{"@type":"PropertyValueSpecification","valueRequired":true,"valueName":"search_term_string"}}],"inLanguage":"fr-FR"},{"@type":"Organization","@id":"https:\/\/francois-pelletant.fr\/blog\/#organization","name":"Fran\u00e7ois Pelletant","url":"https:\/\/francois-pelletant.fr\/blog\/","logo":{"@type":"ImageObject","inLanguage":"fr-FR","@id":"https:\/\/francois-pelletant.fr\/blog\/#\/schema\/logo\/image\/","url":"https:\/\/francois-pelletant.fr\/blog\/wp-content\/uploads\/2024\/07\/icone-francois-centre-500p.png","contentUrl":"https:\/\/francois-pelletant.fr\/blog\/wp-content\/uploads\/2024\/07\/icone-francois-centre-500p.png","width":559,"height":447,"caption":"Fran\u00e7ois Pelletant"},"image":{"@id":"https:\/\/francois-pelletant.fr\/blog\/#\/schema\/logo\/image\/"},"sameAs":["https:\/\/www.facebook.com\/francois.pelletant.7","https:\/\/x.com\/pelletant"]},{"@type":"Person","@id":"https:\/\/francois-pelletant.fr\/blog\/#\/schema\/person\/2be41acb171dff8f31aaed1f40cee9f3","name":"Francois"}]}},"_links":{"self":[{"href":"https:\/\/francois-pelletant.fr\/blog\/wp-json\/wp\/v2\/posts\/8328","targetHints":{"allow":["GET"]}}],"collection":[{"href":"https:\/\/francois-pelletant.fr\/blog\/wp-json\/wp\/v2\/posts"}],"about":[{"href":"https:\/\/francois-pelletant.fr\/blog\/wp-json\/wp\/v2\/types\/post"}],"author":[{"embeddable":true,"href":"https:\/\/francois-pelletant.fr\/blog\/wp-json\/wp\/v2\/users\/1"}],"replies":[{"embeddable":true,"href":"https:\/\/francois-pelletant.fr\/blog\/wp-json\/wp\/v2\/comments?post=8328"}],"version-history":[{"count":0,"href":"https:\/\/francois-pelletant.fr\/blog\/wp-json\/wp\/v2\/posts\/8328\/revisions"}],"wp:featuredmedia":[{"embeddable":true,"href":"https:\/\/francois-pelletant.fr\/blog\/wp-json\/wp\/v2\/media\/8324"}],"wp:attachment":[{"href":"https:\/\/francois-pelletant.fr\/blog\/wp-json\/wp\/v2\/media?parent=8328"}],"wp:term":[{"taxonomy":"category","embeddable":true,"href":"https:\/\/francois-pelletant.fr\/blog\/wp-json\/wp\/v2\/categories?post=8328"},{"taxonomy":"post_tag","embeddable":true,"href":"https:\/\/francois-pelletant.fr\/blog\/wp-json\/wp\/v2\/tags?post=8328"}],"curies":[{"name":"wp","href":"https:\/\/api.w.org\/{rel}","templated":true}]}}