{"id":8338,"date":"2015-11-09T14:06:30","date_gmt":"2015-11-09T14:06:30","guid":{"rendered":"https:\/\/francois-pelletant.fr\/blog\/?p=8338"},"modified":"2017-01-25T14:09:15","modified_gmt":"2017-01-25T14:09:15","slug":"2015-annee-zero-fin-communes-pelletant","status":"publish","type":"post","link":"https:\/\/francois-pelletant.fr\/blog\/2015-annee-zero-fin-communes-pelletant\/","title":{"rendered":"2015 : ann\u00e9e Z\u00e9ro de la fin des communes &#8211; Pelletant"},"content":{"rendered":"<p class=\"headline__title\"><img loading=\"lazy\" decoding=\"async\" class=\"alignleft size-medium wp-image-8323\" src=\"https:\/\/francois-pelletant.fr\/blog\/wp-content\/uploads\/2017\/01\/the-huffington-post-150x84@2x-300x168.png\" alt=\"the-huffington-post-150x84@2x\" width=\"300\" height=\"168\" \/>&#8220;2015 : ann\u00e9e Z\u00e9ro de la fin des communes&#8221; est l&#8217;intitul\u00e9 de ma chronique du jour publi\u00e9e sur le site du Huffington Post &#8211; d\u00e9couvrez l\u00e0 \u00e0 l&#8217;adresse suivante :\u00a0<a href=\"http:\/\/www.huffingtonpost.fr\/francois-pelletant\/2015-annee-zero-de-la-fin-des-communes_b_8509642.html\" target=\"_blank\" rel=\"nofollow\">http:\/\/www.huffingtonpost.fr\/francois-pelletant\/2015-annee-zero-de-la-fin-des-communes_b_8509642.html<\/a><\/p>\n<p class=\"headline__title\">\n<p>Le Pr\u00e9sident: &#8220;&#8230;les collectivit\u00e9s doivent faire un effort&#8230;&#8221;<\/p>\n<p>Le journaliste: Oui mais les collectivit\u00e9s, elles n&#8217;ont plus d&#8217;argent pour investir&#8230;<\/p>\n<p>Le Pr\u00e9sident: &#8221; que ces collectivit\u00e9s fassent un travail d&#8217;\u00e9conomie&#8230;dans les collectivit\u00e9s il y a des \u00e9conomies \u00e0 faire et notamment dans le fonctionnement avec un certain nombre de d\u00e9penses qui peuvent \u00eatre revues&#8230; Et et et c&#8217;est trop facile &#8230;.&#8221;<\/p>\n<div id=\"entry_paragraph_1\" class=\"ad_spot entry-body--paragraph-ad\"><\/div>\n<p>Cette stigmatisation des collectivit\u00e9s locales, dans la bouche m\u00eame du Chef de l&#8217;Etat, interview\u00e9 le <a href=\"http:\/\/www.acteurspublics.tv\/play\/38616\/rep-holland-rtl-19-10-15?language=fr\" target=\"_hplink\" rel=\"nofollow\" target=\"_blank\">19 octobre 2015 sur RTL<\/a>, ne fut relev\u00e9e par personne. Personne n&#8217;est entr\u00e9 dans cette pol\u00e9mique, las de cette petite musique que nous ass\u00e8nent les pouvoirs publics depuis plusieurs ann\u00e9es: les maires sont de mauvais gestionnaires, responsables du g\u00e2chis colossal de l&#8217;argent public en France.<\/p>\n<div id=\"entry_paragraph_2\" class=\"ad_spot entry-body--paragraph-ad\"><\/div>\n<p>Quand on veut \u00e9trangler les communes, on dit qu&#8217;elles sont mal g\u00e9r\u00e9es. C&#8217;est donc la strat\u00e9gie, vieille comme le monde, que nos technocrates ont \u00e9labor\u00e9e pour r\u00e9ussir ce dont ils r\u00eavent depuis des d\u00e9cennies: neutraliser les communes, r\u00e9duire \u00e0 la portion congrue la libre administration des collectivit\u00e9s locales et faire main basse sur les finances saines, jamais d\u00e9ficitaires, des mairies de France.<\/p>\n<div id=\"entry_paragraph_3\" class=\"ad_spot entry-body--paragraph-ad\"><\/div>\n<p>La Fontaine n&#8217;aurait pas eu besoin d&#8217;\u00e9crire de fable sur le sujet, celle de la cigale d\u00e9pensi\u00e8re et de la fourmi pr\u00e9voyante s&#8217;y serait pr\u00eat\u00e9e \u00e0 merveille. Avec comme r\u00e9alit\u00e9 que la cigale est bien plus grosse et forte que la fourmi et qu&#8217;\u00e0 la fin de l&#8217;histoire, c&#8217;est \u00e0 la cigale qu&#8217;il revient d&#8217;imposer naturellement sa loi.<\/p>\n<div id=\"entry_paragraph_4\" class=\"ad_spot entry-body--paragraph-ad\"><\/div>\n<p>Depuis les tentatives de fusions des communes dans les ann\u00e9es soixante, jusqu&#8217;\u00e0 cette ann\u00e9e 2015 qui aura vu aboutir la loi NOTRe et la r\u00e9duction drastique des dotations, les lois successives sur l&#8217;intercommunalit\u00e9, la d\u00e9centralisation, et les r\u00e9formes en tous genres n&#8217;auront eu que ce but ultime, exciser cette abomination fran\u00e7aise: les 36.000 communes.<\/p>\n<p>Trop nombreuses et trop aim\u00e9es des Fran\u00e7ais, voil\u00e0 leur crime.<\/p>\n<p>Les collectivit\u00e9s ont pu r\u00e9sister tant bien que mal \u00e0 ces agressions successives. Elles se sont adapt\u00e9es lorsque cela \u00e9tait possible, elles ont r\u00e9agi lorsque cela devenait insupportable.<\/p>\n<p>Mais aujourd&#8217;hui, la n\u00e9cessit\u00e9 financi\u00e8re pressante fait loi. Il n&#8217;est plus question uniquement de r\u00e9duire le nombre de communes en France mais de capter leurs finances saines pour \u00e9ponger les \u00e2neries commises par l&#8217;Etat depuis 30 ans.<\/p>\n<p>Comme diraient nos dirigeants actuels qui sont sp\u00e9cialistes du sujet: il faut faire des \u00e9conomies sur le fonctionnement. Concr\u00e8tement, cela veut donc dire: licencier des fonctionnaires, r\u00e9duire le soutien scolaire et les accompagnements p\u00e9dagogiques dans les \u00e9coles, ne chauffer les classes que du 1er d\u00e9cembre au 31 janvier, servir des repas froids \u00e0 la cantine, laisser les routes avec leurs nids de poules, supprimer les subventions aux associations inutiles, limiter les aides sociales \u00e0 certaines personnes (lesquelles?), laisser se d\u00e9grader le patrimoine, les \u00e9glises et les b\u00e2timents publics, laisser les herbes folles envahir les cimeti\u00e8res, les trottoirs et les chauss\u00e9es, supprimer les d\u00e9corations de No\u00ebl et le fleurissement symboles de la m\u00e9galomanie des maires, ramasser les ordures m\u00e9nag\u00e8res une fois tous les mois, supprimer les stations d&#8217;\u00e9puration et instituer des WC secs dans chaque foyer, faire payer les permis de construire, les actes d&#8217;\u00e9tat civil, les mariages, les permanences avec les \u00e9lus,&#8230; vendre les H\u00f4tels de Ville, les places du village qui ne serviront plus \u00e0 rien&#8230;, supprimer les f\u00eates, les feux d&#8217;artifice&#8230; Et pour le bal du 14 juillet, chaque Fran\u00e7ais est invit\u00e9 \u00e0 Paris, mais \u00e0 pied, sans sa voiture.<\/p>\n<p>Finalement ce n&#8217;est pas aux communes que l&#8217;on va imposer des efforts mais \u00e0 ceux qui sont les derniers maillons de la cha\u00eene&#8230;vous!<\/p>\n<p>Pour ne pas que l&#8217;opinion ne r\u00e9agisse, on d\u00e9veloppe l&#8217;id\u00e9e que c&#8217;est pour le bien du pays que de couper les bourses \u00e0 ses mairies trop riches, ou trop \u00e9conomes, ou trop bien g\u00e9r\u00e9es et qui en plus, ne veulent pas construire de logements sociaux.<\/p>\n<p>La critique provenant de ceux qui ont mis la Nation au fond du trou a de quoi faire rire. Aucun maire n&#8217;a vot\u00e9 un budget en d\u00e9ficit, il n&#8217;en a pas la possibilit\u00e9 technique, aucun maire n&#8217;a multipli\u00e9 les imp\u00f4ts de fa\u00e7on d\u00e9raisonnable, ses taux sont encadr\u00e9s, aucun maire n&#8217;a asphyxi\u00e9 l&#8217;\u00e9conomie, au contraire le d\u00e9veloppement est venu principalement des territoires, aucun maire n&#8217;est responsable de la crise,<\/p>\n<p>La machine \u00e0 broyer les communes est donc en marche, et vous n&#8217;avez rien vu. 2016, 2017 seront comme 2015, en pire. La situation est suffisamment inqui\u00e9tante pour que le Pr\u00e9sident du S\u00e9nat, \u00e9crive aux 36.000 Maires de France le 29 octobre en ces termes: &#8220;<a href=\"http:\/\/gerardlarcher.fr\/actualites-article.php?id=170\" target=\"_hplink\" rel=\"nofollow\" target=\"_blank\">Or, apr\u00e8s deux ann\u00e9es tr\u00e8s \u00e9prouvantes pour les collectivit\u00e9s, le Projet de Loi de Finances pour 2016 (PLF 2016) comprend \u00e0 nouveau deux dispositions cruciales: la premi\u00e8re portant sur les dotations vers\u00e9es par l&#8217;\u00c9tat aux collectivit\u00e9s et la seconde concernant la r\u00e9forme de la DGF&#8230; Le PLF 2016 pr\u00e9voit, une nouvelle fois, une diminution substantielle (3,5 Milliards d&#8217;euros au total) des dotations vers\u00e9es par l&#8217;\u00c9tat aux collectivit\u00e9s&#8230; Dans le m\u00eame temps, le Gouvernement vient d&#8217;ins\u00e9rer, dans le PLF 2016, un article portant r\u00e9forme de la part communale et intercommunale de la dotation globale de fonctionnement. Cette r\u00e9forme s&#8217;effectue \u00e0 co\u00fbt constant et va conduire \u00e0 accentuer la baisse des dotations pour de nombreuses communes contributrices<\/a>&#8220;.<\/p>\n<p>La mise en application de la reforme de la DGF a \u00e9t\u00e9 report\u00e9e \u00e0 2017, mais elle sera bien vot\u00e9e dans le calendrier pr\u00e9vue et s&#8217;appliquera in\u00e9luctablement.<\/p>\n","protected":false},"excerpt":{"rendered":"<p>&#8220;2015 : ann\u00e9e Z\u00e9ro de la fin des communes&#8221; est l&#8217;intitul\u00e9 de ma chronique du jour publi\u00e9e sur le site du Huffington Post &#8211; d\u00e9couvrez l\u00e0 \u00e0 l&#8217;adresse suivante :\u00a0http:\/\/www.huffingtonpost.fr\/francois-pelletant\/2015-annee-zero-de-la-fin-des-communes_b_8509642.html Le Pr\u00e9sident: &#8220;&#8230;les collectivit\u00e9s doivent faire un effort&#8230;&#8221; Le journaliste: Oui mais les collectivit\u00e9s, elles n&#8217;ont plus d&#8217;argent pour investir&#8230; Le Pr\u00e9sident: &#8221; que ces [&hellip;]<\/p>\n","protected":false},"author":1,"featured_media":8324,"comment_status":"open","ping_status":"closed","sticky":false,"template":"","format":"standard","meta":{"footnotes":""},"categories":[16],"tags":[],"class_list":["post-8338","post","type-post","status-publish","format-standard","has-post-thumbnail","hentry","category-prises-de-positions"],"yoast_head":"<!-- This site is optimized with the Yoast SEO plugin v25.6 - https:\/\/yoast.com\/wordpress\/plugins\/seo\/ -->\n<title>2015 : ann\u00e9e Z\u00e9ro de la fin des communes - Pelletant - Fran\u00e7ois Pelletant<\/title>\n<meta name=\"description\" content=\"&quot;2015 : ann\u00e9e Z\u00e9ro de la fin des communes&quot; est l&#039;intitul\u00e9 de ma chronique du jour publi\u00e9e sur le site du Huffington Post\" \/>\n<meta name=\"robots\" content=\"index, follow, max-snippet:-1, max-image-preview:large, max-video-preview:-1\" \/>\n<link rel=\"canonical\" href=\"https:\/\/francois-pelletant.fr\/blog\/2015-annee-zero-fin-communes-pelletant\/\" \/>\n<meta property=\"og:locale\" content=\"fr_FR\" \/>\n<meta property=\"og:type\" content=\"article\" \/>\n<meta property=\"og:title\" content=\"2015 : ann\u00e9e Z\u00e9ro de la fin des communes - Pelletant - Fran\u00e7ois Pelletant\" \/>\n<meta property=\"og:description\" content=\"&quot;2015 : ann\u00e9e Z\u00e9ro de la fin des communes&quot; est l&#039;intitul\u00e9 de ma chronique du jour publi\u00e9e sur le site du Huffington Post\" \/>\n<meta property=\"og:url\" content=\"https:\/\/francois-pelletant.fr\/blog\/2015-annee-zero-fin-communes-pelletant\/\" \/>\n<meta property=\"og:site_name\" content=\"Fran\u00e7ois Pelletant\" \/>\n<meta property=\"article:publisher\" content=\"https:\/\/www.facebook.com\/francois.pelletant.7\" \/>\n<meta property=\"article:published_time\" content=\"2015-11-09T14:06:30+00:00\" \/>\n<meta property=\"article:modified_time\" content=\"2017-01-25T14:09:15+00:00\" \/>\n<meta property=\"og:image\" content=\"https:\/\/francois-pelletant.fr\/blog\/wp-content\/uploads\/2017\/01\/I58EQMCH.jpg\" \/>\n\t<meta property=\"og:image:width\" content=\"500\" \/>\n\t<meta property=\"og:image:height\" content=\"500\" \/>\n\t<meta property=\"og:image:type\" content=\"image\/jpeg\" \/>\n<meta name=\"author\" content=\"Francois\" \/>\n<meta name=\"twitter:card\" content=\"summary_large_image\" \/>\n<meta name=\"twitter:creator\" content=\"@pelletant\" \/>\n<meta name=\"twitter:site\" content=\"@pelletant\" \/>\n<meta name=\"twitter:label1\" content=\"\u00c9crit par\" \/>\n\t<meta name=\"twitter:data1\" content=\"Francois\" \/>\n\t<meta name=\"twitter:label2\" content=\"Dur\u00e9e de lecture estim\u00e9e\" \/>\n\t<meta name=\"twitter:data2\" content=\"5 minutes\" \/>\n<script type=\"application\/ld+json\" class=\"yoast-schema-graph\">{\"@context\":\"https:\/\/schema.org\",\"@graph\":[{\"@type\":\"Article\",\"@id\":\"https:\/\/francois-pelletant.fr\/blog\/2015-annee-zero-fin-communes-pelletant\/#article\",\"isPartOf\":{\"@id\":\"https:\/\/francois-pelletant.fr\/blog\/2015-annee-zero-fin-communes-pelletant\/\"},\"author\":{\"name\":\"Francois\",\"@id\":\"https:\/\/francois-pelletant.fr\/blog\/#\/schema\/person\/2be41acb171dff8f31aaed1f40cee9f3\"},\"headline\":\"2015 : ann\u00e9e Z\u00e9ro de la fin des communes &#8211; Pelletant\",\"datePublished\":\"2015-11-09T14:06:30+00:00\",\"dateModified\":\"2017-01-25T14:09:15+00:00\",\"mainEntityOfPage\":{\"@id\":\"https:\/\/francois-pelletant.fr\/blog\/2015-annee-zero-fin-communes-pelletant\/\"},\"wordCount\":1040,\"commentCount\":0,\"publisher\":{\"@id\":\"https:\/\/francois-pelletant.fr\/blog\/#organization\"},\"image\":{\"@id\":\"https:\/\/francois-pelletant.fr\/blog\/2015-annee-zero-fin-communes-pelletant\/#primaryimage\"},\"thumbnailUrl\":\"https:\/\/francois-pelletant.fr\/blog\/wp-content\/uploads\/2017\/01\/I58EQMCH.jpg\",\"articleSection\":[\"Prises de positions\"],\"inLanguage\":\"fr-FR\",\"potentialAction\":[{\"@type\":\"CommentAction\",\"name\":\"Comment\",\"target\":[\"https:\/\/francois-pelletant.fr\/blog\/2015-annee-zero-fin-communes-pelletant\/#respond\"]}]},{\"@type\":\"WebPage\",\"@id\":\"https:\/\/francois-pelletant.fr\/blog\/2015-annee-zero-fin-communes-pelletant\/\",\"url\":\"https:\/\/francois-pelletant.fr\/blog\/2015-annee-zero-fin-communes-pelletant\/\",\"name\":\"2015 : ann\u00e9e Z\u00e9ro de la fin des communes - Pelletant - Fran\u00e7ois Pelletant\",\"isPartOf\":{\"@id\":\"https:\/\/francois-pelletant.fr\/blog\/#website\"},\"primaryImageOfPage\":{\"@id\":\"https:\/\/francois-pelletant.fr\/blog\/2015-annee-zero-fin-communes-pelletant\/#primaryimage\"},\"image\":{\"@id\":\"https:\/\/francois-pelletant.fr\/blog\/2015-annee-zero-fin-communes-pelletant\/#primaryimage\"},\"thumbnailUrl\":\"https:\/\/francois-pelletant.fr\/blog\/wp-content\/uploads\/2017\/01\/I58EQMCH.jpg\",\"datePublished\":\"2015-11-09T14:06:30+00:00\",\"dateModified\":\"2017-01-25T14:09:15+00:00\",\"description\":\"\\\"2015 : ann\u00e9e Z\u00e9ro de la fin des communes\\\" est l'intitul\u00e9 de ma chronique du jour publi\u00e9e sur le site du Huffington Post\",\"breadcrumb\":{\"@id\":\"https:\/\/francois-pelletant.fr\/blog\/2015-annee-zero-fin-communes-pelletant\/#breadcrumb\"},\"inLanguage\":\"fr-FR\",\"potentialAction\":[{\"@type\":\"ReadAction\",\"target\":[\"https:\/\/francois-pelletant.fr\/blog\/2015-annee-zero-fin-communes-pelletant\/\"]}]},{\"@type\":\"ImageObject\",\"inLanguage\":\"fr-FR\",\"@id\":\"https:\/\/francois-pelletant.fr\/blog\/2015-annee-zero-fin-communes-pelletant\/#primaryimage\",\"url\":\"https:\/\/francois-pelletant.fr\/blog\/wp-content\/uploads\/2017\/01\/I58EQMCH.jpg\",\"contentUrl\":\"https:\/\/francois-pelletant.fr\/blog\/wp-content\/uploads\/2017\/01\/I58EQMCH.jpg\",\"width\":500,\"height\":500},{\"@type\":\"BreadcrumbList\",\"@id\":\"https:\/\/francois-pelletant.fr\/blog\/2015-annee-zero-fin-communes-pelletant\/#breadcrumb\",\"itemListElement\":[{\"@type\":\"ListItem\",\"position\":1,\"name\":\"Accueil\",\"item\":\"https:\/\/francois-pelletant.fr\/blog\/\"},{\"@type\":\"ListItem\",\"position\":2,\"name\":\"2015 : ann\u00e9e Z\u00e9ro de la fin des communes &#8211; Pelletant\"}]},{\"@type\":\"WebSite\",\"@id\":\"https:\/\/francois-pelletant.fr\/blog\/#website\",\"url\":\"https:\/\/francois-pelletant.fr\/blog\/\",\"name\":\"Fran\u00e7ois Pelletant\",\"description\":\"Maire de Linas, pour toujours.\",\"publisher\":{\"@id\":\"https:\/\/francois-pelletant.fr\/blog\/#organization\"},\"potentialAction\":[{\"@type\":\"SearchAction\",\"target\":{\"@type\":\"EntryPoint\",\"urlTemplate\":\"https:\/\/francois-pelletant.fr\/blog\/?s={search_term_string}\"},\"query-input\":{\"@type\":\"PropertyValueSpecification\",\"valueRequired\":true,\"valueName\":\"search_term_string\"}}],\"inLanguage\":\"fr-FR\"},{\"@type\":\"Organization\",\"@id\":\"https:\/\/francois-pelletant.fr\/blog\/#organization\",\"name\":\"Fran\u00e7ois Pelletant\",\"url\":\"https:\/\/francois-pelletant.fr\/blog\/\",\"logo\":{\"@type\":\"ImageObject\",\"inLanguage\":\"fr-FR\",\"@id\":\"https:\/\/francois-pelletant.fr\/blog\/#\/schema\/logo\/image\/\",\"url\":\"https:\/\/francois-pelletant.fr\/blog\/wp-content\/uploads\/2024\/07\/icone-francois-centre-500p.png\",\"contentUrl\":\"https:\/\/francois-pelletant.fr\/blog\/wp-content\/uploads\/2024\/07\/icone-francois-centre-500p.png\",\"width\":559,\"height\":447,\"caption\":\"Fran\u00e7ois Pelletant\"},\"image\":{\"@id\":\"https:\/\/francois-pelletant.fr\/blog\/#\/schema\/logo\/image\/\"},\"sameAs\":[\"https:\/\/www.facebook.com\/francois.pelletant.7\",\"https:\/\/x.com\/pelletant\"]},{\"@type\":\"Person\",\"@id\":\"https:\/\/francois-pelletant.fr\/blog\/#\/schema\/person\/2be41acb171dff8f31aaed1f40cee9f3\",\"name\":\"Francois\"}]}<\/script>\n<!-- \/ Yoast SEO plugin. -->","yoast_head_json":{"title":"2015 : ann\u00e9e Z\u00e9ro de la fin des communes - Pelletant - Fran\u00e7ois Pelletant","description":"\"2015 : ann\u00e9e Z\u00e9ro de la fin des communes\" est l'intitul\u00e9 de ma chronique du jour publi\u00e9e sur le site du Huffington Post","robots":{"index":"index","follow":"follow","max-snippet":"max-snippet:-1","max-image-preview":"max-image-preview:large","max-video-preview":"max-video-preview:-1"},"canonical":"https:\/\/francois-pelletant.fr\/blog\/2015-annee-zero-fin-communes-pelletant\/","og_locale":"fr_FR","og_type":"article","og_title":"2015 : ann\u00e9e Z\u00e9ro de la fin des communes - Pelletant - Fran\u00e7ois Pelletant","og_description":"\"2015 : ann\u00e9e Z\u00e9ro de la fin des communes\" est l'intitul\u00e9 de ma chronique du jour publi\u00e9e sur le site du Huffington Post","og_url":"https:\/\/francois-pelletant.fr\/blog\/2015-annee-zero-fin-communes-pelletant\/","og_site_name":"Fran\u00e7ois Pelletant","article_publisher":"https:\/\/www.facebook.com\/francois.pelletant.7","article_published_time":"2015-11-09T14:06:30+00:00","article_modified_time":"2017-01-25T14:09:15+00:00","og_image":[{"width":500,"height":500,"url":"https:\/\/francois-pelletant.fr\/blog\/wp-content\/uploads\/2017\/01\/I58EQMCH.jpg","type":"image\/jpeg"}],"author":"Francois","twitter_card":"summary_large_image","twitter_creator":"@pelletant","twitter_site":"@pelletant","twitter_misc":{"\u00c9crit par":"Francois","Dur\u00e9e de lecture estim\u00e9e":"5 minutes"},"schema":{"@context":"https:\/\/schema.org","@graph":[{"@type":"Article","@id":"https:\/\/francois-pelletant.fr\/blog\/2015-annee-zero-fin-communes-pelletant\/#article","isPartOf":{"@id":"https:\/\/francois-pelletant.fr\/blog\/2015-annee-zero-fin-communes-pelletant\/"},"author":{"name":"Francois","@id":"https:\/\/francois-pelletant.fr\/blog\/#\/schema\/person\/2be41acb171dff8f31aaed1f40cee9f3"},"headline":"2015 : ann\u00e9e Z\u00e9ro de la fin des communes &#8211; Pelletant","datePublished":"2015-11-09T14:06:30+00:00","dateModified":"2017-01-25T14:09:15+00:00","mainEntityOfPage":{"@id":"https:\/\/francois-pelletant.fr\/blog\/2015-annee-zero-fin-communes-pelletant\/"},"wordCount":1040,"commentCount":0,"publisher":{"@id":"https:\/\/francois-pelletant.fr\/blog\/#organization"},"image":{"@id":"https:\/\/francois-pelletant.fr\/blog\/2015-annee-zero-fin-communes-pelletant\/#primaryimage"},"thumbnailUrl":"https:\/\/francois-pelletant.fr\/blog\/wp-content\/uploads\/2017\/01\/I58EQMCH.jpg","articleSection":["Prises de positions"],"inLanguage":"fr-FR","potentialAction":[{"@type":"CommentAction","name":"Comment","target":["https:\/\/francois-pelletant.fr\/blog\/2015-annee-zero-fin-communes-pelletant\/#respond"]}]},{"@type":"WebPage","@id":"https:\/\/francois-pelletant.fr\/blog\/2015-annee-zero-fin-communes-pelletant\/","url":"https:\/\/francois-pelletant.fr\/blog\/2015-annee-zero-fin-communes-pelletant\/","name":"2015 : ann\u00e9e Z\u00e9ro de la fin des communes - Pelletant - Fran\u00e7ois Pelletant","isPartOf":{"@id":"https:\/\/francois-pelletant.fr\/blog\/#website"},"primaryImageOfPage":{"@id":"https:\/\/francois-pelletant.fr\/blog\/2015-annee-zero-fin-communes-pelletant\/#primaryimage"},"image":{"@id":"https:\/\/francois-pelletant.fr\/blog\/2015-annee-zero-fin-communes-pelletant\/#primaryimage"},"thumbnailUrl":"https:\/\/francois-pelletant.fr\/blog\/wp-content\/uploads\/2017\/01\/I58EQMCH.jpg","datePublished":"2015-11-09T14:06:30+00:00","dateModified":"2017-01-25T14:09:15+00:00","description":"\"2015 : ann\u00e9e Z\u00e9ro de la fin des communes\" est l'intitul\u00e9 de ma chronique du jour publi\u00e9e sur le site du Huffington Post","breadcrumb":{"@id":"https:\/\/francois-pelletant.fr\/blog\/2015-annee-zero-fin-communes-pelletant\/#breadcrumb"},"inLanguage":"fr-FR","potentialAction":[{"@type":"ReadAction","target":["https:\/\/francois-pelletant.fr\/blog\/2015-annee-zero-fin-communes-pelletant\/"]}]},{"@type":"ImageObject","inLanguage":"fr-FR","@id":"https:\/\/francois-pelletant.fr\/blog\/2015-annee-zero-fin-communes-pelletant\/#primaryimage","url":"https:\/\/francois-pelletant.fr\/blog\/wp-content\/uploads\/2017\/01\/I58EQMCH.jpg","contentUrl":"https:\/\/francois-pelletant.fr\/blog\/wp-content\/uploads\/2017\/01\/I58EQMCH.jpg","width":500,"height":500},{"@type":"BreadcrumbList","@id":"https:\/\/francois-pelletant.fr\/blog\/2015-annee-zero-fin-communes-pelletant\/#breadcrumb","itemListElement":[{"@type":"ListItem","position":1,"name":"Accueil","item":"https:\/\/francois-pelletant.fr\/blog\/"},{"@type":"ListItem","position":2,"name":"2015 : ann\u00e9e Z\u00e9ro de la fin des communes &#8211; Pelletant"}]},{"@type":"WebSite","@id":"https:\/\/francois-pelletant.fr\/blog\/#website","url":"https:\/\/francois-pelletant.fr\/blog\/","name":"Fran\u00e7ois Pelletant","description":"Maire de Linas, pour toujours.","publisher":{"@id":"https:\/\/francois-pelletant.fr\/blog\/#organization"},"potentialAction":[{"@type":"SearchAction","target":{"@type":"EntryPoint","urlTemplate":"https:\/\/francois-pelletant.fr\/blog\/?s={search_term_string}"},"query-input":{"@type":"PropertyValueSpecification","valueRequired":true,"valueName":"search_term_string"}}],"inLanguage":"fr-FR"},{"@type":"Organization","@id":"https:\/\/francois-pelletant.fr\/blog\/#organization","name":"Fran\u00e7ois Pelletant","url":"https:\/\/francois-pelletant.fr\/blog\/","logo":{"@type":"ImageObject","inLanguage":"fr-FR","@id":"https:\/\/francois-pelletant.fr\/blog\/#\/schema\/logo\/image\/","url":"https:\/\/francois-pelletant.fr\/blog\/wp-content\/uploads\/2024\/07\/icone-francois-centre-500p.png","contentUrl":"https:\/\/francois-pelletant.fr\/blog\/wp-content\/uploads\/2024\/07\/icone-francois-centre-500p.png","width":559,"height":447,"caption":"Fran\u00e7ois Pelletant"},"image":{"@id":"https:\/\/francois-pelletant.fr\/blog\/#\/schema\/logo\/image\/"},"sameAs":["https:\/\/www.facebook.com\/francois.pelletant.7","https:\/\/x.com\/pelletant"]},{"@type":"Person","@id":"https:\/\/francois-pelletant.fr\/blog\/#\/schema\/person\/2be41acb171dff8f31aaed1f40cee9f3","name":"Francois"}]}},"_links":{"self":[{"href":"https:\/\/francois-pelletant.fr\/blog\/wp-json\/wp\/v2\/posts\/8338","targetHints":{"allow":["GET"]}}],"collection":[{"href":"https:\/\/francois-pelletant.fr\/blog\/wp-json\/wp\/v2\/posts"}],"about":[{"href":"https:\/\/francois-pelletant.fr\/blog\/wp-json\/wp\/v2\/types\/post"}],"author":[{"embeddable":true,"href":"https:\/\/francois-pelletant.fr\/blog\/wp-json\/wp\/v2\/users\/1"}],"replies":[{"embeddable":true,"href":"https:\/\/francois-pelletant.fr\/blog\/wp-json\/wp\/v2\/comments?post=8338"}],"version-history":[{"count":0,"href":"https:\/\/francois-pelletant.fr\/blog\/wp-json\/wp\/v2\/posts\/8338\/revisions"}],"wp:featuredmedia":[{"embeddable":true,"href":"https:\/\/francois-pelletant.fr\/blog\/wp-json\/wp\/v2\/media\/8324"}],"wp:attachment":[{"href":"https:\/\/francois-pelletant.fr\/blog\/wp-json\/wp\/v2\/media?parent=8338"}],"wp:term":[{"taxonomy":"category","embeddable":true,"href":"https:\/\/francois-pelletant.fr\/blog\/wp-json\/wp\/v2\/categories?post=8338"},{"taxonomy":"post_tag","embeddable":true,"href":"https:\/\/francois-pelletant.fr\/blog\/wp-json\/wp\/v2\/tags?post=8338"}],"curies":[{"name":"wp","href":"https:\/\/api.w.org\/{rel}","templated":true}]}}