{"id":8375,"date":"2016-09-14T15:18:04","date_gmt":"2016-09-14T15:18:04","guid":{"rendered":"https:\/\/francois-pelletant.fr\/blog\/?p=8375"},"modified":"2017-02-10T13:35:58","modified_gmt":"2017-02-10T13:35:58","slug":"maires-franciliens-voies-berges-tribunal","status":"publish","type":"post","link":"https:\/\/francois-pelletant.fr\/blog\/maires-franciliens-voies-berges-tribunal\/","title":{"rendered":"L&#8217;association des Maires Franciliens attaque la fermeture des voies sur berges au tribunal"},"content":{"rendered":"<h1 class=\"headline__title\"><img loading=\"lazy\" decoding=\"async\" class=\"alignleft wp-image-8323 size-medium\" src=\"https:\/\/francois-pelletant.fr\/blog\/wp-content\/uploads\/2017\/01\/the-huffington-post-150x84@2x-300x168.png\" alt=\"voies sur berges \" width=\"300\" height=\"168\" \/>Fermeture des voies sur berges d\u00e9p\u00f4t d&#8217;un recours au Tribunal Administratif de Paris<\/h1>\n<p class=\"headline__title\">L&#8217;association des Maires Franciliens attaque la fermeture des voies sur berges au tribunal : retrouvez l&#8217;int\u00e9gralit\u00e9 de ma chronique publi\u00e9e sur ce sujet dans le Huffington Post \u00e0 l&#8217;adresse suivante :\u00a0<a href=\"http:\/\/www.huffingtonpost.fr\/francois-pelletant\/lassociation-des-maires-franciliens-attaque-fermeture-voies-sur-berges_b_11990722.html\" target=\"_blank\" rel=\"nofollow\">http:\/\/www.huffingtonpost.fr\/francois-pelletant\/lassociation-des-maires-franciliens-attaque-fermeture-voies-sur-berges_b_11990722.html<\/a><\/p>\n<p>Ma\u00eetre Stalder, avocat de l&#8217;association des Maires Franciliens a r\u00e9ussi, apr\u00e8s une semaine de gu\u00e9rilla administrative, \u00e0 d\u00e9poser \u00e0 l&#8217;horodateur du Tribunal Administratif de Paris, notre recours en r\u00e9f\u00e9r\u00e9 libert\u00e9 contre la fermeture actuelle des voies sur berges.<\/p>\n<h2 id=\"entry_paragraph_1\" class=\"ad_spot entry-body--paragraph-ad\"><\/h2>\n<h2 class=\"ad_spot entry-body--paragraph-ad\">Bataille administrative<\/h2>\n<p>Je dis gu\u00e9rilla administrative car nous nous sommes heurt\u00e9s \u00e0 l&#8217;obstruction de la Pr\u00e9fecture de Police pour nous donner ses arr\u00eat\u00e9s administratifs qui nous auraient permis de comprendre sur quel m\u00e9canisme juridique cette interdiction de la voie Georges Pompidou avait \u00e9t\u00e9 \u00e9dict\u00e9. Au m\u00e9pris des obligations l\u00e9gales qui s&#8217;imposent \u00e0 toute administration, il n&#8217;y a aucun affichage officiel sur les panneaux de la Pr\u00e9fecture de Police, le registre des actes administratifs doit \u00eatre cach\u00e9 dans un coffre au fond d&#8217;un puits puisque, dans cette administration, personne ne sait ce que c&#8217;est et ne parlons pas des affichages sur la voie publique car il est compl\u00e8tement inexistant.<\/p>\n<h2 id=\"entry_paragraph_2\" class=\"ad_spot entry-body--paragraph-ad\">\u00a0Paris est-elle devenue une Principaut\u00e9<\/h2>\n<p>Si n&#8217;importe quel Maire en France d\u00e9cidait de fermer une route nationale, faisait cela du jour au lendemain sans pr\u00e9avis et sans qu&#8217;un arr\u00eat\u00e9 ou acte l\u00e9gal ne soit publi\u00e9, que se passerait-il ? Il se ferait s\u00e9rieusement reprendre par le Minist\u00e8re de l&#8217;Int\u00e9rieur et l&#8217;affaire ne durerait pas 30 minutes. Mais Paris ce n&#8217;est plus la France normale, c&#8217;est devenu une Principaut\u00e9.<\/p>\n<div id=\"entry_paragraph_3\" class=\"ad_spot entry-body--paragraph-ad\"><\/div>\n<p>Cependant, les Maires Franciliens n&#8217;ont pas dit leur dernier mot, nous avons un plan d&#8217;action qui va se d\u00e9rouler dans les prochaines semaines, la premi\u00e8re \u00e9tape est le d\u00e9p\u00f4t de ce r\u00e9f\u00e9r\u00e9 libert\u00e9 contre la fermeture actuelle qui pr\u00e9c\u00e8de celle plus d\u00e9finitive inh\u00e9rente \u00e0 la pi\u00e9tonnisation.<\/p>\n<div id=\"entry_paragraph_4\" class=\"ad_spot entry-body--paragraph-ad\"><\/div>\n<p>Cette interdiction est une pure man\u0153uvre politicienne qui consiste \u00e0 geler la voie avec le pr\u00e9texte d&#8217;y organiser une manifestation &#8220;CAP sur COP22&#8221; dans l&#8217;attente de la d\u00e9lib\u00e9ration du Conseil de Paris au sujet de la pi\u00e9tonnisation \u00e0 intervenir le 26 septembre.<\/p>\n<p>&nbsp;<\/p>\n<h2>Sur le plan de la l\u00e9galit\u00e9, l&#8217;Association des Maires Franciliens rappelle:<\/h2>\n<p>&nbsp;<\/p>\n<p>&#8211; que la libert\u00e9 d&#8217;aller et venir est un droit fondamental qui ne peut avoir &#8220;un caract\u00e8re de g\u00e9n\u00e9ralit\u00e9 excessif par rapport aux fins recherch\u00e9es&#8221; ( CAA Nantes, 30 juin 2006, n\u00b0 05NT01539, Cne de la Chauss\u00e9e Saint-Victor). Or, en l&#8217;esp\u00e8ce, la Maire de Paris et la Pr\u00e9fecture de Police interdisent l&#8217;axe express de travers\u00e9e de Paris \u00e0 50 000 automobilistes par jour pendant un mois (3 millions de d\u00e9placements) dans le seul but politique de geler l&#8217;axe, mettre le Conseil de Paris devant le fait accompli et d\u00e9courager les opposants au projet de pi\u00e9tonnisation qui doit se d\u00e9cider \u00e0 la fin du mois. En outre, la manifestation &#8220;CAP sur COP22&#8221; n&#8217;a aucune raison imp\u00e9rative d&#8217;\u00eatre organis\u00e9e sur la voie sur berges.<\/p>\n<h2>Les automobilistes ont ils toujours leur libert\u00e9 ?<\/h2>\n<p>&#8211; que les interdictions de circulation doivent proposer une solution de substitution qui ne doit pas &#8220;aggraver les nuisances inh\u00e9rentes \u00e0 la circulation des v\u00e9hicules&#8221; (CAA Nantes, M. Pierre LEC&#8217;HVIEN, 22 nov. 2001). Or, Madame la Maire de Paris reconnait que l&#8217;interdiction va contraindre une partie des automobilistes \u00e0 abandonner leur libert\u00e9 d&#8217;aller et venir et que les modes de transports de substitution sont d\u00e9ficients en Ile-de-France. Interview du JDD du 4 septembre 2016 : &#8220;Mais qui ose affirmer que moins de voitures provoque plus de pollution &#8230;. De plus, des experts ont constat\u00e9 dans de nombreuses villes, que fermer une autoroute urbaine cr\u00e9e un ph\u00e9nom\u00e8ne d&#8217;\u00e9vaporation du trafic. En clair, une partie des automobilistes renonce \u00e0 la voiture individuelle pour recourir \u00e0 un autre mode de transport&#8230;&#8221;. &#8220;Le Conseil R\u00e9gional&#8230; est en retard sur le sujet. Il faut am\u00e9liorer les transports en grande couronne, mais je demande aussi \u00e0 Val\u00e9rie Pecresse d&#8217;entendre les \u00e9lus m\u00e9tropolitains qui ont des besoins de transports en commun et qui demandent une meilleure r\u00e9gularit\u00e9&#8230; il faut prolonger d&#8217;urgence la ligne 10 au sud-est de Paris, cr\u00e9er des franchissements pour les v\u00e9los. Enfin la r\u00e9gion doit \u00e9tudier le d\u00e9veloppement des liaisons fluviales&#8230;&#8221;<\/p>\n<h3>Conclusion<\/h3>\n<p>En outre, l&#8217;Association des Maires Franciliens a soulev\u00e9 d&#8217;autres ill\u00e9galit\u00e9s internes qui laissent bon espoir que l&#8217;interdiction soit lev\u00e9e par les juges.<\/p>\n<p>La proc\u00e9dure des r\u00e9f\u00e9r\u00e9s libert\u00e9 est tr\u00e8s rapide; la d\u00e9cision devrait intervenir sous moins d&#8217;une semaine.<\/p>\n","protected":false},"excerpt":{"rendered":"<p>Fermeture des voies sur berges d\u00e9p\u00f4t d&#8217;un recours au Tribunal Administratif de Paris L&#8217;association des Maires Franciliens attaque la fermeture des voies sur berges au tribunal : retrouvez l&#8217;int\u00e9gralit\u00e9 de ma chronique publi\u00e9e sur ce sujet dans le Huffington Post \u00e0 l&#8217;adresse suivante :\u00a0http:\/\/www.huffingtonpost.fr\/francois-pelletant\/lassociation-des-maires-franciliens-attaque-fermeture-voies-sur-berges_b_11990722.html Ma\u00eetre Stalder, avocat de l&#8217;association des Maires Franciliens a r\u00e9ussi, apr\u00e8s [&hellip;]<\/p>\n","protected":false},"author":1,"featured_media":8324,"comment_status":"open","ping_status":"closed","sticky":false,"template":"","format":"standard","meta":{"footnotes":""},"categories":[16],"tags":[],"class_list":["post-8375","post","type-post","status-publish","format-standard","has-post-thumbnail","hentry","category-prises-de-positions"],"yoast_head":"<!-- This site is optimized with the Yoast SEO plugin v25.6 - https:\/\/yoast.com\/wordpress\/plugins\/seo\/ -->\n<title>L&#039;association des Maires Franciliens attaque la fermeture des voies sur berges au tribunal - Fran\u00e7ois Pelletant<\/title>\n<meta name=\"description\" content=\"L&#039;association des Maires Franciliens attaque la fermeture des voies sur berges au tribunal : retrouvez l&#039;int\u00e9gralit\u00e9 de ma chronique\" \/>\n<meta name=\"robots\" content=\"index, follow, max-snippet:-1, max-image-preview:large, max-video-preview:-1\" \/>\n<link rel=\"canonical\" href=\"https:\/\/francois-pelletant.fr\/blog\/maires-franciliens-voies-berges-tribunal\/\" \/>\n<meta property=\"og:locale\" content=\"fr_FR\" \/>\n<meta property=\"og:type\" content=\"article\" \/>\n<meta property=\"og:title\" content=\"L&#039;association des Maires Franciliens attaque la fermeture des voies sur berges au tribunal - Fran\u00e7ois Pelletant\" \/>\n<meta property=\"og:description\" content=\"L&#039;association des Maires Franciliens attaque la fermeture des voies sur berges au tribunal : retrouvez l&#039;int\u00e9gralit\u00e9 de ma chronique\" \/>\n<meta property=\"og:url\" content=\"https:\/\/francois-pelletant.fr\/blog\/maires-franciliens-voies-berges-tribunal\/\" \/>\n<meta property=\"og:site_name\" content=\"Fran\u00e7ois Pelletant\" \/>\n<meta property=\"article:publisher\" content=\"https:\/\/www.facebook.com\/francois.pelletant.7\" \/>\n<meta property=\"article:published_time\" content=\"2016-09-14T15:18:04+00:00\" \/>\n<meta property=\"article:modified_time\" content=\"2017-02-10T13:35:58+00:00\" \/>\n<meta property=\"og:image\" content=\"https:\/\/francois-pelletant.fr\/blog\/wp-content\/uploads\/2017\/01\/I58EQMCH.jpg\" \/>\n\t<meta property=\"og:image:width\" content=\"500\" \/>\n\t<meta property=\"og:image:height\" content=\"500\" \/>\n\t<meta property=\"og:image:type\" content=\"image\/jpeg\" \/>\n<meta name=\"author\" content=\"Francois\" \/>\n<meta name=\"twitter:card\" content=\"summary_large_image\" \/>\n<meta name=\"twitter:creator\" content=\"@pelletant\" \/>\n<meta name=\"twitter:site\" content=\"@pelletant\" \/>\n<meta name=\"twitter:label1\" content=\"\u00c9crit par\" \/>\n\t<meta name=\"twitter:data1\" content=\"Francois\" \/>\n\t<meta name=\"twitter:label2\" content=\"Dur\u00e9e de lecture estim\u00e9e\" \/>\n\t<meta name=\"twitter:data2\" content=\"4 minutes\" \/>\n<script type=\"application\/ld+json\" class=\"yoast-schema-graph\">{\"@context\":\"https:\/\/schema.org\",\"@graph\":[{\"@type\":\"Article\",\"@id\":\"https:\/\/francois-pelletant.fr\/blog\/maires-franciliens-voies-berges-tribunal\/#article\",\"isPartOf\":{\"@id\":\"https:\/\/francois-pelletant.fr\/blog\/maires-franciliens-voies-berges-tribunal\/\"},\"author\":{\"name\":\"Francois\",\"@id\":\"https:\/\/francois-pelletant.fr\/blog\/#\/schema\/person\/2be41acb171dff8f31aaed1f40cee9f3\"},\"headline\":\"L&#8217;association des Maires Franciliens attaque la fermeture des voies sur berges au tribunal\",\"datePublished\":\"2016-09-14T15:18:04+00:00\",\"dateModified\":\"2017-02-10T13:35:58+00:00\",\"mainEntityOfPage\":{\"@id\":\"https:\/\/francois-pelletant.fr\/blog\/maires-franciliens-voies-berges-tribunal\/\"},\"wordCount\":834,\"commentCount\":0,\"publisher\":{\"@id\":\"https:\/\/francois-pelletant.fr\/blog\/#organization\"},\"image\":{\"@id\":\"https:\/\/francois-pelletant.fr\/blog\/maires-franciliens-voies-berges-tribunal\/#primaryimage\"},\"thumbnailUrl\":\"https:\/\/francois-pelletant.fr\/blog\/wp-content\/uploads\/2017\/01\/I58EQMCH.jpg\",\"articleSection\":[\"Prises de positions\"],\"inLanguage\":\"fr-FR\",\"potentialAction\":[{\"@type\":\"CommentAction\",\"name\":\"Comment\",\"target\":[\"https:\/\/francois-pelletant.fr\/blog\/maires-franciliens-voies-berges-tribunal\/#respond\"]}]},{\"@type\":\"WebPage\",\"@id\":\"https:\/\/francois-pelletant.fr\/blog\/maires-franciliens-voies-berges-tribunal\/\",\"url\":\"https:\/\/francois-pelletant.fr\/blog\/maires-franciliens-voies-berges-tribunal\/\",\"name\":\"L'association des Maires Franciliens attaque la fermeture des voies sur berges au tribunal - Fran\u00e7ois Pelletant\",\"isPartOf\":{\"@id\":\"https:\/\/francois-pelletant.fr\/blog\/#website\"},\"primaryImageOfPage\":{\"@id\":\"https:\/\/francois-pelletant.fr\/blog\/maires-franciliens-voies-berges-tribunal\/#primaryimage\"},\"image\":{\"@id\":\"https:\/\/francois-pelletant.fr\/blog\/maires-franciliens-voies-berges-tribunal\/#primaryimage\"},\"thumbnailUrl\":\"https:\/\/francois-pelletant.fr\/blog\/wp-content\/uploads\/2017\/01\/I58EQMCH.jpg\",\"datePublished\":\"2016-09-14T15:18:04+00:00\",\"dateModified\":\"2017-02-10T13:35:58+00:00\",\"description\":\"L'association des Maires Franciliens attaque la fermeture des voies sur berges au tribunal : retrouvez l'int\u00e9gralit\u00e9 de ma chronique\",\"breadcrumb\":{\"@id\":\"https:\/\/francois-pelletant.fr\/blog\/maires-franciliens-voies-berges-tribunal\/#breadcrumb\"},\"inLanguage\":\"fr-FR\",\"potentialAction\":[{\"@type\":\"ReadAction\",\"target\":[\"https:\/\/francois-pelletant.fr\/blog\/maires-franciliens-voies-berges-tribunal\/\"]}]},{\"@type\":\"ImageObject\",\"inLanguage\":\"fr-FR\",\"@id\":\"https:\/\/francois-pelletant.fr\/blog\/maires-franciliens-voies-berges-tribunal\/#primaryimage\",\"url\":\"https:\/\/francois-pelletant.fr\/blog\/wp-content\/uploads\/2017\/01\/I58EQMCH.jpg\",\"contentUrl\":\"https:\/\/francois-pelletant.fr\/blog\/wp-content\/uploads\/2017\/01\/I58EQMCH.jpg\",\"width\":500,\"height\":500},{\"@type\":\"BreadcrumbList\",\"@id\":\"https:\/\/francois-pelletant.fr\/blog\/maires-franciliens-voies-berges-tribunal\/#breadcrumb\",\"itemListElement\":[{\"@type\":\"ListItem\",\"position\":1,\"name\":\"Accueil\",\"item\":\"https:\/\/francois-pelletant.fr\/blog\/\"},{\"@type\":\"ListItem\",\"position\":2,\"name\":\"L&#8217;association des Maires Franciliens attaque la fermeture des voies sur berges au tribunal\"}]},{\"@type\":\"WebSite\",\"@id\":\"https:\/\/francois-pelletant.fr\/blog\/#website\",\"url\":\"https:\/\/francois-pelletant.fr\/blog\/\",\"name\":\"Fran\u00e7ois Pelletant\",\"description\":\"Maire de Linas, pour toujours.\",\"publisher\":{\"@id\":\"https:\/\/francois-pelletant.fr\/blog\/#organization\"},\"potentialAction\":[{\"@type\":\"SearchAction\",\"target\":{\"@type\":\"EntryPoint\",\"urlTemplate\":\"https:\/\/francois-pelletant.fr\/blog\/?s={search_term_string}\"},\"query-input\":{\"@type\":\"PropertyValueSpecification\",\"valueRequired\":true,\"valueName\":\"search_term_string\"}}],\"inLanguage\":\"fr-FR\"},{\"@type\":\"Organization\",\"@id\":\"https:\/\/francois-pelletant.fr\/blog\/#organization\",\"name\":\"Fran\u00e7ois Pelletant\",\"url\":\"https:\/\/francois-pelletant.fr\/blog\/\",\"logo\":{\"@type\":\"ImageObject\",\"inLanguage\":\"fr-FR\",\"@id\":\"https:\/\/francois-pelletant.fr\/blog\/#\/schema\/logo\/image\/\",\"url\":\"https:\/\/francois-pelletant.fr\/blog\/wp-content\/uploads\/2024\/07\/icone-francois-centre-500p.png\",\"contentUrl\":\"https:\/\/francois-pelletant.fr\/blog\/wp-content\/uploads\/2024\/07\/icone-francois-centre-500p.png\",\"width\":559,\"height\":447,\"caption\":\"Fran\u00e7ois Pelletant\"},\"image\":{\"@id\":\"https:\/\/francois-pelletant.fr\/blog\/#\/schema\/logo\/image\/\"},\"sameAs\":[\"https:\/\/www.facebook.com\/francois.pelletant.7\",\"https:\/\/x.com\/pelletant\"]},{\"@type\":\"Person\",\"@id\":\"https:\/\/francois-pelletant.fr\/blog\/#\/schema\/person\/2be41acb171dff8f31aaed1f40cee9f3\",\"name\":\"Francois\"}]}<\/script>\n<!-- \/ Yoast SEO plugin. -->","yoast_head_json":{"title":"L'association des Maires Franciliens attaque la fermeture des voies sur berges au tribunal - Fran\u00e7ois Pelletant","description":"L'association des Maires Franciliens attaque la fermeture des voies sur berges au tribunal : retrouvez l'int\u00e9gralit\u00e9 de ma chronique","robots":{"index":"index","follow":"follow","max-snippet":"max-snippet:-1","max-image-preview":"max-image-preview:large","max-video-preview":"max-video-preview:-1"},"canonical":"https:\/\/francois-pelletant.fr\/blog\/maires-franciliens-voies-berges-tribunal\/","og_locale":"fr_FR","og_type":"article","og_title":"L'association des Maires Franciliens attaque la fermeture des voies sur berges au tribunal - Fran\u00e7ois Pelletant","og_description":"L'association des Maires Franciliens attaque la fermeture des voies sur berges au tribunal : retrouvez l'int\u00e9gralit\u00e9 de ma chronique","og_url":"https:\/\/francois-pelletant.fr\/blog\/maires-franciliens-voies-berges-tribunal\/","og_site_name":"Fran\u00e7ois Pelletant","article_publisher":"https:\/\/www.facebook.com\/francois.pelletant.7","article_published_time":"2016-09-14T15:18:04+00:00","article_modified_time":"2017-02-10T13:35:58+00:00","og_image":[{"width":500,"height":500,"url":"https:\/\/francois-pelletant.fr\/blog\/wp-content\/uploads\/2017\/01\/I58EQMCH.jpg","type":"image\/jpeg"}],"author":"Francois","twitter_card":"summary_large_image","twitter_creator":"@pelletant","twitter_site":"@pelletant","twitter_misc":{"\u00c9crit par":"Francois","Dur\u00e9e de lecture estim\u00e9e":"4 minutes"},"schema":{"@context":"https:\/\/schema.org","@graph":[{"@type":"Article","@id":"https:\/\/francois-pelletant.fr\/blog\/maires-franciliens-voies-berges-tribunal\/#article","isPartOf":{"@id":"https:\/\/francois-pelletant.fr\/blog\/maires-franciliens-voies-berges-tribunal\/"},"author":{"name":"Francois","@id":"https:\/\/francois-pelletant.fr\/blog\/#\/schema\/person\/2be41acb171dff8f31aaed1f40cee9f3"},"headline":"L&#8217;association des Maires Franciliens attaque la fermeture des voies sur berges au tribunal","datePublished":"2016-09-14T15:18:04+00:00","dateModified":"2017-02-10T13:35:58+00:00","mainEntityOfPage":{"@id":"https:\/\/francois-pelletant.fr\/blog\/maires-franciliens-voies-berges-tribunal\/"},"wordCount":834,"commentCount":0,"publisher":{"@id":"https:\/\/francois-pelletant.fr\/blog\/#organization"},"image":{"@id":"https:\/\/francois-pelletant.fr\/blog\/maires-franciliens-voies-berges-tribunal\/#primaryimage"},"thumbnailUrl":"https:\/\/francois-pelletant.fr\/blog\/wp-content\/uploads\/2017\/01\/I58EQMCH.jpg","articleSection":["Prises de positions"],"inLanguage":"fr-FR","potentialAction":[{"@type":"CommentAction","name":"Comment","target":["https:\/\/francois-pelletant.fr\/blog\/maires-franciliens-voies-berges-tribunal\/#respond"]}]},{"@type":"WebPage","@id":"https:\/\/francois-pelletant.fr\/blog\/maires-franciliens-voies-berges-tribunal\/","url":"https:\/\/francois-pelletant.fr\/blog\/maires-franciliens-voies-berges-tribunal\/","name":"L'association des Maires Franciliens attaque la fermeture des voies sur berges au tribunal - Fran\u00e7ois Pelletant","isPartOf":{"@id":"https:\/\/francois-pelletant.fr\/blog\/#website"},"primaryImageOfPage":{"@id":"https:\/\/francois-pelletant.fr\/blog\/maires-franciliens-voies-berges-tribunal\/#primaryimage"},"image":{"@id":"https:\/\/francois-pelletant.fr\/blog\/maires-franciliens-voies-berges-tribunal\/#primaryimage"},"thumbnailUrl":"https:\/\/francois-pelletant.fr\/blog\/wp-content\/uploads\/2017\/01\/I58EQMCH.jpg","datePublished":"2016-09-14T15:18:04+00:00","dateModified":"2017-02-10T13:35:58+00:00","description":"L'association des Maires Franciliens attaque la fermeture des voies sur berges au tribunal : retrouvez l'int\u00e9gralit\u00e9 de ma chronique","breadcrumb":{"@id":"https:\/\/francois-pelletant.fr\/blog\/maires-franciliens-voies-berges-tribunal\/#breadcrumb"},"inLanguage":"fr-FR","potentialAction":[{"@type":"ReadAction","target":["https:\/\/francois-pelletant.fr\/blog\/maires-franciliens-voies-berges-tribunal\/"]}]},{"@type":"ImageObject","inLanguage":"fr-FR","@id":"https:\/\/francois-pelletant.fr\/blog\/maires-franciliens-voies-berges-tribunal\/#primaryimage","url":"https:\/\/francois-pelletant.fr\/blog\/wp-content\/uploads\/2017\/01\/I58EQMCH.jpg","contentUrl":"https:\/\/francois-pelletant.fr\/blog\/wp-content\/uploads\/2017\/01\/I58EQMCH.jpg","width":500,"height":500},{"@type":"BreadcrumbList","@id":"https:\/\/francois-pelletant.fr\/blog\/maires-franciliens-voies-berges-tribunal\/#breadcrumb","itemListElement":[{"@type":"ListItem","position":1,"name":"Accueil","item":"https:\/\/francois-pelletant.fr\/blog\/"},{"@type":"ListItem","position":2,"name":"L&#8217;association des Maires Franciliens attaque la fermeture des voies sur berges au tribunal"}]},{"@type":"WebSite","@id":"https:\/\/francois-pelletant.fr\/blog\/#website","url":"https:\/\/francois-pelletant.fr\/blog\/","name":"Fran\u00e7ois Pelletant","description":"Maire de Linas, pour toujours.","publisher":{"@id":"https:\/\/francois-pelletant.fr\/blog\/#organization"},"potentialAction":[{"@type":"SearchAction","target":{"@type":"EntryPoint","urlTemplate":"https:\/\/francois-pelletant.fr\/blog\/?s={search_term_string}"},"query-input":{"@type":"PropertyValueSpecification","valueRequired":true,"valueName":"search_term_string"}}],"inLanguage":"fr-FR"},{"@type":"Organization","@id":"https:\/\/francois-pelletant.fr\/blog\/#organization","name":"Fran\u00e7ois Pelletant","url":"https:\/\/francois-pelletant.fr\/blog\/","logo":{"@type":"ImageObject","inLanguage":"fr-FR","@id":"https:\/\/francois-pelletant.fr\/blog\/#\/schema\/logo\/image\/","url":"https:\/\/francois-pelletant.fr\/blog\/wp-content\/uploads\/2024\/07\/icone-francois-centre-500p.png","contentUrl":"https:\/\/francois-pelletant.fr\/blog\/wp-content\/uploads\/2024\/07\/icone-francois-centre-500p.png","width":559,"height":447,"caption":"Fran\u00e7ois Pelletant"},"image":{"@id":"https:\/\/francois-pelletant.fr\/blog\/#\/schema\/logo\/image\/"},"sameAs":["https:\/\/www.facebook.com\/francois.pelletant.7","https:\/\/x.com\/pelletant"]},{"@type":"Person","@id":"https:\/\/francois-pelletant.fr\/blog\/#\/schema\/person\/2be41acb171dff8f31aaed1f40cee9f3","name":"Francois"}]}},"_links":{"self":[{"href":"https:\/\/francois-pelletant.fr\/blog\/wp-json\/wp\/v2\/posts\/8375","targetHints":{"allow":["GET"]}}],"collection":[{"href":"https:\/\/francois-pelletant.fr\/blog\/wp-json\/wp\/v2\/posts"}],"about":[{"href":"https:\/\/francois-pelletant.fr\/blog\/wp-json\/wp\/v2\/types\/post"}],"author":[{"embeddable":true,"href":"https:\/\/francois-pelletant.fr\/blog\/wp-json\/wp\/v2\/users\/1"}],"replies":[{"embeddable":true,"href":"https:\/\/francois-pelletant.fr\/blog\/wp-json\/wp\/v2\/comments?post=8375"}],"version-history":[{"count":0,"href":"https:\/\/francois-pelletant.fr\/blog\/wp-json\/wp\/v2\/posts\/8375\/revisions"}],"wp:featuredmedia":[{"embeddable":true,"href":"https:\/\/francois-pelletant.fr\/blog\/wp-json\/wp\/v2\/media\/8324"}],"wp:attachment":[{"href":"https:\/\/francois-pelletant.fr\/blog\/wp-json\/wp\/v2\/media?parent=8375"}],"wp:term":[{"taxonomy":"category","embeddable":true,"href":"https:\/\/francois-pelletant.fr\/blog\/wp-json\/wp\/v2\/categories?post=8375"},{"taxonomy":"post_tag","embeddable":true,"href":"https:\/\/francois-pelletant.fr\/blog\/wp-json\/wp\/v2\/tags?post=8375"}],"curies":[{"name":"wp","href":"https:\/\/api.w.org\/{rel}","templated":true}]}}