{"id":8396,"date":"2017-01-27T08:30:33","date_gmt":"2017-01-27T08:30:33","guid":{"rendered":"https:\/\/francois-pelletant.fr\/blog\/?p=8396"},"modified":"2017-04-13T09:33:52","modified_gmt":"2017-04-13T09:33:52","slug":"police-nationale-securite-pelletant","status":"publish","type":"post","link":"https:\/\/francois-pelletant.fr\/blog\/police-nationale-securite-pelletant\/","title":{"rendered":"Police Nationale : soutien aux agents qui \u0153uvrent pour la s\u00e9curit\u00e9 de tous"},"content":{"rendered":"<p><img loading=\"lazy\" decoding=\"async\" class=\"alignleft wp-image-8397 size-medium\" src=\"https:\/\/francois-pelletant.fr\/blog\/wp-content\/uploads\/2017\/01\/phbusi-ser-004-059_Web-1-300x200.jpg\" alt=\"image-s\u00e9curit\u00e9-police\" width=\"300\" height=\"200\" srcset=\"https:\/\/francois-pelletant.fr\/blog\/wp-content\/uploads\/2017\/01\/phbusi-ser-004-059_Web-1-300x200.jpg 300w, https:\/\/francois-pelletant.fr\/blog\/wp-content\/uploads\/2017\/01\/phbusi-ser-004-059_Web-1.jpg 425w\" sizes=\"auto, (max-width: 300px) 100vw, 300px\" \/><\/p>\n<p>La s\u00e9curit\u00e9 des personnes et des biens traverse une p\u00e9riode de crise sans pr\u00e9c\u00e9dent. Nos policiers veulent des r\u00e9formes vot\u00e9es \u00e0 l\u2019Assembl\u00e9e Nationale mais de par leur devoir de r\u00e9serve ils ne peuvent le dire en public. C\u2019est pourtant leur droit comme tout citoyen.<\/p>\n<p>Dans la continuit\u00e9 de la commission de travail des 12 et 13 d\u00e9cembre 2016, le syndicat \u00ab\u00a0<a href=\"http:\/\/www.alliancepn.fr\/\" target=\"_blank\" rel=\"nofollow\">Alliance Police Nationale<\/a>\u00a0\u00bb lance une action d\u2019envergure afin de sonder les enqu\u00eateurs de l\u2019ensemble des services d\u2019investigation de la Police Nationale. Jusqu\u2019au 6 mars 2017, ceux-ci peuvent r\u00e9pondre \u00e0 un questionnaire en ligne (<a href=\"http:\/\/www.alliancepn.fr\/media\/show\/action-investigation-questionnaire-15636\" target=\"_blank\" rel=\"nofollow\">http:\/\/www.alliancepn.fr\/media\/show\/action-investigation-questionnaire-15636<\/a>). Les conclusions de cette enqu\u00eate seront adress\u00e9es aux candidats aux \u00e9lections l\u00e9gislatives en juin prochain.<\/p>\n<p>Pour ma part, je vais participer \u00e0 cette mobilisation et je propose m\u00eame que tous les fran\u00e7ais manifestent leur soutien aux policiers qui \u0153uvrent pour le bien et la s\u00e9curit\u00e9 des citoyens.<\/p>\n","protected":false},"excerpt":{"rendered":"<p>La s\u00e9curit\u00e9 des personnes et des biens traverse une p\u00e9riode de crise sans pr\u00e9c\u00e9dent. Nos policiers veulent des r\u00e9formes vot\u00e9es \u00e0 l\u2019Assembl\u00e9e Nationale mais de par leur devoir de r\u00e9serve ils ne peuvent le dire en public. C\u2019est pourtant leur droit comme tout citoyen. Dans la continuit\u00e9 de la commission de travail des 12 et [&hellip;]<\/p>\n","protected":false},"author":1,"featured_media":8397,"comment_status":"open","ping_status":"closed","sticky":false,"template":"","format":"standard","meta":{"footnotes":""},"categories":[16],"tags":[],"class_list":["post-8396","post","type-post","status-publish","format-standard","has-post-thumbnail","hentry","category-prises-de-positions"],"yoast_head":"<!-- This site is optimized with the Yoast SEO plugin v25.6 - https:\/\/yoast.com\/wordpress\/plugins\/seo\/ -->\n<title>Police Nationale : Soutien aux agents qui \u0153uvrent pour la s\u00e9curit\u00e9 - F. P<\/title>\n<meta name=\"description\" content=\"j\u2019apporte mon soutien aux policiers qui oeuvrent pour le bien et la s\u00e9curit\u00e9 des citoyens - pelletant\" \/>\n<meta name=\"robots\" content=\"index, follow, max-snippet:-1, max-image-preview:large, max-video-preview:-1\" \/>\n<link rel=\"canonical\" href=\"https:\/\/francois-pelletant.fr\/blog\/police-nationale-securite-pelletant\/\" \/>\n<meta property=\"og:locale\" content=\"fr_FR\" \/>\n<meta property=\"og:type\" content=\"article\" \/>\n<meta property=\"og:title\" content=\"Police Nationale : Soutien aux agents qui \u0153uvrent pour la s\u00e9curit\u00e9 - F. P\" \/>\n<meta property=\"og:description\" content=\"j\u2019apporte mon soutien aux policiers qui oeuvrent pour le bien et la s\u00e9curit\u00e9 des citoyens - pelletant\" \/>\n<meta property=\"og:url\" content=\"https:\/\/francois-pelletant.fr\/blog\/police-nationale-securite-pelletant\/\" \/>\n<meta property=\"og:site_name\" content=\"Fran\u00e7ois Pelletant\" \/>\n<meta property=\"article:publisher\" content=\"https:\/\/www.facebook.com\/francois.pelletant.7\" \/>\n<meta property=\"article:published_time\" content=\"2017-01-27T08:30:33+00:00\" \/>\n<meta property=\"article:modified_time\" content=\"2017-04-13T09:33:52+00:00\" \/>\n<meta property=\"og:image\" content=\"https:\/\/francois-pelletant.fr\/blog\/wp-content\/uploads\/2017\/01\/phbusi-ser-004-059_Web-1.jpg\" \/>\n\t<meta property=\"og:image:width\" content=\"425\" \/>\n\t<meta property=\"og:image:height\" content=\"283\" \/>\n\t<meta property=\"og:image:type\" content=\"image\/jpeg\" \/>\n<meta name=\"author\" content=\"Francois\" \/>\n<meta name=\"twitter:card\" content=\"summary_large_image\" \/>\n<meta name=\"twitter:creator\" content=\"@pelletant\" \/>\n<meta name=\"twitter:site\" content=\"@pelletant\" \/>\n<meta name=\"twitter:label1\" content=\"\u00c9crit par\" \/>\n\t<meta name=\"twitter:data1\" content=\"Francois\" \/>\n\t<meta name=\"twitter:label2\" content=\"Dur\u00e9e de lecture estim\u00e9e\" \/>\n\t<meta name=\"twitter:data2\" content=\"1 minute\" \/>\n<script type=\"application\/ld+json\" class=\"yoast-schema-graph\">{\"@context\":\"https:\/\/schema.org\",\"@graph\":[{\"@type\":\"Article\",\"@id\":\"https:\/\/francois-pelletant.fr\/blog\/police-nationale-securite-pelletant\/#article\",\"isPartOf\":{\"@id\":\"https:\/\/francois-pelletant.fr\/blog\/police-nationale-securite-pelletant\/\"},\"author\":{\"name\":\"Francois\",\"@id\":\"https:\/\/francois-pelletant.fr\/blog\/#\/schema\/person\/2be41acb171dff8f31aaed1f40cee9f3\"},\"headline\":\"Police Nationale : soutien aux agents qui \u0153uvrent pour la s\u00e9curit\u00e9 de tous\",\"datePublished\":\"2017-01-27T08:30:33+00:00\",\"dateModified\":\"2017-04-13T09:33:52+00:00\",\"mainEntityOfPage\":{\"@id\":\"https:\/\/francois-pelletant.fr\/blog\/police-nationale-securite-pelletant\/\"},\"wordCount\":175,\"commentCount\":1,\"publisher\":{\"@id\":\"https:\/\/francois-pelletant.fr\/blog\/#organization\"},\"image\":{\"@id\":\"https:\/\/francois-pelletant.fr\/blog\/police-nationale-securite-pelletant\/#primaryimage\"},\"thumbnailUrl\":\"https:\/\/francois-pelletant.fr\/blog\/wp-content\/uploads\/2017\/01\/phbusi-ser-004-059_Web-1.jpg\",\"articleSection\":[\"Prises de positions\"],\"inLanguage\":\"fr-FR\",\"potentialAction\":[{\"@type\":\"CommentAction\",\"name\":\"Comment\",\"target\":[\"https:\/\/francois-pelletant.fr\/blog\/police-nationale-securite-pelletant\/#respond\"]}]},{\"@type\":\"WebPage\",\"@id\":\"https:\/\/francois-pelletant.fr\/blog\/police-nationale-securite-pelletant\/\",\"url\":\"https:\/\/francois-pelletant.fr\/blog\/police-nationale-securite-pelletant\/\",\"name\":\"Police Nationale : Soutien aux agents qui \u0153uvrent pour la s\u00e9curit\u00e9 - F. P\",\"isPartOf\":{\"@id\":\"https:\/\/francois-pelletant.fr\/blog\/#website\"},\"primaryImageOfPage\":{\"@id\":\"https:\/\/francois-pelletant.fr\/blog\/police-nationale-securite-pelletant\/#primaryimage\"},\"image\":{\"@id\":\"https:\/\/francois-pelletant.fr\/blog\/police-nationale-securite-pelletant\/#primaryimage\"},\"thumbnailUrl\":\"https:\/\/francois-pelletant.fr\/blog\/wp-content\/uploads\/2017\/01\/phbusi-ser-004-059_Web-1.jpg\",\"datePublished\":\"2017-01-27T08:30:33+00:00\",\"dateModified\":\"2017-04-13T09:33:52+00:00\",\"description\":\"j\u2019apporte mon soutien aux policiers qui oeuvrent pour le bien et la s\u00e9curit\u00e9 des citoyens - pelletant\",\"breadcrumb\":{\"@id\":\"https:\/\/francois-pelletant.fr\/blog\/police-nationale-securite-pelletant\/#breadcrumb\"},\"inLanguage\":\"fr-FR\",\"potentialAction\":[{\"@type\":\"ReadAction\",\"target\":[\"https:\/\/francois-pelletant.fr\/blog\/police-nationale-securite-pelletant\/\"]}]},{\"@type\":\"ImageObject\",\"inLanguage\":\"fr-FR\",\"@id\":\"https:\/\/francois-pelletant.fr\/blog\/police-nationale-securite-pelletant\/#primaryimage\",\"url\":\"https:\/\/francois-pelletant.fr\/blog\/wp-content\/uploads\/2017\/01\/phbusi-ser-004-059_Web-1.jpg\",\"contentUrl\":\"https:\/\/francois-pelletant.fr\/blog\/wp-content\/uploads\/2017\/01\/phbusi-ser-004-059_Web-1.jpg\",\"width\":425,\"height\":283},{\"@type\":\"BreadcrumbList\",\"@id\":\"https:\/\/francois-pelletant.fr\/blog\/police-nationale-securite-pelletant\/#breadcrumb\",\"itemListElement\":[{\"@type\":\"ListItem\",\"position\":1,\"name\":\"Accueil\",\"item\":\"https:\/\/francois-pelletant.fr\/blog\/\"},{\"@type\":\"ListItem\",\"position\":2,\"name\":\"Police Nationale : soutien aux agents qui \u0153uvrent pour la s\u00e9curit\u00e9 de tous\"}]},{\"@type\":\"WebSite\",\"@id\":\"https:\/\/francois-pelletant.fr\/blog\/#website\",\"url\":\"https:\/\/francois-pelletant.fr\/blog\/\",\"name\":\"Fran\u00e7ois Pelletant\",\"description\":\"Maire de Linas, pour toujours.\",\"publisher\":{\"@id\":\"https:\/\/francois-pelletant.fr\/blog\/#organization\"},\"potentialAction\":[{\"@type\":\"SearchAction\",\"target\":{\"@type\":\"EntryPoint\",\"urlTemplate\":\"https:\/\/francois-pelletant.fr\/blog\/?s={search_term_string}\"},\"query-input\":{\"@type\":\"PropertyValueSpecification\",\"valueRequired\":true,\"valueName\":\"search_term_string\"}}],\"inLanguage\":\"fr-FR\"},{\"@type\":\"Organization\",\"@id\":\"https:\/\/francois-pelletant.fr\/blog\/#organization\",\"name\":\"Fran\u00e7ois Pelletant\",\"url\":\"https:\/\/francois-pelletant.fr\/blog\/\",\"logo\":{\"@type\":\"ImageObject\",\"inLanguage\":\"fr-FR\",\"@id\":\"https:\/\/francois-pelletant.fr\/blog\/#\/schema\/logo\/image\/\",\"url\":\"https:\/\/francois-pelletant.fr\/blog\/wp-content\/uploads\/2024\/07\/icone-francois-centre-500p.png\",\"contentUrl\":\"https:\/\/francois-pelletant.fr\/blog\/wp-content\/uploads\/2024\/07\/icone-francois-centre-500p.png\",\"width\":559,\"height\":447,\"caption\":\"Fran\u00e7ois Pelletant\"},\"image\":{\"@id\":\"https:\/\/francois-pelletant.fr\/blog\/#\/schema\/logo\/image\/\"},\"sameAs\":[\"https:\/\/www.facebook.com\/francois.pelletant.7\",\"https:\/\/x.com\/pelletant\"]},{\"@type\":\"Person\",\"@id\":\"https:\/\/francois-pelletant.fr\/blog\/#\/schema\/person\/2be41acb171dff8f31aaed1f40cee9f3\",\"name\":\"Francois\"}]}<\/script>\n<!-- \/ Yoast SEO plugin. -->","yoast_head_json":{"title":"Police Nationale : Soutien aux agents qui \u0153uvrent pour la s\u00e9curit\u00e9 - F. P","description":"j\u2019apporte mon soutien aux policiers qui oeuvrent pour le bien et la s\u00e9curit\u00e9 des citoyens - pelletant","robots":{"index":"index","follow":"follow","max-snippet":"max-snippet:-1","max-image-preview":"max-image-preview:large","max-video-preview":"max-video-preview:-1"},"canonical":"https:\/\/francois-pelletant.fr\/blog\/police-nationale-securite-pelletant\/","og_locale":"fr_FR","og_type":"article","og_title":"Police Nationale : Soutien aux agents qui \u0153uvrent pour la s\u00e9curit\u00e9 - F. P","og_description":"j\u2019apporte mon soutien aux policiers qui oeuvrent pour le bien et la s\u00e9curit\u00e9 des citoyens - pelletant","og_url":"https:\/\/francois-pelletant.fr\/blog\/police-nationale-securite-pelletant\/","og_site_name":"Fran\u00e7ois Pelletant","article_publisher":"https:\/\/www.facebook.com\/francois.pelletant.7","article_published_time":"2017-01-27T08:30:33+00:00","article_modified_time":"2017-04-13T09:33:52+00:00","og_image":[{"width":425,"height":283,"url":"https:\/\/francois-pelletant.fr\/blog\/wp-content\/uploads\/2017\/01\/phbusi-ser-004-059_Web-1.jpg","type":"image\/jpeg"}],"author":"Francois","twitter_card":"summary_large_image","twitter_creator":"@pelletant","twitter_site":"@pelletant","twitter_misc":{"\u00c9crit par":"Francois","Dur\u00e9e de lecture estim\u00e9e":"1 minute"},"schema":{"@context":"https:\/\/schema.org","@graph":[{"@type":"Article","@id":"https:\/\/francois-pelletant.fr\/blog\/police-nationale-securite-pelletant\/#article","isPartOf":{"@id":"https:\/\/francois-pelletant.fr\/blog\/police-nationale-securite-pelletant\/"},"author":{"name":"Francois","@id":"https:\/\/francois-pelletant.fr\/blog\/#\/schema\/person\/2be41acb171dff8f31aaed1f40cee9f3"},"headline":"Police Nationale : soutien aux agents qui \u0153uvrent pour la s\u00e9curit\u00e9 de tous","datePublished":"2017-01-27T08:30:33+00:00","dateModified":"2017-04-13T09:33:52+00:00","mainEntityOfPage":{"@id":"https:\/\/francois-pelletant.fr\/blog\/police-nationale-securite-pelletant\/"},"wordCount":175,"commentCount":1,"publisher":{"@id":"https:\/\/francois-pelletant.fr\/blog\/#organization"},"image":{"@id":"https:\/\/francois-pelletant.fr\/blog\/police-nationale-securite-pelletant\/#primaryimage"},"thumbnailUrl":"https:\/\/francois-pelletant.fr\/blog\/wp-content\/uploads\/2017\/01\/phbusi-ser-004-059_Web-1.jpg","articleSection":["Prises de positions"],"inLanguage":"fr-FR","potentialAction":[{"@type":"CommentAction","name":"Comment","target":["https:\/\/francois-pelletant.fr\/blog\/police-nationale-securite-pelletant\/#respond"]}]},{"@type":"WebPage","@id":"https:\/\/francois-pelletant.fr\/blog\/police-nationale-securite-pelletant\/","url":"https:\/\/francois-pelletant.fr\/blog\/police-nationale-securite-pelletant\/","name":"Police Nationale : Soutien aux agents qui \u0153uvrent pour la s\u00e9curit\u00e9 - F. P","isPartOf":{"@id":"https:\/\/francois-pelletant.fr\/blog\/#website"},"primaryImageOfPage":{"@id":"https:\/\/francois-pelletant.fr\/blog\/police-nationale-securite-pelletant\/#primaryimage"},"image":{"@id":"https:\/\/francois-pelletant.fr\/blog\/police-nationale-securite-pelletant\/#primaryimage"},"thumbnailUrl":"https:\/\/francois-pelletant.fr\/blog\/wp-content\/uploads\/2017\/01\/phbusi-ser-004-059_Web-1.jpg","datePublished":"2017-01-27T08:30:33+00:00","dateModified":"2017-04-13T09:33:52+00:00","description":"j\u2019apporte mon soutien aux policiers qui oeuvrent pour le bien et la s\u00e9curit\u00e9 des citoyens - pelletant","breadcrumb":{"@id":"https:\/\/francois-pelletant.fr\/blog\/police-nationale-securite-pelletant\/#breadcrumb"},"inLanguage":"fr-FR","potentialAction":[{"@type":"ReadAction","target":["https:\/\/francois-pelletant.fr\/blog\/police-nationale-securite-pelletant\/"]}]},{"@type":"ImageObject","inLanguage":"fr-FR","@id":"https:\/\/francois-pelletant.fr\/blog\/police-nationale-securite-pelletant\/#primaryimage","url":"https:\/\/francois-pelletant.fr\/blog\/wp-content\/uploads\/2017\/01\/phbusi-ser-004-059_Web-1.jpg","contentUrl":"https:\/\/francois-pelletant.fr\/blog\/wp-content\/uploads\/2017\/01\/phbusi-ser-004-059_Web-1.jpg","width":425,"height":283},{"@type":"BreadcrumbList","@id":"https:\/\/francois-pelletant.fr\/blog\/police-nationale-securite-pelletant\/#breadcrumb","itemListElement":[{"@type":"ListItem","position":1,"name":"Accueil","item":"https:\/\/francois-pelletant.fr\/blog\/"},{"@type":"ListItem","position":2,"name":"Police Nationale : soutien aux agents qui \u0153uvrent pour la s\u00e9curit\u00e9 de tous"}]},{"@type":"WebSite","@id":"https:\/\/francois-pelletant.fr\/blog\/#website","url":"https:\/\/francois-pelletant.fr\/blog\/","name":"Fran\u00e7ois Pelletant","description":"Maire de Linas, pour toujours.","publisher":{"@id":"https:\/\/francois-pelletant.fr\/blog\/#organization"},"potentialAction":[{"@type":"SearchAction","target":{"@type":"EntryPoint","urlTemplate":"https:\/\/francois-pelletant.fr\/blog\/?s={search_term_string}"},"query-input":{"@type":"PropertyValueSpecification","valueRequired":true,"valueName":"search_term_string"}}],"inLanguage":"fr-FR"},{"@type":"Organization","@id":"https:\/\/francois-pelletant.fr\/blog\/#organization","name":"Fran\u00e7ois Pelletant","url":"https:\/\/francois-pelletant.fr\/blog\/","logo":{"@type":"ImageObject","inLanguage":"fr-FR","@id":"https:\/\/francois-pelletant.fr\/blog\/#\/schema\/logo\/image\/","url":"https:\/\/francois-pelletant.fr\/blog\/wp-content\/uploads\/2024\/07\/icone-francois-centre-500p.png","contentUrl":"https:\/\/francois-pelletant.fr\/blog\/wp-content\/uploads\/2024\/07\/icone-francois-centre-500p.png","width":559,"height":447,"caption":"Fran\u00e7ois Pelletant"},"image":{"@id":"https:\/\/francois-pelletant.fr\/blog\/#\/schema\/logo\/image\/"},"sameAs":["https:\/\/www.facebook.com\/francois.pelletant.7","https:\/\/x.com\/pelletant"]},{"@type":"Person","@id":"https:\/\/francois-pelletant.fr\/blog\/#\/schema\/person\/2be41acb171dff8f31aaed1f40cee9f3","name":"Francois"}]}},"_links":{"self":[{"href":"https:\/\/francois-pelletant.fr\/blog\/wp-json\/wp\/v2\/posts\/8396","targetHints":{"allow":["GET"]}}],"collection":[{"href":"https:\/\/francois-pelletant.fr\/blog\/wp-json\/wp\/v2\/posts"}],"about":[{"href":"https:\/\/francois-pelletant.fr\/blog\/wp-json\/wp\/v2\/types\/post"}],"author":[{"embeddable":true,"href":"https:\/\/francois-pelletant.fr\/blog\/wp-json\/wp\/v2\/users\/1"}],"replies":[{"embeddable":true,"href":"https:\/\/francois-pelletant.fr\/blog\/wp-json\/wp\/v2\/comments?post=8396"}],"version-history":[{"count":0,"href":"https:\/\/francois-pelletant.fr\/blog\/wp-json\/wp\/v2\/posts\/8396\/revisions"}],"wp:featuredmedia":[{"embeddable":true,"href":"https:\/\/francois-pelletant.fr\/blog\/wp-json\/wp\/v2\/media\/8397"}],"wp:attachment":[{"href":"https:\/\/francois-pelletant.fr\/blog\/wp-json\/wp\/v2\/media?parent=8396"}],"wp:term":[{"taxonomy":"category","embeddable":true,"href":"https:\/\/francois-pelletant.fr\/blog\/wp-json\/wp\/v2\/categories?post=8396"},{"taxonomy":"post_tag","embeddable":true,"href":"https:\/\/francois-pelletant.fr\/blog\/wp-json\/wp\/v2\/tags?post=8396"}],"curies":[{"name":"wp","href":"https:\/\/api.w.org\/{rel}","templated":true}]}}