{"id":8438,"date":"2017-02-10T12:30:06","date_gmt":"2017-02-10T12:30:06","guid":{"rendered":"https:\/\/francois-pelletant.fr\/blog\/?p=8438"},"modified":"2017-02-27T15:37:15","modified_gmt":"2017-02-27T15:37:15","slug":"linas-fibre-optique","status":"publish","type":"post","link":"https:\/\/francois-pelletant.fr\/blog\/linas-fibre-optique\/","title":{"rendered":"Linas voit arriver la fibre optique"},"content":{"rendered":"<h2><img loading=\"lazy\" decoding=\"async\" class=\"alignleft size-medium wp-image-8440\" src=\"https:\/\/francois-pelletant.fr\/blog\/wp-content\/uploads\/2017\/02\/pose-fibre-optique-linas-web-300x276.jpg\" alt=\"pose fibre optique linas web\" width=\"300\" height=\"276\" srcset=\"https:\/\/francois-pelletant.fr\/blog\/wp-content\/uploads\/2017\/02\/pose-fibre-optique-linas-web-300x276.jpg 300w, https:\/\/francois-pelletant.fr\/blog\/wp-content\/uploads\/2017\/02\/pose-fibre-optique-linas-web-600x552.jpg 600w, https:\/\/francois-pelletant.fr\/blog\/wp-content\/uploads\/2017\/02\/pose-fibre-optique-linas-web.jpg 743w\" sizes=\"auto, (max-width: 300px) 100vw, 300px\" \/>Linas et la fibre optique<\/h2>\n<p>A Linas, nous avan\u00e7ons rapidement pour que la commercialisation de la fibre optique se fasse \u00e0 temps. Ainsi, se sont d\u2019ores et d\u00e9j\u00e0 3 790 m de r\u00e9seau a\u00e9rien tir\u00e9s, sur un total de 23 km \u00e0 d\u00e9ployer ou encore 33 km de r\u00e9seaux souterrains ont \u00e9t\u00e9 tir\u00e9s sur un total de 40 km. Au global, 59 % du r\u00e9seau est d\u00e9j\u00e0 d\u00e9ploy\u00e9.<\/p>\n<p>J\u2019ai fait proc\u00e9der \u00e0 la pose de 46 nouveaux poteaux. Certains poteaux sont situ\u00e9s \u00e0 des endroits o\u00f9 il y a beaucoup de r\u00e9seaux existants et une recherche de solutions est en cours.<\/p>\n<p>Notre probl\u00e8me sur Linas se trouve dans le Chemin Royal, \u00e0 la limite avec Leuville-sur-Orge, car certains individus provenant de Leuville-sur-Orge bloquent l\u2019intervention des \u00e9quipes. J\u2019ai exig\u00e9 de <a href=\"http:\/\/www.tutor-e2.fr\/\" target=\"_blank\" rel=\"nofollow\">Tutor<\/a> qu\u2019ils d\u00e9posent une main courante et ait demand\u00e9 l\u2019intervention de la police municipale, de telle sorte que nos \u00e9quipes travaillent le plus sereinement possible sur ce secteur.<\/p>\n<p>Quoi qu\u2019il en soit, la fibre optique arrivera dans tous les foyers linois tr\u00e8s prochainement.<\/p>\n<p>Pour tout savoir et connaitre votre \u00e9ligibilit\u00e9 \u00e0 la vibre visitez la page d\u00e9di\u00e9e de mon blog <a href=\"http:\/\/pelletant.fr\/fibre\" target=\"_blank\" data-saferedirecturl=\"https:\/\/www.google.com\/url?hl=fr&amp;q=http:\/\/pelletant.fr\/fibre&amp;source=gmail&amp;ust=1488296007446000&amp;usg=AFQjCNGCLjMF_jhtx0mX9502BwvDSncc5Q\" rel=\"nofollow\">pelletant.fr\/fibre<\/a><\/p>\n","protected":false},"excerpt":{"rendered":"<p>Linas et la fibre optique A Linas, nous avan\u00e7ons rapidement pour que la commercialisation de la fibre optique se fasse \u00e0 temps. Ainsi, se sont d\u2019ores et d\u00e9j\u00e0 3 790 m de r\u00e9seau a\u00e9rien tir\u00e9s, sur un total de 23 km \u00e0 d\u00e9ployer ou encore 33 km de r\u00e9seaux souterrains ont \u00e9t\u00e9 tir\u00e9s sur un [&hellip;]<\/p>\n","protected":false},"author":1,"featured_media":8440,"comment_status":"open","ping_status":"closed","sticky":false,"template":"","format":"standard","meta":{"footnotes":""},"categories":[10,23],"tags":[49,129,131,172,155,30,136,130,48,171],"class_list":["post-8438","post","type-post","status-publish","format-standard","has-post-thumbnail","hentry","category-1pelletant","category-thd","tag-essonne","tag-fibre","tag-fibre-optique","tag-foyer","tag-francois-pelletant","tag-linas","tag-linois","tag-optique","tag-pelletant","tag-tutor"],"yoast_head":"<!-- This site is optimized with the Yoast SEO plugin v25.6 - https:\/\/yoast.com\/wordpress\/plugins\/seo\/ -->\n<title>Linas voit arriver la fibre optique - Fran\u00e7ois Pelletant<\/title>\n<meta name=\"description\" content=\"A Linas, nous avan\u00e7ons rapidement pour que la commercialisation de la fibre optique (tr\u00e8s haut d\u00e9bit) se fasse \u00e0 temps.\" \/>\n<meta name=\"robots\" content=\"index, follow, max-snippet:-1, max-image-preview:large, max-video-preview:-1\" \/>\n<link rel=\"canonical\" href=\"https:\/\/francois-pelletant.fr\/blog\/linas-fibre-optique\/\" \/>\n<meta property=\"og:locale\" content=\"fr_FR\" \/>\n<meta property=\"og:type\" content=\"article\" \/>\n<meta property=\"og:title\" content=\"Linas voit arriver la fibre optique - Fran\u00e7ois Pelletant\" \/>\n<meta property=\"og:description\" content=\"A Linas, nous avan\u00e7ons rapidement pour que la commercialisation de la fibre optique (tr\u00e8s haut d\u00e9bit) se fasse \u00e0 temps.\" \/>\n<meta property=\"og:url\" content=\"https:\/\/francois-pelletant.fr\/blog\/linas-fibre-optique\/\" \/>\n<meta property=\"og:site_name\" content=\"Fran\u00e7ois Pelletant\" \/>\n<meta property=\"article:publisher\" content=\"https:\/\/www.facebook.com\/francois.pelletant.7\" \/>\n<meta property=\"article:published_time\" content=\"2017-02-10T12:30:06+00:00\" \/>\n<meta property=\"article:modified_time\" content=\"2017-02-27T15:37:15+00:00\" \/>\n<meta property=\"og:image\" content=\"https:\/\/francois-pelletant.fr\/blog\/wp-content\/uploads\/2017\/02\/pose-fibre-optique-linas-web.jpg\" \/>\n\t<meta property=\"og:image:width\" content=\"743\" \/>\n\t<meta property=\"og:image:height\" content=\"683\" \/>\n\t<meta property=\"og:image:type\" content=\"image\/jpeg\" \/>\n<meta name=\"author\" content=\"Francois\" \/>\n<meta name=\"twitter:card\" content=\"summary_large_image\" \/>\n<meta name=\"twitter:creator\" content=\"@pelletant\" \/>\n<meta name=\"twitter:site\" content=\"@pelletant\" \/>\n<meta name=\"twitter:label1\" content=\"\u00c9crit par\" \/>\n\t<meta name=\"twitter:data1\" content=\"Francois\" \/>\n\t<meta name=\"twitter:label2\" content=\"Dur\u00e9e de lecture estim\u00e9e\" \/>\n\t<meta name=\"twitter:data2\" content=\"1 minute\" \/>\n<script type=\"application\/ld+json\" class=\"yoast-schema-graph\">{\"@context\":\"https:\/\/schema.org\",\"@graph\":[{\"@type\":\"Article\",\"@id\":\"https:\/\/francois-pelletant.fr\/blog\/linas-fibre-optique\/#article\",\"isPartOf\":{\"@id\":\"https:\/\/francois-pelletant.fr\/blog\/linas-fibre-optique\/\"},\"author\":{\"name\":\"Francois\",\"@id\":\"https:\/\/francois-pelletant.fr\/blog\/#\/schema\/person\/2be41acb171dff8f31aaed1f40cee9f3\"},\"headline\":\"Linas voit arriver la fibre optique\",\"datePublished\":\"2017-02-10T12:30:06+00:00\",\"dateModified\":\"2017-02-27T15:37:15+00:00\",\"mainEntityOfPage\":{\"@id\":\"https:\/\/francois-pelletant.fr\/blog\/linas-fibre-optique\/\"},\"wordCount\":210,\"commentCount\":2,\"publisher\":{\"@id\":\"https:\/\/francois-pelletant.fr\/blog\/#organization\"},\"image\":{\"@id\":\"https:\/\/francois-pelletant.fr\/blog\/linas-fibre-optique\/#primaryimage\"},\"thumbnailUrl\":\"https:\/\/francois-pelletant.fr\/blog\/wp-content\/uploads\/2017\/02\/pose-fibre-optique-linas-web.jpg\",\"keywords\":[\"Essonne\",\"fibre\",\"fibre optique\",\"foyer\",\"fran\u00e7ois pelletant\",\"Linas\",\"linois\",\"optique\",\"pelletant\",\"tutor\"],\"articleSection\":[\"Infos\",\"Tr\u00e8s Haut D\u00e9bit\"],\"inLanguage\":\"fr-FR\",\"potentialAction\":[{\"@type\":\"CommentAction\",\"name\":\"Comment\",\"target\":[\"https:\/\/francois-pelletant.fr\/blog\/linas-fibre-optique\/#respond\"]}]},{\"@type\":\"WebPage\",\"@id\":\"https:\/\/francois-pelletant.fr\/blog\/linas-fibre-optique\/\",\"url\":\"https:\/\/francois-pelletant.fr\/blog\/linas-fibre-optique\/\",\"name\":\"Linas voit arriver la fibre optique - Fran\u00e7ois Pelletant\",\"isPartOf\":{\"@id\":\"https:\/\/francois-pelletant.fr\/blog\/#website\"},\"primaryImageOfPage\":{\"@id\":\"https:\/\/francois-pelletant.fr\/blog\/linas-fibre-optique\/#primaryimage\"},\"image\":{\"@id\":\"https:\/\/francois-pelletant.fr\/blog\/linas-fibre-optique\/#primaryimage\"},\"thumbnailUrl\":\"https:\/\/francois-pelletant.fr\/blog\/wp-content\/uploads\/2017\/02\/pose-fibre-optique-linas-web.jpg\",\"datePublished\":\"2017-02-10T12:30:06+00:00\",\"dateModified\":\"2017-02-27T15:37:15+00:00\",\"description\":\"A Linas, nous avan\u00e7ons rapidement pour que la commercialisation de la fibre optique (tr\u00e8s haut d\u00e9bit) se fasse \u00e0 temps.\",\"breadcrumb\":{\"@id\":\"https:\/\/francois-pelletant.fr\/blog\/linas-fibre-optique\/#breadcrumb\"},\"inLanguage\":\"fr-FR\",\"potentialAction\":[{\"@type\":\"ReadAction\",\"target\":[\"https:\/\/francois-pelletant.fr\/blog\/linas-fibre-optique\/\"]}]},{\"@type\":\"ImageObject\",\"inLanguage\":\"fr-FR\",\"@id\":\"https:\/\/francois-pelletant.fr\/blog\/linas-fibre-optique\/#primaryimage\",\"url\":\"https:\/\/francois-pelletant.fr\/blog\/wp-content\/uploads\/2017\/02\/pose-fibre-optique-linas-web.jpg\",\"contentUrl\":\"https:\/\/francois-pelletant.fr\/blog\/wp-content\/uploads\/2017\/02\/pose-fibre-optique-linas-web.jpg\",\"width\":743,\"height\":683},{\"@type\":\"BreadcrumbList\",\"@id\":\"https:\/\/francois-pelletant.fr\/blog\/linas-fibre-optique\/#breadcrumb\",\"itemListElement\":[{\"@type\":\"ListItem\",\"position\":1,\"name\":\"Accueil\",\"item\":\"https:\/\/francois-pelletant.fr\/blog\/\"},{\"@type\":\"ListItem\",\"position\":2,\"name\":\"Linas voit arriver la fibre optique\"}]},{\"@type\":\"WebSite\",\"@id\":\"https:\/\/francois-pelletant.fr\/blog\/#website\",\"url\":\"https:\/\/francois-pelletant.fr\/blog\/\",\"name\":\"Fran\u00e7ois Pelletant\",\"description\":\"Maire de Linas, pour toujours.\",\"publisher\":{\"@id\":\"https:\/\/francois-pelletant.fr\/blog\/#organization\"},\"potentialAction\":[{\"@type\":\"SearchAction\",\"target\":{\"@type\":\"EntryPoint\",\"urlTemplate\":\"https:\/\/francois-pelletant.fr\/blog\/?s={search_term_string}\"},\"query-input\":{\"@type\":\"PropertyValueSpecification\",\"valueRequired\":true,\"valueName\":\"search_term_string\"}}],\"inLanguage\":\"fr-FR\"},{\"@type\":\"Organization\",\"@id\":\"https:\/\/francois-pelletant.fr\/blog\/#organization\",\"name\":\"Fran\u00e7ois Pelletant\",\"url\":\"https:\/\/francois-pelletant.fr\/blog\/\",\"logo\":{\"@type\":\"ImageObject\",\"inLanguage\":\"fr-FR\",\"@id\":\"https:\/\/francois-pelletant.fr\/blog\/#\/schema\/logo\/image\/\",\"url\":\"https:\/\/francois-pelletant.fr\/blog\/wp-content\/uploads\/2024\/07\/icone-francois-centre-500p.png\",\"contentUrl\":\"https:\/\/francois-pelletant.fr\/blog\/wp-content\/uploads\/2024\/07\/icone-francois-centre-500p.png\",\"width\":559,\"height\":447,\"caption\":\"Fran\u00e7ois Pelletant\"},\"image\":{\"@id\":\"https:\/\/francois-pelletant.fr\/blog\/#\/schema\/logo\/image\/\"},\"sameAs\":[\"https:\/\/www.facebook.com\/francois.pelletant.7\",\"https:\/\/x.com\/pelletant\"]},{\"@type\":\"Person\",\"@id\":\"https:\/\/francois-pelletant.fr\/blog\/#\/schema\/person\/2be41acb171dff8f31aaed1f40cee9f3\",\"name\":\"Francois\"}]}<\/script>\n<!-- \/ Yoast SEO plugin. -->","yoast_head_json":{"title":"Linas voit arriver la fibre optique - Fran\u00e7ois Pelletant","description":"A Linas, nous avan\u00e7ons rapidement pour que la commercialisation de la fibre optique (tr\u00e8s haut d\u00e9bit) se fasse \u00e0 temps.","robots":{"index":"index","follow":"follow","max-snippet":"max-snippet:-1","max-image-preview":"max-image-preview:large","max-video-preview":"max-video-preview:-1"},"canonical":"https:\/\/francois-pelletant.fr\/blog\/linas-fibre-optique\/","og_locale":"fr_FR","og_type":"article","og_title":"Linas voit arriver la fibre optique - Fran\u00e7ois Pelletant","og_description":"A Linas, nous avan\u00e7ons rapidement pour que la commercialisation de la fibre optique (tr\u00e8s haut d\u00e9bit) se fasse \u00e0 temps.","og_url":"https:\/\/francois-pelletant.fr\/blog\/linas-fibre-optique\/","og_site_name":"Fran\u00e7ois Pelletant","article_publisher":"https:\/\/www.facebook.com\/francois.pelletant.7","article_published_time":"2017-02-10T12:30:06+00:00","article_modified_time":"2017-02-27T15:37:15+00:00","og_image":[{"width":743,"height":683,"url":"https:\/\/francois-pelletant.fr\/blog\/wp-content\/uploads\/2017\/02\/pose-fibre-optique-linas-web.jpg","type":"image\/jpeg"}],"author":"Francois","twitter_card":"summary_large_image","twitter_creator":"@pelletant","twitter_site":"@pelletant","twitter_misc":{"\u00c9crit par":"Francois","Dur\u00e9e de lecture estim\u00e9e":"1 minute"},"schema":{"@context":"https:\/\/schema.org","@graph":[{"@type":"Article","@id":"https:\/\/francois-pelletant.fr\/blog\/linas-fibre-optique\/#article","isPartOf":{"@id":"https:\/\/francois-pelletant.fr\/blog\/linas-fibre-optique\/"},"author":{"name":"Francois","@id":"https:\/\/francois-pelletant.fr\/blog\/#\/schema\/person\/2be41acb171dff8f31aaed1f40cee9f3"},"headline":"Linas voit arriver la fibre optique","datePublished":"2017-02-10T12:30:06+00:00","dateModified":"2017-02-27T15:37:15+00:00","mainEntityOfPage":{"@id":"https:\/\/francois-pelletant.fr\/blog\/linas-fibre-optique\/"},"wordCount":210,"commentCount":2,"publisher":{"@id":"https:\/\/francois-pelletant.fr\/blog\/#organization"},"image":{"@id":"https:\/\/francois-pelletant.fr\/blog\/linas-fibre-optique\/#primaryimage"},"thumbnailUrl":"https:\/\/francois-pelletant.fr\/blog\/wp-content\/uploads\/2017\/02\/pose-fibre-optique-linas-web.jpg","keywords":["Essonne","fibre","fibre optique","foyer","fran\u00e7ois pelletant","Linas","linois","optique","pelletant","tutor"],"articleSection":["Infos","Tr\u00e8s Haut D\u00e9bit"],"inLanguage":"fr-FR","potentialAction":[{"@type":"CommentAction","name":"Comment","target":["https:\/\/francois-pelletant.fr\/blog\/linas-fibre-optique\/#respond"]}]},{"@type":"WebPage","@id":"https:\/\/francois-pelletant.fr\/blog\/linas-fibre-optique\/","url":"https:\/\/francois-pelletant.fr\/blog\/linas-fibre-optique\/","name":"Linas voit arriver la fibre optique - Fran\u00e7ois Pelletant","isPartOf":{"@id":"https:\/\/francois-pelletant.fr\/blog\/#website"},"primaryImageOfPage":{"@id":"https:\/\/francois-pelletant.fr\/blog\/linas-fibre-optique\/#primaryimage"},"image":{"@id":"https:\/\/francois-pelletant.fr\/blog\/linas-fibre-optique\/#primaryimage"},"thumbnailUrl":"https:\/\/francois-pelletant.fr\/blog\/wp-content\/uploads\/2017\/02\/pose-fibre-optique-linas-web.jpg","datePublished":"2017-02-10T12:30:06+00:00","dateModified":"2017-02-27T15:37:15+00:00","description":"A Linas, nous avan\u00e7ons rapidement pour que la commercialisation de la fibre optique (tr\u00e8s haut d\u00e9bit) se fasse \u00e0 temps.","breadcrumb":{"@id":"https:\/\/francois-pelletant.fr\/blog\/linas-fibre-optique\/#breadcrumb"},"inLanguage":"fr-FR","potentialAction":[{"@type":"ReadAction","target":["https:\/\/francois-pelletant.fr\/blog\/linas-fibre-optique\/"]}]},{"@type":"ImageObject","inLanguage":"fr-FR","@id":"https:\/\/francois-pelletant.fr\/blog\/linas-fibre-optique\/#primaryimage","url":"https:\/\/francois-pelletant.fr\/blog\/wp-content\/uploads\/2017\/02\/pose-fibre-optique-linas-web.jpg","contentUrl":"https:\/\/francois-pelletant.fr\/blog\/wp-content\/uploads\/2017\/02\/pose-fibre-optique-linas-web.jpg","width":743,"height":683},{"@type":"BreadcrumbList","@id":"https:\/\/francois-pelletant.fr\/blog\/linas-fibre-optique\/#breadcrumb","itemListElement":[{"@type":"ListItem","position":1,"name":"Accueil","item":"https:\/\/francois-pelletant.fr\/blog\/"},{"@type":"ListItem","position":2,"name":"Linas voit arriver la fibre optique"}]},{"@type":"WebSite","@id":"https:\/\/francois-pelletant.fr\/blog\/#website","url":"https:\/\/francois-pelletant.fr\/blog\/","name":"Fran\u00e7ois Pelletant","description":"Maire de Linas, pour toujours.","publisher":{"@id":"https:\/\/francois-pelletant.fr\/blog\/#organization"},"potentialAction":[{"@type":"SearchAction","target":{"@type":"EntryPoint","urlTemplate":"https:\/\/francois-pelletant.fr\/blog\/?s={search_term_string}"},"query-input":{"@type":"PropertyValueSpecification","valueRequired":true,"valueName":"search_term_string"}}],"inLanguage":"fr-FR"},{"@type":"Organization","@id":"https:\/\/francois-pelletant.fr\/blog\/#organization","name":"Fran\u00e7ois Pelletant","url":"https:\/\/francois-pelletant.fr\/blog\/","logo":{"@type":"ImageObject","inLanguage":"fr-FR","@id":"https:\/\/francois-pelletant.fr\/blog\/#\/schema\/logo\/image\/","url":"https:\/\/francois-pelletant.fr\/blog\/wp-content\/uploads\/2024\/07\/icone-francois-centre-500p.png","contentUrl":"https:\/\/francois-pelletant.fr\/blog\/wp-content\/uploads\/2024\/07\/icone-francois-centre-500p.png","width":559,"height":447,"caption":"Fran\u00e7ois Pelletant"},"image":{"@id":"https:\/\/francois-pelletant.fr\/blog\/#\/schema\/logo\/image\/"},"sameAs":["https:\/\/www.facebook.com\/francois.pelletant.7","https:\/\/x.com\/pelletant"]},{"@type":"Person","@id":"https:\/\/francois-pelletant.fr\/blog\/#\/schema\/person\/2be41acb171dff8f31aaed1f40cee9f3","name":"Francois"}]}},"_links":{"self":[{"href":"https:\/\/francois-pelletant.fr\/blog\/wp-json\/wp\/v2\/posts\/8438","targetHints":{"allow":["GET"]}}],"collection":[{"href":"https:\/\/francois-pelletant.fr\/blog\/wp-json\/wp\/v2\/posts"}],"about":[{"href":"https:\/\/francois-pelletant.fr\/blog\/wp-json\/wp\/v2\/types\/post"}],"author":[{"embeddable":true,"href":"https:\/\/francois-pelletant.fr\/blog\/wp-json\/wp\/v2\/users\/1"}],"replies":[{"embeddable":true,"href":"https:\/\/francois-pelletant.fr\/blog\/wp-json\/wp\/v2\/comments?post=8438"}],"version-history":[{"count":0,"href":"https:\/\/francois-pelletant.fr\/blog\/wp-json\/wp\/v2\/posts\/8438\/revisions"}],"wp:featuredmedia":[{"embeddable":true,"href":"https:\/\/francois-pelletant.fr\/blog\/wp-json\/wp\/v2\/media\/8440"}],"wp:attachment":[{"href":"https:\/\/francois-pelletant.fr\/blog\/wp-json\/wp\/v2\/media?parent=8438"}],"wp:term":[{"taxonomy":"category","embeddable":true,"href":"https:\/\/francois-pelletant.fr\/blog\/wp-json\/wp\/v2\/categories?post=8438"},{"taxonomy":"post_tag","embeddable":true,"href":"https:\/\/francois-pelletant.fr\/blog\/wp-json\/wp\/v2\/tags?post=8438"}],"curies":[{"name":"wp","href":"https:\/\/api.w.org\/{rel}","templated":true}]}}