{"id":8478,"date":"2016-04-15T11:07:35","date_gmt":"2016-04-15T11:07:35","guid":{"rendered":"https:\/\/francois-pelletant.fr\/blog\/?p=8478"},"modified":"2017-04-18T08:37:06","modified_gmt":"2017-04-18T08:37:06","slug":"memoire-schoettl","status":"publish","type":"post","link":"https:\/\/francois-pelletant.fr\/blog\/memoire-schoettl\/","title":{"rendered":"J&#8217;ai la m\u00e9moire qui ne flanche pas"},"content":{"rendered":"<h1><img loading=\"lazy\" decoding=\"async\" class=\"alignleft size-medium wp-image-8496\" src=\"https:\/\/francois-pelletant.fr\/blog\/wp-content\/uploads\/2016\/04\/schoettl-equete-ouverte-republicain-300x186.jpg\" alt=\"schoettl equete ouverte republicain\" width=\"300\" height=\"186\" srcset=\"https:\/\/francois-pelletant.fr\/blog\/wp-content\/uploads\/2016\/04\/schoettl-equete-ouverte-republicain-300x186.jpg 300w, https:\/\/francois-pelletant.fr\/blog\/wp-content\/uploads\/2016\/04\/schoettl-equete-ouverte-republicain-1024x635.jpg 1024w, https:\/\/francois-pelletant.fr\/blog\/wp-content\/uploads\/2016\/04\/schoettl-equete-ouverte-republicain-768x476.jpg 768w, https:\/\/francois-pelletant.fr\/blog\/wp-content\/uploads\/2016\/04\/schoettl-equete-ouverte-republicain-600x372.jpg 600w, https:\/\/francois-pelletant.fr\/blog\/wp-content\/uploads\/2016\/04\/schoettl-equete-ouverte-republicain-1536x953.jpg 1536w, https:\/\/francois-pelletant.fr\/blog\/wp-content\/uploads\/2016\/04\/schoettl-equete-ouverte-republicain-2048x1270.jpg 2048w\" sizes=\"auto, (max-width: 300px) 100vw, 300px\" \/>Historique de la vie politique locale<\/h1>\n<p>Comme j&#8217;ai la particularit\u00e9 d&#8217;\u00eatre l\u2019un des plus des jeunes \u00e9lus du d\u00e9partement tout en \u00e9tant l\u2019un des plus anciens, vous \u00eates nombreux \u00e0 vous tourner vers moi pour obtenir des informations ou toutes sortes de documents historiques sur la vie politique locale. Derni\u00e8rement, vous avez \u00e9t\u00e9 quelques-uns \u00e0 me demander une copie des articles de presse traitant de &#8220;l&#8217;affaire des mains vertes&#8221; concernant le Maire de Janvry, du nom de Schoettl Christian, et de l&#8217;obtention de sa l\u00e9gion d&#8217;honneur.<\/p>\n<p>Ces documents n&#8217;ont rien d\u2019exceptionnels, ils sont disponibles sur Internet ou aux archives du journal &#8220;le R\u00e9publicain&#8221;.<\/p>\n<p>Voici les articles publi\u00e9s dans le R\u00e9publicain de l\u2019Essonne : <a href=\"https:\/\/francois-pelletant.fr\/blog\/wp-content\/uploads\/2017\/02\/schoettl-en-justice-r\u00e9publicain2.pdf\" target=\"_blank\">R\u00e9publicain 1<\/a> <a href=\"https:\/\/francois-pelletant.fr\/blog\/wp-content\/uploads\/2017\/02\/schoettl-enquete-r\u00e9publicain2.pdf\" target=\"_blank\">R\u00e9publicain 2<\/a> <a href=\"https:\/\/francois-pelletant.fr\/blog\/wp-content\/uploads\/2017\/02\/schoettl-investigations-r\u00e9publicain2.pdf\" target=\"_blank\">R\u00e9publicain 3<\/a> <a href=\"https:\/\/francois-pelletant.fr\/blog\/wp-content\/uploads\/2017\/02\/schoettl-legion-honneur-republicain2.pdf\">R\u00e9publicain 4<\/a> <a href=\"https:\/\/francois-pelletant.fr\/blog\/wp-content\/uploads\/2017\/02\/schoettl-se-defend-r\u00e9publicain2.pdf\" target=\"_blank\">R\u00e9publicain 5<\/a><\/p>\n<p>et ceux dans le journal Le Parisien :\u00a0<a href=\"http:\/\/www.leparisien.fr\/essonne\/christian-schoettl-suspecte-d-abus-de-confiance-05-12-2005-2006533373.php\" target=\"_blank\" rel=\"nofollow\">http:\/\/www.leparisien.fr\/essonne\/christian-schoettl-suspecte-d-abus-de-confiance-05-12-2005-2006533373.php<\/a> et\u00a0<a href=\"http:\/\/www.leparisien.fr\/essonne\/enquete-ouverte-sur-christian-schoettl-derniers-voeux-13-01-2006-2006648322.php\" target=\"_blank\" rel=\"nofollow\">http:\/\/www.leparisien.fr\/essonne\/enquete-ouverte-sur-christian-schoettl-derniers-voeux-13-01-2006-2006648322.php<\/a><\/p>\n<p>Il n&#8217;est donc pas besoin de lancer Sherlock Holmes sur le coup, tout est l\u00e0. En revanche, je n&#8217;ai pas les r\u00e9ponses aux questions que vous vous posez tous :<\/p>\n<p>&#8211; Christian Shoettl \u00e9tait-il l&#8217;ami d&#8217;enfance du Pr\u00e9sident du Conseil Constitutionnel, ou est-ce son fr\u00e8re, \u00e0 l&#8217;\u00e9poque secr\u00e9taire g\u00e9n\u00e9ral de cette institution, qui lui a facilit\u00e9 les choses ?<\/p>\n<p>&#8211; Le Pr\u00e9sident du Conseil Constitutionnel savait-il que les actions m\u00e9ritantes au sein de l&#8217;association &#8220;les Mains Vertes&#8221; qui justifiaient la d\u00e9coration supr\u00eame, \u00e9taient en r\u00e9alit\u00e9 entach\u00e9es par des soup\u00e7ons de d\u00e9tournement de fonds publics ?<\/p>\n<p>&#8211; La justice peut-elle enqu\u00eater sereinement lorsque le Pr\u00e9sident de la plus haute institution judicaire du pays intervient de la sorte ?<\/p>\n<p>Nous le saurons un jour.<\/p>\n","protected":false},"excerpt":{"rendered":"<p>Historique de la vie politique locale Comme j&#8217;ai la particularit\u00e9 d&#8217;\u00eatre l\u2019un des plus des jeunes \u00e9lus du d\u00e9partement tout en \u00e9tant l\u2019un des plus anciens, vous \u00eates nombreux \u00e0 vous tourner vers moi pour obtenir des informations ou toutes sortes de documents historiques sur la vie politique locale. Derni\u00e8rement, vous avez \u00e9t\u00e9 quelques-uns \u00e0 [&hellip;]<\/p>\n","protected":false},"author":1,"featured_media":8496,"comment_status":"open","ping_status":"closed","sticky":false,"template":"","format":"standard","meta":{"footnotes":""},"categories":[10,16],"tags":[],"class_list":["post-8478","post","type-post","status-publish","format-standard","has-post-thumbnail","hentry","category-1pelletant","category-prises-de-positions"],"yoast_head":"<!-- This site is optimized with the Yoast SEO plugin v25.6 - https:\/\/yoast.com\/wordpress\/plugins\/seo\/ -->\n<title>J&#039;ai la m\u00e9moire qui ne flanche pas - Fran\u00e7ois Pelletant<\/title>\n<meta name=\"description\" content=\"articles de presse traitant de &quot;l&#039;affaire des mains vertes&quot; concernant le Maire de Janvry, du nom de Schoettl Christian.\" \/>\n<meta name=\"robots\" content=\"index, follow, max-snippet:-1, max-image-preview:large, max-video-preview:-1\" \/>\n<link rel=\"canonical\" href=\"https:\/\/francois-pelletant.fr\/blog\/memoire-schoettl\/\" \/>\n<meta property=\"og:locale\" content=\"fr_FR\" \/>\n<meta property=\"og:type\" content=\"article\" \/>\n<meta property=\"og:title\" content=\"J&#039;ai la m\u00e9moire qui ne flanche pas - Fran\u00e7ois Pelletant\" \/>\n<meta property=\"og:description\" content=\"articles de presse traitant de &quot;l&#039;affaire des mains vertes&quot; concernant le Maire de Janvry, du nom de Schoettl Christian.\" \/>\n<meta property=\"og:url\" content=\"https:\/\/francois-pelletant.fr\/blog\/memoire-schoettl\/\" \/>\n<meta property=\"og:site_name\" content=\"Fran\u00e7ois Pelletant\" \/>\n<meta property=\"article:publisher\" content=\"https:\/\/www.facebook.com\/francois.pelletant.7\" \/>\n<meta property=\"article:published_time\" content=\"2016-04-15T11:07:35+00:00\" \/>\n<meta property=\"article:modified_time\" content=\"2017-04-18T08:37:06+00:00\" \/>\n<meta property=\"og:image\" content=\"https:\/\/francois-pelletant.fr\/blog\/wp-content\/uploads\/2016\/04\/schoettl-equete-ouverte-republicain.jpg\" \/>\n\t<meta property=\"og:image:width\" content=\"2423\" \/>\n\t<meta property=\"og:image:height\" content=\"1503\" \/>\n\t<meta property=\"og:image:type\" content=\"image\/jpeg\" \/>\n<meta name=\"author\" content=\"Francois\" \/>\n<meta name=\"twitter:card\" content=\"summary_large_image\" \/>\n<meta name=\"twitter:creator\" content=\"@pelletant\" \/>\n<meta name=\"twitter:site\" content=\"@pelletant\" \/>\n<meta name=\"twitter:label1\" content=\"\u00c9crit par\" \/>\n\t<meta name=\"twitter:data1\" content=\"Francois\" \/>\n\t<meta name=\"twitter:label2\" content=\"Dur\u00e9e de lecture estim\u00e9e\" \/>\n\t<meta name=\"twitter:data2\" content=\"1 minute\" \/>\n<script type=\"application\/ld+json\" class=\"yoast-schema-graph\">{\"@context\":\"https:\/\/schema.org\",\"@graph\":[{\"@type\":\"Article\",\"@id\":\"https:\/\/francois-pelletant.fr\/blog\/memoire-schoettl\/#article\",\"isPartOf\":{\"@id\":\"https:\/\/francois-pelletant.fr\/blog\/memoire-schoettl\/\"},\"author\":{\"name\":\"Francois\",\"@id\":\"https:\/\/francois-pelletant.fr\/blog\/#\/schema\/person\/2be41acb171dff8f31aaed1f40cee9f3\"},\"headline\":\"J&#8217;ai la m\u00e9moire qui ne flanche pas\",\"datePublished\":\"2016-04-15T11:07:35+00:00\",\"dateModified\":\"2017-04-18T08:37:06+00:00\",\"mainEntityOfPage\":{\"@id\":\"https:\/\/francois-pelletant.fr\/blog\/memoire-schoettl\/\"},\"wordCount\":312,\"commentCount\":0,\"publisher\":{\"@id\":\"https:\/\/francois-pelletant.fr\/blog\/#organization\"},\"image\":{\"@id\":\"https:\/\/francois-pelletant.fr\/blog\/memoire-schoettl\/#primaryimage\"},\"thumbnailUrl\":\"https:\/\/francois-pelletant.fr\/blog\/wp-content\/uploads\/2016\/04\/schoettl-equete-ouverte-republicain.jpg\",\"articleSection\":[\"Infos\",\"Prises de positions\"],\"inLanguage\":\"fr-FR\",\"potentialAction\":[{\"@type\":\"CommentAction\",\"name\":\"Comment\",\"target\":[\"https:\/\/francois-pelletant.fr\/blog\/memoire-schoettl\/#respond\"]}]},{\"@type\":\"WebPage\",\"@id\":\"https:\/\/francois-pelletant.fr\/blog\/memoire-schoettl\/\",\"url\":\"https:\/\/francois-pelletant.fr\/blog\/memoire-schoettl\/\",\"name\":\"J'ai la m\u00e9moire qui ne flanche pas - Fran\u00e7ois Pelletant\",\"isPartOf\":{\"@id\":\"https:\/\/francois-pelletant.fr\/blog\/#website\"},\"primaryImageOfPage\":{\"@id\":\"https:\/\/francois-pelletant.fr\/blog\/memoire-schoettl\/#primaryimage\"},\"image\":{\"@id\":\"https:\/\/francois-pelletant.fr\/blog\/memoire-schoettl\/#primaryimage\"},\"thumbnailUrl\":\"https:\/\/francois-pelletant.fr\/blog\/wp-content\/uploads\/2016\/04\/schoettl-equete-ouverte-republicain.jpg\",\"datePublished\":\"2016-04-15T11:07:35+00:00\",\"dateModified\":\"2017-04-18T08:37:06+00:00\",\"description\":\"articles de presse traitant de \\\"l'affaire des mains vertes\\\" concernant le Maire de Janvry, du nom de Schoettl Christian.\",\"breadcrumb\":{\"@id\":\"https:\/\/francois-pelletant.fr\/blog\/memoire-schoettl\/#breadcrumb\"},\"inLanguage\":\"fr-FR\",\"potentialAction\":[{\"@type\":\"ReadAction\",\"target\":[\"https:\/\/francois-pelletant.fr\/blog\/memoire-schoettl\/\"]}]},{\"@type\":\"ImageObject\",\"inLanguage\":\"fr-FR\",\"@id\":\"https:\/\/francois-pelletant.fr\/blog\/memoire-schoettl\/#primaryimage\",\"url\":\"https:\/\/francois-pelletant.fr\/blog\/wp-content\/uploads\/2016\/04\/schoettl-equete-ouverte-republicain.jpg\",\"contentUrl\":\"https:\/\/francois-pelletant.fr\/blog\/wp-content\/uploads\/2016\/04\/schoettl-equete-ouverte-republicain.jpg\",\"width\":2423,\"height\":1503},{\"@type\":\"BreadcrumbList\",\"@id\":\"https:\/\/francois-pelletant.fr\/blog\/memoire-schoettl\/#breadcrumb\",\"itemListElement\":[{\"@type\":\"ListItem\",\"position\":1,\"name\":\"Accueil\",\"item\":\"https:\/\/francois-pelletant.fr\/blog\/\"},{\"@type\":\"ListItem\",\"position\":2,\"name\":\"J&#8217;ai la m\u00e9moire qui ne flanche pas\"}]},{\"@type\":\"WebSite\",\"@id\":\"https:\/\/francois-pelletant.fr\/blog\/#website\",\"url\":\"https:\/\/francois-pelletant.fr\/blog\/\",\"name\":\"Fran\u00e7ois Pelletant\",\"description\":\"Maire de Linas, pour toujours.\",\"publisher\":{\"@id\":\"https:\/\/francois-pelletant.fr\/blog\/#organization\"},\"potentialAction\":[{\"@type\":\"SearchAction\",\"target\":{\"@type\":\"EntryPoint\",\"urlTemplate\":\"https:\/\/francois-pelletant.fr\/blog\/?s={search_term_string}\"},\"query-input\":{\"@type\":\"PropertyValueSpecification\",\"valueRequired\":true,\"valueName\":\"search_term_string\"}}],\"inLanguage\":\"fr-FR\"},{\"@type\":\"Organization\",\"@id\":\"https:\/\/francois-pelletant.fr\/blog\/#organization\",\"name\":\"Fran\u00e7ois Pelletant\",\"url\":\"https:\/\/francois-pelletant.fr\/blog\/\",\"logo\":{\"@type\":\"ImageObject\",\"inLanguage\":\"fr-FR\",\"@id\":\"https:\/\/francois-pelletant.fr\/blog\/#\/schema\/logo\/image\/\",\"url\":\"https:\/\/francois-pelletant.fr\/blog\/wp-content\/uploads\/2024\/07\/icone-francois-centre-500p.png\",\"contentUrl\":\"https:\/\/francois-pelletant.fr\/blog\/wp-content\/uploads\/2024\/07\/icone-francois-centre-500p.png\",\"width\":559,\"height\":447,\"caption\":\"Fran\u00e7ois Pelletant\"},\"image\":{\"@id\":\"https:\/\/francois-pelletant.fr\/blog\/#\/schema\/logo\/image\/\"},\"sameAs\":[\"https:\/\/www.facebook.com\/francois.pelletant.7\",\"https:\/\/x.com\/pelletant\"]},{\"@type\":\"Person\",\"@id\":\"https:\/\/francois-pelletant.fr\/blog\/#\/schema\/person\/2be41acb171dff8f31aaed1f40cee9f3\",\"name\":\"Francois\"}]}<\/script>\n<!-- \/ Yoast SEO plugin. -->","yoast_head_json":{"title":"J'ai la m\u00e9moire qui ne flanche pas - Fran\u00e7ois Pelletant","description":"articles de presse traitant de \"l'affaire des mains vertes\" concernant le Maire de Janvry, du nom de Schoettl Christian.","robots":{"index":"index","follow":"follow","max-snippet":"max-snippet:-1","max-image-preview":"max-image-preview:large","max-video-preview":"max-video-preview:-1"},"canonical":"https:\/\/francois-pelletant.fr\/blog\/memoire-schoettl\/","og_locale":"fr_FR","og_type":"article","og_title":"J'ai la m\u00e9moire qui ne flanche pas - Fran\u00e7ois Pelletant","og_description":"articles de presse traitant de \"l'affaire des mains vertes\" concernant le Maire de Janvry, du nom de Schoettl Christian.","og_url":"https:\/\/francois-pelletant.fr\/blog\/memoire-schoettl\/","og_site_name":"Fran\u00e7ois Pelletant","article_publisher":"https:\/\/www.facebook.com\/francois.pelletant.7","article_published_time":"2016-04-15T11:07:35+00:00","article_modified_time":"2017-04-18T08:37:06+00:00","og_image":[{"width":2423,"height":1503,"url":"https:\/\/francois-pelletant.fr\/blog\/wp-content\/uploads\/2016\/04\/schoettl-equete-ouverte-republicain.jpg","type":"image\/jpeg"}],"author":"Francois","twitter_card":"summary_large_image","twitter_creator":"@pelletant","twitter_site":"@pelletant","twitter_misc":{"\u00c9crit par":"Francois","Dur\u00e9e de lecture estim\u00e9e":"1 minute"},"schema":{"@context":"https:\/\/schema.org","@graph":[{"@type":"Article","@id":"https:\/\/francois-pelletant.fr\/blog\/memoire-schoettl\/#article","isPartOf":{"@id":"https:\/\/francois-pelletant.fr\/blog\/memoire-schoettl\/"},"author":{"name":"Francois","@id":"https:\/\/francois-pelletant.fr\/blog\/#\/schema\/person\/2be41acb171dff8f31aaed1f40cee9f3"},"headline":"J&#8217;ai la m\u00e9moire qui ne flanche pas","datePublished":"2016-04-15T11:07:35+00:00","dateModified":"2017-04-18T08:37:06+00:00","mainEntityOfPage":{"@id":"https:\/\/francois-pelletant.fr\/blog\/memoire-schoettl\/"},"wordCount":312,"commentCount":0,"publisher":{"@id":"https:\/\/francois-pelletant.fr\/blog\/#organization"},"image":{"@id":"https:\/\/francois-pelletant.fr\/blog\/memoire-schoettl\/#primaryimage"},"thumbnailUrl":"https:\/\/francois-pelletant.fr\/blog\/wp-content\/uploads\/2016\/04\/schoettl-equete-ouverte-republicain.jpg","articleSection":["Infos","Prises de positions"],"inLanguage":"fr-FR","potentialAction":[{"@type":"CommentAction","name":"Comment","target":["https:\/\/francois-pelletant.fr\/blog\/memoire-schoettl\/#respond"]}]},{"@type":"WebPage","@id":"https:\/\/francois-pelletant.fr\/blog\/memoire-schoettl\/","url":"https:\/\/francois-pelletant.fr\/blog\/memoire-schoettl\/","name":"J'ai la m\u00e9moire qui ne flanche pas - Fran\u00e7ois Pelletant","isPartOf":{"@id":"https:\/\/francois-pelletant.fr\/blog\/#website"},"primaryImageOfPage":{"@id":"https:\/\/francois-pelletant.fr\/blog\/memoire-schoettl\/#primaryimage"},"image":{"@id":"https:\/\/francois-pelletant.fr\/blog\/memoire-schoettl\/#primaryimage"},"thumbnailUrl":"https:\/\/francois-pelletant.fr\/blog\/wp-content\/uploads\/2016\/04\/schoettl-equete-ouverte-republicain.jpg","datePublished":"2016-04-15T11:07:35+00:00","dateModified":"2017-04-18T08:37:06+00:00","description":"articles de presse traitant de \"l'affaire des mains vertes\" concernant le Maire de Janvry, du nom de Schoettl Christian.","breadcrumb":{"@id":"https:\/\/francois-pelletant.fr\/blog\/memoire-schoettl\/#breadcrumb"},"inLanguage":"fr-FR","potentialAction":[{"@type":"ReadAction","target":["https:\/\/francois-pelletant.fr\/blog\/memoire-schoettl\/"]}]},{"@type":"ImageObject","inLanguage":"fr-FR","@id":"https:\/\/francois-pelletant.fr\/blog\/memoire-schoettl\/#primaryimage","url":"https:\/\/francois-pelletant.fr\/blog\/wp-content\/uploads\/2016\/04\/schoettl-equete-ouverte-republicain.jpg","contentUrl":"https:\/\/francois-pelletant.fr\/blog\/wp-content\/uploads\/2016\/04\/schoettl-equete-ouverte-republicain.jpg","width":2423,"height":1503},{"@type":"BreadcrumbList","@id":"https:\/\/francois-pelletant.fr\/blog\/memoire-schoettl\/#breadcrumb","itemListElement":[{"@type":"ListItem","position":1,"name":"Accueil","item":"https:\/\/francois-pelletant.fr\/blog\/"},{"@type":"ListItem","position":2,"name":"J&#8217;ai la m\u00e9moire qui ne flanche pas"}]},{"@type":"WebSite","@id":"https:\/\/francois-pelletant.fr\/blog\/#website","url":"https:\/\/francois-pelletant.fr\/blog\/","name":"Fran\u00e7ois Pelletant","description":"Maire de Linas, pour toujours.","publisher":{"@id":"https:\/\/francois-pelletant.fr\/blog\/#organization"},"potentialAction":[{"@type":"SearchAction","target":{"@type":"EntryPoint","urlTemplate":"https:\/\/francois-pelletant.fr\/blog\/?s={search_term_string}"},"query-input":{"@type":"PropertyValueSpecification","valueRequired":true,"valueName":"search_term_string"}}],"inLanguage":"fr-FR"},{"@type":"Organization","@id":"https:\/\/francois-pelletant.fr\/blog\/#organization","name":"Fran\u00e7ois Pelletant","url":"https:\/\/francois-pelletant.fr\/blog\/","logo":{"@type":"ImageObject","inLanguage":"fr-FR","@id":"https:\/\/francois-pelletant.fr\/blog\/#\/schema\/logo\/image\/","url":"https:\/\/francois-pelletant.fr\/blog\/wp-content\/uploads\/2024\/07\/icone-francois-centre-500p.png","contentUrl":"https:\/\/francois-pelletant.fr\/blog\/wp-content\/uploads\/2024\/07\/icone-francois-centre-500p.png","width":559,"height":447,"caption":"Fran\u00e7ois Pelletant"},"image":{"@id":"https:\/\/francois-pelletant.fr\/blog\/#\/schema\/logo\/image\/"},"sameAs":["https:\/\/www.facebook.com\/francois.pelletant.7","https:\/\/x.com\/pelletant"]},{"@type":"Person","@id":"https:\/\/francois-pelletant.fr\/blog\/#\/schema\/person\/2be41acb171dff8f31aaed1f40cee9f3","name":"Francois"}]}},"_links":{"self":[{"href":"https:\/\/francois-pelletant.fr\/blog\/wp-json\/wp\/v2\/posts\/8478","targetHints":{"allow":["GET"]}}],"collection":[{"href":"https:\/\/francois-pelletant.fr\/blog\/wp-json\/wp\/v2\/posts"}],"about":[{"href":"https:\/\/francois-pelletant.fr\/blog\/wp-json\/wp\/v2\/types\/post"}],"author":[{"embeddable":true,"href":"https:\/\/francois-pelletant.fr\/blog\/wp-json\/wp\/v2\/users\/1"}],"replies":[{"embeddable":true,"href":"https:\/\/francois-pelletant.fr\/blog\/wp-json\/wp\/v2\/comments?post=8478"}],"version-history":[{"count":0,"href":"https:\/\/francois-pelletant.fr\/blog\/wp-json\/wp\/v2\/posts\/8478\/revisions"}],"wp:featuredmedia":[{"embeddable":true,"href":"https:\/\/francois-pelletant.fr\/blog\/wp-json\/wp\/v2\/media\/8496"}],"wp:attachment":[{"href":"https:\/\/francois-pelletant.fr\/blog\/wp-json\/wp\/v2\/media?parent=8478"}],"wp:term":[{"taxonomy":"category","embeddable":true,"href":"https:\/\/francois-pelletant.fr\/blog\/wp-json\/wp\/v2\/categories?post=8478"},{"taxonomy":"post_tag","embeddable":true,"href":"https:\/\/francois-pelletant.fr\/blog\/wp-json\/wp\/v2\/tags?post=8478"}],"curies":[{"name":"wp","href":"https:\/\/api.w.org\/{rel}","templated":true}]}}