{"id":8568,"date":"2017-02-21T10:27:32","date_gmt":"2017-02-21T10:27:32","guid":{"rendered":"https:\/\/francois-pelletant.fr\/blog\/?p=8568"},"modified":"2017-02-27T15:36:18","modified_gmt":"2017-02-27T15:36:18","slug":"linas-bientot-conquise-fibre-optique","status":"publish","type":"post","link":"https:\/\/francois-pelletant.fr\/blog\/linas-bientot-conquise-fibre-optique\/","title":{"rendered":"La Commune de Linas bient\u00f4t conquise par la fibre optique"},"content":{"rendered":"<h2><a href=\"https:\/\/francois-pelletant.fr\/blog\/wp-content\/uploads\/2017\/02\/poteaux-linas-fibre-optique-web2.jpg\" rel=\"attachment wp-att-8569\"><img loading=\"lazy\" decoding=\"async\" class=\"alignleft size-medium wp-image-8569\" src=\"https:\/\/francois-pelletant.fr\/blog\/wp-content\/uploads\/2017\/02\/poteaux-linas-fibre-optique-web2-300x230.jpg\" alt=\"Installation d'un poteau pour le d\u00e9ploiement de la Fibre optique \u00e0 Linas\" width=\"300\" height=\"230\" srcset=\"https:\/\/francois-pelletant.fr\/blog\/wp-content\/uploads\/2017\/02\/poteaux-linas-fibre-optique-web2-300x230.jpg 300w, https:\/\/francois-pelletant.fr\/blog\/wp-content\/uploads\/2017\/02\/poteaux-linas-fibre-optique-web2.jpg 400w\" sizes=\"auto, (max-width: 300px) 100vw, 300px\" \/><\/a>Le projet de Fibre optique \u00e0 Linas avance \u00e0 grands pas !<\/h2>\n<p>Nous venons de poser 54 poteaux, ce qui est une avanc\u00e9e raisonnable. Cependant, pour une avanc\u00e9e optimale de la fibre optique \u00e0 Linas, 5 poteaux nous posent encore probl\u00e8me.<br \/>\nCes poteaux sont situ\u00e9s \u00e0 des endroits o\u00f9 il y a beaucoup de r\u00e9seaux existants. Une recherche de solution est en cours, avec peut-\u00eatre du g\u00e9nie civil \u00e0 r\u00e9aliser. En tous les cas, mes services techniques de la ville travaillent avec ceux de Tutor pour trouver la meilleure solution.<\/p>\n<p>Ainsi, se sont d\u00e9sormais pr\u00e8s de 7 km de r\u00e9seau a\u00e9rien tir\u00e9s sur un total de 23 km, soit 30%. Nous avons \u00e9galement tir\u00e9 33,5 km de r\u00e9seau souterrain sur un total de 40 km. Il nous reste la partie a\u00e9ro-souterraine \u00e0 tirer. Ce qui nous fait un total de 64 % de r\u00e9seau d\u00e9ploy\u00e9.<\/p>\n<p>Aussi, la probl\u00e9matique \u00e9voqu\u00e9e dans un pr\u00e9c\u00e9dent article sur le Chemin Royal\u00a0est lev\u00e9. Nous n\u2019avons plus eu \u00e0 subir de menaces et le tirage en a\u00e9rien de la fibre optique \u00e0 Linas est quasi d\u00e9finitivement r\u00e9alis\u00e9 sur ce secteur.<\/p>\n<p>Pour tout savoir et connaitre votre \u00e9ligibilit\u00e9 \u00e0 la vibre visitez la page d\u00e9di\u00e9e de mon blog <a href=\"http:\/\/pelletant.fr\/fibre\" target=\"_blank\" data-saferedirecturl=\"https:\/\/www.google.com\/url?hl=fr&amp;q=http:\/\/pelletant.fr\/fibre&amp;source=gmail&amp;ust=1488296007446000&amp;usg=AFQjCNGCLjMF_jhtx0mX9502BwvDSncc5Q\" rel=\"nofollow\">pelletant.fr\/fibre<\/a><\/p>\n","protected":false},"excerpt":{"rendered":"<p>Le projet de Fibre optique \u00e0 Linas avance \u00e0 grands pas ! Nous venons de poser 54 poteaux, ce qui est une avanc\u00e9e raisonnable. Cependant, pour une avanc\u00e9e optimale de la fibre optique \u00e0 Linas, 5 poteaux nous posent encore probl\u00e8me. Ces poteaux sont situ\u00e9s \u00e0 des endroits o\u00f9 il y a beaucoup de r\u00e9seaux [&hellip;]<\/p>\n","protected":false},"author":2,"featured_media":8569,"comment_status":"open","ping_status":"closed","sticky":false,"template":"","format":"standard","meta":{"footnotes":""},"categories":[23],"tags":[198,131,30,133,171],"class_list":["post-8568","post","type-post","status-publish","format-standard","has-post-thumbnail","hentry","category-thd","tag-covage","tag-fibre-optique","tag-linas","tag-paris-saclay","tag-tutor"],"yoast_head":"<!-- This site is optimized with the Yoast SEO plugin v25.6 - https:\/\/yoast.com\/wordpress\/plugins\/seo\/ -->\n<title>LE point sur la Fibre optique \u00e0 Linas en f\u00e9vrier 2017<\/title>\n<meta name=\"description\" content=\"En F\u00e9vrier 2017, les travaux de la Fibre optique \u00e0 Linas avancent bien. Plus de 50 poteaux pos\u00e9s et beaucoup de difficult\u00e9s surmont\u00e9es.\" \/>\n<meta name=\"robots\" content=\"index, follow, max-snippet:-1, max-image-preview:large, max-video-preview:-1\" \/>\n<link rel=\"canonical\" href=\"https:\/\/francois-pelletant.fr\/blog\/linas-bientot-conquise-fibre-optique\/\" \/>\n<meta property=\"og:locale\" content=\"fr_FR\" \/>\n<meta property=\"og:type\" content=\"article\" \/>\n<meta property=\"og:title\" content=\"LE point sur la Fibre optique \u00e0 Linas en f\u00e9vrier 2017\" \/>\n<meta property=\"og:description\" content=\"En F\u00e9vrier 2017, les travaux de la Fibre optique \u00e0 Linas avancent bien. Plus de 50 poteaux pos\u00e9s et beaucoup de difficult\u00e9s surmont\u00e9es.\" \/>\n<meta property=\"og:url\" content=\"https:\/\/francois-pelletant.fr\/blog\/linas-bientot-conquise-fibre-optique\/\" \/>\n<meta property=\"og:site_name\" content=\"Fran\u00e7ois Pelletant\" \/>\n<meta property=\"article:publisher\" content=\"https:\/\/www.facebook.com\/francois.pelletant.7\" \/>\n<meta property=\"article:published_time\" content=\"2017-02-21T10:27:32+00:00\" \/>\n<meta property=\"article:modified_time\" content=\"2017-02-27T15:36:18+00:00\" \/>\n<meta property=\"og:image\" content=\"https:\/\/francois-pelletant.fr\/blog\/wp-content\/uploads\/2017\/02\/poteaux-linas-fibre-optique-web2.jpg\" \/>\n\t<meta property=\"og:image:width\" content=\"400\" \/>\n\t<meta property=\"og:image:height\" content=\"306\" \/>\n\t<meta property=\"og:image:type\" content=\"image\/jpeg\" \/>\n<meta name=\"author\" content=\"Fran\u00e7ois\" \/>\n<meta name=\"twitter:card\" content=\"summary_large_image\" \/>\n<meta name=\"twitter:creator\" content=\"@pelletant\" \/>\n<meta name=\"twitter:site\" content=\"@pelletant\" \/>\n<meta name=\"twitter:label1\" content=\"\u00c9crit par\" \/>\n\t<meta name=\"twitter:data1\" content=\"Fran\u00e7ois\" \/>\n\t<meta name=\"twitter:label2\" content=\"Dur\u00e9e de lecture estim\u00e9e\" \/>\n\t<meta name=\"twitter:data2\" content=\"1 minute\" \/>\n<script type=\"application\/ld+json\" class=\"yoast-schema-graph\">{\"@context\":\"https:\/\/schema.org\",\"@graph\":[{\"@type\":\"Article\",\"@id\":\"https:\/\/francois-pelletant.fr\/blog\/linas-bientot-conquise-fibre-optique\/#article\",\"isPartOf\":{\"@id\":\"https:\/\/francois-pelletant.fr\/blog\/linas-bientot-conquise-fibre-optique\/\"},\"author\":{\"name\":\"Fran\u00e7ois\",\"@id\":\"https:\/\/francois-pelletant.fr\/blog\/#\/schema\/person\/3ff29631af5560b33f8395942faae379\"},\"headline\":\"La Commune de Linas bient\u00f4t conquise par la fibre optique\",\"datePublished\":\"2017-02-21T10:27:32+00:00\",\"dateModified\":\"2017-02-27T15:36:18+00:00\",\"mainEntityOfPage\":{\"@id\":\"https:\/\/francois-pelletant.fr\/blog\/linas-bientot-conquise-fibre-optique\/\"},\"wordCount\":224,\"commentCount\":0,\"publisher\":{\"@id\":\"https:\/\/francois-pelletant.fr\/blog\/#organization\"},\"image\":{\"@id\":\"https:\/\/francois-pelletant.fr\/blog\/linas-bientot-conquise-fibre-optique\/#primaryimage\"},\"thumbnailUrl\":\"https:\/\/francois-pelletant.fr\/blog\/wp-content\/uploads\/2017\/02\/poteaux-linas-fibre-optique-web2.jpg\",\"keywords\":[\"Covage\",\"fibre optique\",\"Linas\",\"paris-saclay\",\"tutor\"],\"articleSection\":[\"Tr\u00e8s Haut D\u00e9bit\"],\"inLanguage\":\"fr-FR\",\"potentialAction\":[{\"@type\":\"CommentAction\",\"name\":\"Comment\",\"target\":[\"https:\/\/francois-pelletant.fr\/blog\/linas-bientot-conquise-fibre-optique\/#respond\"]}]},{\"@type\":\"WebPage\",\"@id\":\"https:\/\/francois-pelletant.fr\/blog\/linas-bientot-conquise-fibre-optique\/\",\"url\":\"https:\/\/francois-pelletant.fr\/blog\/linas-bientot-conquise-fibre-optique\/\",\"name\":\"LE point sur la Fibre optique \u00e0 Linas en f\u00e9vrier 2017\",\"isPartOf\":{\"@id\":\"https:\/\/francois-pelletant.fr\/blog\/#website\"},\"primaryImageOfPage\":{\"@id\":\"https:\/\/francois-pelletant.fr\/blog\/linas-bientot-conquise-fibre-optique\/#primaryimage\"},\"image\":{\"@id\":\"https:\/\/francois-pelletant.fr\/blog\/linas-bientot-conquise-fibre-optique\/#primaryimage\"},\"thumbnailUrl\":\"https:\/\/francois-pelletant.fr\/blog\/wp-content\/uploads\/2017\/02\/poteaux-linas-fibre-optique-web2.jpg\",\"datePublished\":\"2017-02-21T10:27:32+00:00\",\"dateModified\":\"2017-02-27T15:36:18+00:00\",\"description\":\"En F\u00e9vrier 2017, les travaux de la Fibre optique \u00e0 Linas avancent bien. Plus de 50 poteaux pos\u00e9s et beaucoup de difficult\u00e9s surmont\u00e9es.\",\"breadcrumb\":{\"@id\":\"https:\/\/francois-pelletant.fr\/blog\/linas-bientot-conquise-fibre-optique\/#breadcrumb\"},\"inLanguage\":\"fr-FR\",\"potentialAction\":[{\"@type\":\"ReadAction\",\"target\":[\"https:\/\/francois-pelletant.fr\/blog\/linas-bientot-conquise-fibre-optique\/\"]}]},{\"@type\":\"ImageObject\",\"inLanguage\":\"fr-FR\",\"@id\":\"https:\/\/francois-pelletant.fr\/blog\/linas-bientot-conquise-fibre-optique\/#primaryimage\",\"url\":\"https:\/\/francois-pelletant.fr\/blog\/wp-content\/uploads\/2017\/02\/poteaux-linas-fibre-optique-web2.jpg\",\"contentUrl\":\"https:\/\/francois-pelletant.fr\/blog\/wp-content\/uploads\/2017\/02\/poteaux-linas-fibre-optique-web2.jpg\",\"width\":400,\"height\":306,\"caption\":\"Installation d'un poteau pour le d\u00e9ploiement de la Fibre optique \u00e0 Linas\"},{\"@type\":\"BreadcrumbList\",\"@id\":\"https:\/\/francois-pelletant.fr\/blog\/linas-bientot-conquise-fibre-optique\/#breadcrumb\",\"itemListElement\":[{\"@type\":\"ListItem\",\"position\":1,\"name\":\"Accueil\",\"item\":\"https:\/\/francois-pelletant.fr\/blog\/\"},{\"@type\":\"ListItem\",\"position\":2,\"name\":\"La Commune de Linas bient\u00f4t conquise par la fibre optique\"}]},{\"@type\":\"WebSite\",\"@id\":\"https:\/\/francois-pelletant.fr\/blog\/#website\",\"url\":\"https:\/\/francois-pelletant.fr\/blog\/\",\"name\":\"Fran\u00e7ois Pelletant\",\"description\":\"Maire de Linas, pour toujours.\",\"publisher\":{\"@id\":\"https:\/\/francois-pelletant.fr\/blog\/#organization\"},\"potentialAction\":[{\"@type\":\"SearchAction\",\"target\":{\"@type\":\"EntryPoint\",\"urlTemplate\":\"https:\/\/francois-pelletant.fr\/blog\/?s={search_term_string}\"},\"query-input\":{\"@type\":\"PropertyValueSpecification\",\"valueRequired\":true,\"valueName\":\"search_term_string\"}}],\"inLanguage\":\"fr-FR\"},{\"@type\":\"Organization\",\"@id\":\"https:\/\/francois-pelletant.fr\/blog\/#organization\",\"name\":\"Fran\u00e7ois Pelletant\",\"url\":\"https:\/\/francois-pelletant.fr\/blog\/\",\"logo\":{\"@type\":\"ImageObject\",\"inLanguage\":\"fr-FR\",\"@id\":\"https:\/\/francois-pelletant.fr\/blog\/#\/schema\/logo\/image\/\",\"url\":\"https:\/\/francois-pelletant.fr\/blog\/wp-content\/uploads\/2024\/07\/icone-francois-centre-500p.png\",\"contentUrl\":\"https:\/\/francois-pelletant.fr\/blog\/wp-content\/uploads\/2024\/07\/icone-francois-centre-500p.png\",\"width\":559,\"height\":447,\"caption\":\"Fran\u00e7ois Pelletant\"},\"image\":{\"@id\":\"https:\/\/francois-pelletant.fr\/blog\/#\/schema\/logo\/image\/\"},\"sameAs\":[\"https:\/\/www.facebook.com\/francois.pelletant.7\",\"https:\/\/x.com\/pelletant\"]},{\"@type\":\"Person\",\"@id\":\"https:\/\/francois-pelletant.fr\/blog\/#\/schema\/person\/3ff29631af5560b33f8395942faae379\",\"name\":\"Fran\u00e7ois\"}]}<\/script>\n<!-- \/ Yoast SEO plugin. -->","yoast_head_json":{"title":"LE point sur la Fibre optique \u00e0 Linas en f\u00e9vrier 2017","description":"En F\u00e9vrier 2017, les travaux de la Fibre optique \u00e0 Linas avancent bien. Plus de 50 poteaux pos\u00e9s et beaucoup de difficult\u00e9s surmont\u00e9es.","robots":{"index":"index","follow":"follow","max-snippet":"max-snippet:-1","max-image-preview":"max-image-preview:large","max-video-preview":"max-video-preview:-1"},"canonical":"https:\/\/francois-pelletant.fr\/blog\/linas-bientot-conquise-fibre-optique\/","og_locale":"fr_FR","og_type":"article","og_title":"LE point sur la Fibre optique \u00e0 Linas en f\u00e9vrier 2017","og_description":"En F\u00e9vrier 2017, les travaux de la Fibre optique \u00e0 Linas avancent bien. Plus de 50 poteaux pos\u00e9s et beaucoup de difficult\u00e9s surmont\u00e9es.","og_url":"https:\/\/francois-pelletant.fr\/blog\/linas-bientot-conquise-fibre-optique\/","og_site_name":"Fran\u00e7ois Pelletant","article_publisher":"https:\/\/www.facebook.com\/francois.pelletant.7","article_published_time":"2017-02-21T10:27:32+00:00","article_modified_time":"2017-02-27T15:36:18+00:00","og_image":[{"width":400,"height":306,"url":"https:\/\/francois-pelletant.fr\/blog\/wp-content\/uploads\/2017\/02\/poteaux-linas-fibre-optique-web2.jpg","type":"image\/jpeg"}],"author":"Fran\u00e7ois","twitter_card":"summary_large_image","twitter_creator":"@pelletant","twitter_site":"@pelletant","twitter_misc":{"\u00c9crit par":"Fran\u00e7ois","Dur\u00e9e de lecture estim\u00e9e":"1 minute"},"schema":{"@context":"https:\/\/schema.org","@graph":[{"@type":"Article","@id":"https:\/\/francois-pelletant.fr\/blog\/linas-bientot-conquise-fibre-optique\/#article","isPartOf":{"@id":"https:\/\/francois-pelletant.fr\/blog\/linas-bientot-conquise-fibre-optique\/"},"author":{"name":"Fran\u00e7ois","@id":"https:\/\/francois-pelletant.fr\/blog\/#\/schema\/person\/3ff29631af5560b33f8395942faae379"},"headline":"La Commune de Linas bient\u00f4t conquise par la fibre optique","datePublished":"2017-02-21T10:27:32+00:00","dateModified":"2017-02-27T15:36:18+00:00","mainEntityOfPage":{"@id":"https:\/\/francois-pelletant.fr\/blog\/linas-bientot-conquise-fibre-optique\/"},"wordCount":224,"commentCount":0,"publisher":{"@id":"https:\/\/francois-pelletant.fr\/blog\/#organization"},"image":{"@id":"https:\/\/francois-pelletant.fr\/blog\/linas-bientot-conquise-fibre-optique\/#primaryimage"},"thumbnailUrl":"https:\/\/francois-pelletant.fr\/blog\/wp-content\/uploads\/2017\/02\/poteaux-linas-fibre-optique-web2.jpg","keywords":["Covage","fibre optique","Linas","paris-saclay","tutor"],"articleSection":["Tr\u00e8s Haut D\u00e9bit"],"inLanguage":"fr-FR","potentialAction":[{"@type":"CommentAction","name":"Comment","target":["https:\/\/francois-pelletant.fr\/blog\/linas-bientot-conquise-fibre-optique\/#respond"]}]},{"@type":"WebPage","@id":"https:\/\/francois-pelletant.fr\/blog\/linas-bientot-conquise-fibre-optique\/","url":"https:\/\/francois-pelletant.fr\/blog\/linas-bientot-conquise-fibre-optique\/","name":"LE point sur la Fibre optique \u00e0 Linas en f\u00e9vrier 2017","isPartOf":{"@id":"https:\/\/francois-pelletant.fr\/blog\/#website"},"primaryImageOfPage":{"@id":"https:\/\/francois-pelletant.fr\/blog\/linas-bientot-conquise-fibre-optique\/#primaryimage"},"image":{"@id":"https:\/\/francois-pelletant.fr\/blog\/linas-bientot-conquise-fibre-optique\/#primaryimage"},"thumbnailUrl":"https:\/\/francois-pelletant.fr\/blog\/wp-content\/uploads\/2017\/02\/poteaux-linas-fibre-optique-web2.jpg","datePublished":"2017-02-21T10:27:32+00:00","dateModified":"2017-02-27T15:36:18+00:00","description":"En F\u00e9vrier 2017, les travaux de la Fibre optique \u00e0 Linas avancent bien. Plus de 50 poteaux pos\u00e9s et beaucoup de difficult\u00e9s surmont\u00e9es.","breadcrumb":{"@id":"https:\/\/francois-pelletant.fr\/blog\/linas-bientot-conquise-fibre-optique\/#breadcrumb"},"inLanguage":"fr-FR","potentialAction":[{"@type":"ReadAction","target":["https:\/\/francois-pelletant.fr\/blog\/linas-bientot-conquise-fibre-optique\/"]}]},{"@type":"ImageObject","inLanguage":"fr-FR","@id":"https:\/\/francois-pelletant.fr\/blog\/linas-bientot-conquise-fibre-optique\/#primaryimage","url":"https:\/\/francois-pelletant.fr\/blog\/wp-content\/uploads\/2017\/02\/poteaux-linas-fibre-optique-web2.jpg","contentUrl":"https:\/\/francois-pelletant.fr\/blog\/wp-content\/uploads\/2017\/02\/poteaux-linas-fibre-optique-web2.jpg","width":400,"height":306,"caption":"Installation d'un poteau pour le d\u00e9ploiement de la Fibre optique \u00e0 Linas"},{"@type":"BreadcrumbList","@id":"https:\/\/francois-pelletant.fr\/blog\/linas-bientot-conquise-fibre-optique\/#breadcrumb","itemListElement":[{"@type":"ListItem","position":1,"name":"Accueil","item":"https:\/\/francois-pelletant.fr\/blog\/"},{"@type":"ListItem","position":2,"name":"La Commune de Linas bient\u00f4t conquise par la fibre optique"}]},{"@type":"WebSite","@id":"https:\/\/francois-pelletant.fr\/blog\/#website","url":"https:\/\/francois-pelletant.fr\/blog\/","name":"Fran\u00e7ois Pelletant","description":"Maire de Linas, pour toujours.","publisher":{"@id":"https:\/\/francois-pelletant.fr\/blog\/#organization"},"potentialAction":[{"@type":"SearchAction","target":{"@type":"EntryPoint","urlTemplate":"https:\/\/francois-pelletant.fr\/blog\/?s={search_term_string}"},"query-input":{"@type":"PropertyValueSpecification","valueRequired":true,"valueName":"search_term_string"}}],"inLanguage":"fr-FR"},{"@type":"Organization","@id":"https:\/\/francois-pelletant.fr\/blog\/#organization","name":"Fran\u00e7ois Pelletant","url":"https:\/\/francois-pelletant.fr\/blog\/","logo":{"@type":"ImageObject","inLanguage":"fr-FR","@id":"https:\/\/francois-pelletant.fr\/blog\/#\/schema\/logo\/image\/","url":"https:\/\/francois-pelletant.fr\/blog\/wp-content\/uploads\/2024\/07\/icone-francois-centre-500p.png","contentUrl":"https:\/\/francois-pelletant.fr\/blog\/wp-content\/uploads\/2024\/07\/icone-francois-centre-500p.png","width":559,"height":447,"caption":"Fran\u00e7ois Pelletant"},"image":{"@id":"https:\/\/francois-pelletant.fr\/blog\/#\/schema\/logo\/image\/"},"sameAs":["https:\/\/www.facebook.com\/francois.pelletant.7","https:\/\/x.com\/pelletant"]},{"@type":"Person","@id":"https:\/\/francois-pelletant.fr\/blog\/#\/schema\/person\/3ff29631af5560b33f8395942faae379","name":"Fran\u00e7ois"}]}},"_links":{"self":[{"href":"https:\/\/francois-pelletant.fr\/blog\/wp-json\/wp\/v2\/posts\/8568","targetHints":{"allow":["GET"]}}],"collection":[{"href":"https:\/\/francois-pelletant.fr\/blog\/wp-json\/wp\/v2\/posts"}],"about":[{"href":"https:\/\/francois-pelletant.fr\/blog\/wp-json\/wp\/v2\/types\/post"}],"author":[{"embeddable":true,"href":"https:\/\/francois-pelletant.fr\/blog\/wp-json\/wp\/v2\/users\/2"}],"replies":[{"embeddable":true,"href":"https:\/\/francois-pelletant.fr\/blog\/wp-json\/wp\/v2\/comments?post=8568"}],"version-history":[{"count":0,"href":"https:\/\/francois-pelletant.fr\/blog\/wp-json\/wp\/v2\/posts\/8568\/revisions"}],"wp:featuredmedia":[{"embeddable":true,"href":"https:\/\/francois-pelletant.fr\/blog\/wp-json\/wp\/v2\/media\/8569"}],"wp:attachment":[{"href":"https:\/\/francois-pelletant.fr\/blog\/wp-json\/wp\/v2\/media?parent=8568"}],"wp:term":[{"taxonomy":"category","embeddable":true,"href":"https:\/\/francois-pelletant.fr\/blog\/wp-json\/wp\/v2\/categories?post=8568"},{"taxonomy":"post_tag","embeddable":true,"href":"https:\/\/francois-pelletant.fr\/blog\/wp-json\/wp\/v2\/tags?post=8568"}],"curies":[{"name":"wp","href":"https:\/\/api.w.org\/{rel}","templated":true}]}}