{"id":8574,"date":"2017-02-24T09:13:43","date_gmt":"2017-02-24T09:13:43","guid":{"rendered":"https:\/\/francois-pelletant.fr\/blog\/?p=8574"},"modified":"2017-02-27T15:35:55","modified_gmt":"2017-02-27T15:35:55","slug":"reunions-de-presentation-de-fibre-optique-public-se-feront-tres-prochainement","status":"publish","type":"post","link":"https:\/\/francois-pelletant.fr\/blog\/reunions-de-presentation-de-fibre-optique-public-se-feront-tres-prochainement\/","title":{"rendered":"Des r\u00e9unions de pr\u00e9sentation de la Fibre optique au public se feront tr\u00e8s prochainement&#8230;"},"content":{"rendered":"<h2><a href=\"https:\/\/francois-pelletant.fr\/blog\/wp-content\/uploads\/2017\/02\/reunion-fibre.jpg\" rel=\"attachment wp-att-8575\"><img loading=\"lazy\" decoding=\"async\" class=\"alignleft wp-image-8575\" src=\"https:\/\/francois-pelletant.fr\/blog\/wp-content\/uploads\/2017\/02\/reunion-fibre-300x238.jpg\" alt=\"R\u00e9unions de pr\u00e9sentation de la Fibre optique\" width=\"153\" height=\"122\" srcset=\"https:\/\/francois-pelletant.fr\/blog\/wp-content\/uploads\/2017\/02\/reunion-fibre-300x238.jpg 300w, https:\/\/francois-pelletant.fr\/blog\/wp-content\/uploads\/2017\/02\/reunion-fibre.jpg 370w\" sizes=\"auto, (max-width: 153px) 100vw, 153px\" \/><\/a>Preuve que la fibre avance : on va bient\u00f4t planifier les r\u00e9unions de pr\u00e9sentation de la Fibre optique !<\/h2>\n<p>\u00c7a y est, nous y sommes ! Les diff\u00e9rents acteurs s\u2019attellent pour pr\u00e9parer les r\u00e9unions de pr\u00e9sentation de la fibre optique. Ce r\u00e9unions publiques seront propos\u00e9es aux r\u00e9sidents des communes de la phase 4 pour l\u2019ex-Europ\u2019Essonne : Linas, Marcoussis, Montlh\u00e9ry, Villejust.<\/p>\n<p>De plus, nous sommes en train de pr\u00e9parer ces r\u00e9unions de pr\u00e9sentation de la Fibre optique avec les diff\u00e9rents services des communes concern\u00e9es, afin que tout soit op\u00e9rationnel. Tout doit \u00eatre pr\u00e9vu : intervenants, disponibilit\u00e9s des salles, dates exactes de ces r\u00e9unions&#8230;<\/p>\n<p>En tout \u00e9tat de cause, et afin de nous laisser le temps de conclure le d\u00e9ploiement technique du tr\u00e8s haut d\u00e9bit, les r\u00e9unions de pr\u00e9sentation et de commercialisation se r\u00e9aliseront \u00e0 la toute fin mai, voire d\u00e9but juin.<\/p>\n<p>Enfin, sachez que ces r\u00e9unions seront bien entendu ouvertes \u00e0 tous. Vous pourrez y poser l\u2019ensemble de vos questions aux experts pr\u00e9sents ce jour-l\u00e0.<\/p>\n<p>Pour tout savoir et connaitre votre \u00e9ligibilit\u00e9 \u00e0 la vibre visitez la page d\u00e9di\u00e9e de mon blog <a href=\"http:\/\/pelletant.fr\/fibre\" target=\"_blank\" data-saferedirecturl=\"https:\/\/www.google.com\/url?hl=fr&amp;q=http:\/\/pelletant.fr\/fibre&amp;source=gmail&amp;ust=1488296007446000&amp;usg=AFQjCNGCLjMF_jhtx0mX9502BwvDSncc5Q\" rel=\"nofollow\">pelletant.fr\/fibre<\/a><\/p>\n","protected":false},"excerpt":{"rendered":"<p>Preuve que la fibre avance : on va bient\u00f4t planifier les r\u00e9unions de pr\u00e9sentation de la Fibre optique ! \u00c7a y est, nous y sommes ! Les diff\u00e9rents acteurs s\u2019attellent pour pr\u00e9parer les r\u00e9unions de pr\u00e9sentation de la fibre optique. Ce r\u00e9unions publiques seront propos\u00e9es aux r\u00e9sidents des communes de la phase 4 pour l\u2019ex-Europ\u2019Essonne [&hellip;]<\/p>\n","protected":false},"author":2,"featured_media":8440,"comment_status":"open","ping_status":"closed","sticky":false,"template":"","format":"standard","meta":{"footnotes":""},"categories":[23],"tags":[],"class_list":["post-8574","post","type-post","status-publish","format-standard","has-post-thumbnail","hentry","category-thd"],"yoast_head":"<!-- This site is optimized with the Yoast SEO plugin v25.6 - https:\/\/yoast.com\/wordpress\/plugins\/seo\/ -->\n<title>Bient\u00f4t des r\u00e9unions de pr\u00e9sentation de la Fibre optique pour la phase 4<\/title>\n<meta name=\"description\" content=\"Les villes de la phase 4 (Linas, Montlh\u00e9ry, Marcoussis et Villejust) vont mettre en place des R\u00e9unions de pr\u00e9sentation de la Fibre optique.\" \/>\n<meta name=\"robots\" content=\"index, follow, max-snippet:-1, max-image-preview:large, max-video-preview:-1\" \/>\n<link rel=\"canonical\" href=\"https:\/\/francois-pelletant.fr\/blog\/reunions-de-presentation-de-fibre-optique-public-se-feront-tres-prochainement\/\" \/>\n<meta property=\"og:locale\" content=\"fr_FR\" \/>\n<meta property=\"og:type\" content=\"article\" \/>\n<meta property=\"og:title\" content=\"Bient\u00f4t des r\u00e9unions de pr\u00e9sentation de la Fibre optique pour la phase 4\" \/>\n<meta property=\"og:description\" content=\"Les villes de la phase 4 (Linas, Montlh\u00e9ry, Marcoussis et Villejust) vont mettre en place des R\u00e9unions de pr\u00e9sentation de la Fibre optique.\" \/>\n<meta property=\"og:url\" content=\"https:\/\/francois-pelletant.fr\/blog\/reunions-de-presentation-de-fibre-optique-public-se-feront-tres-prochainement\/\" \/>\n<meta property=\"og:site_name\" content=\"Fran\u00e7ois Pelletant\" \/>\n<meta property=\"article:publisher\" content=\"https:\/\/www.facebook.com\/francois.pelletant.7\" \/>\n<meta property=\"article:published_time\" content=\"2017-02-24T09:13:43+00:00\" \/>\n<meta property=\"article:modified_time\" content=\"2017-02-27T15:35:55+00:00\" \/>\n<meta property=\"og:image\" content=\"https:\/\/francois-pelletant.fr\/blog\/wp-content\/uploads\/2017\/02\/pose-fibre-optique-linas-web.jpg\" \/>\n\t<meta property=\"og:image:width\" content=\"743\" \/>\n\t<meta property=\"og:image:height\" content=\"683\" \/>\n\t<meta property=\"og:image:type\" content=\"image\/jpeg\" \/>\n<meta name=\"author\" content=\"Fran\u00e7ois\" \/>\n<meta name=\"twitter:card\" content=\"summary_large_image\" \/>\n<meta name=\"twitter:creator\" content=\"@pelletant\" \/>\n<meta name=\"twitter:site\" content=\"@pelletant\" \/>\n<meta name=\"twitter:label1\" content=\"\u00c9crit par\" \/>\n\t<meta name=\"twitter:data1\" content=\"Fran\u00e7ois\" \/>\n\t<meta name=\"twitter:label2\" content=\"Dur\u00e9e de lecture estim\u00e9e\" \/>\n\t<meta name=\"twitter:data2\" content=\"1 minute\" \/>\n<script type=\"application\/ld+json\" class=\"yoast-schema-graph\">{\"@context\":\"https:\/\/schema.org\",\"@graph\":[{\"@type\":\"Article\",\"@id\":\"https:\/\/francois-pelletant.fr\/blog\/reunions-de-presentation-de-fibre-optique-public-se-feront-tres-prochainement\/#article\",\"isPartOf\":{\"@id\":\"https:\/\/francois-pelletant.fr\/blog\/reunions-de-presentation-de-fibre-optique-public-se-feront-tres-prochainement\/\"},\"author\":{\"name\":\"Fran\u00e7ois\",\"@id\":\"https:\/\/francois-pelletant.fr\/blog\/#\/schema\/person\/3ff29631af5560b33f8395942faae379\"},\"headline\":\"Des r\u00e9unions de pr\u00e9sentation de la Fibre optique au public se feront tr\u00e8s prochainement&#8230;\",\"datePublished\":\"2017-02-24T09:13:43+00:00\",\"dateModified\":\"2017-02-27T15:35:55+00:00\",\"mainEntityOfPage\":{\"@id\":\"https:\/\/francois-pelletant.fr\/blog\/reunions-de-presentation-de-fibre-optique-public-se-feront-tres-prochainement\/\"},\"wordCount\":227,\"commentCount\":4,\"publisher\":{\"@id\":\"https:\/\/francois-pelletant.fr\/blog\/#organization\"},\"image\":{\"@id\":\"https:\/\/francois-pelletant.fr\/blog\/reunions-de-presentation-de-fibre-optique-public-se-feront-tres-prochainement\/#primaryimage\"},\"thumbnailUrl\":\"https:\/\/francois-pelletant.fr\/blog\/wp-content\/uploads\/2017\/02\/pose-fibre-optique-linas-web.jpg\",\"articleSection\":[\"Tr\u00e8s Haut D\u00e9bit\"],\"inLanguage\":\"fr-FR\",\"potentialAction\":[{\"@type\":\"CommentAction\",\"name\":\"Comment\",\"target\":[\"https:\/\/francois-pelletant.fr\/blog\/reunions-de-presentation-de-fibre-optique-public-se-feront-tres-prochainement\/#respond\"]}]},{\"@type\":\"WebPage\",\"@id\":\"https:\/\/francois-pelletant.fr\/blog\/reunions-de-presentation-de-fibre-optique-public-se-feront-tres-prochainement\/\",\"url\":\"https:\/\/francois-pelletant.fr\/blog\/reunions-de-presentation-de-fibre-optique-public-se-feront-tres-prochainement\/\",\"name\":\"Bient\u00f4t des r\u00e9unions de pr\u00e9sentation de la Fibre optique pour la phase 4\",\"isPartOf\":{\"@id\":\"https:\/\/francois-pelletant.fr\/blog\/#website\"},\"primaryImageOfPage\":{\"@id\":\"https:\/\/francois-pelletant.fr\/blog\/reunions-de-presentation-de-fibre-optique-public-se-feront-tres-prochainement\/#primaryimage\"},\"image\":{\"@id\":\"https:\/\/francois-pelletant.fr\/blog\/reunions-de-presentation-de-fibre-optique-public-se-feront-tres-prochainement\/#primaryimage\"},\"thumbnailUrl\":\"https:\/\/francois-pelletant.fr\/blog\/wp-content\/uploads\/2017\/02\/pose-fibre-optique-linas-web.jpg\",\"datePublished\":\"2017-02-24T09:13:43+00:00\",\"dateModified\":\"2017-02-27T15:35:55+00:00\",\"description\":\"Les villes de la phase 4 (Linas, Montlh\u00e9ry, Marcoussis et Villejust) vont mettre en place des R\u00e9unions de pr\u00e9sentation de la Fibre optique.\",\"breadcrumb\":{\"@id\":\"https:\/\/francois-pelletant.fr\/blog\/reunions-de-presentation-de-fibre-optique-public-se-feront-tres-prochainement\/#breadcrumb\"},\"inLanguage\":\"fr-FR\",\"potentialAction\":[{\"@type\":\"ReadAction\",\"target\":[\"https:\/\/francois-pelletant.fr\/blog\/reunions-de-presentation-de-fibre-optique-public-se-feront-tres-prochainement\/\"]}]},{\"@type\":\"ImageObject\",\"inLanguage\":\"fr-FR\",\"@id\":\"https:\/\/francois-pelletant.fr\/blog\/reunions-de-presentation-de-fibre-optique-public-se-feront-tres-prochainement\/#primaryimage\",\"url\":\"https:\/\/francois-pelletant.fr\/blog\/wp-content\/uploads\/2017\/02\/pose-fibre-optique-linas-web.jpg\",\"contentUrl\":\"https:\/\/francois-pelletant.fr\/blog\/wp-content\/uploads\/2017\/02\/pose-fibre-optique-linas-web.jpg\",\"width\":743,\"height\":683},{\"@type\":\"BreadcrumbList\",\"@id\":\"https:\/\/francois-pelletant.fr\/blog\/reunions-de-presentation-de-fibre-optique-public-se-feront-tres-prochainement\/#breadcrumb\",\"itemListElement\":[{\"@type\":\"ListItem\",\"position\":1,\"name\":\"Accueil\",\"item\":\"https:\/\/francois-pelletant.fr\/blog\/\"},{\"@type\":\"ListItem\",\"position\":2,\"name\":\"Des r\u00e9unions de pr\u00e9sentation de la Fibre optique au public se feront tr\u00e8s prochainement&#8230;\"}]},{\"@type\":\"WebSite\",\"@id\":\"https:\/\/francois-pelletant.fr\/blog\/#website\",\"url\":\"https:\/\/francois-pelletant.fr\/blog\/\",\"name\":\"Fran\u00e7ois Pelletant\",\"description\":\"Maire de Linas, pour toujours.\",\"publisher\":{\"@id\":\"https:\/\/francois-pelletant.fr\/blog\/#organization\"},\"potentialAction\":[{\"@type\":\"SearchAction\",\"target\":{\"@type\":\"EntryPoint\",\"urlTemplate\":\"https:\/\/francois-pelletant.fr\/blog\/?s={search_term_string}\"},\"query-input\":{\"@type\":\"PropertyValueSpecification\",\"valueRequired\":true,\"valueName\":\"search_term_string\"}}],\"inLanguage\":\"fr-FR\"},{\"@type\":\"Organization\",\"@id\":\"https:\/\/francois-pelletant.fr\/blog\/#organization\",\"name\":\"Fran\u00e7ois Pelletant\",\"url\":\"https:\/\/francois-pelletant.fr\/blog\/\",\"logo\":{\"@type\":\"ImageObject\",\"inLanguage\":\"fr-FR\",\"@id\":\"https:\/\/francois-pelletant.fr\/blog\/#\/schema\/logo\/image\/\",\"url\":\"https:\/\/francois-pelletant.fr\/blog\/wp-content\/uploads\/2024\/07\/icone-francois-centre-500p.png\",\"contentUrl\":\"https:\/\/francois-pelletant.fr\/blog\/wp-content\/uploads\/2024\/07\/icone-francois-centre-500p.png\",\"width\":559,\"height\":447,\"caption\":\"Fran\u00e7ois Pelletant\"},\"image\":{\"@id\":\"https:\/\/francois-pelletant.fr\/blog\/#\/schema\/logo\/image\/\"},\"sameAs\":[\"https:\/\/www.facebook.com\/francois.pelletant.7\",\"https:\/\/x.com\/pelletant\"]},{\"@type\":\"Person\",\"@id\":\"https:\/\/francois-pelletant.fr\/blog\/#\/schema\/person\/3ff29631af5560b33f8395942faae379\",\"name\":\"Fran\u00e7ois\"}]}<\/script>\n<!-- \/ Yoast SEO plugin. -->","yoast_head_json":{"title":"Bient\u00f4t des r\u00e9unions de pr\u00e9sentation de la Fibre optique pour la phase 4","description":"Les villes de la phase 4 (Linas, Montlh\u00e9ry, Marcoussis et Villejust) vont mettre en place des R\u00e9unions de pr\u00e9sentation de la Fibre optique.","robots":{"index":"index","follow":"follow","max-snippet":"max-snippet:-1","max-image-preview":"max-image-preview:large","max-video-preview":"max-video-preview:-1"},"canonical":"https:\/\/francois-pelletant.fr\/blog\/reunions-de-presentation-de-fibre-optique-public-se-feront-tres-prochainement\/","og_locale":"fr_FR","og_type":"article","og_title":"Bient\u00f4t des r\u00e9unions de pr\u00e9sentation de la Fibre optique pour la phase 4","og_description":"Les villes de la phase 4 (Linas, Montlh\u00e9ry, Marcoussis et Villejust) vont mettre en place des R\u00e9unions de pr\u00e9sentation de la Fibre optique.","og_url":"https:\/\/francois-pelletant.fr\/blog\/reunions-de-presentation-de-fibre-optique-public-se-feront-tres-prochainement\/","og_site_name":"Fran\u00e7ois Pelletant","article_publisher":"https:\/\/www.facebook.com\/francois.pelletant.7","article_published_time":"2017-02-24T09:13:43+00:00","article_modified_time":"2017-02-27T15:35:55+00:00","og_image":[{"width":743,"height":683,"url":"https:\/\/francois-pelletant.fr\/blog\/wp-content\/uploads\/2017\/02\/pose-fibre-optique-linas-web.jpg","type":"image\/jpeg"}],"author":"Fran\u00e7ois","twitter_card":"summary_large_image","twitter_creator":"@pelletant","twitter_site":"@pelletant","twitter_misc":{"\u00c9crit par":"Fran\u00e7ois","Dur\u00e9e de lecture estim\u00e9e":"1 minute"},"schema":{"@context":"https:\/\/schema.org","@graph":[{"@type":"Article","@id":"https:\/\/francois-pelletant.fr\/blog\/reunions-de-presentation-de-fibre-optique-public-se-feront-tres-prochainement\/#article","isPartOf":{"@id":"https:\/\/francois-pelletant.fr\/blog\/reunions-de-presentation-de-fibre-optique-public-se-feront-tres-prochainement\/"},"author":{"name":"Fran\u00e7ois","@id":"https:\/\/francois-pelletant.fr\/blog\/#\/schema\/person\/3ff29631af5560b33f8395942faae379"},"headline":"Des r\u00e9unions de pr\u00e9sentation de la Fibre optique au public se feront tr\u00e8s prochainement&#8230;","datePublished":"2017-02-24T09:13:43+00:00","dateModified":"2017-02-27T15:35:55+00:00","mainEntityOfPage":{"@id":"https:\/\/francois-pelletant.fr\/blog\/reunions-de-presentation-de-fibre-optique-public-se-feront-tres-prochainement\/"},"wordCount":227,"commentCount":4,"publisher":{"@id":"https:\/\/francois-pelletant.fr\/blog\/#organization"},"image":{"@id":"https:\/\/francois-pelletant.fr\/blog\/reunions-de-presentation-de-fibre-optique-public-se-feront-tres-prochainement\/#primaryimage"},"thumbnailUrl":"https:\/\/francois-pelletant.fr\/blog\/wp-content\/uploads\/2017\/02\/pose-fibre-optique-linas-web.jpg","articleSection":["Tr\u00e8s Haut D\u00e9bit"],"inLanguage":"fr-FR","potentialAction":[{"@type":"CommentAction","name":"Comment","target":["https:\/\/francois-pelletant.fr\/blog\/reunions-de-presentation-de-fibre-optique-public-se-feront-tres-prochainement\/#respond"]}]},{"@type":"WebPage","@id":"https:\/\/francois-pelletant.fr\/blog\/reunions-de-presentation-de-fibre-optique-public-se-feront-tres-prochainement\/","url":"https:\/\/francois-pelletant.fr\/blog\/reunions-de-presentation-de-fibre-optique-public-se-feront-tres-prochainement\/","name":"Bient\u00f4t des r\u00e9unions de pr\u00e9sentation de la Fibre optique pour la phase 4","isPartOf":{"@id":"https:\/\/francois-pelletant.fr\/blog\/#website"},"primaryImageOfPage":{"@id":"https:\/\/francois-pelletant.fr\/blog\/reunions-de-presentation-de-fibre-optique-public-se-feront-tres-prochainement\/#primaryimage"},"image":{"@id":"https:\/\/francois-pelletant.fr\/blog\/reunions-de-presentation-de-fibre-optique-public-se-feront-tres-prochainement\/#primaryimage"},"thumbnailUrl":"https:\/\/francois-pelletant.fr\/blog\/wp-content\/uploads\/2017\/02\/pose-fibre-optique-linas-web.jpg","datePublished":"2017-02-24T09:13:43+00:00","dateModified":"2017-02-27T15:35:55+00:00","description":"Les villes de la phase 4 (Linas, Montlh\u00e9ry, Marcoussis et Villejust) vont mettre en place des R\u00e9unions de pr\u00e9sentation de la Fibre optique.","breadcrumb":{"@id":"https:\/\/francois-pelletant.fr\/blog\/reunions-de-presentation-de-fibre-optique-public-se-feront-tres-prochainement\/#breadcrumb"},"inLanguage":"fr-FR","potentialAction":[{"@type":"ReadAction","target":["https:\/\/francois-pelletant.fr\/blog\/reunions-de-presentation-de-fibre-optique-public-se-feront-tres-prochainement\/"]}]},{"@type":"ImageObject","inLanguage":"fr-FR","@id":"https:\/\/francois-pelletant.fr\/blog\/reunions-de-presentation-de-fibre-optique-public-se-feront-tres-prochainement\/#primaryimage","url":"https:\/\/francois-pelletant.fr\/blog\/wp-content\/uploads\/2017\/02\/pose-fibre-optique-linas-web.jpg","contentUrl":"https:\/\/francois-pelletant.fr\/blog\/wp-content\/uploads\/2017\/02\/pose-fibre-optique-linas-web.jpg","width":743,"height":683},{"@type":"BreadcrumbList","@id":"https:\/\/francois-pelletant.fr\/blog\/reunions-de-presentation-de-fibre-optique-public-se-feront-tres-prochainement\/#breadcrumb","itemListElement":[{"@type":"ListItem","position":1,"name":"Accueil","item":"https:\/\/francois-pelletant.fr\/blog\/"},{"@type":"ListItem","position":2,"name":"Des r\u00e9unions de pr\u00e9sentation de la Fibre optique au public se feront tr\u00e8s prochainement&#8230;"}]},{"@type":"WebSite","@id":"https:\/\/francois-pelletant.fr\/blog\/#website","url":"https:\/\/francois-pelletant.fr\/blog\/","name":"Fran\u00e7ois Pelletant","description":"Maire de Linas, pour toujours.","publisher":{"@id":"https:\/\/francois-pelletant.fr\/blog\/#organization"},"potentialAction":[{"@type":"SearchAction","target":{"@type":"EntryPoint","urlTemplate":"https:\/\/francois-pelletant.fr\/blog\/?s={search_term_string}"},"query-input":{"@type":"PropertyValueSpecification","valueRequired":true,"valueName":"search_term_string"}}],"inLanguage":"fr-FR"},{"@type":"Organization","@id":"https:\/\/francois-pelletant.fr\/blog\/#organization","name":"Fran\u00e7ois Pelletant","url":"https:\/\/francois-pelletant.fr\/blog\/","logo":{"@type":"ImageObject","inLanguage":"fr-FR","@id":"https:\/\/francois-pelletant.fr\/blog\/#\/schema\/logo\/image\/","url":"https:\/\/francois-pelletant.fr\/blog\/wp-content\/uploads\/2024\/07\/icone-francois-centre-500p.png","contentUrl":"https:\/\/francois-pelletant.fr\/blog\/wp-content\/uploads\/2024\/07\/icone-francois-centre-500p.png","width":559,"height":447,"caption":"Fran\u00e7ois Pelletant"},"image":{"@id":"https:\/\/francois-pelletant.fr\/blog\/#\/schema\/logo\/image\/"},"sameAs":["https:\/\/www.facebook.com\/francois.pelletant.7","https:\/\/x.com\/pelletant"]},{"@type":"Person","@id":"https:\/\/francois-pelletant.fr\/blog\/#\/schema\/person\/3ff29631af5560b33f8395942faae379","name":"Fran\u00e7ois"}]}},"_links":{"self":[{"href":"https:\/\/francois-pelletant.fr\/blog\/wp-json\/wp\/v2\/posts\/8574","targetHints":{"allow":["GET"]}}],"collection":[{"href":"https:\/\/francois-pelletant.fr\/blog\/wp-json\/wp\/v2\/posts"}],"about":[{"href":"https:\/\/francois-pelletant.fr\/blog\/wp-json\/wp\/v2\/types\/post"}],"author":[{"embeddable":true,"href":"https:\/\/francois-pelletant.fr\/blog\/wp-json\/wp\/v2\/users\/2"}],"replies":[{"embeddable":true,"href":"https:\/\/francois-pelletant.fr\/blog\/wp-json\/wp\/v2\/comments?post=8574"}],"version-history":[{"count":0,"href":"https:\/\/francois-pelletant.fr\/blog\/wp-json\/wp\/v2\/posts\/8574\/revisions"}],"wp:featuredmedia":[{"embeddable":true,"href":"https:\/\/francois-pelletant.fr\/blog\/wp-json\/wp\/v2\/media\/8440"}],"wp:attachment":[{"href":"https:\/\/francois-pelletant.fr\/blog\/wp-json\/wp\/v2\/media?parent=8574"}],"wp:term":[{"taxonomy":"category","embeddable":true,"href":"https:\/\/francois-pelletant.fr\/blog\/wp-json\/wp\/v2\/categories?post=8574"},{"taxonomy":"post_tag","embeddable":true,"href":"https:\/\/francois-pelletant.fr\/blog\/wp-json\/wp\/v2\/tags?post=8574"}],"curies":[{"name":"wp","href":"https:\/\/api.w.org\/{rel}","templated":true}]}}