{"id":8585,"date":"2017-02-10T16:35:34","date_gmt":"2017-02-10T16:35:34","guid":{"rendered":"https:\/\/francois-pelletant.fr\/blog\/?p=8585"},"modified":"2017-02-10T16:54:53","modified_gmt":"2017-02-10T16:54:53","slug":"pelletant-denonce-nepotisme-generalise","status":"publish","type":"post","link":"https:\/\/francois-pelletant.fr\/blog\/pelletant-denonce-nepotisme-generalise\/","title":{"rendered":"Pelletant d\u00e9nonce le n\u00e9potisme g\u00e9n\u00e9ralis\u00e9 en politique"},"content":{"rendered":"<p><span style=\"color: #000000;\">N&#8217;est ce pas cela le vrai et le seul scandale, la pratique g\u00e9n\u00e9ralis\u00e9e du n\u00e9potisme des dirigeants politiques dans les emplois publics ? \u00a0<\/span><\/p>\n<h2><span style=\"color: #000000;\">Fran\u00e7ois Fillon n&#8217;est que l&#8217;arbre qui cache la for\u00eat.<\/span><\/h2>\n<p>&nbsp;<\/p>\n<p><img decoding=\"async\" src=\"http:\/\/o.aolcdn.com\/hss\/storage\/midas\/bf7a18d1849e9fedc682134c195c14b3\/204920797\/assembl%3Fe+nationale+pere+et+fils.jpg\" alt=\"\" data-credit=\"Fran\u00e7ois Pelletant\" data-mep=\"1560232\" data-cke-saved-src=\"http:\/\/o.aolcdn.com\/hss\/storage\/midas\/bf7a18d1849e9fedc682134c195c14b3\/204920797\/assembl%3Fe+nationale+pere+et+fils.jpg\" \/><\/p>\n<p><span style=\"color: #000000;\">Les Francais l&#8217;ont bien compris, si l&#8217;affaire Fillon prend autant d&#8217;ampleur dans l&#8217;opinion, ce n&#8217;est pas simplement pour d\u00e9truire l&#8217;homme mais pour tordre le cou \u00e0 cet usage r\u00e9publicain qui consiste \u00e0 placer ses proches dans des emplois inaccessibles pour les autres. Bien pire que le &#8220;copinage&#8221; ou le lobbying, ce n\u00e9potisme est inconcevable dans la soci\u00e9t\u00e9 actuelle. Le peuple veut y mettre fin et Fran\u00e7ois Fillon en restera le symbole expiatoire \u00e0 d\u00e9faut de ne pas avoir \u00e9largi la pol\u00e9mique \u00e0 tous ceux qui en profitent, et ils sont l\u00e9gion.<\/span><\/p>\n<p><span style=\"color: #000000;\">Claude Bartolone, Jacques B\u00e9nisti, Gilbert Collard &#8230;.et les 113 autres ; qui s&#8217;int\u00e9resse \u00e0 eux ? qui en parle ? un juge s&#8217;est-il auto-saisi ?<\/span><\/p>\n<p><span style=\"color: #000000;\">Conspiration du silence ? <\/span><\/p>\n<h3><span style=\"color: #000000;\">J&#8217;invite donc le Parquet G\u00e9n\u00e9ral Financier \u00e0 s&#8217;auto-saisir et j&#8217;attire publiquement son attention sur ces faits afin d&#8217;\u00e9viter que, plus tard, on ne nous explique que, faute de moyens ou d&#8217;informations, la justice est pass\u00e9e \u00e0 c\u00f4t\u00e9 d&#8217;un scandale d&#8217;Etat.<\/span><\/h3>\n<p><span style=\"color: #000000;\">Je me suis amus\u00e9 \u00e0 reprendre la liste publi\u00e9e par Mediapart. Si l&#8217;on compl\u00e8te l&#8217;enqu\u00eate de Mathilde Mathieu, et que l&#8217;on fait des recoupements, on constate que l&#8217;inventaire concerne, 12 UDI, 36 SER (gauche majoritaire), 4 RRDP (gauche), 5 NI (FN et autres), 53 LR, qui ont employ\u00e9 d&#8217;une fa\u00e7on ou d&#8217;une autre, un fils, une fille, un conjoint, un cousin &#8230;enfin quelqu&#8217;un qui n&#8217;aurait jamais obtenu le poste s&#8217;il n&#8217;avait pas \u00e9t\u00e9 le &#8220;fils de..&#8221;. <\/span><\/p>\n<p><span style=\"color: #000000;\">La droite est surrepr\u00e9sent\u00e9e me direz-vous. Pas si s\u00fbr ! Cette enqu\u00eate ne concerne pas les emplois de cabinets et postes minist\u00e9riels dont b\u00e9n\u00e9ficient les &#8220;proches&#8221; de la majorit\u00e9 au pouvoir. Et ceci, de tout temps !<\/span><\/p>\n<p><span style=\"color: #000000;\">Lorsqu&#8217;en 2015 la droite a rafl\u00e9 les d\u00e9partements et les r\u00e9gions, le voile s&#8217;est lev\u00e9 sur l&#8217;ampleur des emplois&#8221;familiaux de complaisance&#8221; dans ces collectivit\u00e9s. <\/span><\/p>\n<p><span style=\"color: #000000;\">Dans mon d\u00e9partement de l&#8217;Essonne, dont le Conseil D\u00e9partemental est pass\u00e9 de gauche \u00e0 droite, la nouvelle majorit\u00e9 a failli s&#8217;\u00e9trangler lorsqu&#8217;elle a <wbr><\/wbr>d\u00e9couvert que les maris, les femmes, les copains &#8220;travaillaient &#8221; depuis des ann\u00e9es aux frais du contribuable. Mais le monde politique se prot\u00e8ge et bien s\u00fbr, ce n\u00e9potisme\u00a0est rest\u00e9 dans le non-dit .<\/span><\/p>\n<h3><span style=\"color: #000000;\">J&#8217;invite donc la justice \u00e0 s&#8217;int\u00e9resser \u00e9galement aux emplois de proches dans les r\u00e9gions et les d\u00e9partements en 2014. Cela devrait \u00eatre facile car cette ann\u00e9e-l\u00e0, les alternances de majorit\u00e9s ont permis de mettre \u00e0 jour ces situations de n\u00e9potisme.<\/span><\/h3>\n<p>&nbsp;<\/p>\n<p><span style=\"color: #000000;\">Ce qu&#8217;a fait Fran\u00e7ois Fillon est inavouable parce que l&#8217;aveu ne concerne pas uniquement sa femme et ses enfants, mais englobe l&#8217;ensemble de la classe politique. Si &#8220;Gate&#8221; il y a, c&#8217;est un &#8220;N\u00e9po-Gate&#8221; g\u00e9n\u00e9ralis\u00e9. <\/span><\/p>\n<p><span style=\"color: #000000;\">Si que le feuilletonage du &#8220;Canard Encha\u00een\u00e9&#8221; \u00e9tait &#8220;professionnel&#8221;, nous devrions d\u00e9couvrir d&#8217;autres &#8220;Penelope&#8221; car on ne peut penser que tout ceci ne visait uniquement qu&#8217;\u00e0 d\u00e9truire le candidat de la droite.<\/span><\/p>\n<p><a href=\"https:\/\/francois-pelletant.fr\/blog\/wp-content\/uploads\/2017\/02\/Fichier-d\u00e9put\u00e9s-conjoints-D\u00e9partement-Appartenance.xlsx\" target=\"_blank\">Fichiers des d\u00e9put\u00e9s qui ont employ\u00e9s leurs proches \u00e0 l&#8217;assembl\u00e9e nationale<\/a><\/p>\n","protected":false},"excerpt":{"rendered":"<p>N&#8217;est ce pas cela le vrai et le seul scandale, la pratique g\u00e9n\u00e9ralis\u00e9e du n\u00e9potisme des dirigeants politiques dans les emplois publics ? \u00a0 Fran\u00e7ois Fillon n&#8217;est que l&#8217;arbre qui cache la for\u00eat. &nbsp; Les Francais l&#8217;ont bien compris, si l&#8217;affaire Fillon prend autant d&#8217;ampleur dans l&#8217;opinion, ce n&#8217;est pas simplement pour d\u00e9truire l&#8217;homme mais [&hellip;]<\/p>\n","protected":false},"author":1,"featured_media":8587,"comment_status":"open","ping_status":"closed","sticky":false,"template":"","format":"standard","meta":{"footnotes":""},"categories":[10],"tags":[],"class_list":["post-8585","post","type-post","status-publish","format-standard","has-post-thumbnail","hentry","category-1pelletant"],"yoast_head":"<!-- This site is optimized with the Yoast SEO plugin v25.6 - https:\/\/yoast.com\/wordpress\/plugins\/seo\/ -->\n<title>Pelletant d\u00e9nonce le n\u00e9potisme g\u00e9n\u00e9ralis\u00e9 en politique - Fran\u00e7ois Pelletant<\/title>\n<meta name=\"robots\" content=\"index, follow, max-snippet:-1, max-image-preview:large, max-video-preview:-1\" \/>\n<link rel=\"canonical\" href=\"https:\/\/francois-pelletant.fr\/blog\/pelletant-denonce-nepotisme-generalise\/\" \/>\n<meta property=\"og:locale\" content=\"fr_FR\" \/>\n<meta property=\"og:type\" content=\"article\" \/>\n<meta property=\"og:title\" content=\"Pelletant d\u00e9nonce le n\u00e9potisme g\u00e9n\u00e9ralis\u00e9 en politique - Fran\u00e7ois Pelletant\" \/>\n<meta property=\"og:description\" content=\"N&#8217;est ce pas cela le vrai et le seul scandale, la pratique g\u00e9n\u00e9ralis\u00e9e du n\u00e9potisme des dirigeants politiques dans les emplois publics ? \u00a0 Fran\u00e7ois Fillon n&#8217;est que l&#8217;arbre qui cache la for\u00eat. &nbsp; Les Francais l&#8217;ont bien compris, si l&#8217;affaire Fillon prend autant d&#8217;ampleur dans l&#8217;opinion, ce n&#8217;est pas simplement pour d\u00e9truire l&#8217;homme mais [&hellip;]\" \/>\n<meta property=\"og:url\" content=\"https:\/\/francois-pelletant.fr\/blog\/pelletant-denonce-nepotisme-generalise\/\" \/>\n<meta property=\"og:site_name\" content=\"Fran\u00e7ois Pelletant\" \/>\n<meta property=\"article:publisher\" content=\"https:\/\/www.facebook.com\/francois.pelletant.7\" \/>\n<meta property=\"article:published_time\" content=\"2017-02-10T16:35:34+00:00\" \/>\n<meta property=\"article:modified_time\" content=\"2017-02-10T16:54:53+00:00\" \/>\n<meta property=\"og:image\" content=\"https:\/\/francois-pelletant.fr\/blog\/wp-content\/uploads\/2017\/02\/assembl\u00e9e-nationale-pere-et-fils.jpg\" \/>\n\t<meta property=\"og:image:width\" content=\"236\" \/>\n\t<meta property=\"og:image:height\" content=\"239\" \/>\n\t<meta property=\"og:image:type\" content=\"image\/jpeg\" \/>\n<meta name=\"author\" content=\"Francois\" \/>\n<meta name=\"twitter:card\" content=\"summary_large_image\" \/>\n<meta name=\"twitter:creator\" content=\"@pelletant\" \/>\n<meta name=\"twitter:site\" content=\"@pelletant\" \/>\n<meta name=\"twitter:label1\" content=\"\u00c9crit par\" \/>\n\t<meta name=\"twitter:data1\" content=\"Francois\" \/>\n\t<meta name=\"twitter:label2\" content=\"Dur\u00e9e de lecture estim\u00e9e\" \/>\n\t<meta name=\"twitter:data2\" content=\"3 minutes\" \/>\n<script type=\"application\/ld+json\" class=\"yoast-schema-graph\">{\"@context\":\"https:\/\/schema.org\",\"@graph\":[{\"@type\":\"Article\",\"@id\":\"https:\/\/francois-pelletant.fr\/blog\/pelletant-denonce-nepotisme-generalise\/#article\",\"isPartOf\":{\"@id\":\"https:\/\/francois-pelletant.fr\/blog\/pelletant-denonce-nepotisme-generalise\/\"},\"author\":{\"name\":\"Francois\",\"@id\":\"https:\/\/francois-pelletant.fr\/blog\/#\/schema\/person\/2be41acb171dff8f31aaed1f40cee9f3\"},\"headline\":\"Pelletant d\u00e9nonce le n\u00e9potisme g\u00e9n\u00e9ralis\u00e9 en politique\",\"datePublished\":\"2017-02-10T16:35:34+00:00\",\"dateModified\":\"2017-02-10T16:54:53+00:00\",\"mainEntityOfPage\":{\"@id\":\"https:\/\/francois-pelletant.fr\/blog\/pelletant-denonce-nepotisme-generalise\/\"},\"wordCount\":588,\"commentCount\":1,\"publisher\":{\"@id\":\"https:\/\/francois-pelletant.fr\/blog\/#organization\"},\"image\":{\"@id\":\"https:\/\/francois-pelletant.fr\/blog\/pelletant-denonce-nepotisme-generalise\/#primaryimage\"},\"thumbnailUrl\":\"https:\/\/francois-pelletant.fr\/blog\/wp-content\/uploads\/2017\/02\/assembl\u00e9e-nationale-pere-et-fils.jpg\",\"articleSection\":[\"Infos\"],\"inLanguage\":\"fr-FR\",\"potentialAction\":[{\"@type\":\"CommentAction\",\"name\":\"Comment\",\"target\":[\"https:\/\/francois-pelletant.fr\/blog\/pelletant-denonce-nepotisme-generalise\/#respond\"]}]},{\"@type\":\"WebPage\",\"@id\":\"https:\/\/francois-pelletant.fr\/blog\/pelletant-denonce-nepotisme-generalise\/\",\"url\":\"https:\/\/francois-pelletant.fr\/blog\/pelletant-denonce-nepotisme-generalise\/\",\"name\":\"Pelletant d\u00e9nonce le n\u00e9potisme g\u00e9n\u00e9ralis\u00e9 en politique - Fran\u00e7ois Pelletant\",\"isPartOf\":{\"@id\":\"https:\/\/francois-pelletant.fr\/blog\/#website\"},\"primaryImageOfPage\":{\"@id\":\"https:\/\/francois-pelletant.fr\/blog\/pelletant-denonce-nepotisme-generalise\/#primaryimage\"},\"image\":{\"@id\":\"https:\/\/francois-pelletant.fr\/blog\/pelletant-denonce-nepotisme-generalise\/#primaryimage\"},\"thumbnailUrl\":\"https:\/\/francois-pelletant.fr\/blog\/wp-content\/uploads\/2017\/02\/assembl\u00e9e-nationale-pere-et-fils.jpg\",\"datePublished\":\"2017-02-10T16:35:34+00:00\",\"dateModified\":\"2017-02-10T16:54:53+00:00\",\"breadcrumb\":{\"@id\":\"https:\/\/francois-pelletant.fr\/blog\/pelletant-denonce-nepotisme-generalise\/#breadcrumb\"},\"inLanguage\":\"fr-FR\",\"potentialAction\":[{\"@type\":\"ReadAction\",\"target\":[\"https:\/\/francois-pelletant.fr\/blog\/pelletant-denonce-nepotisme-generalise\/\"]}]},{\"@type\":\"ImageObject\",\"inLanguage\":\"fr-FR\",\"@id\":\"https:\/\/francois-pelletant.fr\/blog\/pelletant-denonce-nepotisme-generalise\/#primaryimage\",\"url\":\"https:\/\/francois-pelletant.fr\/blog\/wp-content\/uploads\/2017\/02\/assembl\u00e9e-nationale-pere-et-fils.jpg\",\"contentUrl\":\"https:\/\/francois-pelletant.fr\/blog\/wp-content\/uploads\/2017\/02\/assembl\u00e9e-nationale-pere-et-fils.jpg\",\"width\":236,\"height\":239},{\"@type\":\"BreadcrumbList\",\"@id\":\"https:\/\/francois-pelletant.fr\/blog\/pelletant-denonce-nepotisme-generalise\/#breadcrumb\",\"itemListElement\":[{\"@type\":\"ListItem\",\"position\":1,\"name\":\"Accueil\",\"item\":\"https:\/\/francois-pelletant.fr\/blog\/\"},{\"@type\":\"ListItem\",\"position\":2,\"name\":\"Pelletant d\u00e9nonce le n\u00e9potisme g\u00e9n\u00e9ralis\u00e9 en politique\"}]},{\"@type\":\"WebSite\",\"@id\":\"https:\/\/francois-pelletant.fr\/blog\/#website\",\"url\":\"https:\/\/francois-pelletant.fr\/blog\/\",\"name\":\"Fran\u00e7ois Pelletant\",\"description\":\"Maire de Linas, pour toujours.\",\"publisher\":{\"@id\":\"https:\/\/francois-pelletant.fr\/blog\/#organization\"},\"potentialAction\":[{\"@type\":\"SearchAction\",\"target\":{\"@type\":\"EntryPoint\",\"urlTemplate\":\"https:\/\/francois-pelletant.fr\/blog\/?s={search_term_string}\"},\"query-input\":{\"@type\":\"PropertyValueSpecification\",\"valueRequired\":true,\"valueName\":\"search_term_string\"}}],\"inLanguage\":\"fr-FR\"},{\"@type\":\"Organization\",\"@id\":\"https:\/\/francois-pelletant.fr\/blog\/#organization\",\"name\":\"Fran\u00e7ois Pelletant\",\"url\":\"https:\/\/francois-pelletant.fr\/blog\/\",\"logo\":{\"@type\":\"ImageObject\",\"inLanguage\":\"fr-FR\",\"@id\":\"https:\/\/francois-pelletant.fr\/blog\/#\/schema\/logo\/image\/\",\"url\":\"https:\/\/francois-pelletant.fr\/blog\/wp-content\/uploads\/2024\/07\/icone-francois-centre-500p.png\",\"contentUrl\":\"https:\/\/francois-pelletant.fr\/blog\/wp-content\/uploads\/2024\/07\/icone-francois-centre-500p.png\",\"width\":559,\"height\":447,\"caption\":\"Fran\u00e7ois Pelletant\"},\"image\":{\"@id\":\"https:\/\/francois-pelletant.fr\/blog\/#\/schema\/logo\/image\/\"},\"sameAs\":[\"https:\/\/www.facebook.com\/francois.pelletant.7\",\"https:\/\/x.com\/pelletant\"]},{\"@type\":\"Person\",\"@id\":\"https:\/\/francois-pelletant.fr\/blog\/#\/schema\/person\/2be41acb171dff8f31aaed1f40cee9f3\",\"name\":\"Francois\"}]}<\/script>\n<!-- \/ Yoast SEO plugin. -->","yoast_head_json":{"title":"Pelletant d\u00e9nonce le n\u00e9potisme g\u00e9n\u00e9ralis\u00e9 en politique - Fran\u00e7ois Pelletant","robots":{"index":"index","follow":"follow","max-snippet":"max-snippet:-1","max-image-preview":"max-image-preview:large","max-video-preview":"max-video-preview:-1"},"canonical":"https:\/\/francois-pelletant.fr\/blog\/pelletant-denonce-nepotisme-generalise\/","og_locale":"fr_FR","og_type":"article","og_title":"Pelletant d\u00e9nonce le n\u00e9potisme g\u00e9n\u00e9ralis\u00e9 en politique - Fran\u00e7ois Pelletant","og_description":"N&#8217;est ce pas cela le vrai et le seul scandale, la pratique g\u00e9n\u00e9ralis\u00e9e du n\u00e9potisme des dirigeants politiques dans les emplois publics ? \u00a0 Fran\u00e7ois Fillon n&#8217;est que l&#8217;arbre qui cache la for\u00eat. &nbsp; Les Francais l&#8217;ont bien compris, si l&#8217;affaire Fillon prend autant d&#8217;ampleur dans l&#8217;opinion, ce n&#8217;est pas simplement pour d\u00e9truire l&#8217;homme mais [&hellip;]","og_url":"https:\/\/francois-pelletant.fr\/blog\/pelletant-denonce-nepotisme-generalise\/","og_site_name":"Fran\u00e7ois Pelletant","article_publisher":"https:\/\/www.facebook.com\/francois.pelletant.7","article_published_time":"2017-02-10T16:35:34+00:00","article_modified_time":"2017-02-10T16:54:53+00:00","og_image":[{"width":236,"height":239,"url":"https:\/\/francois-pelletant.fr\/blog\/wp-content\/uploads\/2017\/02\/assembl\u00e9e-nationale-pere-et-fils.jpg","type":"image\/jpeg"}],"author":"Francois","twitter_card":"summary_large_image","twitter_creator":"@pelletant","twitter_site":"@pelletant","twitter_misc":{"\u00c9crit par":"Francois","Dur\u00e9e de lecture estim\u00e9e":"3 minutes"},"schema":{"@context":"https:\/\/schema.org","@graph":[{"@type":"Article","@id":"https:\/\/francois-pelletant.fr\/blog\/pelletant-denonce-nepotisme-generalise\/#article","isPartOf":{"@id":"https:\/\/francois-pelletant.fr\/blog\/pelletant-denonce-nepotisme-generalise\/"},"author":{"name":"Francois","@id":"https:\/\/francois-pelletant.fr\/blog\/#\/schema\/person\/2be41acb171dff8f31aaed1f40cee9f3"},"headline":"Pelletant d\u00e9nonce le n\u00e9potisme g\u00e9n\u00e9ralis\u00e9 en politique","datePublished":"2017-02-10T16:35:34+00:00","dateModified":"2017-02-10T16:54:53+00:00","mainEntityOfPage":{"@id":"https:\/\/francois-pelletant.fr\/blog\/pelletant-denonce-nepotisme-generalise\/"},"wordCount":588,"commentCount":1,"publisher":{"@id":"https:\/\/francois-pelletant.fr\/blog\/#organization"},"image":{"@id":"https:\/\/francois-pelletant.fr\/blog\/pelletant-denonce-nepotisme-generalise\/#primaryimage"},"thumbnailUrl":"https:\/\/francois-pelletant.fr\/blog\/wp-content\/uploads\/2017\/02\/assembl\u00e9e-nationale-pere-et-fils.jpg","articleSection":["Infos"],"inLanguage":"fr-FR","potentialAction":[{"@type":"CommentAction","name":"Comment","target":["https:\/\/francois-pelletant.fr\/blog\/pelletant-denonce-nepotisme-generalise\/#respond"]}]},{"@type":"WebPage","@id":"https:\/\/francois-pelletant.fr\/blog\/pelletant-denonce-nepotisme-generalise\/","url":"https:\/\/francois-pelletant.fr\/blog\/pelletant-denonce-nepotisme-generalise\/","name":"Pelletant d\u00e9nonce le n\u00e9potisme g\u00e9n\u00e9ralis\u00e9 en politique - Fran\u00e7ois Pelletant","isPartOf":{"@id":"https:\/\/francois-pelletant.fr\/blog\/#website"},"primaryImageOfPage":{"@id":"https:\/\/francois-pelletant.fr\/blog\/pelletant-denonce-nepotisme-generalise\/#primaryimage"},"image":{"@id":"https:\/\/francois-pelletant.fr\/blog\/pelletant-denonce-nepotisme-generalise\/#primaryimage"},"thumbnailUrl":"https:\/\/francois-pelletant.fr\/blog\/wp-content\/uploads\/2017\/02\/assembl\u00e9e-nationale-pere-et-fils.jpg","datePublished":"2017-02-10T16:35:34+00:00","dateModified":"2017-02-10T16:54:53+00:00","breadcrumb":{"@id":"https:\/\/francois-pelletant.fr\/blog\/pelletant-denonce-nepotisme-generalise\/#breadcrumb"},"inLanguage":"fr-FR","potentialAction":[{"@type":"ReadAction","target":["https:\/\/francois-pelletant.fr\/blog\/pelletant-denonce-nepotisme-generalise\/"]}]},{"@type":"ImageObject","inLanguage":"fr-FR","@id":"https:\/\/francois-pelletant.fr\/blog\/pelletant-denonce-nepotisme-generalise\/#primaryimage","url":"https:\/\/francois-pelletant.fr\/blog\/wp-content\/uploads\/2017\/02\/assembl\u00e9e-nationale-pere-et-fils.jpg","contentUrl":"https:\/\/francois-pelletant.fr\/blog\/wp-content\/uploads\/2017\/02\/assembl\u00e9e-nationale-pere-et-fils.jpg","width":236,"height":239},{"@type":"BreadcrumbList","@id":"https:\/\/francois-pelletant.fr\/blog\/pelletant-denonce-nepotisme-generalise\/#breadcrumb","itemListElement":[{"@type":"ListItem","position":1,"name":"Accueil","item":"https:\/\/francois-pelletant.fr\/blog\/"},{"@type":"ListItem","position":2,"name":"Pelletant d\u00e9nonce le n\u00e9potisme g\u00e9n\u00e9ralis\u00e9 en politique"}]},{"@type":"WebSite","@id":"https:\/\/francois-pelletant.fr\/blog\/#website","url":"https:\/\/francois-pelletant.fr\/blog\/","name":"Fran\u00e7ois Pelletant","description":"Maire de Linas, pour toujours.","publisher":{"@id":"https:\/\/francois-pelletant.fr\/blog\/#organization"},"potentialAction":[{"@type":"SearchAction","target":{"@type":"EntryPoint","urlTemplate":"https:\/\/francois-pelletant.fr\/blog\/?s={search_term_string}"},"query-input":{"@type":"PropertyValueSpecification","valueRequired":true,"valueName":"search_term_string"}}],"inLanguage":"fr-FR"},{"@type":"Organization","@id":"https:\/\/francois-pelletant.fr\/blog\/#organization","name":"Fran\u00e7ois Pelletant","url":"https:\/\/francois-pelletant.fr\/blog\/","logo":{"@type":"ImageObject","inLanguage":"fr-FR","@id":"https:\/\/francois-pelletant.fr\/blog\/#\/schema\/logo\/image\/","url":"https:\/\/francois-pelletant.fr\/blog\/wp-content\/uploads\/2024\/07\/icone-francois-centre-500p.png","contentUrl":"https:\/\/francois-pelletant.fr\/blog\/wp-content\/uploads\/2024\/07\/icone-francois-centre-500p.png","width":559,"height":447,"caption":"Fran\u00e7ois Pelletant"},"image":{"@id":"https:\/\/francois-pelletant.fr\/blog\/#\/schema\/logo\/image\/"},"sameAs":["https:\/\/www.facebook.com\/francois.pelletant.7","https:\/\/x.com\/pelletant"]},{"@type":"Person","@id":"https:\/\/francois-pelletant.fr\/blog\/#\/schema\/person\/2be41acb171dff8f31aaed1f40cee9f3","name":"Francois"}]}},"_links":{"self":[{"href":"https:\/\/francois-pelletant.fr\/blog\/wp-json\/wp\/v2\/posts\/8585","targetHints":{"allow":["GET"]}}],"collection":[{"href":"https:\/\/francois-pelletant.fr\/blog\/wp-json\/wp\/v2\/posts"}],"about":[{"href":"https:\/\/francois-pelletant.fr\/blog\/wp-json\/wp\/v2\/types\/post"}],"author":[{"embeddable":true,"href":"https:\/\/francois-pelletant.fr\/blog\/wp-json\/wp\/v2\/users\/1"}],"replies":[{"embeddable":true,"href":"https:\/\/francois-pelletant.fr\/blog\/wp-json\/wp\/v2\/comments?post=8585"}],"version-history":[{"count":0,"href":"https:\/\/francois-pelletant.fr\/blog\/wp-json\/wp\/v2\/posts\/8585\/revisions"}],"wp:featuredmedia":[{"embeddable":true,"href":"https:\/\/francois-pelletant.fr\/blog\/wp-json\/wp\/v2\/media\/8587"}],"wp:attachment":[{"href":"https:\/\/francois-pelletant.fr\/blog\/wp-json\/wp\/v2\/media?parent=8585"}],"wp:term":[{"taxonomy":"category","embeddable":true,"href":"https:\/\/francois-pelletant.fr\/blog\/wp-json\/wp\/v2\/categories?post=8585"},{"taxonomy":"post_tag","embeddable":true,"href":"https:\/\/francois-pelletant.fr\/blog\/wp-json\/wp\/v2\/tags?post=8585"}],"curies":[{"name":"wp","href":"https:\/\/api.w.org\/{rel}","templated":true}]}}