{"id":8741,"date":"2017-02-26T06:55:30","date_gmt":"2017-02-26T06:55:30","guid":{"rendered":"https:\/\/francois-pelletant.fr\/blog\/?p=8741"},"modified":"2017-02-24T09:59:52","modified_gmt":"2017-02-24T09:59:52","slug":"dessins-de-presse-de-semaine-2","status":"publish","type":"post","link":"https:\/\/francois-pelletant.fr\/blog\/dessins-de-presse-de-semaine-2\/","title":{"rendered":"Les dessins de presse de la semaine"},"content":{"rendered":"<figure id=\"attachment_8742\" aria-describedby=\"caption-attachment-8742\" style=\"width: 300px\" class=\"wp-caption alignleft\"><img loading=\"lazy\" decoding=\"async\" class=\"size-medium wp-image-8742\" src=\"https:\/\/francois-pelletant.fr\/blog\/wp-content\/uploads\/2017\/02\/Alex-23-f\u00e9vrier-300x268.jpg\" alt=\"Alex 23 f\u00e9vrier\" width=\"300\" height=\"268\" srcset=\"https:\/\/francois-pelletant.fr\/blog\/wp-content\/uploads\/2017\/02\/Alex-23-f\u00e9vrier-300x268.jpg 300w, https:\/\/francois-pelletant.fr\/blog\/wp-content\/uploads\/2017\/02\/Alex-23-f\u00e9vrier-600x535.jpg 600w, https:\/\/francois-pelletant.fr\/blog\/wp-content\/uploads\/2017\/02\/Alex-23-f\u00e9vrier.jpg 720w\" sizes=\"auto, (max-width: 300px) 100vw, 300px\" \/><figcaption id=\"caption-attachment-8742\" class=\"wp-caption-text\">Alex 23 f\u00e9vrier<\/figcaption><\/figure>\n<p>Les dessinateurs de presse sont nombreux \u00e0 partager leur art sur pour commenter l&#8217;actualit\u00e9 avec leur humour grin\u00e7ant. Voici une petite s\u00e9lection de ceux que j&#8217;ai\u00a0pr\u00e9f\u00e9r\u00e9 cette semaine.<\/p>\n<p>&nbsp;<\/p>\n<figure id=\"attachment_8743\" aria-describedby=\"caption-attachment-8743\" style=\"width: 300px\" class=\"wp-caption aligncenter\"><img loading=\"lazy\" decoding=\"async\" class=\"size-medium wp-image-8743\" src=\"https:\/\/francois-pelletant.fr\/blog\/wp-content\/uploads\/2017\/02\/Chaunu-21-fevrier-300x300.jpg\" alt=\"Chaunu 21 fevrier\" width=\"300\" height=\"300\" srcset=\"https:\/\/francois-pelletant.fr\/blog\/wp-content\/uploads\/2017\/02\/Chaunu-21-fevrier-300x300.jpg 300w, https:\/\/francois-pelletant.fr\/blog\/wp-content\/uploads\/2017\/02\/Chaunu-21-fevrier-1024x1021.jpg 1024w, https:\/\/francois-pelletant.fr\/blog\/wp-content\/uploads\/2017\/02\/Chaunu-21-fevrier-150x150.jpg 150w, https:\/\/francois-pelletant.fr\/blog\/wp-content\/uploads\/2017\/02\/Chaunu-21-fevrier-768x765.jpg 768w, https:\/\/francois-pelletant.fr\/blog\/wp-content\/uploads\/2017\/02\/Chaunu-21-fevrier-600x598.jpg 600w, https:\/\/francois-pelletant.fr\/blog\/wp-content\/uploads\/2017\/02\/Chaunu-21-fevrier-230x230.jpg 230w, https:\/\/francois-pelletant.fr\/blog\/wp-content\/uploads\/2017\/02\/Chaunu-21-fevrier-400x400.jpg 400w, https:\/\/francois-pelletant.fr\/blog\/wp-content\/uploads\/2017\/02\/Chaunu-21-fevrier-640x640.jpg 640w, https:\/\/francois-pelletant.fr\/blog\/wp-content\/uploads\/2017\/02\/Chaunu-21-fevrier.jpg 1200w\" sizes=\"auto, (max-width: 300px) 100vw, 300px\" \/><figcaption id=\"caption-attachment-8743\" class=\"wp-caption-text\">Chaunu 21 fevrier<\/figcaption><\/figure>\n<p>&nbsp;<\/p>\n<figure id=\"attachment_8744\" aria-describedby=\"caption-attachment-8744\" style=\"width: 300px\" class=\"wp-caption aligncenter\"><img loading=\"lazy\" decoding=\"async\" class=\"size-medium wp-image-8744\" src=\"https:\/\/francois-pelletant.fr\/blog\/wp-content\/uploads\/2017\/02\/Delucq-22-fevrier-300x235.jpg\" alt=\"Delucq 22 fevrier\" width=\"300\" height=\"235\" srcset=\"https:\/\/francois-pelletant.fr\/blog\/wp-content\/uploads\/2017\/02\/Delucq-22-fevrier-300x235.jpg 300w, https:\/\/francois-pelletant.fr\/blog\/wp-content\/uploads\/2017\/02\/Delucq-22-fevrier.jpg 539w\" sizes=\"auto, (max-width: 300px) 100vw, 300px\" \/><figcaption id=\"caption-attachment-8744\" class=\"wp-caption-text\">Delucq 22 fevrier<\/figcaption><\/figure>\n<p>&nbsp;<\/p>\n<figure id=\"attachment_8745\" aria-describedby=\"caption-attachment-8745\" style=\"width: 300px\" class=\"wp-caption aligncenter\"><img loading=\"lazy\" decoding=\"async\" class=\"size-medium wp-image-8745\" src=\"https:\/\/francois-pelletant.fr\/blog\/wp-content\/uploads\/2017\/02\/Delucq-23-fevrier-300x234.jpg\" alt=\"Delucq 23 fevrier\" width=\"300\" height=\"234\" srcset=\"https:\/\/francois-pelletant.fr\/blog\/wp-content\/uploads\/2017\/02\/Delucq-23-fevrier-300x234.jpg 300w, https:\/\/francois-pelletant.fr\/blog\/wp-content\/uploads\/2017\/02\/Delucq-23-fevrier.jpg 539w\" sizes=\"auto, (max-width: 300px) 100vw, 300px\" \/><figcaption id=\"caption-attachment-8745\" class=\"wp-caption-text\">Delucq 23 fevrier<\/figcaption><\/figure>\n<p>&nbsp;<\/p>\n<figure id=\"attachment_8746\" aria-describedby=\"caption-attachment-8746\" style=\"width: 239px\" class=\"wp-caption aligncenter\"><img loading=\"lazy\" decoding=\"async\" class=\"size-medium wp-image-8746\" src=\"https:\/\/francois-pelletant.fr\/blog\/wp-content\/uploads\/2017\/02\/Goubelle-22-fevrier-239x300.jpg\" alt=\"Goubelle 22 fevrier\" width=\"239\" height=\"300\" srcset=\"https:\/\/francois-pelletant.fr\/blog\/wp-content\/uploads\/2017\/02\/Goubelle-22-fevrier-239x300.jpg 239w, https:\/\/francois-pelletant.fr\/blog\/wp-content\/uploads\/2017\/02\/Goubelle-22-fevrier.jpg 573w\" sizes=\"auto, (max-width: 239px) 100vw, 239px\" \/><figcaption id=\"caption-attachment-8746\" class=\"wp-caption-text\">Goubelle 22 fevrier<\/figcaption><\/figure>\n<p>&nbsp;<\/p>\n<figure id=\"attachment_8747\" aria-describedby=\"caption-attachment-8747\" style=\"width: 300px\" class=\"wp-caption aligncenter\"><img loading=\"lazy\" decoding=\"async\" class=\"size-medium wp-image-8747\" src=\"https:\/\/francois-pelletant.fr\/blog\/wp-content\/uploads\/2017\/02\/le-canard-enchain\u00e9-22-fevrier-300x276.jpg\" alt=\"le canard enchain\u00e9 22 fevrier\" width=\"300\" height=\"276\" srcset=\"https:\/\/francois-pelletant.fr\/blog\/wp-content\/uploads\/2017\/02\/le-canard-enchain\u00e9-22-fevrier-300x276.jpg 300w, https:\/\/francois-pelletant.fr\/blog\/wp-content\/uploads\/2017\/02\/le-canard-enchain\u00e9-22-fevrier-1024x943.jpg 1024w, https:\/\/francois-pelletant.fr\/blog\/wp-content\/uploads\/2017\/02\/le-canard-enchain\u00e9-22-fevrier-768x707.jpg 768w, https:\/\/francois-pelletant.fr\/blog\/wp-content\/uploads\/2017\/02\/le-canard-enchain\u00e9-22-fevrier-600x552.jpg 600w, https:\/\/francois-pelletant.fr\/blog\/wp-content\/uploads\/2017\/02\/le-canard-enchain\u00e9-22-fevrier.jpg 1084w\" sizes=\"auto, (max-width: 300px) 100vw, 300px\" \/><figcaption id=\"caption-attachment-8747\" class=\"wp-caption-text\">le canard enchain\u00e9 22 fevrier<\/figcaption><\/figure>\n<p>&nbsp;<\/p>\n<figure id=\"attachment_8748\" aria-describedby=\"caption-attachment-8748\" style=\"width: 300px\" class=\"wp-caption aligncenter\"><img loading=\"lazy\" decoding=\"async\" class=\"size-medium wp-image-8748\" src=\"https:\/\/francois-pelletant.fr\/blog\/wp-content\/uploads\/2017\/02\/Le-courrrier-picard-21-fevrier-300x268.jpg\" alt=\"Le courrrier picard 21 fevrier\" width=\"300\" height=\"268\" srcset=\"https:\/\/francois-pelletant.fr\/blog\/wp-content\/uploads\/2017\/02\/Le-courrrier-picard-21-fevrier-300x268.jpg 300w, https:\/\/francois-pelletant.fr\/blog\/wp-content\/uploads\/2017\/02\/Le-courrrier-picard-21-fevrier-600x535.jpg 600w, https:\/\/francois-pelletant.fr\/blog\/wp-content\/uploads\/2017\/02\/Le-courrrier-picard-21-fevrier.jpg 720w\" sizes=\"auto, (max-width: 300px) 100vw, 300px\" \/><figcaption id=\"caption-attachment-8748\" class=\"wp-caption-text\">Le courrrier picard 21 fevrier<\/figcaption><\/figure>\n<p>&nbsp;<\/p>\n<figure id=\"attachment_8749\" aria-describedby=\"caption-attachment-8749\" style=\"width: 300px\" class=\"wp-caption aligncenter\"><img loading=\"lazy\" decoding=\"async\" class=\"size-medium wp-image-8749\" src=\"https:\/\/francois-pelletant.fr\/blog\/wp-content\/uploads\/2017\/02\/Le-Parisien-21-fevrier-300x294.jpg\" alt=\"Le Parisien 21 fevrier\" width=\"300\" height=\"294\" srcset=\"https:\/\/francois-pelletant.fr\/blog\/wp-content\/uploads\/2017\/02\/Le-Parisien-21-fevrier-300x294.jpg 300w, https:\/\/francois-pelletant.fr\/blog\/wp-content\/uploads\/2017\/02\/Le-Parisien-21-fevrier.jpg 390w\" sizes=\"auto, (max-width: 300px) 100vw, 300px\" \/><figcaption id=\"caption-attachment-8749\" class=\"wp-caption-text\">Le Parisien 21 fevrier<\/figcaption><\/figure>\n<p>&nbsp;<\/p>\n<figure id=\"attachment_8750\" aria-describedby=\"caption-attachment-8750\" style=\"width: 300px\" class=\"wp-caption aligncenter\"><img loading=\"lazy\" decoding=\"async\" class=\"size-medium wp-image-8750\" src=\"https:\/\/francois-pelletant.fr\/blog\/wp-content\/uploads\/2017\/02\/Noder-22-f\u00e9vrier-300x300.jpg\" alt=\"Noder 22 f\u00e9vrier\" width=\"300\" height=\"300\" srcset=\"https:\/\/francois-pelletant.fr\/blog\/wp-content\/uploads\/2017\/02\/Noder-22-f\u00e9vrier-300x300.jpg 300w, https:\/\/francois-pelletant.fr\/blog\/wp-content\/uploads\/2017\/02\/Noder-22-f\u00e9vrier-150x150.jpg 150w, https:\/\/francois-pelletant.fr\/blog\/wp-content\/uploads\/2017\/02\/Noder-22-f\u00e9vrier-600x598.jpg 600w, https:\/\/francois-pelletant.fr\/blog\/wp-content\/uploads\/2017\/02\/Noder-22-f\u00e9vrier-230x230.jpg 230w, https:\/\/francois-pelletant.fr\/blog\/wp-content\/uploads\/2017\/02\/Noder-22-f\u00e9vrier-400x400.jpg 400w, https:\/\/francois-pelletant.fr\/blog\/wp-content\/uploads\/2017\/02\/Noder-22-f\u00e9vrier-640x640.jpg 640w, https:\/\/francois-pelletant.fr\/blog\/wp-content\/uploads\/2017\/02\/Noder-22-f\u00e9vrier.jpg 720w\" sizes=\"auto, (max-width: 300px) 100vw, 300px\" \/><figcaption id=\"caption-attachment-8750\" class=\"wp-caption-text\">Noder 22 f\u00e9vrier<\/figcaption><\/figure>\n<p>&nbsp;<\/p>\n<figure id=\"attachment_8751\" aria-describedby=\"caption-attachment-8751\" style=\"width: 300px\" class=\"wp-caption aligncenter\"><img loading=\"lazy\" decoding=\"async\" class=\"size-medium wp-image-8751\" src=\"https:\/\/francois-pelletant.fr\/blog\/wp-content\/uploads\/2017\/02\/Plantu-21-fevrier-300x197.jpg\" alt=\"Plantu 21 fevrier\" width=\"300\" height=\"197\" srcset=\"https:\/\/francois-pelletant.fr\/blog\/wp-content\/uploads\/2017\/02\/Plantu-21-fevrier-300x197.jpg 300w, https:\/\/francois-pelletant.fr\/blog\/wp-content\/uploads\/2017\/02\/Plantu-21-fevrier-1024x672.jpg 1024w, https:\/\/francois-pelletant.fr\/blog\/wp-content\/uploads\/2017\/02\/Plantu-21-fevrier-768x504.jpg 768w, https:\/\/francois-pelletant.fr\/blog\/wp-content\/uploads\/2017\/02\/Plantu-21-fevrier-600x394.jpg 600w, https:\/\/francois-pelletant.fr\/blog\/wp-content\/uploads\/2017\/02\/Plantu-21-fevrier.jpg 1031w\" sizes=\"auto, (max-width: 300px) 100vw, 300px\" \/><figcaption id=\"caption-attachment-8751\" class=\"wp-caption-text\">Plantu 21 fevrier<\/figcaption><\/figure>\n","protected":false},"excerpt":{"rendered":"<p>Les dessinateurs de presse sont nombreux \u00e0 partager leur art sur pour commenter l&#8217;actualit\u00e9 avec leur humour grin\u00e7ant. Voici une petite s\u00e9lection de ceux que j&#8217;ai\u00a0pr\u00e9f\u00e9r\u00e9 cette semaine. &nbsp; &nbsp; &nbsp; &nbsp; &nbsp; &nbsp; &nbsp; &nbsp; &nbsp;<\/p>\n","protected":false},"author":1,"featured_media":8742,"comment_status":"open","ping_status":"closed","sticky":false,"template":"","format":"standard","meta":{"footnotes":""},"categories":[17],"tags":[],"class_list":["post-8741","post","type-post","status-publish","format-standard","has-post-thumbnail","hentry","category-prix-du-meilleur-dessin-de-presse"],"yoast_head":"<!-- This site is optimized with the Yoast SEO plugin v25.6 - https:\/\/yoast.com\/wordpress\/plugins\/seo\/ -->\n<title>Les dessins de presse de la semaine - Fran\u00e7ois Pelletant<\/title>\n<meta name=\"robots\" content=\"index, follow, max-snippet:-1, max-image-preview:large, max-video-preview:-1\" \/>\n<link rel=\"canonical\" href=\"https:\/\/francois-pelletant.fr\/blog\/dessins-de-presse-de-semaine-2\/\" \/>\n<meta property=\"og:locale\" content=\"fr_FR\" \/>\n<meta property=\"og:type\" content=\"article\" \/>\n<meta property=\"og:title\" content=\"Les dessins de presse de la semaine - Fran\u00e7ois Pelletant\" \/>\n<meta property=\"og:description\" content=\"Les dessinateurs de presse sont nombreux \u00e0 partager leur art sur pour commenter l&#8217;actualit\u00e9 avec leur humour grin\u00e7ant. Voici une petite s\u00e9lection de ceux que j&#8217;ai\u00a0pr\u00e9f\u00e9r\u00e9 cette semaine. &nbsp; &nbsp; &nbsp; &nbsp; &nbsp; &nbsp; &nbsp; &nbsp; &nbsp;\" \/>\n<meta property=\"og:url\" content=\"https:\/\/francois-pelletant.fr\/blog\/dessins-de-presse-de-semaine-2\/\" \/>\n<meta property=\"og:site_name\" content=\"Fran\u00e7ois Pelletant\" \/>\n<meta property=\"article:publisher\" content=\"https:\/\/www.facebook.com\/francois.pelletant.7\" \/>\n<meta property=\"article:published_time\" content=\"2017-02-26T06:55:30+00:00\" \/>\n<meta property=\"og:image\" content=\"https:\/\/francois-pelletant.fr\/blog\/wp-content\/uploads\/2017\/02\/Alex-23-f\u00e9vrier.jpg\" \/>\n\t<meta property=\"og:image:width\" content=\"720\" \/>\n\t<meta property=\"og:image:height\" content=\"642\" \/>\n\t<meta property=\"og:image:type\" content=\"image\/jpeg\" \/>\n<meta name=\"author\" content=\"Francois\" \/>\n<meta name=\"twitter:card\" content=\"summary_large_image\" \/>\n<meta name=\"twitter:creator\" content=\"@pelletant\" \/>\n<meta name=\"twitter:site\" content=\"@pelletant\" \/>\n<meta name=\"twitter:label1\" content=\"\u00c9crit par\" \/>\n\t<meta name=\"twitter:data1\" content=\"Francois\" \/>\n\t<meta name=\"twitter:label2\" content=\"Dur\u00e9e de lecture estim\u00e9e\" \/>\n\t<meta name=\"twitter:data2\" content=\"1 minute\" \/>\n<script type=\"application\/ld+json\" class=\"yoast-schema-graph\">{\"@context\":\"https:\/\/schema.org\",\"@graph\":[{\"@type\":\"Article\",\"@id\":\"https:\/\/francois-pelletant.fr\/blog\/dessins-de-presse-de-semaine-2\/#article\",\"isPartOf\":{\"@id\":\"https:\/\/francois-pelletant.fr\/blog\/dessins-de-presse-de-semaine-2\/\"},\"author\":{\"name\":\"Francois\",\"@id\":\"https:\/\/francois-pelletant.fr\/blog\/#\/schema\/person\/2be41acb171dff8f31aaed1f40cee9f3\"},\"headline\":\"Les dessins de presse de la semaine\",\"datePublished\":\"2017-02-26T06:55:30+00:00\",\"mainEntityOfPage\":{\"@id\":\"https:\/\/francois-pelletant.fr\/blog\/dessins-de-presse-de-semaine-2\/\"},\"wordCount\":147,\"commentCount\":0,\"publisher\":{\"@id\":\"https:\/\/francois-pelletant.fr\/blog\/#organization\"},\"image\":{\"@id\":\"https:\/\/francois-pelletant.fr\/blog\/dessins-de-presse-de-semaine-2\/#primaryimage\"},\"thumbnailUrl\":\"https:\/\/francois-pelletant.fr\/blog\/wp-content\/uploads\/2017\/02\/Alex-23-f\u00e9vrier.jpg\",\"articleSection\":[\"Prix du meilleur dessin de presse\"],\"inLanguage\":\"fr-FR\",\"potentialAction\":[{\"@type\":\"CommentAction\",\"name\":\"Comment\",\"target\":[\"https:\/\/francois-pelletant.fr\/blog\/dessins-de-presse-de-semaine-2\/#respond\"]}]},{\"@type\":\"WebPage\",\"@id\":\"https:\/\/francois-pelletant.fr\/blog\/dessins-de-presse-de-semaine-2\/\",\"url\":\"https:\/\/francois-pelletant.fr\/blog\/dessins-de-presse-de-semaine-2\/\",\"name\":\"Les dessins de presse de la semaine - Fran\u00e7ois Pelletant\",\"isPartOf\":{\"@id\":\"https:\/\/francois-pelletant.fr\/blog\/#website\"},\"primaryImageOfPage\":{\"@id\":\"https:\/\/francois-pelletant.fr\/blog\/dessins-de-presse-de-semaine-2\/#primaryimage\"},\"image\":{\"@id\":\"https:\/\/francois-pelletant.fr\/blog\/dessins-de-presse-de-semaine-2\/#primaryimage\"},\"thumbnailUrl\":\"https:\/\/francois-pelletant.fr\/blog\/wp-content\/uploads\/2017\/02\/Alex-23-f\u00e9vrier.jpg\",\"datePublished\":\"2017-02-26T06:55:30+00:00\",\"breadcrumb\":{\"@id\":\"https:\/\/francois-pelletant.fr\/blog\/dessins-de-presse-de-semaine-2\/#breadcrumb\"},\"inLanguage\":\"fr-FR\",\"potentialAction\":[{\"@type\":\"ReadAction\",\"target\":[\"https:\/\/francois-pelletant.fr\/blog\/dessins-de-presse-de-semaine-2\/\"]}]},{\"@type\":\"ImageObject\",\"inLanguage\":\"fr-FR\",\"@id\":\"https:\/\/francois-pelletant.fr\/blog\/dessins-de-presse-de-semaine-2\/#primaryimage\",\"url\":\"https:\/\/francois-pelletant.fr\/blog\/wp-content\/uploads\/2017\/02\/Alex-23-f\u00e9vrier.jpg\",\"contentUrl\":\"https:\/\/francois-pelletant.fr\/blog\/wp-content\/uploads\/2017\/02\/Alex-23-f\u00e9vrier.jpg\",\"width\":720,\"height\":642,\"caption\":\"Alex 23 f\u00e9vrier\"},{\"@type\":\"BreadcrumbList\",\"@id\":\"https:\/\/francois-pelletant.fr\/blog\/dessins-de-presse-de-semaine-2\/#breadcrumb\",\"itemListElement\":[{\"@type\":\"ListItem\",\"position\":1,\"name\":\"Accueil\",\"item\":\"https:\/\/francois-pelletant.fr\/blog\/\"},{\"@type\":\"ListItem\",\"position\":2,\"name\":\"Les dessins de presse de la semaine\"}]},{\"@type\":\"WebSite\",\"@id\":\"https:\/\/francois-pelletant.fr\/blog\/#website\",\"url\":\"https:\/\/francois-pelletant.fr\/blog\/\",\"name\":\"Fran\u00e7ois Pelletant\",\"description\":\"Maire de Linas, pour toujours.\",\"publisher\":{\"@id\":\"https:\/\/francois-pelletant.fr\/blog\/#organization\"},\"potentialAction\":[{\"@type\":\"SearchAction\",\"target\":{\"@type\":\"EntryPoint\",\"urlTemplate\":\"https:\/\/francois-pelletant.fr\/blog\/?s={search_term_string}\"},\"query-input\":{\"@type\":\"PropertyValueSpecification\",\"valueRequired\":true,\"valueName\":\"search_term_string\"}}],\"inLanguage\":\"fr-FR\"},{\"@type\":\"Organization\",\"@id\":\"https:\/\/francois-pelletant.fr\/blog\/#organization\",\"name\":\"Fran\u00e7ois Pelletant\",\"url\":\"https:\/\/francois-pelletant.fr\/blog\/\",\"logo\":{\"@type\":\"ImageObject\",\"inLanguage\":\"fr-FR\",\"@id\":\"https:\/\/francois-pelletant.fr\/blog\/#\/schema\/logo\/image\/\",\"url\":\"https:\/\/francois-pelletant.fr\/blog\/wp-content\/uploads\/2024\/07\/icone-francois-centre-500p.png\",\"contentUrl\":\"https:\/\/francois-pelletant.fr\/blog\/wp-content\/uploads\/2024\/07\/icone-francois-centre-500p.png\",\"width\":559,\"height\":447,\"caption\":\"Fran\u00e7ois Pelletant\"},\"image\":{\"@id\":\"https:\/\/francois-pelletant.fr\/blog\/#\/schema\/logo\/image\/\"},\"sameAs\":[\"https:\/\/www.facebook.com\/francois.pelletant.7\",\"https:\/\/x.com\/pelletant\"]},{\"@type\":\"Person\",\"@id\":\"https:\/\/francois-pelletant.fr\/blog\/#\/schema\/person\/2be41acb171dff8f31aaed1f40cee9f3\",\"name\":\"Francois\"}]}<\/script>\n<!-- \/ Yoast SEO plugin. -->","yoast_head_json":{"title":"Les dessins de presse de la semaine - Fran\u00e7ois Pelletant","robots":{"index":"index","follow":"follow","max-snippet":"max-snippet:-1","max-image-preview":"max-image-preview:large","max-video-preview":"max-video-preview:-1"},"canonical":"https:\/\/francois-pelletant.fr\/blog\/dessins-de-presse-de-semaine-2\/","og_locale":"fr_FR","og_type":"article","og_title":"Les dessins de presse de la semaine - Fran\u00e7ois Pelletant","og_description":"Les dessinateurs de presse sont nombreux \u00e0 partager leur art sur pour commenter l&#8217;actualit\u00e9 avec leur humour grin\u00e7ant. Voici une petite s\u00e9lection de ceux que j&#8217;ai\u00a0pr\u00e9f\u00e9r\u00e9 cette semaine. &nbsp; &nbsp; &nbsp; &nbsp; &nbsp; &nbsp; &nbsp; &nbsp; &nbsp;","og_url":"https:\/\/francois-pelletant.fr\/blog\/dessins-de-presse-de-semaine-2\/","og_site_name":"Fran\u00e7ois Pelletant","article_publisher":"https:\/\/www.facebook.com\/francois.pelletant.7","article_published_time":"2017-02-26T06:55:30+00:00","og_image":[{"width":720,"height":642,"url":"https:\/\/francois-pelletant.fr\/blog\/wp-content\/uploads\/2017\/02\/Alex-23-f\u00e9vrier.jpg","type":"image\/jpeg"}],"author":"Francois","twitter_card":"summary_large_image","twitter_creator":"@pelletant","twitter_site":"@pelletant","twitter_misc":{"\u00c9crit par":"Francois","Dur\u00e9e de lecture estim\u00e9e":"1 minute"},"schema":{"@context":"https:\/\/schema.org","@graph":[{"@type":"Article","@id":"https:\/\/francois-pelletant.fr\/blog\/dessins-de-presse-de-semaine-2\/#article","isPartOf":{"@id":"https:\/\/francois-pelletant.fr\/blog\/dessins-de-presse-de-semaine-2\/"},"author":{"name":"Francois","@id":"https:\/\/francois-pelletant.fr\/blog\/#\/schema\/person\/2be41acb171dff8f31aaed1f40cee9f3"},"headline":"Les dessins de presse de la semaine","datePublished":"2017-02-26T06:55:30+00:00","mainEntityOfPage":{"@id":"https:\/\/francois-pelletant.fr\/blog\/dessins-de-presse-de-semaine-2\/"},"wordCount":147,"commentCount":0,"publisher":{"@id":"https:\/\/francois-pelletant.fr\/blog\/#organization"},"image":{"@id":"https:\/\/francois-pelletant.fr\/blog\/dessins-de-presse-de-semaine-2\/#primaryimage"},"thumbnailUrl":"https:\/\/francois-pelletant.fr\/blog\/wp-content\/uploads\/2017\/02\/Alex-23-f\u00e9vrier.jpg","articleSection":["Prix du meilleur dessin de presse"],"inLanguage":"fr-FR","potentialAction":[{"@type":"CommentAction","name":"Comment","target":["https:\/\/francois-pelletant.fr\/blog\/dessins-de-presse-de-semaine-2\/#respond"]}]},{"@type":"WebPage","@id":"https:\/\/francois-pelletant.fr\/blog\/dessins-de-presse-de-semaine-2\/","url":"https:\/\/francois-pelletant.fr\/blog\/dessins-de-presse-de-semaine-2\/","name":"Les dessins de presse de la semaine - Fran\u00e7ois Pelletant","isPartOf":{"@id":"https:\/\/francois-pelletant.fr\/blog\/#website"},"primaryImageOfPage":{"@id":"https:\/\/francois-pelletant.fr\/blog\/dessins-de-presse-de-semaine-2\/#primaryimage"},"image":{"@id":"https:\/\/francois-pelletant.fr\/blog\/dessins-de-presse-de-semaine-2\/#primaryimage"},"thumbnailUrl":"https:\/\/francois-pelletant.fr\/blog\/wp-content\/uploads\/2017\/02\/Alex-23-f\u00e9vrier.jpg","datePublished":"2017-02-26T06:55:30+00:00","breadcrumb":{"@id":"https:\/\/francois-pelletant.fr\/blog\/dessins-de-presse-de-semaine-2\/#breadcrumb"},"inLanguage":"fr-FR","potentialAction":[{"@type":"ReadAction","target":["https:\/\/francois-pelletant.fr\/blog\/dessins-de-presse-de-semaine-2\/"]}]},{"@type":"ImageObject","inLanguage":"fr-FR","@id":"https:\/\/francois-pelletant.fr\/blog\/dessins-de-presse-de-semaine-2\/#primaryimage","url":"https:\/\/francois-pelletant.fr\/blog\/wp-content\/uploads\/2017\/02\/Alex-23-f\u00e9vrier.jpg","contentUrl":"https:\/\/francois-pelletant.fr\/blog\/wp-content\/uploads\/2017\/02\/Alex-23-f\u00e9vrier.jpg","width":720,"height":642,"caption":"Alex 23 f\u00e9vrier"},{"@type":"BreadcrumbList","@id":"https:\/\/francois-pelletant.fr\/blog\/dessins-de-presse-de-semaine-2\/#breadcrumb","itemListElement":[{"@type":"ListItem","position":1,"name":"Accueil","item":"https:\/\/francois-pelletant.fr\/blog\/"},{"@type":"ListItem","position":2,"name":"Les dessins de presse de la semaine"}]},{"@type":"WebSite","@id":"https:\/\/francois-pelletant.fr\/blog\/#website","url":"https:\/\/francois-pelletant.fr\/blog\/","name":"Fran\u00e7ois Pelletant","description":"Maire de Linas, pour toujours.","publisher":{"@id":"https:\/\/francois-pelletant.fr\/blog\/#organization"},"potentialAction":[{"@type":"SearchAction","target":{"@type":"EntryPoint","urlTemplate":"https:\/\/francois-pelletant.fr\/blog\/?s={search_term_string}"},"query-input":{"@type":"PropertyValueSpecification","valueRequired":true,"valueName":"search_term_string"}}],"inLanguage":"fr-FR"},{"@type":"Organization","@id":"https:\/\/francois-pelletant.fr\/blog\/#organization","name":"Fran\u00e7ois Pelletant","url":"https:\/\/francois-pelletant.fr\/blog\/","logo":{"@type":"ImageObject","inLanguage":"fr-FR","@id":"https:\/\/francois-pelletant.fr\/blog\/#\/schema\/logo\/image\/","url":"https:\/\/francois-pelletant.fr\/blog\/wp-content\/uploads\/2024\/07\/icone-francois-centre-500p.png","contentUrl":"https:\/\/francois-pelletant.fr\/blog\/wp-content\/uploads\/2024\/07\/icone-francois-centre-500p.png","width":559,"height":447,"caption":"Fran\u00e7ois Pelletant"},"image":{"@id":"https:\/\/francois-pelletant.fr\/blog\/#\/schema\/logo\/image\/"},"sameAs":["https:\/\/www.facebook.com\/francois.pelletant.7","https:\/\/x.com\/pelletant"]},{"@type":"Person","@id":"https:\/\/francois-pelletant.fr\/blog\/#\/schema\/person\/2be41acb171dff8f31aaed1f40cee9f3","name":"Francois"}]}},"_links":{"self":[{"href":"https:\/\/francois-pelletant.fr\/blog\/wp-json\/wp\/v2\/posts\/8741","targetHints":{"allow":["GET"]}}],"collection":[{"href":"https:\/\/francois-pelletant.fr\/blog\/wp-json\/wp\/v2\/posts"}],"about":[{"href":"https:\/\/francois-pelletant.fr\/blog\/wp-json\/wp\/v2\/types\/post"}],"author":[{"embeddable":true,"href":"https:\/\/francois-pelletant.fr\/blog\/wp-json\/wp\/v2\/users\/1"}],"replies":[{"embeddable":true,"href":"https:\/\/francois-pelletant.fr\/blog\/wp-json\/wp\/v2\/comments?post=8741"}],"version-history":[{"count":0,"href":"https:\/\/francois-pelletant.fr\/blog\/wp-json\/wp\/v2\/posts\/8741\/revisions"}],"wp:featuredmedia":[{"embeddable":true,"href":"https:\/\/francois-pelletant.fr\/blog\/wp-json\/wp\/v2\/media\/8742"}],"wp:attachment":[{"href":"https:\/\/francois-pelletant.fr\/blog\/wp-json\/wp\/v2\/media?parent=8741"}],"wp:term":[{"taxonomy":"category","embeddable":true,"href":"https:\/\/francois-pelletant.fr\/blog\/wp-json\/wp\/v2\/categories?post=8741"},{"taxonomy":"post_tag","embeddable":true,"href":"https:\/\/francois-pelletant.fr\/blog\/wp-json\/wp\/v2\/tags?post=8741"}],"curies":[{"name":"wp","href":"https:\/\/api.w.org\/{rel}","templated":true}]}}