{"id":8991,"date":"2017-03-12T06:29:15","date_gmt":"2017-03-12T06:29:15","guid":{"rendered":"https:\/\/francois-pelletant.fr\/blog\/?p=8991"},"modified":"2017-03-10T09:36:37","modified_gmt":"2017-03-10T09:36:37","slug":"presse-cette-semaine","status":"publish","type":"post","link":"https:\/\/francois-pelletant.fr\/blog\/presse-cette-semaine\/","title":{"rendered":"Dans la presse cette semaine"},"content":{"rendered":"<figure id=\"attachment_8992\" aria-describedby=\"caption-attachment-8992\" style=\"width: 300px\" class=\"wp-caption alignleft\"><img loading=\"lazy\" decoding=\"async\" class=\"size-medium wp-image-8992\" src=\"https:\/\/francois-pelletant.fr\/blog\/wp-content\/uploads\/2017\/03\/Lapert-9-mars-300x253.jpg\" alt=\"Lapert 9 mars\" width=\"300\" height=\"253\" srcset=\"https:\/\/francois-pelletant.fr\/blog\/wp-content\/uploads\/2017\/03\/Lapert-9-mars-300x253.jpg 300w, https:\/\/francois-pelletant.fr\/blog\/wp-content\/uploads\/2017\/03\/Lapert-9-mars-600x507.jpg 600w, https:\/\/francois-pelletant.fr\/blog\/wp-content\/uploads\/2017\/03\/Lapert-9-mars.jpg 720w\" sizes=\"auto, (max-width: 300px) 100vw, 300px\" \/><figcaption id=\"caption-attachment-8992\" class=\"wp-caption-text\">Lapert 9 mars<\/figcaption><\/figure>\n<p>Je vous ai s\u00e9lectionn\u00e9, une fois de plus, les meilleurs dessins parus dans la presse cette semaine. Entre la journ\u00e9e de la femme, les rebondissements de la campagne pr\u00e9sidentielle, le salon de l&#8217;Agriculture et la d\u00e9faite du PSG en ligue des champions, il y a de quoi s&#8217;amuser&#8230;<\/p>\n<p>&nbsp;<\/p>\n<figure id=\"attachment_8993\" aria-describedby=\"caption-attachment-8993\" style=\"width: 249px\" class=\"wp-caption aligncenter\"><img loading=\"lazy\" decoding=\"async\" class=\"size-medium wp-image-8993\" src=\"https:\/\/francois-pelletant.fr\/blog\/wp-content\/uploads\/2017\/03\/Alex-9-mars-249x300.jpg\" alt=\"Alex 9 mars\" width=\"249\" height=\"300\" srcset=\"https:\/\/francois-pelletant.fr\/blog\/wp-content\/uploads\/2017\/03\/Alex-9-mars-249x300.jpg 249w, https:\/\/francois-pelletant.fr\/blog\/wp-content\/uploads\/2017\/03\/Alex-9-mars.jpg 479w\" sizes=\"auto, (max-width: 249px) 100vw, 249px\" \/><figcaption id=\"caption-attachment-8993\" class=\"wp-caption-text\">Alex 9 mars<\/figcaption><\/figure>\n<p>&nbsp;<\/p>\n<figure id=\"attachment_8994\" aria-describedby=\"caption-attachment-8994\" style=\"width: 300px\" class=\"wp-caption aligncenter\"><img loading=\"lazy\" decoding=\"async\" class=\"size-medium wp-image-8994\" src=\"https:\/\/francois-pelletant.fr\/blog\/wp-content\/uploads\/2017\/03\/Baudry-6-mars-300x300.jpg\" alt=\"Baudry 6 mars\" width=\"300\" height=\"300\" srcset=\"https:\/\/francois-pelletant.fr\/blog\/wp-content\/uploads\/2017\/03\/Baudry-6-mars-300x300.jpg 300w, https:\/\/francois-pelletant.fr\/blog\/wp-content\/uploads\/2017\/03\/Baudry-6-mars-150x150.jpg 150w, https:\/\/francois-pelletant.fr\/blog\/wp-content\/uploads\/2017\/03\/Baudry-6-mars-768x768.jpg 768w, https:\/\/francois-pelletant.fr\/blog\/wp-content\/uploads\/2017\/03\/Baudry-6-mars-600x600.jpg 600w, https:\/\/francois-pelletant.fr\/blog\/wp-content\/uploads\/2017\/03\/Baudry-6-mars-230x230.jpg 230w, https:\/\/francois-pelletant.fr\/blog\/wp-content\/uploads\/2017\/03\/Baudry-6-mars-400x400.jpg 400w, https:\/\/francois-pelletant.fr\/blog\/wp-content\/uploads\/2017\/03\/Baudry-6-mars-640x640.jpg 640w, https:\/\/francois-pelletant.fr\/blog\/wp-content\/uploads\/2017\/03\/Baudry-6-mars.jpg 800w\" sizes=\"auto, (max-width: 300px) 100vw, 300px\" \/><figcaption id=\"caption-attachment-8994\" class=\"wp-caption-text\">Baudry 6 mars<\/figcaption><\/figure>\n<p>&nbsp;<\/p>\n<figure id=\"attachment_8995\" aria-describedby=\"caption-attachment-8995\" style=\"width: 300px\" class=\"wp-caption aligncenter\"><img loading=\"lazy\" decoding=\"async\" class=\"size-medium wp-image-8995\" src=\"https:\/\/francois-pelletant.fr\/blog\/wp-content\/uploads\/2017\/03\/Faro-6-mars-300x275.jpg\" alt=\"Faro 6 mars\" width=\"300\" height=\"275\" srcset=\"https:\/\/francois-pelletant.fr\/blog\/wp-content\/uploads\/2017\/03\/Faro-6-mars-300x275.jpg 300w, https:\/\/francois-pelletant.fr\/blog\/wp-content\/uploads\/2017\/03\/Faro-6-mars.jpg 550w\" sizes=\"auto, (max-width: 300px) 100vw, 300px\" \/><figcaption id=\"caption-attachment-8995\" class=\"wp-caption-text\">Faro 6 mars<\/figcaption><\/figure>\n<p>&nbsp;<\/p>\n<figure id=\"attachment_8996\" aria-describedby=\"caption-attachment-8996\" style=\"width: 300px\" class=\"wp-caption aligncenter\"><img loading=\"lazy\" decoding=\"async\" class=\"size-medium wp-image-8996\" src=\"https:\/\/francois-pelletant.fr\/blog\/wp-content\/uploads\/2017\/03\/le-courrier-picard-7-mars-300x267.jpg\" alt=\"le courrier picard 7 mars\" width=\"300\" height=\"267\" srcset=\"https:\/\/francois-pelletant.fr\/blog\/wp-content\/uploads\/2017\/03\/le-courrier-picard-7-mars-300x267.jpg 300w, https:\/\/francois-pelletant.fr\/blog\/wp-content\/uploads\/2017\/03\/le-courrier-picard-7-mars-1024x913.jpg 1024w, https:\/\/francois-pelletant.fr\/blog\/wp-content\/uploads\/2017\/03\/le-courrier-picard-7-mars-768x684.jpg 768w, https:\/\/francois-pelletant.fr\/blog\/wp-content\/uploads\/2017\/03\/le-courrier-picard-7-mars-600x535.jpg 600w, https:\/\/francois-pelletant.fr\/blog\/wp-content\/uploads\/2017\/03\/le-courrier-picard-7-mars-1536x1369.jpg 1536w, https:\/\/francois-pelletant.fr\/blog\/wp-content\/uploads\/2017\/03\/le-courrier-picard-7-mars.jpg 1756w\" sizes=\"auto, (max-width: 300px) 100vw, 300px\" \/><figcaption id=\"caption-attachment-8996\" class=\"wp-caption-text\">le courrier picard 7 mars<\/figcaption><\/figure>\n<p>&nbsp;<\/p>\n<figure id=\"attachment_8997\" aria-describedby=\"caption-attachment-8997\" style=\"width: 300px\" class=\"wp-caption aligncenter\"><img loading=\"lazy\" decoding=\"async\" class=\"size-medium wp-image-8997\" src=\"https:\/\/francois-pelletant.fr\/blog\/wp-content\/uploads\/2017\/03\/Leroux-9-mars-300x213.jpg\" alt=\"Leroux 9 mars\" width=\"300\" height=\"213\" srcset=\"https:\/\/francois-pelletant.fr\/blog\/wp-content\/uploads\/2017\/03\/Leroux-9-mars-300x213.jpg 300w, https:\/\/francois-pelletant.fr\/blog\/wp-content\/uploads\/2017\/03\/Leroux-9-mars-600x425.jpg 600w, https:\/\/francois-pelletant.fr\/blog\/wp-content\/uploads\/2017\/03\/Leroux-9-mars.jpg 720w\" sizes=\"auto, (max-width: 300px) 100vw, 300px\" \/><figcaption id=\"caption-attachment-8997\" class=\"wp-caption-text\">Leroux 9 mars<\/figcaption><\/figure>\n<p>&nbsp;<\/p>\n<figure id=\"attachment_8998\" aria-describedby=\"caption-attachment-8998\" style=\"width: 300px\" class=\"wp-caption aligncenter\"><img loading=\"lazy\" decoding=\"async\" class=\"size-medium wp-image-8998\" src=\"https:\/\/francois-pelletant.fr\/blog\/wp-content\/uploads\/2017\/03\/Na-6-mars-300x225.jpg\" alt=\"Na 6 mars\" width=\"300\" height=\"225\" srcset=\"https:\/\/francois-pelletant.fr\/blog\/wp-content\/uploads\/2017\/03\/Na-6-mars-300x225.jpg 300w, https:\/\/francois-pelletant.fr\/blog\/wp-content\/uploads\/2017\/03\/Na-6-mars.jpg 600w\" sizes=\"auto, (max-width: 300px) 100vw, 300px\" \/><figcaption id=\"caption-attachment-8998\" class=\"wp-caption-text\">Na 6 mars<\/figcaption><\/figure>\n<p>&nbsp;<\/p>\n<figure id=\"attachment_8999\" aria-describedby=\"caption-attachment-8999\" style=\"width: 276px\" class=\"wp-caption aligncenter\"><img loading=\"lazy\" decoding=\"async\" class=\"size-medium wp-image-8999\" src=\"https:\/\/francois-pelletant.fr\/blog\/wp-content\/uploads\/2017\/03\/Olivero-9-mars-276x300.jpg\" alt=\"Olivero 9 mars\" width=\"276\" height=\"300\" srcset=\"https:\/\/francois-pelletant.fr\/blog\/wp-content\/uploads\/2017\/03\/Olivero-9-mars-276x300.jpg 276w, https:\/\/francois-pelletant.fr\/blog\/wp-content\/uploads\/2017\/03\/Olivero-9-mars.jpg 596w\" sizes=\"auto, (max-width: 276px) 100vw, 276px\" \/><figcaption id=\"caption-attachment-8999\" class=\"wp-caption-text\">Olivero 9 mars<\/figcaption><\/figure>\n<p>&nbsp;<\/p>\n<figure id=\"attachment_9000\" aria-describedby=\"caption-attachment-9000\" style=\"width: 300px\" class=\"wp-caption aligncenter\"><img loading=\"lazy\" decoding=\"async\" class=\"size-medium wp-image-9000\" src=\"https:\/\/francois-pelletant.fr\/blog\/wp-content\/uploads\/2017\/03\/Soulci\u00e9-7-mars-300x238.jpg\" alt=\"Soulci\u00e9 7 mars\" width=\"300\" height=\"238\" srcset=\"https:\/\/francois-pelletant.fr\/blog\/wp-content\/uploads\/2017\/03\/Soulci\u00e9-7-mars-300x238.jpg 300w, https:\/\/francois-pelletant.fr\/blog\/wp-content\/uploads\/2017\/03\/Soulci\u00e9-7-mars-768x610.jpg 768w, https:\/\/francois-pelletant.fr\/blog\/wp-content\/uploads\/2017\/03\/Soulci\u00e9-7-mars-600x476.jpg 600w, https:\/\/francois-pelletant.fr\/blog\/wp-content\/uploads\/2017\/03\/Soulci\u00e9-7-mars-570x450.jpg 570w, https:\/\/francois-pelletant.fr\/blog\/wp-content\/uploads\/2017\/03\/Soulci\u00e9-7-mars.jpg 1000w\" sizes=\"auto, (max-width: 300px) 100vw, 300px\" \/><figcaption id=\"caption-attachment-9000\" class=\"wp-caption-text\">Soulci\u00e9 7 mars<\/figcaption><\/figure>\n<p>&nbsp;<\/p>\n<figure id=\"attachment_9001\" aria-describedby=\"caption-attachment-9001\" style=\"width: 266px\" class=\"wp-caption aligncenter\"><img loading=\"lazy\" decoding=\"async\" class=\"size-medium wp-image-9001\" src=\"https:\/\/francois-pelletant.fr\/blog\/wp-content\/uploads\/2017\/03\/Wingz-9-mars-266x300.jpg\" alt=\"Wingz 9 mars\" width=\"266\" height=\"300\" srcset=\"https:\/\/francois-pelletant.fr\/blog\/wp-content\/uploads\/2017\/03\/Wingz-9-mars-266x300.jpg 266w, https:\/\/francois-pelletant.fr\/blog\/wp-content\/uploads\/2017\/03\/Wingz-9-mars.jpg 472w\" sizes=\"auto, (max-width: 266px) 100vw, 266px\" \/><figcaption id=\"caption-attachment-9001\" class=\"wp-caption-text\">Wingz 9 mars<\/figcaption><\/figure>\n","protected":false},"excerpt":{"rendered":"<p>Je vous ai s\u00e9lectionn\u00e9, une fois de plus, les meilleurs dessins parus dans la presse cette semaine. Entre la journ\u00e9e de la femme, les rebondissements de la campagne pr\u00e9sidentielle, le salon de l&#8217;Agriculture et la d\u00e9faite du PSG en ligue des champions, il y a de quoi s&#8217;amuser&#8230; &nbsp; &nbsp; &nbsp; &nbsp; &nbsp; &nbsp; &nbsp; [&hellip;]<\/p>\n","protected":false},"author":1,"featured_media":8992,"comment_status":"open","ping_status":"closed","sticky":false,"template":"","format":"standard","meta":{"footnotes":""},"categories":[17],"tags":[],"class_list":["post-8991","post","type-post","status-publish","format-standard","has-post-thumbnail","hentry","category-prix-du-meilleur-dessin-de-presse"],"yoast_head":"<!-- This site is optimized with the Yoast SEO plugin v25.6 - https:\/\/yoast.com\/wordpress\/plugins\/seo\/ -->\n<title>Dans la presse cette semaine - Fran\u00e7ois Pelletant<\/title>\n<meta name=\"robots\" content=\"index, follow, max-snippet:-1, max-image-preview:large, max-video-preview:-1\" \/>\n<link rel=\"canonical\" href=\"https:\/\/francois-pelletant.fr\/blog\/presse-cette-semaine\/\" \/>\n<meta property=\"og:locale\" content=\"fr_FR\" \/>\n<meta property=\"og:type\" content=\"article\" \/>\n<meta property=\"og:title\" content=\"Dans la presse cette semaine - Fran\u00e7ois Pelletant\" \/>\n<meta property=\"og:description\" content=\"Je vous ai s\u00e9lectionn\u00e9, une fois de plus, les meilleurs dessins parus dans la presse cette semaine. Entre la journ\u00e9e de la femme, les rebondissements de la campagne pr\u00e9sidentielle, le salon de l&#8217;Agriculture et la d\u00e9faite du PSG en ligue des champions, il y a de quoi s&#8217;amuser&#8230; &nbsp; &nbsp; &nbsp; &nbsp; &nbsp; &nbsp; &nbsp; [&hellip;]\" \/>\n<meta property=\"og:url\" content=\"https:\/\/francois-pelletant.fr\/blog\/presse-cette-semaine\/\" \/>\n<meta property=\"og:site_name\" content=\"Fran\u00e7ois Pelletant\" \/>\n<meta property=\"article:publisher\" content=\"https:\/\/www.facebook.com\/francois.pelletant.7\" \/>\n<meta property=\"article:published_time\" content=\"2017-03-12T06:29:15+00:00\" \/>\n<meta property=\"og:image\" content=\"https:\/\/francois-pelletant.fr\/blog\/wp-content\/uploads\/2017\/03\/Lapert-9-mars.jpg\" \/>\n\t<meta property=\"og:image:width\" content=\"720\" \/>\n\t<meta property=\"og:image:height\" content=\"608\" \/>\n\t<meta property=\"og:image:type\" content=\"image\/jpeg\" \/>\n<meta name=\"author\" content=\"Francois\" \/>\n<meta name=\"twitter:card\" content=\"summary_large_image\" \/>\n<meta name=\"twitter:creator\" content=\"@pelletant\" \/>\n<meta name=\"twitter:site\" content=\"@pelletant\" \/>\n<meta name=\"twitter:label1\" content=\"\u00c9crit par\" \/>\n\t<meta name=\"twitter:data1\" content=\"Francois\" \/>\n\t<meta name=\"twitter:label2\" content=\"Dur\u00e9e de lecture estim\u00e9e\" \/>\n\t<meta name=\"twitter:data2\" content=\"1 minute\" \/>\n<script type=\"application\/ld+json\" class=\"yoast-schema-graph\">{\"@context\":\"https:\/\/schema.org\",\"@graph\":[{\"@type\":\"Article\",\"@id\":\"https:\/\/francois-pelletant.fr\/blog\/presse-cette-semaine\/#article\",\"isPartOf\":{\"@id\":\"https:\/\/francois-pelletant.fr\/blog\/presse-cette-semaine\/\"},\"author\":{\"name\":\"Francois\",\"@id\":\"https:\/\/francois-pelletant.fr\/blog\/#\/schema\/person\/2be41acb171dff8f31aaed1f40cee9f3\"},\"headline\":\"Dans la presse cette semaine\",\"datePublished\":\"2017-03-12T06:29:15+00:00\",\"mainEntityOfPage\":{\"@id\":\"https:\/\/francois-pelletant.fr\/blog\/presse-cette-semaine\/\"},\"wordCount\":160,\"commentCount\":0,\"publisher\":{\"@id\":\"https:\/\/francois-pelletant.fr\/blog\/#organization\"},\"image\":{\"@id\":\"https:\/\/francois-pelletant.fr\/blog\/presse-cette-semaine\/#primaryimage\"},\"thumbnailUrl\":\"https:\/\/francois-pelletant.fr\/blog\/wp-content\/uploads\/2017\/03\/Lapert-9-mars.jpg\",\"articleSection\":[\"Prix du meilleur dessin de presse\"],\"inLanguage\":\"fr-FR\",\"potentialAction\":[{\"@type\":\"CommentAction\",\"name\":\"Comment\",\"target\":[\"https:\/\/francois-pelletant.fr\/blog\/presse-cette-semaine\/#respond\"]}]},{\"@type\":\"WebPage\",\"@id\":\"https:\/\/francois-pelletant.fr\/blog\/presse-cette-semaine\/\",\"url\":\"https:\/\/francois-pelletant.fr\/blog\/presse-cette-semaine\/\",\"name\":\"Dans la presse cette semaine - Fran\u00e7ois Pelletant\",\"isPartOf\":{\"@id\":\"https:\/\/francois-pelletant.fr\/blog\/#website\"},\"primaryImageOfPage\":{\"@id\":\"https:\/\/francois-pelletant.fr\/blog\/presse-cette-semaine\/#primaryimage\"},\"image\":{\"@id\":\"https:\/\/francois-pelletant.fr\/blog\/presse-cette-semaine\/#primaryimage\"},\"thumbnailUrl\":\"https:\/\/francois-pelletant.fr\/blog\/wp-content\/uploads\/2017\/03\/Lapert-9-mars.jpg\",\"datePublished\":\"2017-03-12T06:29:15+00:00\",\"breadcrumb\":{\"@id\":\"https:\/\/francois-pelletant.fr\/blog\/presse-cette-semaine\/#breadcrumb\"},\"inLanguage\":\"fr-FR\",\"potentialAction\":[{\"@type\":\"ReadAction\",\"target\":[\"https:\/\/francois-pelletant.fr\/blog\/presse-cette-semaine\/\"]}]},{\"@type\":\"ImageObject\",\"inLanguage\":\"fr-FR\",\"@id\":\"https:\/\/francois-pelletant.fr\/blog\/presse-cette-semaine\/#primaryimage\",\"url\":\"https:\/\/francois-pelletant.fr\/blog\/wp-content\/uploads\/2017\/03\/Lapert-9-mars.jpg\",\"contentUrl\":\"https:\/\/francois-pelletant.fr\/blog\/wp-content\/uploads\/2017\/03\/Lapert-9-mars.jpg\",\"width\":720,\"height\":608,\"caption\":\"Lapert 9 mars\"},{\"@type\":\"BreadcrumbList\",\"@id\":\"https:\/\/francois-pelletant.fr\/blog\/presse-cette-semaine\/#breadcrumb\",\"itemListElement\":[{\"@type\":\"ListItem\",\"position\":1,\"name\":\"Accueil\",\"item\":\"https:\/\/francois-pelletant.fr\/blog\/\"},{\"@type\":\"ListItem\",\"position\":2,\"name\":\"Dans la presse cette semaine\"}]},{\"@type\":\"WebSite\",\"@id\":\"https:\/\/francois-pelletant.fr\/blog\/#website\",\"url\":\"https:\/\/francois-pelletant.fr\/blog\/\",\"name\":\"Fran\u00e7ois Pelletant\",\"description\":\"Maire de Linas, pour toujours.\",\"publisher\":{\"@id\":\"https:\/\/francois-pelletant.fr\/blog\/#organization\"},\"potentialAction\":[{\"@type\":\"SearchAction\",\"target\":{\"@type\":\"EntryPoint\",\"urlTemplate\":\"https:\/\/francois-pelletant.fr\/blog\/?s={search_term_string}\"},\"query-input\":{\"@type\":\"PropertyValueSpecification\",\"valueRequired\":true,\"valueName\":\"search_term_string\"}}],\"inLanguage\":\"fr-FR\"},{\"@type\":\"Organization\",\"@id\":\"https:\/\/francois-pelletant.fr\/blog\/#organization\",\"name\":\"Fran\u00e7ois Pelletant\",\"url\":\"https:\/\/francois-pelletant.fr\/blog\/\",\"logo\":{\"@type\":\"ImageObject\",\"inLanguage\":\"fr-FR\",\"@id\":\"https:\/\/francois-pelletant.fr\/blog\/#\/schema\/logo\/image\/\",\"url\":\"https:\/\/francois-pelletant.fr\/blog\/wp-content\/uploads\/2024\/07\/icone-francois-centre-500p.png\",\"contentUrl\":\"https:\/\/francois-pelletant.fr\/blog\/wp-content\/uploads\/2024\/07\/icone-francois-centre-500p.png\",\"width\":559,\"height\":447,\"caption\":\"Fran\u00e7ois Pelletant\"},\"image\":{\"@id\":\"https:\/\/francois-pelletant.fr\/blog\/#\/schema\/logo\/image\/\"},\"sameAs\":[\"https:\/\/www.facebook.com\/francois.pelletant.7\",\"https:\/\/x.com\/pelletant\"]},{\"@type\":\"Person\",\"@id\":\"https:\/\/francois-pelletant.fr\/blog\/#\/schema\/person\/2be41acb171dff8f31aaed1f40cee9f3\",\"name\":\"Francois\"}]}<\/script>\n<!-- \/ Yoast SEO plugin. -->","yoast_head_json":{"title":"Dans la presse cette semaine - Fran\u00e7ois Pelletant","robots":{"index":"index","follow":"follow","max-snippet":"max-snippet:-1","max-image-preview":"max-image-preview:large","max-video-preview":"max-video-preview:-1"},"canonical":"https:\/\/francois-pelletant.fr\/blog\/presse-cette-semaine\/","og_locale":"fr_FR","og_type":"article","og_title":"Dans la presse cette semaine - Fran\u00e7ois Pelletant","og_description":"Je vous ai s\u00e9lectionn\u00e9, une fois de plus, les meilleurs dessins parus dans la presse cette semaine. Entre la journ\u00e9e de la femme, les rebondissements de la campagne pr\u00e9sidentielle, le salon de l&#8217;Agriculture et la d\u00e9faite du PSG en ligue des champions, il y a de quoi s&#8217;amuser&#8230; &nbsp; &nbsp; &nbsp; &nbsp; &nbsp; &nbsp; &nbsp; [&hellip;]","og_url":"https:\/\/francois-pelletant.fr\/blog\/presse-cette-semaine\/","og_site_name":"Fran\u00e7ois Pelletant","article_publisher":"https:\/\/www.facebook.com\/francois.pelletant.7","article_published_time":"2017-03-12T06:29:15+00:00","og_image":[{"width":720,"height":608,"url":"https:\/\/francois-pelletant.fr\/blog\/wp-content\/uploads\/2017\/03\/Lapert-9-mars.jpg","type":"image\/jpeg"}],"author":"Francois","twitter_card":"summary_large_image","twitter_creator":"@pelletant","twitter_site":"@pelletant","twitter_misc":{"\u00c9crit par":"Francois","Dur\u00e9e de lecture estim\u00e9e":"1 minute"},"schema":{"@context":"https:\/\/schema.org","@graph":[{"@type":"Article","@id":"https:\/\/francois-pelletant.fr\/blog\/presse-cette-semaine\/#article","isPartOf":{"@id":"https:\/\/francois-pelletant.fr\/blog\/presse-cette-semaine\/"},"author":{"name":"Francois","@id":"https:\/\/francois-pelletant.fr\/blog\/#\/schema\/person\/2be41acb171dff8f31aaed1f40cee9f3"},"headline":"Dans la presse cette semaine","datePublished":"2017-03-12T06:29:15+00:00","mainEntityOfPage":{"@id":"https:\/\/francois-pelletant.fr\/blog\/presse-cette-semaine\/"},"wordCount":160,"commentCount":0,"publisher":{"@id":"https:\/\/francois-pelletant.fr\/blog\/#organization"},"image":{"@id":"https:\/\/francois-pelletant.fr\/blog\/presse-cette-semaine\/#primaryimage"},"thumbnailUrl":"https:\/\/francois-pelletant.fr\/blog\/wp-content\/uploads\/2017\/03\/Lapert-9-mars.jpg","articleSection":["Prix du meilleur dessin de presse"],"inLanguage":"fr-FR","potentialAction":[{"@type":"CommentAction","name":"Comment","target":["https:\/\/francois-pelletant.fr\/blog\/presse-cette-semaine\/#respond"]}]},{"@type":"WebPage","@id":"https:\/\/francois-pelletant.fr\/blog\/presse-cette-semaine\/","url":"https:\/\/francois-pelletant.fr\/blog\/presse-cette-semaine\/","name":"Dans la presse cette semaine - Fran\u00e7ois Pelletant","isPartOf":{"@id":"https:\/\/francois-pelletant.fr\/blog\/#website"},"primaryImageOfPage":{"@id":"https:\/\/francois-pelletant.fr\/blog\/presse-cette-semaine\/#primaryimage"},"image":{"@id":"https:\/\/francois-pelletant.fr\/blog\/presse-cette-semaine\/#primaryimage"},"thumbnailUrl":"https:\/\/francois-pelletant.fr\/blog\/wp-content\/uploads\/2017\/03\/Lapert-9-mars.jpg","datePublished":"2017-03-12T06:29:15+00:00","breadcrumb":{"@id":"https:\/\/francois-pelletant.fr\/blog\/presse-cette-semaine\/#breadcrumb"},"inLanguage":"fr-FR","potentialAction":[{"@type":"ReadAction","target":["https:\/\/francois-pelletant.fr\/blog\/presse-cette-semaine\/"]}]},{"@type":"ImageObject","inLanguage":"fr-FR","@id":"https:\/\/francois-pelletant.fr\/blog\/presse-cette-semaine\/#primaryimage","url":"https:\/\/francois-pelletant.fr\/blog\/wp-content\/uploads\/2017\/03\/Lapert-9-mars.jpg","contentUrl":"https:\/\/francois-pelletant.fr\/blog\/wp-content\/uploads\/2017\/03\/Lapert-9-mars.jpg","width":720,"height":608,"caption":"Lapert 9 mars"},{"@type":"BreadcrumbList","@id":"https:\/\/francois-pelletant.fr\/blog\/presse-cette-semaine\/#breadcrumb","itemListElement":[{"@type":"ListItem","position":1,"name":"Accueil","item":"https:\/\/francois-pelletant.fr\/blog\/"},{"@type":"ListItem","position":2,"name":"Dans la presse cette semaine"}]},{"@type":"WebSite","@id":"https:\/\/francois-pelletant.fr\/blog\/#website","url":"https:\/\/francois-pelletant.fr\/blog\/","name":"Fran\u00e7ois Pelletant","description":"Maire de Linas, pour toujours.","publisher":{"@id":"https:\/\/francois-pelletant.fr\/blog\/#organization"},"potentialAction":[{"@type":"SearchAction","target":{"@type":"EntryPoint","urlTemplate":"https:\/\/francois-pelletant.fr\/blog\/?s={search_term_string}"},"query-input":{"@type":"PropertyValueSpecification","valueRequired":true,"valueName":"search_term_string"}}],"inLanguage":"fr-FR"},{"@type":"Organization","@id":"https:\/\/francois-pelletant.fr\/blog\/#organization","name":"Fran\u00e7ois Pelletant","url":"https:\/\/francois-pelletant.fr\/blog\/","logo":{"@type":"ImageObject","inLanguage":"fr-FR","@id":"https:\/\/francois-pelletant.fr\/blog\/#\/schema\/logo\/image\/","url":"https:\/\/francois-pelletant.fr\/blog\/wp-content\/uploads\/2024\/07\/icone-francois-centre-500p.png","contentUrl":"https:\/\/francois-pelletant.fr\/blog\/wp-content\/uploads\/2024\/07\/icone-francois-centre-500p.png","width":559,"height":447,"caption":"Fran\u00e7ois Pelletant"},"image":{"@id":"https:\/\/francois-pelletant.fr\/blog\/#\/schema\/logo\/image\/"},"sameAs":["https:\/\/www.facebook.com\/francois.pelletant.7","https:\/\/x.com\/pelletant"]},{"@type":"Person","@id":"https:\/\/francois-pelletant.fr\/blog\/#\/schema\/person\/2be41acb171dff8f31aaed1f40cee9f3","name":"Francois"}]}},"_links":{"self":[{"href":"https:\/\/francois-pelletant.fr\/blog\/wp-json\/wp\/v2\/posts\/8991","targetHints":{"allow":["GET"]}}],"collection":[{"href":"https:\/\/francois-pelletant.fr\/blog\/wp-json\/wp\/v2\/posts"}],"about":[{"href":"https:\/\/francois-pelletant.fr\/blog\/wp-json\/wp\/v2\/types\/post"}],"author":[{"embeddable":true,"href":"https:\/\/francois-pelletant.fr\/blog\/wp-json\/wp\/v2\/users\/1"}],"replies":[{"embeddable":true,"href":"https:\/\/francois-pelletant.fr\/blog\/wp-json\/wp\/v2\/comments?post=8991"}],"version-history":[{"count":0,"href":"https:\/\/francois-pelletant.fr\/blog\/wp-json\/wp\/v2\/posts\/8991\/revisions"}],"wp:featuredmedia":[{"embeddable":true,"href":"https:\/\/francois-pelletant.fr\/blog\/wp-json\/wp\/v2\/media\/8992"}],"wp:attachment":[{"href":"https:\/\/francois-pelletant.fr\/blog\/wp-json\/wp\/v2\/media?parent=8991"}],"wp:term":[{"taxonomy":"category","embeddable":true,"href":"https:\/\/francois-pelletant.fr\/blog\/wp-json\/wp\/v2\/categories?post=8991"},{"taxonomy":"post_tag","embeddable":true,"href":"https:\/\/francois-pelletant.fr\/blog\/wp-json\/wp\/v2\/tags?post=8991"}],"curies":[{"name":"wp","href":"https:\/\/api.w.org\/{rel}","templated":true}]}}