{"id":9075,"date":"2017-03-24T07:59:33","date_gmt":"2017-03-24T07:59:33","guid":{"rendered":"https:\/\/francois-pelletant.fr\/blog\/?p=9075"},"modified":"2017-04-11T12:13:59","modified_gmt":"2017-04-11T12:13:59","slug":"macron-pelletant-marianne","status":"publish","type":"post","link":"https:\/\/francois-pelletant.fr\/blog\/macron-pelletant-marianne\/","title":{"rendered":"Pelletant \u00e0 la une de Marianne.net"},"content":{"rendered":"<h2><img loading=\"lazy\" decoding=\"async\" class=\"alignleft size-medium wp-image-9076\" src=\"https:\/\/francois-pelletant.fr\/blog\/wp-content\/uploads\/2017\/03\/marianne-macron-pelletant-web-200x300.jpg\" alt=\"marianne macron pelletant-web\" width=\"200\" height=\"300\" srcset=\"https:\/\/francois-pelletant.fr\/blog\/wp-content\/uploads\/2017\/03\/marianne-macron-pelletant-web-200x300.jpg 200w, https:\/\/francois-pelletant.fr\/blog\/wp-content\/uploads\/2017\/03\/marianne-macron-pelletant-web.jpg 378w\" sizes=\"auto, (max-width: 200px) 100vw, 200px\" \/>Pour Macron, j&#8217;ai sign\u00e9 ! Repris dans Marianne<\/h2>\n<p>Au d\u00e9part, \u00a0j&#8217;ai juste voulu expliquer comment un Maire plut\u00f4t \u00e9tiquet\u00e9 au centre-droit peut donner sa signature \u00e0 Emmanuel Macron.<\/p>\n<p>Aussit\u00f4t, Marianne a repris ma chronique &#8220;Maire de droite, pour Macron, je signe&#8221;, \u00e0 la une de son site Internet www.marianne.net. Cela a dur\u00e9 toute la semaine. M\u00eame si \u00e7a fait toujours plaisir, je ne pense pas que ce soit pour mes belles lettres, ou pour les beaux yeux d&#8217;Emmanuel que Marianne a retenu ce sujet, mais plut\u00f4t pour le caract\u00e8re moins fr\u00e9quent de l\u2019expression d&#8217;un \u00e9lu de droite pour le candidat marcheur. Il est vrai que les derniers ralliements sont plut\u00f4t roses. Pour ma part, j&#8217;ai rejoint Emmanuel Macron en ao\u00fbt 2016 et cela ne s&#8217;est vraiment m\u00e9diatis\u00e9 que derni\u00e8rement pour les parrainages.<\/p>\n<p>Pourtant, lorsque vous \u00eates centriste ou non inscrit, si vous regardez les 11 candidats \u00e0 la pr\u00e9sidentielle; quel est celui dans lequel vous vous reconnaissez le plus ? C&#8217;est \u00e0 cela que j&#8217;ai voulu r\u00e9pondre. Heureux d&#8217;un tel succ\u00e8s.<\/p>\n<p>A samedi prochain pour ceux qui seront \u00e0 la formation &#8220;campagne&#8221;.<\/p>\n","protected":false},"excerpt":{"rendered":"<p>Pour Macron, j&#8217;ai sign\u00e9 ! Repris dans Marianne Au d\u00e9part, \u00a0j&#8217;ai juste voulu expliquer comment un Maire plut\u00f4t \u00e9tiquet\u00e9 au centre-droit peut donner sa signature \u00e0 Emmanuel Macron. Aussit\u00f4t, Marianne a repris ma chronique &#8220;Maire de droite, pour Macron, je signe&#8221;, \u00e0 la une de son site Internet www.marianne.net. Cela a dur\u00e9 toute la semaine. [&hellip;]<\/p>\n","protected":false},"author":1,"featured_media":9076,"comment_status":"open","ping_status":"closed","sticky":false,"template":"","format":"standard","meta":{"footnotes":""},"categories":[16],"tags":[],"class_list":["post-9075","post","type-post","status-publish","format-standard","has-post-thumbnail","hentry","category-prises-de-positions"],"yoast_head":"<!-- This site is optimized with the Yoast SEO plugin v25.6 - https:\/\/yoast.com\/wordpress\/plugins\/seo\/ -->\n<title>Fran\u00e7ois Pelletant \u00e0 la une du magazine fran\u00e7ais Marianne.net<\/title>\n<meta name=\"description\" content=\"Marianne a repris ma chronique &quot;Maire de droite, pour Macron, je signe&quot;, \u00e0 la une de son site Internet www.marianne.net\" \/>\n<meta name=\"robots\" content=\"index, follow, max-snippet:-1, max-image-preview:large, max-video-preview:-1\" \/>\n<link rel=\"canonical\" href=\"https:\/\/francois-pelletant.fr\/blog\/macron-pelletant-marianne\/\" \/>\n<meta property=\"og:locale\" content=\"fr_FR\" \/>\n<meta property=\"og:type\" content=\"article\" \/>\n<meta property=\"og:title\" content=\"Fran\u00e7ois Pelletant \u00e0 la une du magazine fran\u00e7ais Marianne.net\" \/>\n<meta property=\"og:description\" content=\"Marianne a repris ma chronique &quot;Maire de droite, pour Macron, je signe&quot;, \u00e0 la une de son site Internet www.marianne.net\" \/>\n<meta property=\"og:url\" content=\"https:\/\/francois-pelletant.fr\/blog\/macron-pelletant-marianne\/\" \/>\n<meta property=\"og:site_name\" content=\"Fran\u00e7ois Pelletant\" \/>\n<meta property=\"article:publisher\" content=\"https:\/\/www.facebook.com\/francois.pelletant.7\" \/>\n<meta property=\"article:published_time\" content=\"2017-03-24T07:59:33+00:00\" \/>\n<meta property=\"article:modified_time\" content=\"2017-04-11T12:13:59+00:00\" \/>\n<meta property=\"og:image\" content=\"https:\/\/francois-pelletant.fr\/blog\/wp-content\/uploads\/2017\/03\/marianne-macron-pelletant-web.jpg\" \/>\n\t<meta property=\"og:image:width\" content=\"378\" \/>\n\t<meta property=\"og:image:height\" content=\"568\" \/>\n\t<meta property=\"og:image:type\" content=\"image\/jpeg\" \/>\n<meta name=\"author\" content=\"Francois\" \/>\n<meta name=\"twitter:card\" content=\"summary_large_image\" \/>\n<meta name=\"twitter:creator\" content=\"@pelletant\" \/>\n<meta name=\"twitter:site\" content=\"@pelletant\" \/>\n<meta name=\"twitter:label1\" content=\"\u00c9crit par\" \/>\n\t<meta name=\"twitter:data1\" content=\"Francois\" \/>\n\t<meta name=\"twitter:label2\" content=\"Dur\u00e9e de lecture estim\u00e9e\" \/>\n\t<meta name=\"twitter:data2\" content=\"1 minute\" \/>\n<script type=\"application\/ld+json\" class=\"yoast-schema-graph\">{\"@context\":\"https:\/\/schema.org\",\"@graph\":[{\"@type\":\"Article\",\"@id\":\"https:\/\/francois-pelletant.fr\/blog\/macron-pelletant-marianne\/#article\",\"isPartOf\":{\"@id\":\"https:\/\/francois-pelletant.fr\/blog\/macron-pelletant-marianne\/\"},\"author\":{\"name\":\"Francois\",\"@id\":\"https:\/\/francois-pelletant.fr\/blog\/#\/schema\/person\/2be41acb171dff8f31aaed1f40cee9f3\"},\"headline\":\"Pelletant \u00e0 la une de Marianne.net\",\"datePublished\":\"2017-03-24T07:59:33+00:00\",\"dateModified\":\"2017-04-11T12:13:59+00:00\",\"mainEntityOfPage\":{\"@id\":\"https:\/\/francois-pelletant.fr\/blog\/macron-pelletant-marianne\/\"},\"wordCount\":205,\"commentCount\":0,\"publisher\":{\"@id\":\"https:\/\/francois-pelletant.fr\/blog\/#organization\"},\"image\":{\"@id\":\"https:\/\/francois-pelletant.fr\/blog\/macron-pelletant-marianne\/#primaryimage\"},\"thumbnailUrl\":\"https:\/\/francois-pelletant.fr\/blog\/wp-content\/uploads\/2017\/03\/marianne-macron-pelletant-web.jpg\",\"articleSection\":[\"Prises de positions\"],\"inLanguage\":\"fr-FR\",\"potentialAction\":[{\"@type\":\"CommentAction\",\"name\":\"Comment\",\"target\":[\"https:\/\/francois-pelletant.fr\/blog\/macron-pelletant-marianne\/#respond\"]}]},{\"@type\":\"WebPage\",\"@id\":\"https:\/\/francois-pelletant.fr\/blog\/macron-pelletant-marianne\/\",\"url\":\"https:\/\/francois-pelletant.fr\/blog\/macron-pelletant-marianne\/\",\"name\":\"Fran\u00e7ois Pelletant \u00e0 la une du magazine fran\u00e7ais Marianne.net\",\"isPartOf\":{\"@id\":\"https:\/\/francois-pelletant.fr\/blog\/#website\"},\"primaryImageOfPage\":{\"@id\":\"https:\/\/francois-pelletant.fr\/blog\/macron-pelletant-marianne\/#primaryimage\"},\"image\":{\"@id\":\"https:\/\/francois-pelletant.fr\/blog\/macron-pelletant-marianne\/#primaryimage\"},\"thumbnailUrl\":\"https:\/\/francois-pelletant.fr\/blog\/wp-content\/uploads\/2017\/03\/marianne-macron-pelletant-web.jpg\",\"datePublished\":\"2017-03-24T07:59:33+00:00\",\"dateModified\":\"2017-04-11T12:13:59+00:00\",\"description\":\"Marianne a repris ma chronique \\\"Maire de droite, pour Macron, je signe\\\", \u00e0 la une de son site Internet www.marianne.net\",\"breadcrumb\":{\"@id\":\"https:\/\/francois-pelletant.fr\/blog\/macron-pelletant-marianne\/#breadcrumb\"},\"inLanguage\":\"fr-FR\",\"potentialAction\":[{\"@type\":\"ReadAction\",\"target\":[\"https:\/\/francois-pelletant.fr\/blog\/macron-pelletant-marianne\/\"]}]},{\"@type\":\"ImageObject\",\"inLanguage\":\"fr-FR\",\"@id\":\"https:\/\/francois-pelletant.fr\/blog\/macron-pelletant-marianne\/#primaryimage\",\"url\":\"https:\/\/francois-pelletant.fr\/blog\/wp-content\/uploads\/2017\/03\/marianne-macron-pelletant-web.jpg\",\"contentUrl\":\"https:\/\/francois-pelletant.fr\/blog\/wp-content\/uploads\/2017\/03\/marianne-macron-pelletant-web.jpg\",\"width\":378,\"height\":568},{\"@type\":\"BreadcrumbList\",\"@id\":\"https:\/\/francois-pelletant.fr\/blog\/macron-pelletant-marianne\/#breadcrumb\",\"itemListElement\":[{\"@type\":\"ListItem\",\"position\":1,\"name\":\"Accueil\",\"item\":\"https:\/\/francois-pelletant.fr\/blog\/\"},{\"@type\":\"ListItem\",\"position\":2,\"name\":\"Pelletant \u00e0 la une de Marianne.net\"}]},{\"@type\":\"WebSite\",\"@id\":\"https:\/\/francois-pelletant.fr\/blog\/#website\",\"url\":\"https:\/\/francois-pelletant.fr\/blog\/\",\"name\":\"Fran\u00e7ois Pelletant\",\"description\":\"Maire de Linas, pour toujours.\",\"publisher\":{\"@id\":\"https:\/\/francois-pelletant.fr\/blog\/#organization\"},\"potentialAction\":[{\"@type\":\"SearchAction\",\"target\":{\"@type\":\"EntryPoint\",\"urlTemplate\":\"https:\/\/francois-pelletant.fr\/blog\/?s={search_term_string}\"},\"query-input\":{\"@type\":\"PropertyValueSpecification\",\"valueRequired\":true,\"valueName\":\"search_term_string\"}}],\"inLanguage\":\"fr-FR\"},{\"@type\":\"Organization\",\"@id\":\"https:\/\/francois-pelletant.fr\/blog\/#organization\",\"name\":\"Fran\u00e7ois Pelletant\",\"url\":\"https:\/\/francois-pelletant.fr\/blog\/\",\"logo\":{\"@type\":\"ImageObject\",\"inLanguage\":\"fr-FR\",\"@id\":\"https:\/\/francois-pelletant.fr\/blog\/#\/schema\/logo\/image\/\",\"url\":\"https:\/\/francois-pelletant.fr\/blog\/wp-content\/uploads\/2024\/07\/icone-francois-centre-500p.png\",\"contentUrl\":\"https:\/\/francois-pelletant.fr\/blog\/wp-content\/uploads\/2024\/07\/icone-francois-centre-500p.png\",\"width\":559,\"height\":447,\"caption\":\"Fran\u00e7ois Pelletant\"},\"image\":{\"@id\":\"https:\/\/francois-pelletant.fr\/blog\/#\/schema\/logo\/image\/\"},\"sameAs\":[\"https:\/\/www.facebook.com\/francois.pelletant.7\",\"https:\/\/x.com\/pelletant\"]},{\"@type\":\"Person\",\"@id\":\"https:\/\/francois-pelletant.fr\/blog\/#\/schema\/person\/2be41acb171dff8f31aaed1f40cee9f3\",\"name\":\"Francois\"}]}<\/script>\n<!-- \/ Yoast SEO plugin. -->","yoast_head_json":{"title":"Fran\u00e7ois Pelletant \u00e0 la une du magazine fran\u00e7ais Marianne.net","description":"Marianne a repris ma chronique \"Maire de droite, pour Macron, je signe\", \u00e0 la une de son site Internet www.marianne.net","robots":{"index":"index","follow":"follow","max-snippet":"max-snippet:-1","max-image-preview":"max-image-preview:large","max-video-preview":"max-video-preview:-1"},"canonical":"https:\/\/francois-pelletant.fr\/blog\/macron-pelletant-marianne\/","og_locale":"fr_FR","og_type":"article","og_title":"Fran\u00e7ois Pelletant \u00e0 la une du magazine fran\u00e7ais Marianne.net","og_description":"Marianne a repris ma chronique \"Maire de droite, pour Macron, je signe\", \u00e0 la une de son site Internet www.marianne.net","og_url":"https:\/\/francois-pelletant.fr\/blog\/macron-pelletant-marianne\/","og_site_name":"Fran\u00e7ois Pelletant","article_publisher":"https:\/\/www.facebook.com\/francois.pelletant.7","article_published_time":"2017-03-24T07:59:33+00:00","article_modified_time":"2017-04-11T12:13:59+00:00","og_image":[{"width":378,"height":568,"url":"https:\/\/francois-pelletant.fr\/blog\/wp-content\/uploads\/2017\/03\/marianne-macron-pelletant-web.jpg","type":"image\/jpeg"}],"author":"Francois","twitter_card":"summary_large_image","twitter_creator":"@pelletant","twitter_site":"@pelletant","twitter_misc":{"\u00c9crit par":"Francois","Dur\u00e9e de lecture estim\u00e9e":"1 minute"},"schema":{"@context":"https:\/\/schema.org","@graph":[{"@type":"Article","@id":"https:\/\/francois-pelletant.fr\/blog\/macron-pelletant-marianne\/#article","isPartOf":{"@id":"https:\/\/francois-pelletant.fr\/blog\/macron-pelletant-marianne\/"},"author":{"name":"Francois","@id":"https:\/\/francois-pelletant.fr\/blog\/#\/schema\/person\/2be41acb171dff8f31aaed1f40cee9f3"},"headline":"Pelletant \u00e0 la une de Marianne.net","datePublished":"2017-03-24T07:59:33+00:00","dateModified":"2017-04-11T12:13:59+00:00","mainEntityOfPage":{"@id":"https:\/\/francois-pelletant.fr\/blog\/macron-pelletant-marianne\/"},"wordCount":205,"commentCount":0,"publisher":{"@id":"https:\/\/francois-pelletant.fr\/blog\/#organization"},"image":{"@id":"https:\/\/francois-pelletant.fr\/blog\/macron-pelletant-marianne\/#primaryimage"},"thumbnailUrl":"https:\/\/francois-pelletant.fr\/blog\/wp-content\/uploads\/2017\/03\/marianne-macron-pelletant-web.jpg","articleSection":["Prises de positions"],"inLanguage":"fr-FR","potentialAction":[{"@type":"CommentAction","name":"Comment","target":["https:\/\/francois-pelletant.fr\/blog\/macron-pelletant-marianne\/#respond"]}]},{"@type":"WebPage","@id":"https:\/\/francois-pelletant.fr\/blog\/macron-pelletant-marianne\/","url":"https:\/\/francois-pelletant.fr\/blog\/macron-pelletant-marianne\/","name":"Fran\u00e7ois Pelletant \u00e0 la une du magazine fran\u00e7ais Marianne.net","isPartOf":{"@id":"https:\/\/francois-pelletant.fr\/blog\/#website"},"primaryImageOfPage":{"@id":"https:\/\/francois-pelletant.fr\/blog\/macron-pelletant-marianne\/#primaryimage"},"image":{"@id":"https:\/\/francois-pelletant.fr\/blog\/macron-pelletant-marianne\/#primaryimage"},"thumbnailUrl":"https:\/\/francois-pelletant.fr\/blog\/wp-content\/uploads\/2017\/03\/marianne-macron-pelletant-web.jpg","datePublished":"2017-03-24T07:59:33+00:00","dateModified":"2017-04-11T12:13:59+00:00","description":"Marianne a repris ma chronique \"Maire de droite, pour Macron, je signe\", \u00e0 la une de son site Internet www.marianne.net","breadcrumb":{"@id":"https:\/\/francois-pelletant.fr\/blog\/macron-pelletant-marianne\/#breadcrumb"},"inLanguage":"fr-FR","potentialAction":[{"@type":"ReadAction","target":["https:\/\/francois-pelletant.fr\/blog\/macron-pelletant-marianne\/"]}]},{"@type":"ImageObject","inLanguage":"fr-FR","@id":"https:\/\/francois-pelletant.fr\/blog\/macron-pelletant-marianne\/#primaryimage","url":"https:\/\/francois-pelletant.fr\/blog\/wp-content\/uploads\/2017\/03\/marianne-macron-pelletant-web.jpg","contentUrl":"https:\/\/francois-pelletant.fr\/blog\/wp-content\/uploads\/2017\/03\/marianne-macron-pelletant-web.jpg","width":378,"height":568},{"@type":"BreadcrumbList","@id":"https:\/\/francois-pelletant.fr\/blog\/macron-pelletant-marianne\/#breadcrumb","itemListElement":[{"@type":"ListItem","position":1,"name":"Accueil","item":"https:\/\/francois-pelletant.fr\/blog\/"},{"@type":"ListItem","position":2,"name":"Pelletant \u00e0 la une de Marianne.net"}]},{"@type":"WebSite","@id":"https:\/\/francois-pelletant.fr\/blog\/#website","url":"https:\/\/francois-pelletant.fr\/blog\/","name":"Fran\u00e7ois Pelletant","description":"Maire de Linas, pour toujours.","publisher":{"@id":"https:\/\/francois-pelletant.fr\/blog\/#organization"},"potentialAction":[{"@type":"SearchAction","target":{"@type":"EntryPoint","urlTemplate":"https:\/\/francois-pelletant.fr\/blog\/?s={search_term_string}"},"query-input":{"@type":"PropertyValueSpecification","valueRequired":true,"valueName":"search_term_string"}}],"inLanguage":"fr-FR"},{"@type":"Organization","@id":"https:\/\/francois-pelletant.fr\/blog\/#organization","name":"Fran\u00e7ois Pelletant","url":"https:\/\/francois-pelletant.fr\/blog\/","logo":{"@type":"ImageObject","inLanguage":"fr-FR","@id":"https:\/\/francois-pelletant.fr\/blog\/#\/schema\/logo\/image\/","url":"https:\/\/francois-pelletant.fr\/blog\/wp-content\/uploads\/2024\/07\/icone-francois-centre-500p.png","contentUrl":"https:\/\/francois-pelletant.fr\/blog\/wp-content\/uploads\/2024\/07\/icone-francois-centre-500p.png","width":559,"height":447,"caption":"Fran\u00e7ois Pelletant"},"image":{"@id":"https:\/\/francois-pelletant.fr\/blog\/#\/schema\/logo\/image\/"},"sameAs":["https:\/\/www.facebook.com\/francois.pelletant.7","https:\/\/x.com\/pelletant"]},{"@type":"Person","@id":"https:\/\/francois-pelletant.fr\/blog\/#\/schema\/person\/2be41acb171dff8f31aaed1f40cee9f3","name":"Francois"}]}},"_links":{"self":[{"href":"https:\/\/francois-pelletant.fr\/blog\/wp-json\/wp\/v2\/posts\/9075","targetHints":{"allow":["GET"]}}],"collection":[{"href":"https:\/\/francois-pelletant.fr\/blog\/wp-json\/wp\/v2\/posts"}],"about":[{"href":"https:\/\/francois-pelletant.fr\/blog\/wp-json\/wp\/v2\/types\/post"}],"author":[{"embeddable":true,"href":"https:\/\/francois-pelletant.fr\/blog\/wp-json\/wp\/v2\/users\/1"}],"replies":[{"embeddable":true,"href":"https:\/\/francois-pelletant.fr\/blog\/wp-json\/wp\/v2\/comments?post=9075"}],"version-history":[{"count":0,"href":"https:\/\/francois-pelletant.fr\/blog\/wp-json\/wp\/v2\/posts\/9075\/revisions"}],"wp:featuredmedia":[{"embeddable":true,"href":"https:\/\/francois-pelletant.fr\/blog\/wp-json\/wp\/v2\/media\/9076"}],"wp:attachment":[{"href":"https:\/\/francois-pelletant.fr\/blog\/wp-json\/wp\/v2\/media?parent=9075"}],"wp:term":[{"taxonomy":"category","embeddable":true,"href":"https:\/\/francois-pelletant.fr\/blog\/wp-json\/wp\/v2\/categories?post=9075"},{"taxonomy":"post_tag","embeddable":true,"href":"https:\/\/francois-pelletant.fr\/blog\/wp-json\/wp\/v2\/tags?post=9075"}],"curies":[{"name":"wp","href":"https:\/\/api.w.org\/{rel}","templated":true}]}}