{"id":936,"date":"2011-12-15T08:44:45","date_gmt":"2011-12-15T08:44:45","guid":{"rendered":"https:\/\/francois-pelletant.fr\/blog\/?p=936"},"modified":"2011-12-15T08:44:45","modified_gmt":"2011-12-15T08:44:45","slug":"le-chemin-du-vieux-pave-de-bruyeres-sous-surveillance","status":"publish","type":"post","link":"https:\/\/francois-pelletant.fr\/blog\/le-chemin-du-vieux-pave-de-bruyeres-sous-surveillance\/","title":{"rendered":"Le Chemin du Vieux Pav\u00e9 de Bruy\u00e8res sous surveillance"},"content":{"rendered":"<p><a href=\"https:\/\/francois-pelletant.fr\/blog\/wp-content\/uploads\/2011\/12\/constructions-sauvages.jpg\"><img loading=\"lazy\" decoding=\"async\" class=\"alignleft size-medium wp-image-937\" title=\"constructions sauvages\" src=\"https:\/\/francois-pelletant.fr\/blog\/wp-content\/uploads\/2011\/12\/constructions-sauvages-300x190.jpg\" alt=\"\" width=\"300\" height=\"190\" \/><\/a>Afin d\u2019\u00e9viter toute installation sauvage de roms chemin du Vieux Pav\u00e9 de Bruy\u00e8res \u00e0 Linas, u<strong>ne ronde de la BAC et de la Police Municipale a \u00e9t\u00e9 mise en place<\/strong>.\u00a0La semaine derni\u00e8re,\u00a05 individus ont en effet \u00e9t\u00e9 \u00e9vinc\u00e9s des lieux par nos services de Police. Pr\u00e9textant vouloir \u00ab\u00a0ramasser de la ferraille\u00a0\u00bb, on peut supposer qu\u2019ils effectuaient\u00a0\u00a0un rep\u00e9rage des lieux en vue d\u2019une possible installation. Ces inqui\u00e9tudes sont d\u2019autant plus fond\u00e9es qu\u2019un groupe a r\u00e9cemment \u00e9t\u00e9 expuls\u00e9 de la commune de Sainte-Genevi\u00e8ve-des-Bois.<\/p>\n","protected":false},"excerpt":{"rendered":"<p>Afin d\u2019\u00e9viter toute installation sauvage de roms chemin du Vieux Pav\u00e9 de Bruy\u00e8res \u00e0 Linas, une ronde de la BAC et de la Police Municipale a \u00e9t\u00e9 mise en place.\u00a0La semaine derni\u00e8re,\u00a05 individus ont en effet \u00e9t\u00e9 \u00e9vinc\u00e9s des lieux par nos services de Police. Pr\u00e9textant vouloir \u00ab\u00a0ramasser de la ferraille\u00a0\u00bb, on peut supposer qu\u2019ils [&hellip;]<\/p>\n","protected":false},"author":1,"featured_media":937,"comment_status":"open","ping_status":"open","sticky":false,"template":"","format":"standard","meta":{"footnotes":""},"categories":[6],"tags":[],"class_list":["post-936","post","type-post","status-publish","format-standard","has-post-thumbnail","hentry","category-environnement"],"yoast_head":"<!-- This site is optimized with the Yoast SEO plugin v25.6 - https:\/\/yoast.com\/wordpress\/plugins\/seo\/ -->\n<title>Le Chemin du Vieux Pav\u00e9 de Bruy\u00e8res sous surveillance - Fran\u00e7ois Pelletant<\/title>\n<meta name=\"robots\" content=\"index, follow, max-snippet:-1, max-image-preview:large, max-video-preview:-1\" \/>\n<link rel=\"canonical\" href=\"https:\/\/francois-pelletant.fr\/blog\/le-chemin-du-vieux-pave-de-bruyeres-sous-surveillance\/\" \/>\n<meta property=\"og:locale\" content=\"fr_FR\" \/>\n<meta property=\"og:type\" content=\"article\" \/>\n<meta property=\"og:title\" content=\"Le Chemin du Vieux Pav\u00e9 de Bruy\u00e8res sous surveillance - Fran\u00e7ois Pelletant\" \/>\n<meta property=\"og:description\" content=\"Afin d\u2019\u00e9viter toute installation sauvage de roms chemin du Vieux Pav\u00e9 de Bruy\u00e8res \u00e0 Linas, une ronde de la BAC et de la Police Municipale a \u00e9t\u00e9 mise en place.\u00a0La semaine derni\u00e8re,\u00a05 individus ont en effet \u00e9t\u00e9 \u00e9vinc\u00e9s des lieux par nos services de Police. Pr\u00e9textant vouloir \u00ab\u00a0ramasser de la ferraille\u00a0\u00bb, on peut supposer qu\u2019ils [&hellip;]\" \/>\n<meta property=\"og:url\" content=\"https:\/\/francois-pelletant.fr\/blog\/le-chemin-du-vieux-pave-de-bruyeres-sous-surveillance\/\" \/>\n<meta property=\"og:site_name\" content=\"Fran\u00e7ois Pelletant\" \/>\n<meta property=\"article:publisher\" content=\"https:\/\/www.facebook.com\/francois.pelletant.7\" \/>\n<meta property=\"article:published_time\" content=\"2011-12-15T08:44:45+00:00\" \/>\n<meta property=\"og:image\" content=\"https:\/\/francois-pelletant.fr\/blog\/wp-content\/uploads\/2011\/12\/constructions-sauvages.jpg\" \/>\n\t<meta property=\"og:image:width\" content=\"886\" \/>\n\t<meta property=\"og:image:height\" content=\"564\" \/>\n\t<meta property=\"og:image:type\" content=\"image\/jpeg\" \/>\n<meta name=\"author\" content=\"Francois\" \/>\n<meta name=\"twitter:card\" content=\"summary_large_image\" \/>\n<meta name=\"twitter:creator\" content=\"@pelletant\" \/>\n<meta name=\"twitter:site\" content=\"@pelletant\" \/>\n<meta name=\"twitter:label1\" content=\"\u00c9crit par\" \/>\n\t<meta name=\"twitter:data1\" content=\"Francois\" \/>\n<script type=\"application\/ld+json\" class=\"yoast-schema-graph\">{\"@context\":\"https:\/\/schema.org\",\"@graph\":[{\"@type\":\"Article\",\"@id\":\"https:\/\/francois-pelletant.fr\/blog\/le-chemin-du-vieux-pave-de-bruyeres-sous-surveillance\/#article\",\"isPartOf\":{\"@id\":\"https:\/\/francois-pelletant.fr\/blog\/le-chemin-du-vieux-pave-de-bruyeres-sous-surveillance\/\"},\"author\":{\"name\":\"Francois\",\"@id\":\"https:\/\/francois-pelletant.fr\/blog\/#\/schema\/person\/2be41acb171dff8f31aaed1f40cee9f3\"},\"headline\":\"Le Chemin du Vieux Pav\u00e9 de Bruy\u00e8res sous surveillance\",\"datePublished\":\"2011-12-15T08:44:45+00:00\",\"mainEntityOfPage\":{\"@id\":\"https:\/\/francois-pelletant.fr\/blog\/le-chemin-du-vieux-pave-de-bruyeres-sous-surveillance\/\"},\"wordCount\":106,\"commentCount\":0,\"publisher\":{\"@id\":\"https:\/\/francois-pelletant.fr\/blog\/#organization\"},\"image\":{\"@id\":\"https:\/\/francois-pelletant.fr\/blog\/le-chemin-du-vieux-pave-de-bruyeres-sous-surveillance\/#primaryimage\"},\"thumbnailUrl\":\"https:\/\/francois-pelletant.fr\/blog\/wp-content\/uploads\/2011\/12\/constructions-sauvages.jpg\",\"articleSection\":[\"Environnement\"],\"inLanguage\":\"fr-FR\",\"potentialAction\":[{\"@type\":\"CommentAction\",\"name\":\"Comment\",\"target\":[\"https:\/\/francois-pelletant.fr\/blog\/le-chemin-du-vieux-pave-de-bruyeres-sous-surveillance\/#respond\"]}]},{\"@type\":\"WebPage\",\"@id\":\"https:\/\/francois-pelletant.fr\/blog\/le-chemin-du-vieux-pave-de-bruyeres-sous-surveillance\/\",\"url\":\"https:\/\/francois-pelletant.fr\/blog\/le-chemin-du-vieux-pave-de-bruyeres-sous-surveillance\/\",\"name\":\"Le Chemin du Vieux Pav\u00e9 de Bruy\u00e8res sous surveillance - Fran\u00e7ois Pelletant\",\"isPartOf\":{\"@id\":\"https:\/\/francois-pelletant.fr\/blog\/#website\"},\"primaryImageOfPage\":{\"@id\":\"https:\/\/francois-pelletant.fr\/blog\/le-chemin-du-vieux-pave-de-bruyeres-sous-surveillance\/#primaryimage\"},\"image\":{\"@id\":\"https:\/\/francois-pelletant.fr\/blog\/le-chemin-du-vieux-pave-de-bruyeres-sous-surveillance\/#primaryimage\"},\"thumbnailUrl\":\"https:\/\/francois-pelletant.fr\/blog\/wp-content\/uploads\/2011\/12\/constructions-sauvages.jpg\",\"datePublished\":\"2011-12-15T08:44:45+00:00\",\"breadcrumb\":{\"@id\":\"https:\/\/francois-pelletant.fr\/blog\/le-chemin-du-vieux-pave-de-bruyeres-sous-surveillance\/#breadcrumb\"},\"inLanguage\":\"fr-FR\",\"potentialAction\":[{\"@type\":\"ReadAction\",\"target\":[\"https:\/\/francois-pelletant.fr\/blog\/le-chemin-du-vieux-pave-de-bruyeres-sous-surveillance\/\"]}]},{\"@type\":\"ImageObject\",\"inLanguage\":\"fr-FR\",\"@id\":\"https:\/\/francois-pelletant.fr\/blog\/le-chemin-du-vieux-pave-de-bruyeres-sous-surveillance\/#primaryimage\",\"url\":\"https:\/\/francois-pelletant.fr\/blog\/wp-content\/uploads\/2011\/12\/constructions-sauvages.jpg\",\"contentUrl\":\"https:\/\/francois-pelletant.fr\/blog\/wp-content\/uploads\/2011\/12\/constructions-sauvages.jpg\",\"width\":886,\"height\":564},{\"@type\":\"BreadcrumbList\",\"@id\":\"https:\/\/francois-pelletant.fr\/blog\/le-chemin-du-vieux-pave-de-bruyeres-sous-surveillance\/#breadcrumb\",\"itemListElement\":[{\"@type\":\"ListItem\",\"position\":1,\"name\":\"Accueil\",\"item\":\"https:\/\/francois-pelletant.fr\/blog\/\"},{\"@type\":\"ListItem\",\"position\":2,\"name\":\"Le Chemin du Vieux Pav\u00e9 de Bruy\u00e8res sous surveillance\"}]},{\"@type\":\"WebSite\",\"@id\":\"https:\/\/francois-pelletant.fr\/blog\/#website\",\"url\":\"https:\/\/francois-pelletant.fr\/blog\/\",\"name\":\"Fran\u00e7ois Pelletant\",\"description\":\"Maire de Linas, pour toujours.\",\"publisher\":{\"@id\":\"https:\/\/francois-pelletant.fr\/blog\/#organization\"},\"potentialAction\":[{\"@type\":\"SearchAction\",\"target\":{\"@type\":\"EntryPoint\",\"urlTemplate\":\"https:\/\/francois-pelletant.fr\/blog\/?s={search_term_string}\"},\"query-input\":{\"@type\":\"PropertyValueSpecification\",\"valueRequired\":true,\"valueName\":\"search_term_string\"}}],\"inLanguage\":\"fr-FR\"},{\"@type\":\"Organization\",\"@id\":\"https:\/\/francois-pelletant.fr\/blog\/#organization\",\"name\":\"Fran\u00e7ois Pelletant\",\"url\":\"https:\/\/francois-pelletant.fr\/blog\/\",\"logo\":{\"@type\":\"ImageObject\",\"inLanguage\":\"fr-FR\",\"@id\":\"https:\/\/francois-pelletant.fr\/blog\/#\/schema\/logo\/image\/\",\"url\":\"https:\/\/francois-pelletant.fr\/blog\/wp-content\/uploads\/2024\/07\/icone-francois-centre-500p.png\",\"contentUrl\":\"https:\/\/francois-pelletant.fr\/blog\/wp-content\/uploads\/2024\/07\/icone-francois-centre-500p.png\",\"width\":559,\"height\":447,\"caption\":\"Fran\u00e7ois Pelletant\"},\"image\":{\"@id\":\"https:\/\/francois-pelletant.fr\/blog\/#\/schema\/logo\/image\/\"},\"sameAs\":[\"https:\/\/www.facebook.com\/francois.pelletant.7\",\"https:\/\/x.com\/pelletant\"]},{\"@type\":\"Person\",\"@id\":\"https:\/\/francois-pelletant.fr\/blog\/#\/schema\/person\/2be41acb171dff8f31aaed1f40cee9f3\",\"name\":\"Francois\"}]}<\/script>\n<!-- \/ Yoast SEO plugin. -->","yoast_head_json":{"title":"Le Chemin du Vieux Pav\u00e9 de Bruy\u00e8res sous surveillance - Fran\u00e7ois Pelletant","robots":{"index":"index","follow":"follow","max-snippet":"max-snippet:-1","max-image-preview":"max-image-preview:large","max-video-preview":"max-video-preview:-1"},"canonical":"https:\/\/francois-pelletant.fr\/blog\/le-chemin-du-vieux-pave-de-bruyeres-sous-surveillance\/","og_locale":"fr_FR","og_type":"article","og_title":"Le Chemin du Vieux Pav\u00e9 de Bruy\u00e8res sous surveillance - Fran\u00e7ois Pelletant","og_description":"Afin d\u2019\u00e9viter toute installation sauvage de roms chemin du Vieux Pav\u00e9 de Bruy\u00e8res \u00e0 Linas, une ronde de la BAC et de la Police Municipale a \u00e9t\u00e9 mise en place.\u00a0La semaine derni\u00e8re,\u00a05 individus ont en effet \u00e9t\u00e9 \u00e9vinc\u00e9s des lieux par nos services de Police. Pr\u00e9textant vouloir \u00ab\u00a0ramasser de la ferraille\u00a0\u00bb, on peut supposer qu\u2019ils [&hellip;]","og_url":"https:\/\/francois-pelletant.fr\/blog\/le-chemin-du-vieux-pave-de-bruyeres-sous-surveillance\/","og_site_name":"Fran\u00e7ois Pelletant","article_publisher":"https:\/\/www.facebook.com\/francois.pelletant.7","article_published_time":"2011-12-15T08:44:45+00:00","og_image":[{"width":886,"height":564,"url":"https:\/\/francois-pelletant.fr\/blog\/wp-content\/uploads\/2011\/12\/constructions-sauvages.jpg","type":"image\/jpeg"}],"author":"Francois","twitter_card":"summary_large_image","twitter_creator":"@pelletant","twitter_site":"@pelletant","twitter_misc":{"\u00c9crit par":"Francois"},"schema":{"@context":"https:\/\/schema.org","@graph":[{"@type":"Article","@id":"https:\/\/francois-pelletant.fr\/blog\/le-chemin-du-vieux-pave-de-bruyeres-sous-surveillance\/#article","isPartOf":{"@id":"https:\/\/francois-pelletant.fr\/blog\/le-chemin-du-vieux-pave-de-bruyeres-sous-surveillance\/"},"author":{"name":"Francois","@id":"https:\/\/francois-pelletant.fr\/blog\/#\/schema\/person\/2be41acb171dff8f31aaed1f40cee9f3"},"headline":"Le Chemin du Vieux Pav\u00e9 de Bruy\u00e8res sous surveillance","datePublished":"2011-12-15T08:44:45+00:00","mainEntityOfPage":{"@id":"https:\/\/francois-pelletant.fr\/blog\/le-chemin-du-vieux-pave-de-bruyeres-sous-surveillance\/"},"wordCount":106,"commentCount":0,"publisher":{"@id":"https:\/\/francois-pelletant.fr\/blog\/#organization"},"image":{"@id":"https:\/\/francois-pelletant.fr\/blog\/le-chemin-du-vieux-pave-de-bruyeres-sous-surveillance\/#primaryimage"},"thumbnailUrl":"https:\/\/francois-pelletant.fr\/blog\/wp-content\/uploads\/2011\/12\/constructions-sauvages.jpg","articleSection":["Environnement"],"inLanguage":"fr-FR","potentialAction":[{"@type":"CommentAction","name":"Comment","target":["https:\/\/francois-pelletant.fr\/blog\/le-chemin-du-vieux-pave-de-bruyeres-sous-surveillance\/#respond"]}]},{"@type":"WebPage","@id":"https:\/\/francois-pelletant.fr\/blog\/le-chemin-du-vieux-pave-de-bruyeres-sous-surveillance\/","url":"https:\/\/francois-pelletant.fr\/blog\/le-chemin-du-vieux-pave-de-bruyeres-sous-surveillance\/","name":"Le Chemin du Vieux Pav\u00e9 de Bruy\u00e8res sous surveillance - Fran\u00e7ois Pelletant","isPartOf":{"@id":"https:\/\/francois-pelletant.fr\/blog\/#website"},"primaryImageOfPage":{"@id":"https:\/\/francois-pelletant.fr\/blog\/le-chemin-du-vieux-pave-de-bruyeres-sous-surveillance\/#primaryimage"},"image":{"@id":"https:\/\/francois-pelletant.fr\/blog\/le-chemin-du-vieux-pave-de-bruyeres-sous-surveillance\/#primaryimage"},"thumbnailUrl":"https:\/\/francois-pelletant.fr\/blog\/wp-content\/uploads\/2011\/12\/constructions-sauvages.jpg","datePublished":"2011-12-15T08:44:45+00:00","breadcrumb":{"@id":"https:\/\/francois-pelletant.fr\/blog\/le-chemin-du-vieux-pave-de-bruyeres-sous-surveillance\/#breadcrumb"},"inLanguage":"fr-FR","potentialAction":[{"@type":"ReadAction","target":["https:\/\/francois-pelletant.fr\/blog\/le-chemin-du-vieux-pave-de-bruyeres-sous-surveillance\/"]}]},{"@type":"ImageObject","inLanguage":"fr-FR","@id":"https:\/\/francois-pelletant.fr\/blog\/le-chemin-du-vieux-pave-de-bruyeres-sous-surveillance\/#primaryimage","url":"https:\/\/francois-pelletant.fr\/blog\/wp-content\/uploads\/2011\/12\/constructions-sauvages.jpg","contentUrl":"https:\/\/francois-pelletant.fr\/blog\/wp-content\/uploads\/2011\/12\/constructions-sauvages.jpg","width":886,"height":564},{"@type":"BreadcrumbList","@id":"https:\/\/francois-pelletant.fr\/blog\/le-chemin-du-vieux-pave-de-bruyeres-sous-surveillance\/#breadcrumb","itemListElement":[{"@type":"ListItem","position":1,"name":"Accueil","item":"https:\/\/francois-pelletant.fr\/blog\/"},{"@type":"ListItem","position":2,"name":"Le Chemin du Vieux Pav\u00e9 de Bruy\u00e8res sous surveillance"}]},{"@type":"WebSite","@id":"https:\/\/francois-pelletant.fr\/blog\/#website","url":"https:\/\/francois-pelletant.fr\/blog\/","name":"Fran\u00e7ois Pelletant","description":"Maire de Linas, pour toujours.","publisher":{"@id":"https:\/\/francois-pelletant.fr\/blog\/#organization"},"potentialAction":[{"@type":"SearchAction","target":{"@type":"EntryPoint","urlTemplate":"https:\/\/francois-pelletant.fr\/blog\/?s={search_term_string}"},"query-input":{"@type":"PropertyValueSpecification","valueRequired":true,"valueName":"search_term_string"}}],"inLanguage":"fr-FR"},{"@type":"Organization","@id":"https:\/\/francois-pelletant.fr\/blog\/#organization","name":"Fran\u00e7ois Pelletant","url":"https:\/\/francois-pelletant.fr\/blog\/","logo":{"@type":"ImageObject","inLanguage":"fr-FR","@id":"https:\/\/francois-pelletant.fr\/blog\/#\/schema\/logo\/image\/","url":"https:\/\/francois-pelletant.fr\/blog\/wp-content\/uploads\/2024\/07\/icone-francois-centre-500p.png","contentUrl":"https:\/\/francois-pelletant.fr\/blog\/wp-content\/uploads\/2024\/07\/icone-francois-centre-500p.png","width":559,"height":447,"caption":"Fran\u00e7ois Pelletant"},"image":{"@id":"https:\/\/francois-pelletant.fr\/blog\/#\/schema\/logo\/image\/"},"sameAs":["https:\/\/www.facebook.com\/francois.pelletant.7","https:\/\/x.com\/pelletant"]},{"@type":"Person","@id":"https:\/\/francois-pelletant.fr\/blog\/#\/schema\/person\/2be41acb171dff8f31aaed1f40cee9f3","name":"Francois"}]}},"_links":{"self":[{"href":"https:\/\/francois-pelletant.fr\/blog\/wp-json\/wp\/v2\/posts\/936","targetHints":{"allow":["GET"]}}],"collection":[{"href":"https:\/\/francois-pelletant.fr\/blog\/wp-json\/wp\/v2\/posts"}],"about":[{"href":"https:\/\/francois-pelletant.fr\/blog\/wp-json\/wp\/v2\/types\/post"}],"author":[{"embeddable":true,"href":"https:\/\/francois-pelletant.fr\/blog\/wp-json\/wp\/v2\/users\/1"}],"replies":[{"embeddable":true,"href":"https:\/\/francois-pelletant.fr\/blog\/wp-json\/wp\/v2\/comments?post=936"}],"version-history":[{"count":0,"href":"https:\/\/francois-pelletant.fr\/blog\/wp-json\/wp\/v2\/posts\/936\/revisions"}],"wp:featuredmedia":[{"embeddable":true,"href":"https:\/\/francois-pelletant.fr\/blog\/wp-json\/wp\/v2\/media\/937"}],"wp:attachment":[{"href":"https:\/\/francois-pelletant.fr\/blog\/wp-json\/wp\/v2\/media?parent=936"}],"wp:term":[{"taxonomy":"category","embeddable":true,"href":"https:\/\/francois-pelletant.fr\/blog\/wp-json\/wp\/v2\/categories?post=936"},{"taxonomy":"post_tag","embeddable":true,"href":"https:\/\/francois-pelletant.fr\/blog\/wp-json\/wp\/v2\/tags?post=936"}],"curies":[{"name":"wp","href":"https:\/\/api.w.org\/{rel}","templated":true}]}}