{"id":9752,"date":"2017-05-03T08:10:30","date_gmt":"2017-05-03T08:10:30","guid":{"rendered":"https:\/\/francois-pelletant.fr\/blog\/?p=9752"},"modified":"2017-05-05T13:16:27","modified_gmt":"2017-05-05T13:16:27","slug":"fibre-villejust","status":"publish","type":"post","link":"https:\/\/francois-pelletant.fr\/blog\/fibre-villejust\/","title":{"rendered":"La fibre \u00e0 Villejust c&#8217;est pour maintenant !"},"content":{"rendered":"<p><img loading=\"lazy\" decoding=\"async\" class=\"alignleft size-medium wp-image-9753\" src=\"https:\/\/francois-pelletant.fr\/blog\/wp-content\/uploads\/2017\/05\/fibre-optique-villejust-300x241.jpg\" alt=\"fibre optique villejust\" width=\"300\" height=\"241\" srcset=\"https:\/\/francois-pelletant.fr\/blog\/wp-content\/uploads\/2017\/05\/fibre-optique-villejust-300x241.jpg 300w, https:\/\/francois-pelletant.fr\/blog\/wp-content\/uploads\/2017\/05\/fibre-optique-villejust-768x617.jpg 768w, https:\/\/francois-pelletant.fr\/blog\/wp-content\/uploads\/2017\/05\/fibre-optique-villejust-600x482.jpg 600w, https:\/\/francois-pelletant.fr\/blog\/wp-content\/uploads\/2017\/05\/fibre-optique-villejust.jpg 900w\" sizes=\"auto, (max-width: 300px) 100vw, 300px\" \/>La fibre \u00e0 Villejust c&#8217;est pour maintenant ! Les travaux de fibrage de la commune sont \u00e0 pr\u00e9sent termin\u00e9s.<\/p>\n<p>Pour autant, les raccordements ne peuvent pas encore commencer car il faut que l&#8217;ensemble des adresses des habitants qui vont pouvoir b\u00e9n\u00e9ficier de la fibre soit entr\u00e9 dans les bases de donn\u00e9es des op\u00e9rateurs Internet. C&#8217;est ce que l&#8217;on appelle la mise \u00e0 jour du syst\u00e8me d&#8217;information et de g\u00e9ographie.<\/p>\n<p>Cette phase est importante car c&#8217;est \u00e0 partir de ces donn\u00e9es informatiques que les op\u00e9rateurs pourront d\u00e9terminer si votre domicile est \u00e9ligible \u00e0 la fibre Tr\u00e8s Haut d\u00e9bit ainsi que la nature des travaux de raccordement qu&#8217;il sera n\u00e9cessaire de r\u00e9aliser pour pouvoir vous connecter. Les &#8220;petites mains&#8221; de Covage \/ Tutor sont donc en cours de saisie des donn\u00e9es qui devraient \u00eatre \u00e0 jour sous peu.<\/p>\n<p>La Commune de Villejust a b\u00e9n\u00e9fici\u00e9 d&#8217;un avantage administratif puisqu&#8217;elle a \u00e9t\u00e9 desservie sur les points de mutualisation implant\u00e9s \u00e0 Villebon-sur-Yvette et \u00e0 Nozay, d\u00e9clar\u00e9s aupr\u00e8s de l&#8217;administration l&#8217;ann\u00e9e derni\u00e8re.<\/p>\n<p>La phase de d\u00e9claration administrative a donc \u00e9t\u00e9 largement simplifi\u00e9e, ce qui explique que la commune de Villejust va pouvoir b\u00e9n\u00e9ficier avant Linas, Marcoussis et Montlh\u00e9ry, des raccordements \u00e0 la fibre.<\/p>\n<p>Mais croisons les doigts car si cela semble en bonne voie, nous ne sommes jamais \u00e0 l&#8217;abri d&#8217;un al\u00e9a ou d&#8217;un contretemps.<\/p>\n<p>Pour tout savoir et connaitre votre \u00e9ligibilit\u00e9 \u00e0 la vibre visitez la page d\u00e9di\u00e9e de mon blog <a href=\"http:\/\/pelletant.fr\/fibre\" target=\"_blank\" data-saferedirecturl=\"https:\/\/www.google.com\/url?hl=fr&amp;q=http:\/\/pelletant.fr\/fibre&amp;source=gmail&amp;ust=1488296007446000&amp;usg=AFQjCNGCLjMF_jhtx0mX9502BwvDSncc5Q\" rel=\"nofollow\">pelletant.fr\/fibre<\/a><\/p>\n","protected":false},"excerpt":{"rendered":"<p>La fibre \u00e0 Villejust c&#8217;est pour maintenant ! Les travaux de fibrage de la commune sont \u00e0 pr\u00e9sent termin\u00e9s. Pour autant, les raccordements ne peuvent pas encore commencer car il faut que l&#8217;ensemble des adresses des habitants qui vont pouvoir b\u00e9n\u00e9ficier de la fibre soit entr\u00e9 dans les bases de donn\u00e9es des op\u00e9rateurs Internet. C&#8217;est [&hellip;]<\/p>\n","protected":false},"author":1,"featured_media":9753,"comment_status":"open","ping_status":"closed","sticky":false,"template":"","format":"standard","meta":{"footnotes":""},"categories":[10,23],"tags":[49,129,131,155,355,354,356],"class_list":["post-9752","post","type-post","status-publish","format-standard","has-post-thumbnail","hentry","category-1pelletant","category-thd","tag-essonne","tag-fibre","tag-fibre-optique","tag-francois-pelletant","tag-internet","tag-tres-haut-debit","tag-villejust"],"yoast_head":"<!-- This site is optimized with the Yoast SEO plugin v25.6 - https:\/\/yoast.com\/wordpress\/plugins\/seo\/ -->\n<title>La fibre \u00e0 Villejust c&#039;est pour maintenant ! - Fran\u00e7ois Pelletant<\/title>\n<meta name=\"description\" content=\"La fibre \u00e0 Villejust c&#039;est pour maintenant ! Les travaux de fibrage en Tr\u00e8s Haut D\u00e9but sont \u00e0 pr\u00e9sent termin\u00e9s.\" \/>\n<meta name=\"robots\" content=\"index, follow, max-snippet:-1, max-image-preview:large, max-video-preview:-1\" \/>\n<link rel=\"canonical\" href=\"https:\/\/francois-pelletant.fr\/blog\/fibre-villejust\/\" \/>\n<meta property=\"og:locale\" content=\"fr_FR\" \/>\n<meta property=\"og:type\" content=\"article\" \/>\n<meta property=\"og:title\" content=\"La fibre \u00e0 Villejust c&#039;est pour maintenant ! - Fran\u00e7ois Pelletant\" \/>\n<meta property=\"og:description\" content=\"La fibre \u00e0 Villejust c&#039;est pour maintenant ! Les travaux de fibrage en Tr\u00e8s Haut D\u00e9but sont \u00e0 pr\u00e9sent termin\u00e9s.\" \/>\n<meta property=\"og:url\" content=\"https:\/\/francois-pelletant.fr\/blog\/fibre-villejust\/\" \/>\n<meta property=\"og:site_name\" content=\"Fran\u00e7ois Pelletant\" \/>\n<meta property=\"article:publisher\" content=\"https:\/\/www.facebook.com\/francois.pelletant.7\" \/>\n<meta property=\"article:published_time\" content=\"2017-05-03T08:10:30+00:00\" \/>\n<meta property=\"article:modified_time\" content=\"2017-05-05T13:16:27+00:00\" \/>\n<meta property=\"og:image\" content=\"https:\/\/francois-pelletant.fr\/blog\/wp-content\/uploads\/2017\/05\/fibre-optique-villejust.jpg\" \/>\n\t<meta property=\"og:image:width\" content=\"900\" \/>\n\t<meta property=\"og:image:height\" content=\"723\" \/>\n\t<meta property=\"og:image:type\" content=\"image\/jpeg\" \/>\n<meta name=\"author\" content=\"Francois\" \/>\n<meta name=\"twitter:card\" content=\"summary_large_image\" \/>\n<meta name=\"twitter:creator\" content=\"@pelletant\" \/>\n<meta name=\"twitter:site\" content=\"@pelletant\" \/>\n<meta name=\"twitter:label1\" content=\"\u00c9crit par\" \/>\n\t<meta name=\"twitter:data1\" content=\"Francois\" \/>\n\t<meta name=\"twitter:label2\" content=\"Dur\u00e9e de lecture estim\u00e9e\" \/>\n\t<meta name=\"twitter:data2\" content=\"1 minute\" \/>\n<script type=\"application\/ld+json\" class=\"yoast-schema-graph\">{\"@context\":\"https:\/\/schema.org\",\"@graph\":[{\"@type\":\"Article\",\"@id\":\"https:\/\/francois-pelletant.fr\/blog\/fibre-villejust\/#article\",\"isPartOf\":{\"@id\":\"https:\/\/francois-pelletant.fr\/blog\/fibre-villejust\/\"},\"author\":{\"name\":\"Francois\",\"@id\":\"https:\/\/francois-pelletant.fr\/blog\/#\/schema\/person\/2be41acb171dff8f31aaed1f40cee9f3\"},\"headline\":\"La fibre \u00e0 Villejust c&#8217;est pour maintenant !\",\"datePublished\":\"2017-05-03T08:10:30+00:00\",\"dateModified\":\"2017-05-05T13:16:27+00:00\",\"mainEntityOfPage\":{\"@id\":\"https:\/\/francois-pelletant.fr\/blog\/fibre-villejust\/\"},\"wordCount\":279,\"commentCount\":0,\"publisher\":{\"@id\":\"https:\/\/francois-pelletant.fr\/blog\/#organization\"},\"image\":{\"@id\":\"https:\/\/francois-pelletant.fr\/blog\/fibre-villejust\/#primaryimage\"},\"thumbnailUrl\":\"https:\/\/francois-pelletant.fr\/blog\/wp-content\/uploads\/2017\/05\/fibre-optique-villejust.jpg\",\"keywords\":[\"Essonne\",\"fibre\",\"fibre optique\",\"fran\u00e7ois pelletant\",\"internet\",\"tr\u00e8s haut d\u00e9bit\",\"villejust\"],\"articleSection\":[\"Infos\",\"Tr\u00e8s Haut D\u00e9bit\"],\"inLanguage\":\"fr-FR\",\"potentialAction\":[{\"@type\":\"CommentAction\",\"name\":\"Comment\",\"target\":[\"https:\/\/francois-pelletant.fr\/blog\/fibre-villejust\/#respond\"]}]},{\"@type\":\"WebPage\",\"@id\":\"https:\/\/francois-pelletant.fr\/blog\/fibre-villejust\/\",\"url\":\"https:\/\/francois-pelletant.fr\/blog\/fibre-villejust\/\",\"name\":\"La fibre \u00e0 Villejust c'est pour maintenant ! - Fran\u00e7ois Pelletant\",\"isPartOf\":{\"@id\":\"https:\/\/francois-pelletant.fr\/blog\/#website\"},\"primaryImageOfPage\":{\"@id\":\"https:\/\/francois-pelletant.fr\/blog\/fibre-villejust\/#primaryimage\"},\"image\":{\"@id\":\"https:\/\/francois-pelletant.fr\/blog\/fibre-villejust\/#primaryimage\"},\"thumbnailUrl\":\"https:\/\/francois-pelletant.fr\/blog\/wp-content\/uploads\/2017\/05\/fibre-optique-villejust.jpg\",\"datePublished\":\"2017-05-03T08:10:30+00:00\",\"dateModified\":\"2017-05-05T13:16:27+00:00\",\"description\":\"La fibre \u00e0 Villejust c'est pour maintenant ! Les travaux de fibrage en Tr\u00e8s Haut D\u00e9but sont \u00e0 pr\u00e9sent termin\u00e9s.\",\"breadcrumb\":{\"@id\":\"https:\/\/francois-pelletant.fr\/blog\/fibre-villejust\/#breadcrumb\"},\"inLanguage\":\"fr-FR\",\"potentialAction\":[{\"@type\":\"ReadAction\",\"target\":[\"https:\/\/francois-pelletant.fr\/blog\/fibre-villejust\/\"]}]},{\"@type\":\"ImageObject\",\"inLanguage\":\"fr-FR\",\"@id\":\"https:\/\/francois-pelletant.fr\/blog\/fibre-villejust\/#primaryimage\",\"url\":\"https:\/\/francois-pelletant.fr\/blog\/wp-content\/uploads\/2017\/05\/fibre-optique-villejust.jpg\",\"contentUrl\":\"https:\/\/francois-pelletant.fr\/blog\/wp-content\/uploads\/2017\/05\/fibre-optique-villejust.jpg\",\"width\":900,\"height\":723},{\"@type\":\"BreadcrumbList\",\"@id\":\"https:\/\/francois-pelletant.fr\/blog\/fibre-villejust\/#breadcrumb\",\"itemListElement\":[{\"@type\":\"ListItem\",\"position\":1,\"name\":\"Accueil\",\"item\":\"https:\/\/francois-pelletant.fr\/blog\/\"},{\"@type\":\"ListItem\",\"position\":2,\"name\":\"La fibre \u00e0 Villejust c&#8217;est pour maintenant !\"}]},{\"@type\":\"WebSite\",\"@id\":\"https:\/\/francois-pelletant.fr\/blog\/#website\",\"url\":\"https:\/\/francois-pelletant.fr\/blog\/\",\"name\":\"Fran\u00e7ois Pelletant\",\"description\":\"Maire de Linas, pour toujours.\",\"publisher\":{\"@id\":\"https:\/\/francois-pelletant.fr\/blog\/#organization\"},\"potentialAction\":[{\"@type\":\"SearchAction\",\"target\":{\"@type\":\"EntryPoint\",\"urlTemplate\":\"https:\/\/francois-pelletant.fr\/blog\/?s={search_term_string}\"},\"query-input\":{\"@type\":\"PropertyValueSpecification\",\"valueRequired\":true,\"valueName\":\"search_term_string\"}}],\"inLanguage\":\"fr-FR\"},{\"@type\":\"Organization\",\"@id\":\"https:\/\/francois-pelletant.fr\/blog\/#organization\",\"name\":\"Fran\u00e7ois Pelletant\",\"url\":\"https:\/\/francois-pelletant.fr\/blog\/\",\"logo\":{\"@type\":\"ImageObject\",\"inLanguage\":\"fr-FR\",\"@id\":\"https:\/\/francois-pelletant.fr\/blog\/#\/schema\/logo\/image\/\",\"url\":\"https:\/\/francois-pelletant.fr\/blog\/wp-content\/uploads\/2024\/07\/icone-francois-centre-500p.png\",\"contentUrl\":\"https:\/\/francois-pelletant.fr\/blog\/wp-content\/uploads\/2024\/07\/icone-francois-centre-500p.png\",\"width\":559,\"height\":447,\"caption\":\"Fran\u00e7ois Pelletant\"},\"image\":{\"@id\":\"https:\/\/francois-pelletant.fr\/blog\/#\/schema\/logo\/image\/\"},\"sameAs\":[\"https:\/\/www.facebook.com\/francois.pelletant.7\",\"https:\/\/x.com\/pelletant\"]},{\"@type\":\"Person\",\"@id\":\"https:\/\/francois-pelletant.fr\/blog\/#\/schema\/person\/2be41acb171dff8f31aaed1f40cee9f3\",\"name\":\"Francois\"}]}<\/script>\n<!-- \/ Yoast SEO plugin. -->","yoast_head_json":{"title":"La fibre \u00e0 Villejust c'est pour maintenant ! - Fran\u00e7ois Pelletant","description":"La fibre \u00e0 Villejust c'est pour maintenant ! Les travaux de fibrage en Tr\u00e8s Haut D\u00e9but sont \u00e0 pr\u00e9sent termin\u00e9s.","robots":{"index":"index","follow":"follow","max-snippet":"max-snippet:-1","max-image-preview":"max-image-preview:large","max-video-preview":"max-video-preview:-1"},"canonical":"https:\/\/francois-pelletant.fr\/blog\/fibre-villejust\/","og_locale":"fr_FR","og_type":"article","og_title":"La fibre \u00e0 Villejust c'est pour maintenant ! - Fran\u00e7ois Pelletant","og_description":"La fibre \u00e0 Villejust c'est pour maintenant ! Les travaux de fibrage en Tr\u00e8s Haut D\u00e9but sont \u00e0 pr\u00e9sent termin\u00e9s.","og_url":"https:\/\/francois-pelletant.fr\/blog\/fibre-villejust\/","og_site_name":"Fran\u00e7ois Pelletant","article_publisher":"https:\/\/www.facebook.com\/francois.pelletant.7","article_published_time":"2017-05-03T08:10:30+00:00","article_modified_time":"2017-05-05T13:16:27+00:00","og_image":[{"width":900,"height":723,"url":"https:\/\/francois-pelletant.fr\/blog\/wp-content\/uploads\/2017\/05\/fibre-optique-villejust.jpg","type":"image\/jpeg"}],"author":"Francois","twitter_card":"summary_large_image","twitter_creator":"@pelletant","twitter_site":"@pelletant","twitter_misc":{"\u00c9crit par":"Francois","Dur\u00e9e de lecture estim\u00e9e":"1 minute"},"schema":{"@context":"https:\/\/schema.org","@graph":[{"@type":"Article","@id":"https:\/\/francois-pelletant.fr\/blog\/fibre-villejust\/#article","isPartOf":{"@id":"https:\/\/francois-pelletant.fr\/blog\/fibre-villejust\/"},"author":{"name":"Francois","@id":"https:\/\/francois-pelletant.fr\/blog\/#\/schema\/person\/2be41acb171dff8f31aaed1f40cee9f3"},"headline":"La fibre \u00e0 Villejust c&#8217;est pour maintenant !","datePublished":"2017-05-03T08:10:30+00:00","dateModified":"2017-05-05T13:16:27+00:00","mainEntityOfPage":{"@id":"https:\/\/francois-pelletant.fr\/blog\/fibre-villejust\/"},"wordCount":279,"commentCount":0,"publisher":{"@id":"https:\/\/francois-pelletant.fr\/blog\/#organization"},"image":{"@id":"https:\/\/francois-pelletant.fr\/blog\/fibre-villejust\/#primaryimage"},"thumbnailUrl":"https:\/\/francois-pelletant.fr\/blog\/wp-content\/uploads\/2017\/05\/fibre-optique-villejust.jpg","keywords":["Essonne","fibre","fibre optique","fran\u00e7ois pelletant","internet","tr\u00e8s haut d\u00e9bit","villejust"],"articleSection":["Infos","Tr\u00e8s Haut D\u00e9bit"],"inLanguage":"fr-FR","potentialAction":[{"@type":"CommentAction","name":"Comment","target":["https:\/\/francois-pelletant.fr\/blog\/fibre-villejust\/#respond"]}]},{"@type":"WebPage","@id":"https:\/\/francois-pelletant.fr\/blog\/fibre-villejust\/","url":"https:\/\/francois-pelletant.fr\/blog\/fibre-villejust\/","name":"La fibre \u00e0 Villejust c'est pour maintenant ! - Fran\u00e7ois Pelletant","isPartOf":{"@id":"https:\/\/francois-pelletant.fr\/blog\/#website"},"primaryImageOfPage":{"@id":"https:\/\/francois-pelletant.fr\/blog\/fibre-villejust\/#primaryimage"},"image":{"@id":"https:\/\/francois-pelletant.fr\/blog\/fibre-villejust\/#primaryimage"},"thumbnailUrl":"https:\/\/francois-pelletant.fr\/blog\/wp-content\/uploads\/2017\/05\/fibre-optique-villejust.jpg","datePublished":"2017-05-03T08:10:30+00:00","dateModified":"2017-05-05T13:16:27+00:00","description":"La fibre \u00e0 Villejust c'est pour maintenant ! Les travaux de fibrage en Tr\u00e8s Haut D\u00e9but sont \u00e0 pr\u00e9sent termin\u00e9s.","breadcrumb":{"@id":"https:\/\/francois-pelletant.fr\/blog\/fibre-villejust\/#breadcrumb"},"inLanguage":"fr-FR","potentialAction":[{"@type":"ReadAction","target":["https:\/\/francois-pelletant.fr\/blog\/fibre-villejust\/"]}]},{"@type":"ImageObject","inLanguage":"fr-FR","@id":"https:\/\/francois-pelletant.fr\/blog\/fibre-villejust\/#primaryimage","url":"https:\/\/francois-pelletant.fr\/blog\/wp-content\/uploads\/2017\/05\/fibre-optique-villejust.jpg","contentUrl":"https:\/\/francois-pelletant.fr\/blog\/wp-content\/uploads\/2017\/05\/fibre-optique-villejust.jpg","width":900,"height":723},{"@type":"BreadcrumbList","@id":"https:\/\/francois-pelletant.fr\/blog\/fibre-villejust\/#breadcrumb","itemListElement":[{"@type":"ListItem","position":1,"name":"Accueil","item":"https:\/\/francois-pelletant.fr\/blog\/"},{"@type":"ListItem","position":2,"name":"La fibre \u00e0 Villejust c&#8217;est pour maintenant !"}]},{"@type":"WebSite","@id":"https:\/\/francois-pelletant.fr\/blog\/#website","url":"https:\/\/francois-pelletant.fr\/blog\/","name":"Fran\u00e7ois Pelletant","description":"Maire de Linas, pour toujours.","publisher":{"@id":"https:\/\/francois-pelletant.fr\/blog\/#organization"},"potentialAction":[{"@type":"SearchAction","target":{"@type":"EntryPoint","urlTemplate":"https:\/\/francois-pelletant.fr\/blog\/?s={search_term_string}"},"query-input":{"@type":"PropertyValueSpecification","valueRequired":true,"valueName":"search_term_string"}}],"inLanguage":"fr-FR"},{"@type":"Organization","@id":"https:\/\/francois-pelletant.fr\/blog\/#organization","name":"Fran\u00e7ois Pelletant","url":"https:\/\/francois-pelletant.fr\/blog\/","logo":{"@type":"ImageObject","inLanguage":"fr-FR","@id":"https:\/\/francois-pelletant.fr\/blog\/#\/schema\/logo\/image\/","url":"https:\/\/francois-pelletant.fr\/blog\/wp-content\/uploads\/2024\/07\/icone-francois-centre-500p.png","contentUrl":"https:\/\/francois-pelletant.fr\/blog\/wp-content\/uploads\/2024\/07\/icone-francois-centre-500p.png","width":559,"height":447,"caption":"Fran\u00e7ois Pelletant"},"image":{"@id":"https:\/\/francois-pelletant.fr\/blog\/#\/schema\/logo\/image\/"},"sameAs":["https:\/\/www.facebook.com\/francois.pelletant.7","https:\/\/x.com\/pelletant"]},{"@type":"Person","@id":"https:\/\/francois-pelletant.fr\/blog\/#\/schema\/person\/2be41acb171dff8f31aaed1f40cee9f3","name":"Francois"}]}},"_links":{"self":[{"href":"https:\/\/francois-pelletant.fr\/blog\/wp-json\/wp\/v2\/posts\/9752","targetHints":{"allow":["GET"]}}],"collection":[{"href":"https:\/\/francois-pelletant.fr\/blog\/wp-json\/wp\/v2\/posts"}],"about":[{"href":"https:\/\/francois-pelletant.fr\/blog\/wp-json\/wp\/v2\/types\/post"}],"author":[{"embeddable":true,"href":"https:\/\/francois-pelletant.fr\/blog\/wp-json\/wp\/v2\/users\/1"}],"replies":[{"embeddable":true,"href":"https:\/\/francois-pelletant.fr\/blog\/wp-json\/wp\/v2\/comments?post=9752"}],"version-history":[{"count":0,"href":"https:\/\/francois-pelletant.fr\/blog\/wp-json\/wp\/v2\/posts\/9752\/revisions"}],"wp:featuredmedia":[{"embeddable":true,"href":"https:\/\/francois-pelletant.fr\/blog\/wp-json\/wp\/v2\/media\/9753"}],"wp:attachment":[{"href":"https:\/\/francois-pelletant.fr\/blog\/wp-json\/wp\/v2\/media?parent=9752"}],"wp:term":[{"taxonomy":"category","embeddable":true,"href":"https:\/\/francois-pelletant.fr\/blog\/wp-json\/wp\/v2\/categories?post=9752"},{"taxonomy":"post_tag","embeddable":true,"href":"https:\/\/francois-pelletant.fr\/blog\/wp-json\/wp\/v2\/tags?post=9752"}],"curies":[{"name":"wp","href":"https:\/\/api.w.org\/{rel}","templated":true}]}}