{"id":976,"date":"2011-12-23T09:49:11","date_gmt":"2011-12-23T09:49:11","guid":{"rendered":"https:\/\/francois-pelletant.fr\/blog\/?p=976"},"modified":"2011-12-23T09:49:11","modified_gmt":"2011-12-23T09:49:11","slug":"quartier-du-chemin-du-vieux-pave-de-bruyeres-une-reunion-de-quartier-productive","status":"publish","type":"post","link":"https:\/\/francois-pelletant.fr\/blog\/quartier-du-chemin-du-vieux-pave-de-bruyeres-une-reunion-de-quartier-productive\/","title":{"rendered":"Quartier du chemin du vieux pav\u00e9 de Bruy\u00e8res : Une r\u00e9union de quartier productive"},"content":{"rendered":"<p><a href=\"https:\/\/francois-pelletant.fr\/blog\/wp-content\/uploads\/2011\/12\/P1020324WEB.jpg\"><img loading=\"lazy\" decoding=\"async\" class=\"alignleft size-medium wp-image-977\" title=\"P1020324WEB\" src=\"https:\/\/francois-pelletant.fr\/blog\/wp-content\/uploads\/2011\/12\/P1020324WEB-300x224.jpg\" alt=\"\" width=\"300\" height=\"224\" \/><\/a>80 personnes, principalement des habitants du quartier du chemin du Vieux Pav\u00e9 de Bruy\u00e8res, ont fait le d\u00e9placement\u00a0le 14 d\u00e9cembre dernier pour la r\u00e9union publique qui les concernait. Avec plusieurs de mes adjoints, nous avons r\u00e9pondu aux questions des administr\u00e9s, notamment au sujet des jours de chasse dans le Bois de Roches, des chicanes du chemin de Tabor, et de la faiblesse du d\u00e9bit Internet chemin du Vieux Pav\u00e9 de Bruy\u00e8res. Des r\u00e9ponses pour chacun de ces probl\u00e8mes sont \u00e0 l\u2019\u00e9tude. Les habitants en seront inform\u00e9s rapidement.<\/p>\n","protected":false},"excerpt":{"rendered":"<p>80 personnes, principalement des habitants du quartier du chemin du Vieux Pav\u00e9 de Bruy\u00e8res, ont fait le d\u00e9placement\u00a0le 14 d\u00e9cembre dernier pour la r\u00e9union publique qui les concernait. Avec plusieurs de mes adjoints, nous avons r\u00e9pondu aux questions des administr\u00e9s, notamment au sujet des jours de chasse dans le Bois de Roches, des chicanes du [&hellip;]<\/p>\n","protected":false},"author":1,"featured_media":977,"comment_status":"open","ping_status":"open","sticky":false,"template":"","format":"standard","meta":{"footnotes":""},"categories":[6],"tags":[],"class_list":["post-976","post","type-post","status-publish","format-standard","has-post-thumbnail","hentry","category-environnement"],"yoast_head":"<!-- This site is optimized with the Yoast SEO plugin v25.6 - https:\/\/yoast.com\/wordpress\/plugins\/seo\/ -->\n<title>Quartier du chemin du vieux pav\u00e9 de Bruy\u00e8res : Une r\u00e9union de quartier productive - Fran\u00e7ois Pelletant<\/title>\n<meta name=\"robots\" content=\"index, follow, max-snippet:-1, max-image-preview:large, max-video-preview:-1\" \/>\n<link rel=\"canonical\" href=\"https:\/\/francois-pelletant.fr\/blog\/quartier-du-chemin-du-vieux-pave-de-bruyeres-une-reunion-de-quartier-productive\/\" \/>\n<meta property=\"og:locale\" content=\"fr_FR\" \/>\n<meta property=\"og:type\" content=\"article\" \/>\n<meta property=\"og:title\" content=\"Quartier du chemin du vieux pav\u00e9 de Bruy\u00e8res : Une r\u00e9union de quartier productive - Fran\u00e7ois Pelletant\" \/>\n<meta property=\"og:description\" content=\"80 personnes, principalement des habitants du quartier du chemin du Vieux Pav\u00e9 de Bruy\u00e8res, ont fait le d\u00e9placement\u00a0le 14 d\u00e9cembre dernier pour la r\u00e9union publique qui les concernait. Avec plusieurs de mes adjoints, nous avons r\u00e9pondu aux questions des administr\u00e9s, notamment au sujet des jours de chasse dans le Bois de Roches, des chicanes du [&hellip;]\" \/>\n<meta property=\"og:url\" content=\"https:\/\/francois-pelletant.fr\/blog\/quartier-du-chemin-du-vieux-pave-de-bruyeres-une-reunion-de-quartier-productive\/\" \/>\n<meta property=\"og:site_name\" content=\"Fran\u00e7ois Pelletant\" \/>\n<meta property=\"article:publisher\" content=\"https:\/\/www.facebook.com\/francois.pelletant.7\" \/>\n<meta property=\"article:published_time\" content=\"2011-12-23T09:49:11+00:00\" \/>\n<meta property=\"og:image\" content=\"https:\/\/francois-pelletant.fr\/blog\/wp-content\/uploads\/2011\/12\/P1020324WEB.jpg\" \/>\n\t<meta property=\"og:image:width\" content=\"591\" \/>\n\t<meta property=\"og:image:height\" content=\"443\" \/>\n\t<meta property=\"og:image:type\" content=\"image\/jpeg\" \/>\n<meta name=\"author\" content=\"Francois\" \/>\n<meta name=\"twitter:card\" content=\"summary_large_image\" \/>\n<meta name=\"twitter:creator\" content=\"@pelletant\" \/>\n<meta name=\"twitter:site\" content=\"@pelletant\" \/>\n<meta name=\"twitter:label1\" content=\"\u00c9crit par\" \/>\n\t<meta name=\"twitter:data1\" content=\"Francois\" \/>\n<script type=\"application\/ld+json\" class=\"yoast-schema-graph\">{\"@context\":\"https:\/\/schema.org\",\"@graph\":[{\"@type\":\"Article\",\"@id\":\"https:\/\/francois-pelletant.fr\/blog\/quartier-du-chemin-du-vieux-pave-de-bruyeres-une-reunion-de-quartier-productive\/#article\",\"isPartOf\":{\"@id\":\"https:\/\/francois-pelletant.fr\/blog\/quartier-du-chemin-du-vieux-pave-de-bruyeres-une-reunion-de-quartier-productive\/\"},\"author\":{\"name\":\"Francois\",\"@id\":\"https:\/\/francois-pelletant.fr\/blog\/#\/schema\/person\/2be41acb171dff8f31aaed1f40cee9f3\"},\"headline\":\"Quartier du chemin du vieux pav\u00e9 de Bruy\u00e8res : Une r\u00e9union de quartier productive\",\"datePublished\":\"2011-12-23T09:49:11+00:00\",\"mainEntityOfPage\":{\"@id\":\"https:\/\/francois-pelletant.fr\/blog\/quartier-du-chemin-du-vieux-pave-de-bruyeres-une-reunion-de-quartier-productive\/\"},\"wordCount\":112,\"commentCount\":0,\"publisher\":{\"@id\":\"https:\/\/francois-pelletant.fr\/blog\/#organization\"},\"image\":{\"@id\":\"https:\/\/francois-pelletant.fr\/blog\/quartier-du-chemin-du-vieux-pave-de-bruyeres-une-reunion-de-quartier-productive\/#primaryimage\"},\"thumbnailUrl\":\"https:\/\/francois-pelletant.fr\/blog\/wp-content\/uploads\/2011\/12\/P1020324WEB.jpg\",\"articleSection\":[\"Environnement\"],\"inLanguage\":\"fr-FR\",\"potentialAction\":[{\"@type\":\"CommentAction\",\"name\":\"Comment\",\"target\":[\"https:\/\/francois-pelletant.fr\/blog\/quartier-du-chemin-du-vieux-pave-de-bruyeres-une-reunion-de-quartier-productive\/#respond\"]}]},{\"@type\":\"WebPage\",\"@id\":\"https:\/\/francois-pelletant.fr\/blog\/quartier-du-chemin-du-vieux-pave-de-bruyeres-une-reunion-de-quartier-productive\/\",\"url\":\"https:\/\/francois-pelletant.fr\/blog\/quartier-du-chemin-du-vieux-pave-de-bruyeres-une-reunion-de-quartier-productive\/\",\"name\":\"Quartier du chemin du vieux pav\u00e9 de Bruy\u00e8res : Une r\u00e9union de quartier productive - Fran\u00e7ois Pelletant\",\"isPartOf\":{\"@id\":\"https:\/\/francois-pelletant.fr\/blog\/#website\"},\"primaryImageOfPage\":{\"@id\":\"https:\/\/francois-pelletant.fr\/blog\/quartier-du-chemin-du-vieux-pave-de-bruyeres-une-reunion-de-quartier-productive\/#primaryimage\"},\"image\":{\"@id\":\"https:\/\/francois-pelletant.fr\/blog\/quartier-du-chemin-du-vieux-pave-de-bruyeres-une-reunion-de-quartier-productive\/#primaryimage\"},\"thumbnailUrl\":\"https:\/\/francois-pelletant.fr\/blog\/wp-content\/uploads\/2011\/12\/P1020324WEB.jpg\",\"datePublished\":\"2011-12-23T09:49:11+00:00\",\"breadcrumb\":{\"@id\":\"https:\/\/francois-pelletant.fr\/blog\/quartier-du-chemin-du-vieux-pave-de-bruyeres-une-reunion-de-quartier-productive\/#breadcrumb\"},\"inLanguage\":\"fr-FR\",\"potentialAction\":[{\"@type\":\"ReadAction\",\"target\":[\"https:\/\/francois-pelletant.fr\/blog\/quartier-du-chemin-du-vieux-pave-de-bruyeres-une-reunion-de-quartier-productive\/\"]}]},{\"@type\":\"ImageObject\",\"inLanguage\":\"fr-FR\",\"@id\":\"https:\/\/francois-pelletant.fr\/blog\/quartier-du-chemin-du-vieux-pave-de-bruyeres-une-reunion-de-quartier-productive\/#primaryimage\",\"url\":\"https:\/\/francois-pelletant.fr\/blog\/wp-content\/uploads\/2011\/12\/P1020324WEB.jpg\",\"contentUrl\":\"https:\/\/francois-pelletant.fr\/blog\/wp-content\/uploads\/2011\/12\/P1020324WEB.jpg\",\"width\":591,\"height\":443},{\"@type\":\"BreadcrumbList\",\"@id\":\"https:\/\/francois-pelletant.fr\/blog\/quartier-du-chemin-du-vieux-pave-de-bruyeres-une-reunion-de-quartier-productive\/#breadcrumb\",\"itemListElement\":[{\"@type\":\"ListItem\",\"position\":1,\"name\":\"Accueil\",\"item\":\"https:\/\/francois-pelletant.fr\/blog\/\"},{\"@type\":\"ListItem\",\"position\":2,\"name\":\"Quartier du chemin du vieux pav\u00e9 de Bruy\u00e8res : Une r\u00e9union de quartier productive\"}]},{\"@type\":\"WebSite\",\"@id\":\"https:\/\/francois-pelletant.fr\/blog\/#website\",\"url\":\"https:\/\/francois-pelletant.fr\/blog\/\",\"name\":\"Fran\u00e7ois Pelletant\",\"description\":\"Maire de Linas, pour toujours.\",\"publisher\":{\"@id\":\"https:\/\/francois-pelletant.fr\/blog\/#organization\"},\"potentialAction\":[{\"@type\":\"SearchAction\",\"target\":{\"@type\":\"EntryPoint\",\"urlTemplate\":\"https:\/\/francois-pelletant.fr\/blog\/?s={search_term_string}\"},\"query-input\":{\"@type\":\"PropertyValueSpecification\",\"valueRequired\":true,\"valueName\":\"search_term_string\"}}],\"inLanguage\":\"fr-FR\"},{\"@type\":\"Organization\",\"@id\":\"https:\/\/francois-pelletant.fr\/blog\/#organization\",\"name\":\"Fran\u00e7ois Pelletant\",\"url\":\"https:\/\/francois-pelletant.fr\/blog\/\",\"logo\":{\"@type\":\"ImageObject\",\"inLanguage\":\"fr-FR\",\"@id\":\"https:\/\/francois-pelletant.fr\/blog\/#\/schema\/logo\/image\/\",\"url\":\"https:\/\/francois-pelletant.fr\/blog\/wp-content\/uploads\/2024\/07\/icone-francois-centre-500p.png\",\"contentUrl\":\"https:\/\/francois-pelletant.fr\/blog\/wp-content\/uploads\/2024\/07\/icone-francois-centre-500p.png\",\"width\":559,\"height\":447,\"caption\":\"Fran\u00e7ois Pelletant\"},\"image\":{\"@id\":\"https:\/\/francois-pelletant.fr\/blog\/#\/schema\/logo\/image\/\"},\"sameAs\":[\"https:\/\/www.facebook.com\/francois.pelletant.7\",\"https:\/\/x.com\/pelletant\"]},{\"@type\":\"Person\",\"@id\":\"https:\/\/francois-pelletant.fr\/blog\/#\/schema\/person\/2be41acb171dff8f31aaed1f40cee9f3\",\"name\":\"Francois\"}]}<\/script>\n<!-- \/ Yoast SEO plugin. -->","yoast_head_json":{"title":"Quartier du chemin du vieux pav\u00e9 de Bruy\u00e8res : Une r\u00e9union de quartier productive - Fran\u00e7ois Pelletant","robots":{"index":"index","follow":"follow","max-snippet":"max-snippet:-1","max-image-preview":"max-image-preview:large","max-video-preview":"max-video-preview:-1"},"canonical":"https:\/\/francois-pelletant.fr\/blog\/quartier-du-chemin-du-vieux-pave-de-bruyeres-une-reunion-de-quartier-productive\/","og_locale":"fr_FR","og_type":"article","og_title":"Quartier du chemin du vieux pav\u00e9 de Bruy\u00e8res : Une r\u00e9union de quartier productive - Fran\u00e7ois Pelletant","og_description":"80 personnes, principalement des habitants du quartier du chemin du Vieux Pav\u00e9 de Bruy\u00e8res, ont fait le d\u00e9placement\u00a0le 14 d\u00e9cembre dernier pour la r\u00e9union publique qui les concernait. Avec plusieurs de mes adjoints, nous avons r\u00e9pondu aux questions des administr\u00e9s, notamment au sujet des jours de chasse dans le Bois de Roches, des chicanes du [&hellip;]","og_url":"https:\/\/francois-pelletant.fr\/blog\/quartier-du-chemin-du-vieux-pave-de-bruyeres-une-reunion-de-quartier-productive\/","og_site_name":"Fran\u00e7ois Pelletant","article_publisher":"https:\/\/www.facebook.com\/francois.pelletant.7","article_published_time":"2011-12-23T09:49:11+00:00","og_image":[{"width":591,"height":443,"url":"https:\/\/francois-pelletant.fr\/blog\/wp-content\/uploads\/2011\/12\/P1020324WEB.jpg","type":"image\/jpeg"}],"author":"Francois","twitter_card":"summary_large_image","twitter_creator":"@pelletant","twitter_site":"@pelletant","twitter_misc":{"\u00c9crit par":"Francois"},"schema":{"@context":"https:\/\/schema.org","@graph":[{"@type":"Article","@id":"https:\/\/francois-pelletant.fr\/blog\/quartier-du-chemin-du-vieux-pave-de-bruyeres-une-reunion-de-quartier-productive\/#article","isPartOf":{"@id":"https:\/\/francois-pelletant.fr\/blog\/quartier-du-chemin-du-vieux-pave-de-bruyeres-une-reunion-de-quartier-productive\/"},"author":{"name":"Francois","@id":"https:\/\/francois-pelletant.fr\/blog\/#\/schema\/person\/2be41acb171dff8f31aaed1f40cee9f3"},"headline":"Quartier du chemin du vieux pav\u00e9 de Bruy\u00e8res : Une r\u00e9union de quartier productive","datePublished":"2011-12-23T09:49:11+00:00","mainEntityOfPage":{"@id":"https:\/\/francois-pelletant.fr\/blog\/quartier-du-chemin-du-vieux-pave-de-bruyeres-une-reunion-de-quartier-productive\/"},"wordCount":112,"commentCount":0,"publisher":{"@id":"https:\/\/francois-pelletant.fr\/blog\/#organization"},"image":{"@id":"https:\/\/francois-pelletant.fr\/blog\/quartier-du-chemin-du-vieux-pave-de-bruyeres-une-reunion-de-quartier-productive\/#primaryimage"},"thumbnailUrl":"https:\/\/francois-pelletant.fr\/blog\/wp-content\/uploads\/2011\/12\/P1020324WEB.jpg","articleSection":["Environnement"],"inLanguage":"fr-FR","potentialAction":[{"@type":"CommentAction","name":"Comment","target":["https:\/\/francois-pelletant.fr\/blog\/quartier-du-chemin-du-vieux-pave-de-bruyeres-une-reunion-de-quartier-productive\/#respond"]}]},{"@type":"WebPage","@id":"https:\/\/francois-pelletant.fr\/blog\/quartier-du-chemin-du-vieux-pave-de-bruyeres-une-reunion-de-quartier-productive\/","url":"https:\/\/francois-pelletant.fr\/blog\/quartier-du-chemin-du-vieux-pave-de-bruyeres-une-reunion-de-quartier-productive\/","name":"Quartier du chemin du vieux pav\u00e9 de Bruy\u00e8res : Une r\u00e9union de quartier productive - Fran\u00e7ois Pelletant","isPartOf":{"@id":"https:\/\/francois-pelletant.fr\/blog\/#website"},"primaryImageOfPage":{"@id":"https:\/\/francois-pelletant.fr\/blog\/quartier-du-chemin-du-vieux-pave-de-bruyeres-une-reunion-de-quartier-productive\/#primaryimage"},"image":{"@id":"https:\/\/francois-pelletant.fr\/blog\/quartier-du-chemin-du-vieux-pave-de-bruyeres-une-reunion-de-quartier-productive\/#primaryimage"},"thumbnailUrl":"https:\/\/francois-pelletant.fr\/blog\/wp-content\/uploads\/2011\/12\/P1020324WEB.jpg","datePublished":"2011-12-23T09:49:11+00:00","breadcrumb":{"@id":"https:\/\/francois-pelletant.fr\/blog\/quartier-du-chemin-du-vieux-pave-de-bruyeres-une-reunion-de-quartier-productive\/#breadcrumb"},"inLanguage":"fr-FR","potentialAction":[{"@type":"ReadAction","target":["https:\/\/francois-pelletant.fr\/blog\/quartier-du-chemin-du-vieux-pave-de-bruyeres-une-reunion-de-quartier-productive\/"]}]},{"@type":"ImageObject","inLanguage":"fr-FR","@id":"https:\/\/francois-pelletant.fr\/blog\/quartier-du-chemin-du-vieux-pave-de-bruyeres-une-reunion-de-quartier-productive\/#primaryimage","url":"https:\/\/francois-pelletant.fr\/blog\/wp-content\/uploads\/2011\/12\/P1020324WEB.jpg","contentUrl":"https:\/\/francois-pelletant.fr\/blog\/wp-content\/uploads\/2011\/12\/P1020324WEB.jpg","width":591,"height":443},{"@type":"BreadcrumbList","@id":"https:\/\/francois-pelletant.fr\/blog\/quartier-du-chemin-du-vieux-pave-de-bruyeres-une-reunion-de-quartier-productive\/#breadcrumb","itemListElement":[{"@type":"ListItem","position":1,"name":"Accueil","item":"https:\/\/francois-pelletant.fr\/blog\/"},{"@type":"ListItem","position":2,"name":"Quartier du chemin du vieux pav\u00e9 de Bruy\u00e8res : Une r\u00e9union de quartier productive"}]},{"@type":"WebSite","@id":"https:\/\/francois-pelletant.fr\/blog\/#website","url":"https:\/\/francois-pelletant.fr\/blog\/","name":"Fran\u00e7ois Pelletant","description":"Maire de Linas, pour toujours.","publisher":{"@id":"https:\/\/francois-pelletant.fr\/blog\/#organization"},"potentialAction":[{"@type":"SearchAction","target":{"@type":"EntryPoint","urlTemplate":"https:\/\/francois-pelletant.fr\/blog\/?s={search_term_string}"},"query-input":{"@type":"PropertyValueSpecification","valueRequired":true,"valueName":"search_term_string"}}],"inLanguage":"fr-FR"},{"@type":"Organization","@id":"https:\/\/francois-pelletant.fr\/blog\/#organization","name":"Fran\u00e7ois Pelletant","url":"https:\/\/francois-pelletant.fr\/blog\/","logo":{"@type":"ImageObject","inLanguage":"fr-FR","@id":"https:\/\/francois-pelletant.fr\/blog\/#\/schema\/logo\/image\/","url":"https:\/\/francois-pelletant.fr\/blog\/wp-content\/uploads\/2024\/07\/icone-francois-centre-500p.png","contentUrl":"https:\/\/francois-pelletant.fr\/blog\/wp-content\/uploads\/2024\/07\/icone-francois-centre-500p.png","width":559,"height":447,"caption":"Fran\u00e7ois Pelletant"},"image":{"@id":"https:\/\/francois-pelletant.fr\/blog\/#\/schema\/logo\/image\/"},"sameAs":["https:\/\/www.facebook.com\/francois.pelletant.7","https:\/\/x.com\/pelletant"]},{"@type":"Person","@id":"https:\/\/francois-pelletant.fr\/blog\/#\/schema\/person\/2be41acb171dff8f31aaed1f40cee9f3","name":"Francois"}]}},"_links":{"self":[{"href":"https:\/\/francois-pelletant.fr\/blog\/wp-json\/wp\/v2\/posts\/976","targetHints":{"allow":["GET"]}}],"collection":[{"href":"https:\/\/francois-pelletant.fr\/blog\/wp-json\/wp\/v2\/posts"}],"about":[{"href":"https:\/\/francois-pelletant.fr\/blog\/wp-json\/wp\/v2\/types\/post"}],"author":[{"embeddable":true,"href":"https:\/\/francois-pelletant.fr\/blog\/wp-json\/wp\/v2\/users\/1"}],"replies":[{"embeddable":true,"href":"https:\/\/francois-pelletant.fr\/blog\/wp-json\/wp\/v2\/comments?post=976"}],"version-history":[{"count":0,"href":"https:\/\/francois-pelletant.fr\/blog\/wp-json\/wp\/v2\/posts\/976\/revisions"}],"wp:featuredmedia":[{"embeddable":true,"href":"https:\/\/francois-pelletant.fr\/blog\/wp-json\/wp\/v2\/media\/977"}],"wp:attachment":[{"href":"https:\/\/francois-pelletant.fr\/blog\/wp-json\/wp\/v2\/media?parent=976"}],"wp:term":[{"taxonomy":"category","embeddable":true,"href":"https:\/\/francois-pelletant.fr\/blog\/wp-json\/wp\/v2\/categories?post=976"},{"taxonomy":"post_tag","embeddable":true,"href":"https:\/\/francois-pelletant.fr\/blog\/wp-json\/wp\/v2\/tags?post=976"}],"curies":[{"name":"wp","href":"https:\/\/api.w.org\/{rel}","templated":true}]}}