{"id":980,"date":"2011-12-23T09:57:52","date_gmt":"2011-12-23T09:57:52","guid":{"rendered":"https:\/\/francois-pelletant.fr\/blog\/?p=980"},"modified":"2017-03-27T08:59:31","modified_gmt":"2017-03-27T08:59:31","slug":"accident-sur-la-rn20-retour-la-normale","status":"publish","type":"post","link":"https:\/\/francois-pelletant.fr\/blog\/accident-sur-la-rn20-retour-la-normale\/","title":{"rendered":"ACCIDENT SUR LA RN20 : RETOUR A LA NORMALE"},"content":{"rendered":"<p><a href=\"https:\/\/francois-pelletant.fr\/blog\/wp-content\/uploads\/2011\/12\/P1050702web.jpg\"><img loading=\"lazy\" decoding=\"async\" class=\"alignleft wp-image-981 size-medium\" title=\"P1050702web\" src=\"https:\/\/francois-pelletant.fr\/blog\/wp-content\/uploads\/2011\/12\/P1050702web-300x225.jpg\" alt=\"image-accident-Rn 20\" width=\"300\" height=\"225\" srcset=\"https:\/\/francois-pelletant.fr\/blog\/wp-content\/uploads\/2011\/12\/P1050702web-300x225.jpg 300w, https:\/\/francois-pelletant.fr\/blog\/wp-content\/uploads\/2011\/12\/P1050702web.jpg 886w\" sizes=\"auto, (max-width: 300px) 100vw, 300px\" \/><\/a><\/p>\n<h2>Retour \u00e0 la normale apr\u00e8s un accident sur\u00a0RN20<\/h2>\n<p>Le grave accident qui s&#8217;est d\u00e9roul\u00e9 sur la RN20\u00a0mercredi soir \u00a0au niveau du restaurant Courtepaille\u00a0n&#8217;est plus d\u00e9sormais qu&#8217;un mauvais souvenir.\u00a0<strong>La circulation a \u00a0repris dans les deux sens et il n&#8217;y a aucun danger pour la population.<\/strong>\u00a0Vous pouvez retrouver toutes les explications dans les commentaires ci-dessous, dans ma page Facebook &#8220;francois pelletant&#8221; et dans l&#8217;\u00e9dition dat\u00e9e de ce vendredi 23 d\u00e9cembre 2011 du Parisien Essonne.<\/p>\n","protected":false},"excerpt":{"rendered":"<p>Retour \u00e0 la normale apr\u00e8s un accident sur\u00a0RN20 Le grave accident qui s&#8217;est d\u00e9roul\u00e9 sur la RN20\u00a0mercredi soir \u00a0au niveau du restaurant Courtepaille\u00a0n&#8217;est plus d\u00e9sormais qu&#8217;un mauvais souvenir.\u00a0La circulation a \u00a0repris dans les deux sens et il n&#8217;y a aucun danger pour la population.\u00a0Vous pouvez retrouver toutes les explications dans les commentaires ci-dessous, dans ma [&hellip;]<\/p>\n","protected":false},"author":1,"featured_media":981,"comment_status":"open","ping_status":"open","sticky":false,"template":"","format":"standard","meta":{"footnotes":""},"categories":[6,19,22],"tags":[295,294,49,155,48,32],"class_list":["post-980","post","type-post","status-publish","format-standard","has-post-thumbnail","hentry","category-environnement","category-rn20","category-transports","tag-accidant","tag-accident","tag-essonne","tag-francois-pelletant","tag-pelletant","tag-rn20-2"],"yoast_head":"<!-- This site is optimized with the Yoast SEO plugin v25.6 - https:\/\/yoast.com\/wordpress\/plugins\/seo\/ -->\n<title>ACCIDENT SUR LA RN20 : RETOUR A LA NORMALE - Fran\u00e7ois Pelletant<\/title>\n<meta name=\"description\" content=\"Sur la RN20, la circulation a alors repris dans les deux sens de circulation, suite au grave accident de mercredi soir.\" \/>\n<meta name=\"robots\" content=\"index, follow, max-snippet:-1, max-image-preview:large, max-video-preview:-1\" \/>\n<link rel=\"canonical\" href=\"https:\/\/francois-pelletant.fr\/blog\/accident-sur-la-rn20-retour-la-normale\/\" \/>\n<meta property=\"og:locale\" content=\"fr_FR\" \/>\n<meta property=\"og:type\" content=\"article\" \/>\n<meta property=\"og:title\" content=\"ACCIDENT SUR LA RN20 : RETOUR A LA NORMALE - Fran\u00e7ois Pelletant\" \/>\n<meta property=\"og:description\" content=\"Sur la RN20, la circulation a alors repris dans les deux sens de circulation, suite au grave accident de mercredi soir.\" \/>\n<meta property=\"og:url\" content=\"https:\/\/francois-pelletant.fr\/blog\/accident-sur-la-rn20-retour-la-normale\/\" \/>\n<meta property=\"og:site_name\" content=\"Fran\u00e7ois Pelletant\" \/>\n<meta property=\"article:publisher\" content=\"https:\/\/www.facebook.com\/francois.pelletant.7\" \/>\n<meta property=\"article:published_time\" content=\"2011-12-23T09:57:52+00:00\" \/>\n<meta property=\"article:modified_time\" content=\"2017-03-27T08:59:31+00:00\" \/>\n<meta property=\"og:image\" content=\"https:\/\/francois-pelletant.fr\/blog\/wp-content\/uploads\/2011\/12\/P1050702web.jpg\" \/>\n\t<meta property=\"og:image:width\" content=\"886\" \/>\n\t<meta property=\"og:image:height\" content=\"664\" \/>\n\t<meta property=\"og:image:type\" content=\"image\/jpeg\" \/>\n<meta name=\"author\" content=\"Francois\" \/>\n<meta name=\"twitter:card\" content=\"summary_large_image\" \/>\n<meta name=\"twitter:creator\" content=\"@pelletant\" \/>\n<meta name=\"twitter:site\" content=\"@pelletant\" \/>\n<meta name=\"twitter:label1\" content=\"\u00c9crit par\" \/>\n\t<meta name=\"twitter:data1\" content=\"Francois\" \/>\n<script type=\"application\/ld+json\" class=\"yoast-schema-graph\">{\"@context\":\"https:\/\/schema.org\",\"@graph\":[{\"@type\":\"Article\",\"@id\":\"https:\/\/francois-pelletant.fr\/blog\/accident-sur-la-rn20-retour-la-normale\/#article\",\"isPartOf\":{\"@id\":\"https:\/\/francois-pelletant.fr\/blog\/accident-sur-la-rn20-retour-la-normale\/\"},\"author\":{\"name\":\"Francois\",\"@id\":\"https:\/\/francois-pelletant.fr\/blog\/#\/schema\/person\/2be41acb171dff8f31aaed1f40cee9f3\"},\"headline\":\"ACCIDENT SUR LA RN20 : RETOUR A LA NORMALE\",\"datePublished\":\"2011-12-23T09:57:52+00:00\",\"dateModified\":\"2017-03-27T08:59:31+00:00\",\"mainEntityOfPage\":{\"@id\":\"https:\/\/francois-pelletant.fr\/blog\/accident-sur-la-rn20-retour-la-normale\/\"},\"wordCount\":92,\"commentCount\":0,\"publisher\":{\"@id\":\"https:\/\/francois-pelletant.fr\/blog\/#organization\"},\"image\":{\"@id\":\"https:\/\/francois-pelletant.fr\/blog\/accident-sur-la-rn20-retour-la-normale\/#primaryimage\"},\"thumbnailUrl\":\"https:\/\/francois-pelletant.fr\/blog\/wp-content\/uploads\/2011\/12\/P1050702web.jpg\",\"keywords\":[\"accidant\",\"accident\",\"Essonne\",\"fran\u00e7ois pelletant\",\"pelletant\",\"rn20\"],\"articleSection\":[\"Environnement\",\"RN20\",\"Transports\"],\"inLanguage\":\"fr-FR\",\"potentialAction\":[{\"@type\":\"CommentAction\",\"name\":\"Comment\",\"target\":[\"https:\/\/francois-pelletant.fr\/blog\/accident-sur-la-rn20-retour-la-normale\/#respond\"]}]},{\"@type\":\"WebPage\",\"@id\":\"https:\/\/francois-pelletant.fr\/blog\/accident-sur-la-rn20-retour-la-normale\/\",\"url\":\"https:\/\/francois-pelletant.fr\/blog\/accident-sur-la-rn20-retour-la-normale\/\",\"name\":\"ACCIDENT SUR LA RN20 : RETOUR A LA NORMALE - Fran\u00e7ois Pelletant\",\"isPartOf\":{\"@id\":\"https:\/\/francois-pelletant.fr\/blog\/#website\"},\"primaryImageOfPage\":{\"@id\":\"https:\/\/francois-pelletant.fr\/blog\/accident-sur-la-rn20-retour-la-normale\/#primaryimage\"},\"image\":{\"@id\":\"https:\/\/francois-pelletant.fr\/blog\/accident-sur-la-rn20-retour-la-normale\/#primaryimage\"},\"thumbnailUrl\":\"https:\/\/francois-pelletant.fr\/blog\/wp-content\/uploads\/2011\/12\/P1050702web.jpg\",\"datePublished\":\"2011-12-23T09:57:52+00:00\",\"dateModified\":\"2017-03-27T08:59:31+00:00\",\"description\":\"Sur la RN20, la circulation a alors repris dans les deux sens de circulation, suite au grave accident de mercredi soir.\",\"breadcrumb\":{\"@id\":\"https:\/\/francois-pelletant.fr\/blog\/accident-sur-la-rn20-retour-la-normale\/#breadcrumb\"},\"inLanguage\":\"fr-FR\",\"potentialAction\":[{\"@type\":\"ReadAction\",\"target\":[\"https:\/\/francois-pelletant.fr\/blog\/accident-sur-la-rn20-retour-la-normale\/\"]}]},{\"@type\":\"ImageObject\",\"inLanguage\":\"fr-FR\",\"@id\":\"https:\/\/francois-pelletant.fr\/blog\/accident-sur-la-rn20-retour-la-normale\/#primaryimage\",\"url\":\"https:\/\/francois-pelletant.fr\/blog\/wp-content\/uploads\/2011\/12\/P1050702web.jpg\",\"contentUrl\":\"https:\/\/francois-pelletant.fr\/blog\/wp-content\/uploads\/2011\/12\/P1050702web.jpg\",\"width\":886,\"height\":664},{\"@type\":\"BreadcrumbList\",\"@id\":\"https:\/\/francois-pelletant.fr\/blog\/accident-sur-la-rn20-retour-la-normale\/#breadcrumb\",\"itemListElement\":[{\"@type\":\"ListItem\",\"position\":1,\"name\":\"Accueil\",\"item\":\"https:\/\/francois-pelletant.fr\/blog\/\"},{\"@type\":\"ListItem\",\"position\":2,\"name\":\"ACCIDENT SUR LA RN20 : RETOUR A LA NORMALE\"}]},{\"@type\":\"WebSite\",\"@id\":\"https:\/\/francois-pelletant.fr\/blog\/#website\",\"url\":\"https:\/\/francois-pelletant.fr\/blog\/\",\"name\":\"Fran\u00e7ois Pelletant\",\"description\":\"Maire de Linas, pour toujours.\",\"publisher\":{\"@id\":\"https:\/\/francois-pelletant.fr\/blog\/#organization\"},\"potentialAction\":[{\"@type\":\"SearchAction\",\"target\":{\"@type\":\"EntryPoint\",\"urlTemplate\":\"https:\/\/francois-pelletant.fr\/blog\/?s={search_term_string}\"},\"query-input\":{\"@type\":\"PropertyValueSpecification\",\"valueRequired\":true,\"valueName\":\"search_term_string\"}}],\"inLanguage\":\"fr-FR\"},{\"@type\":\"Organization\",\"@id\":\"https:\/\/francois-pelletant.fr\/blog\/#organization\",\"name\":\"Fran\u00e7ois Pelletant\",\"url\":\"https:\/\/francois-pelletant.fr\/blog\/\",\"logo\":{\"@type\":\"ImageObject\",\"inLanguage\":\"fr-FR\",\"@id\":\"https:\/\/francois-pelletant.fr\/blog\/#\/schema\/logo\/image\/\",\"url\":\"https:\/\/francois-pelletant.fr\/blog\/wp-content\/uploads\/2024\/07\/icone-francois-centre-500p.png\",\"contentUrl\":\"https:\/\/francois-pelletant.fr\/blog\/wp-content\/uploads\/2024\/07\/icone-francois-centre-500p.png\",\"width\":559,\"height\":447,\"caption\":\"Fran\u00e7ois Pelletant\"},\"image\":{\"@id\":\"https:\/\/francois-pelletant.fr\/blog\/#\/schema\/logo\/image\/\"},\"sameAs\":[\"https:\/\/www.facebook.com\/francois.pelletant.7\",\"https:\/\/x.com\/pelletant\"]},{\"@type\":\"Person\",\"@id\":\"https:\/\/francois-pelletant.fr\/blog\/#\/schema\/person\/2be41acb171dff8f31aaed1f40cee9f3\",\"name\":\"Francois\"}]}<\/script>\n<!-- \/ Yoast SEO plugin. -->","yoast_head_json":{"title":"ACCIDENT SUR LA RN20 : RETOUR A LA NORMALE - Fran\u00e7ois Pelletant","description":"Sur la RN20, la circulation a alors repris dans les deux sens de circulation, suite au grave accident de mercredi soir.","robots":{"index":"index","follow":"follow","max-snippet":"max-snippet:-1","max-image-preview":"max-image-preview:large","max-video-preview":"max-video-preview:-1"},"canonical":"https:\/\/francois-pelletant.fr\/blog\/accident-sur-la-rn20-retour-la-normale\/","og_locale":"fr_FR","og_type":"article","og_title":"ACCIDENT SUR LA RN20 : RETOUR A LA NORMALE - Fran\u00e7ois Pelletant","og_description":"Sur la RN20, la circulation a alors repris dans les deux sens de circulation, suite au grave accident de mercredi soir.","og_url":"https:\/\/francois-pelletant.fr\/blog\/accident-sur-la-rn20-retour-la-normale\/","og_site_name":"Fran\u00e7ois Pelletant","article_publisher":"https:\/\/www.facebook.com\/francois.pelletant.7","article_published_time":"2011-12-23T09:57:52+00:00","article_modified_time":"2017-03-27T08:59:31+00:00","og_image":[{"width":886,"height":664,"url":"https:\/\/francois-pelletant.fr\/blog\/wp-content\/uploads\/2011\/12\/P1050702web.jpg","type":"image\/jpeg"}],"author":"Francois","twitter_card":"summary_large_image","twitter_creator":"@pelletant","twitter_site":"@pelletant","twitter_misc":{"\u00c9crit par":"Francois"},"schema":{"@context":"https:\/\/schema.org","@graph":[{"@type":"Article","@id":"https:\/\/francois-pelletant.fr\/blog\/accident-sur-la-rn20-retour-la-normale\/#article","isPartOf":{"@id":"https:\/\/francois-pelletant.fr\/blog\/accident-sur-la-rn20-retour-la-normale\/"},"author":{"name":"Francois","@id":"https:\/\/francois-pelletant.fr\/blog\/#\/schema\/person\/2be41acb171dff8f31aaed1f40cee9f3"},"headline":"ACCIDENT SUR LA RN20 : RETOUR A LA NORMALE","datePublished":"2011-12-23T09:57:52+00:00","dateModified":"2017-03-27T08:59:31+00:00","mainEntityOfPage":{"@id":"https:\/\/francois-pelletant.fr\/blog\/accident-sur-la-rn20-retour-la-normale\/"},"wordCount":92,"commentCount":0,"publisher":{"@id":"https:\/\/francois-pelletant.fr\/blog\/#organization"},"image":{"@id":"https:\/\/francois-pelletant.fr\/blog\/accident-sur-la-rn20-retour-la-normale\/#primaryimage"},"thumbnailUrl":"https:\/\/francois-pelletant.fr\/blog\/wp-content\/uploads\/2011\/12\/P1050702web.jpg","keywords":["accidant","accident","Essonne","fran\u00e7ois pelletant","pelletant","rn20"],"articleSection":["Environnement","RN20","Transports"],"inLanguage":"fr-FR","potentialAction":[{"@type":"CommentAction","name":"Comment","target":["https:\/\/francois-pelletant.fr\/blog\/accident-sur-la-rn20-retour-la-normale\/#respond"]}]},{"@type":"WebPage","@id":"https:\/\/francois-pelletant.fr\/blog\/accident-sur-la-rn20-retour-la-normale\/","url":"https:\/\/francois-pelletant.fr\/blog\/accident-sur-la-rn20-retour-la-normale\/","name":"ACCIDENT SUR LA RN20 : RETOUR A LA NORMALE - Fran\u00e7ois Pelletant","isPartOf":{"@id":"https:\/\/francois-pelletant.fr\/blog\/#website"},"primaryImageOfPage":{"@id":"https:\/\/francois-pelletant.fr\/blog\/accident-sur-la-rn20-retour-la-normale\/#primaryimage"},"image":{"@id":"https:\/\/francois-pelletant.fr\/blog\/accident-sur-la-rn20-retour-la-normale\/#primaryimage"},"thumbnailUrl":"https:\/\/francois-pelletant.fr\/blog\/wp-content\/uploads\/2011\/12\/P1050702web.jpg","datePublished":"2011-12-23T09:57:52+00:00","dateModified":"2017-03-27T08:59:31+00:00","description":"Sur la RN20, la circulation a alors repris dans les deux sens de circulation, suite au grave accident de mercredi soir.","breadcrumb":{"@id":"https:\/\/francois-pelletant.fr\/blog\/accident-sur-la-rn20-retour-la-normale\/#breadcrumb"},"inLanguage":"fr-FR","potentialAction":[{"@type":"ReadAction","target":["https:\/\/francois-pelletant.fr\/blog\/accident-sur-la-rn20-retour-la-normale\/"]}]},{"@type":"ImageObject","inLanguage":"fr-FR","@id":"https:\/\/francois-pelletant.fr\/blog\/accident-sur-la-rn20-retour-la-normale\/#primaryimage","url":"https:\/\/francois-pelletant.fr\/blog\/wp-content\/uploads\/2011\/12\/P1050702web.jpg","contentUrl":"https:\/\/francois-pelletant.fr\/blog\/wp-content\/uploads\/2011\/12\/P1050702web.jpg","width":886,"height":664},{"@type":"BreadcrumbList","@id":"https:\/\/francois-pelletant.fr\/blog\/accident-sur-la-rn20-retour-la-normale\/#breadcrumb","itemListElement":[{"@type":"ListItem","position":1,"name":"Accueil","item":"https:\/\/francois-pelletant.fr\/blog\/"},{"@type":"ListItem","position":2,"name":"ACCIDENT SUR LA RN20 : RETOUR A LA NORMALE"}]},{"@type":"WebSite","@id":"https:\/\/francois-pelletant.fr\/blog\/#website","url":"https:\/\/francois-pelletant.fr\/blog\/","name":"Fran\u00e7ois Pelletant","description":"Maire de Linas, pour toujours.","publisher":{"@id":"https:\/\/francois-pelletant.fr\/blog\/#organization"},"potentialAction":[{"@type":"SearchAction","target":{"@type":"EntryPoint","urlTemplate":"https:\/\/francois-pelletant.fr\/blog\/?s={search_term_string}"},"query-input":{"@type":"PropertyValueSpecification","valueRequired":true,"valueName":"search_term_string"}}],"inLanguage":"fr-FR"},{"@type":"Organization","@id":"https:\/\/francois-pelletant.fr\/blog\/#organization","name":"Fran\u00e7ois Pelletant","url":"https:\/\/francois-pelletant.fr\/blog\/","logo":{"@type":"ImageObject","inLanguage":"fr-FR","@id":"https:\/\/francois-pelletant.fr\/blog\/#\/schema\/logo\/image\/","url":"https:\/\/francois-pelletant.fr\/blog\/wp-content\/uploads\/2024\/07\/icone-francois-centre-500p.png","contentUrl":"https:\/\/francois-pelletant.fr\/blog\/wp-content\/uploads\/2024\/07\/icone-francois-centre-500p.png","width":559,"height":447,"caption":"Fran\u00e7ois Pelletant"},"image":{"@id":"https:\/\/francois-pelletant.fr\/blog\/#\/schema\/logo\/image\/"},"sameAs":["https:\/\/www.facebook.com\/francois.pelletant.7","https:\/\/x.com\/pelletant"]},{"@type":"Person","@id":"https:\/\/francois-pelletant.fr\/blog\/#\/schema\/person\/2be41acb171dff8f31aaed1f40cee9f3","name":"Francois"}]}},"_links":{"self":[{"href":"https:\/\/francois-pelletant.fr\/blog\/wp-json\/wp\/v2\/posts\/980","targetHints":{"allow":["GET"]}}],"collection":[{"href":"https:\/\/francois-pelletant.fr\/blog\/wp-json\/wp\/v2\/posts"}],"about":[{"href":"https:\/\/francois-pelletant.fr\/blog\/wp-json\/wp\/v2\/types\/post"}],"author":[{"embeddable":true,"href":"https:\/\/francois-pelletant.fr\/blog\/wp-json\/wp\/v2\/users\/1"}],"replies":[{"embeddable":true,"href":"https:\/\/francois-pelletant.fr\/blog\/wp-json\/wp\/v2\/comments?post=980"}],"version-history":[{"count":0,"href":"https:\/\/francois-pelletant.fr\/blog\/wp-json\/wp\/v2\/posts\/980\/revisions"}],"wp:featuredmedia":[{"embeddable":true,"href":"https:\/\/francois-pelletant.fr\/blog\/wp-json\/wp\/v2\/media\/981"}],"wp:attachment":[{"href":"https:\/\/francois-pelletant.fr\/blog\/wp-json\/wp\/v2\/media?parent=980"}],"wp:term":[{"taxonomy":"category","embeddable":true,"href":"https:\/\/francois-pelletant.fr\/blog\/wp-json\/wp\/v2\/categories?post=980"},{"taxonomy":"post_tag","embeddable":true,"href":"https:\/\/francois-pelletant.fr\/blog\/wp-json\/wp\/v2\/tags?post=980"}],"curies":[{"name":"wp","href":"https:\/\/api.w.org\/{rel}","templated":true}]}}